{"id":241507,"date":"2026-03-31T13:43:23","date_gmt":"2026-03-31T11:43:23","guid":{"rendered":"https:\/\/hotelarclarambla.com\/agenda\/?p=241507"},"modified":"2026-04-10T15:28:19","modified_gmt":"2026-04-10T13:28:19","slug":"fens-forum-2026","status":"publish","type":"post","link":"https:\/\/hotelarclarambla.com\/agenda\/eventos\/fens-forum-2026\/","title":{"rendered":"Fens Forum 2026 en Barcelona"},"content":{"rendered":"\n<p><strong>FENS Forum 2026<\/strong> se celebrar\u00e1 <strong>del 6 al 10 de julio<\/strong>, tendr\u00e1 lugar en Fira Gran Via Barcelona (Carrer de l\u2019Alumini, s\/n, Sants-Montju\u00efc). Este recinto es uno de los principales espacios feriales de Europa y est\u00e1 bien conectado con el Aeropuerto Josep Tarradellas Barcelona-El Prat y Pla\u00e7a d\u2019Espanya.<\/p>\n\n\n\n<p>El congreso se desarrollar\u00e1 en los pabellones 6, 7 y 8, con acceso principal por el Hall 8 (North Access).<\/p>\n\n\n\n<figure class=\"wp-block-embed is-type-video is-provider-youtube wp-block-embed-youtube wp-embed-aspect-16-9 wp-has-aspect-ratio\"><div class=\"wp-block-embed__wrapper\">\n<iframe loading=\"lazy\" title=\"Why You Should Attend the FENS Forum\" width=\"1080\" height=\"608\" src=\"https:\/\/www.youtube.com\/embed\/T9jst_P89ps?feature=oembed&#038;enablejsapi=1&#038;origin=https:\/\/hotelarclarambla.com\"  allow=\"accelerometer; autoplay; clipboard-write; encrypted-media; gyroscope; picture-in-picture; web-share\" referrerpolicy=\"strict-origin-when-cross-origin\" allowfullscreen><\/iframe>\n<\/div><\/figure>\n\n\n\n<p><br>El FENS Forum es el principal congreso europeo dedicado a la neurociencia, reuniendo investigaciones que abarcan desde los estudios m\u00e1s b\u00e1sicos hasta sus aplicaciones cl\u00ednicas y traslacionales.<\/p>\n\n\n\n<p>Este foro, organizado por la Federaci\u00f3n de Sociedades Europeas de Neurociencia (FENS) en colaboraci\u00f3n con la Sociedad Espa\u00f1ola de Neurociencia (SENC), tiene como lema central <strong>\u00abBrain in Context\u201d.<\/strong><\/p>\n\n\n\n<h2 class=\"wp-block-heading\"><strong>15% de descuento en el Hotel Arc la Rambla durante el FENS FORUM 2026<\/strong><\/h2>\n\n\n\n<figure class=\"wp-block-image size-full\"><a href=\"https:\/\/hotelarclarambla.com\/agenda\/wp-content\/uploads\/2026\/03\/banner-arcblog-descuento-15-promo.webp\"><img loading=\"lazy\" decoding=\"async\" width=\"1200\" height=\"400\" src=\"https:\/\/hotelarclarambla.com\/agenda\/wp-content\/uploads\/2026\/03\/banner-arcblog-descuento-15-promo.webp\" alt=\"\" class=\"wp-image-241254\" srcset=\"https:\/\/hotelarclarambla.com\/agenda\/wp-content\/uploads\/2026\/03\/banner-arcblog-descuento-15-promo.webp 1200w, https:\/\/hotelarclarambla.com\/agenda\/wp-content\/uploads\/2026\/03\/banner-arcblog-descuento-15-promo-980x327.webp 980w, https:\/\/hotelarclarambla.com\/agenda\/wp-content\/uploads\/2026\/03\/banner-arcblog-descuento-15-promo-480x160.webp 480w\" sizes=\"(min-width: 0px) and (max-width: 480px) 480px, (min-width: 481px) and (max-width: 980px) 980px, (min-width: 981px) 1200px, 100vw\" \/><\/a><figcaption class=\"wp-element-caption\"><a href=\"https:\/\/hotelarclarambla.com\/bookingstep1?idtokenprovider=10760133&amp;lang=es&amp;clientCode=ARCBLOG\" target=\"_blank\" rel=\"noreferrer noopener\"><strong>C\u00f3digo promocional: ARCBLOG<\/strong><\/a><\/figcaption><\/figure>\n\n\n\n<h2 class=\"wp-block-heading\"><strong>Eje Central \u00abBrain in Context\u00bb del FENS Forum<\/strong><\/h2>\n\n\n\n<ul class=\"wp-block-list\">\n<li><strong>Lunes 6 de julio de 14:30 a 16:00<\/strong><\/li>\n\n\n\n<li><strong>Sala: <\/strong>HALL A<\/li>\n\n\n\n<li><strong>T\u00edtulo: <\/strong>Desde los animales hasta las alternativas y el futuro de los modelos de investigaci\u00f3n<\/li>\n\n\n\n<li><strong>Moderador: <\/strong>Christelle Baunez (Marseille, France)<\/li>\n\n\n\n<li><strong>Speakers: <\/strong>Alexandra Tzilivaki (Berlin, Germany), Angela Roberts (Cambridge, United Kingdom), Emmanuel Procyk (Bron, France), Kirk Leech (London, United Kingdom), Sergiu Pasca (Stanford, United States), Viola Galligioni (Amsterdam, Netherlands)<\/li>\n<\/ul>\n\n\n\n<p>Este debate analiza si las <strong>nuevas tecnolog\u00edas<\/strong> (IA, organoides) pueden sustituir ya el uso de <strong>animales<\/strong> en neurociencia, enfrentando la presi\u00f3n regulatoria actual con la necesidad de estudiar el cerebro como un sistema biol\u00f3gico completo.<\/p>\n\n\n\n<h2 class=\"wp-block-heading\"><strong>FENS Forum 2026 Simposios Especiales<\/strong><\/h2>\n\n\n\n<h3 class=\"wp-block-heading\"><strong>Simposio Especial EBBS\/EBPS: La importancia del comportamiento en la neurociencia: desde las c\u00e9lulas hasta los sistemas<\/strong><\/h3>\n\n\n\n<p><strong>Lunes, 6 de julio, 10:00 \u2013 12:00<\/strong><\/p>\n\n\n\n<p><strong>Sala: <\/strong>HALL H<\/p>\n\n\n\n<p>Este simposio de EBBS y EBPS destaca el comportamiento como el eje esencial para vincular los mecanismos cerebrales con funciones complejas, fomentando la colaboraci\u00f3n interdisciplinaria a trav\u00e9s de investigaciones innovadoras.<\/p>\n\n\n\n<h3 class=\"wp-block-heading\"><strong>Perspectivas desde psiquiatr\u00eda y neurolog\u00eda: trasladando la investigaci\u00f3n multidisciplinar en neurociencia a la cl\u00ednica<\/strong><\/h3>\n\n\n\n<p><strong>Lunes 6 de julio 10:30 a 12:00<\/strong><\/p>\n\n\n\n<p><strong>Sala: <\/strong>HALL B<\/p>\n\n\n\n<p>Expertos en psiquiatr\u00eda, neurolog\u00eda y ictus analizar\u00e1n c\u00f3mo trasladar con \u00e9xito la investigaci\u00f3n b\u00e1sica a tratamientos cl\u00ednicos reales para trastornos del desarrollo, psicosis y enfermedades neurodegenerativas.<\/p>\n\n\n\n<h3 class=\"wp-block-heading\"><strong>Descifrando enfermedades cerebrales: inflamaci\u00f3n, inmunolog\u00eda e interacciones cuerpo-cerebro<\/strong><\/h3>\n\n\n\n<p><strong>Lunes 6 de julio 12:15 a 13:45<\/strong><\/p>\n\n\n\n<p><strong>Sala: <\/strong>HALL H<\/p>\n\n\n\n<p>Expertos analizar\u00e1n c\u00f3mo la inflamaci\u00f3n y el sistema inmune impulsan enfermedades como el Alzheimer, la ELA y trastornos psiqui\u00e1tricos para desarrollar nuevas terapias dirigidas.<\/p>\n\n\n\n<h2 class=\"wp-block-heading\"><strong>Otros eventos en FENS FORUM 2026<\/strong><\/h2>\n\n\n\n<figure class=\"wp-block-embed is-type-video is-provider-youtube wp-block-embed-youtube wp-embed-aspect-16-9 wp-has-aspect-ratio\"><div class=\"wp-block-embed__wrapper\">\n<iframe loading=\"lazy\" title=\"FENS Forum 2026 - Call for Satellite and Networking Events\" width=\"1080\" height=\"608\" src=\"https:\/\/www.youtube.com\/embed\/8tNTpU6YzEA?feature=oembed&#038;enablejsapi=1&#038;origin=https:\/\/hotelarclarambla.com\"  allow=\"accelerometer; autoplay; clipboard-write; encrypted-media; gyroscope; picture-in-picture; web-share\" referrerpolicy=\"strict-origin-when-cross-origin\" allowfullscreen><\/iframe>\n<\/div><\/figure>\n\n\n\n<h3 class=\"wp-block-heading\"><strong>Satellite Events<\/strong><\/h3>\n\n\n\n<p>Los <strong>Satellite Events<\/strong> son eventos independientes y autofinanciados que se celebran antes o despu\u00e9s del FENS Forum (sin solaparse con las fechas oficiales), organizados por diversas instituciones para complementar el programa cient\u00edfico principal.<\/p>\n\n\n\n<p><em><a href=\"https:\/\/fensforum.org\/satellite-events\/\">M\u00e1s informaci\u00f3n sobre Satellite Even<\/a><a href=\"https:\/\/fensforum.org\/satellite-events\/\" target=\"_blank\" rel=\"noreferrer noopener nofollow\">ts<\/a><\/em><\/p>\n\n\n\n<h3 class=\"wp-block-heading\"><strong>Networking events<\/strong><\/h3>\n\n\n\n<p>Las <strong>Networking Events<\/strong> del FENS Forum 2026 son encuentros nocturnos dise\u00f1ados para que instituciones y cient\u00edficos conecten en un ambiente relajado, mediante paneles, presentaciones o recepciones organizadas de forma independiente.<\/p>\n\n\n\n<p><em><a href=\"https:\/\/fensforum.org\/networking-events\/\" target=\"_blank\" rel=\"noreferrer noopener nofollow\">M\u00e1s informaci\u00f3n sobre Networking Events.<\/a><\/em><\/p>\n\n\n\n<h2 class=\"wp-block-heading\"><strong>\u00bfC\u00f3mo llegar a FENS FORUM desde el Hotel Arc La Rambla?<\/strong><\/h2>\n\n\n\n<iframe src=\"https:\/\/www.google.com\/maps\/embed?pb=!1m28!1m12!1m3!1d23955.02801278358!2d2.1330818576596373!3d41.36586060568228!2m3!1f0!2f0!3f0!3m2!1i1024!2i768!4f13.1!4m13!3e3!4m5!1s0x12a4a257a00265ef%3A0xd22fce4daaf4f774!2sHotel%20Arc%20La%20Rambla%2C%20La%20Rambla%2C%2019%2C%20Ciutat%20Vella%2C%2008002%20Barcelona!3m2!1d41.378205!2d2.1755421999999998!4m5!1s0x12a498a49bbac493%3A0x444038482fe76dcf!2sCarrer%20de%20l&#39;Alumini%2C%20s%2Fn%2C%20Sants-Montju%C3%AFc%2C%2008908%20Barcelona!3m2!1d41.3559553!2d2.13685!5e0!3m2!1ses!2ses!4v1774605281417!5m2!1ses!2ses\" width=\"600\" height=\"450\" style=\"border:0;\" allowfullscreen=\"\" loading=\"lazy\" referrerpolicy=\"no-referrer-when-downgrade\"><\/iframe>\n\n\n\n<p>Puedes caminar hasta la estaci\u00f3n de metro de Drassanes (L3, l\u00ednea verde), ir hasta Espanya y all\u00ed conectar con los Ferrocarriles (FGC) o con varias l\u00edneas de autob\u00fas (como la H12 o la 46) que te dejar\u00e1n cerca del recinto de la Fira.<\/p>\n\n\n\n<p><strong>Duraci\u00f3n del trayecto:<\/strong> 33 minutos<\/p>\n\n\n\n<p class=\"has-medium-font-size\"><a href=\"https:\/\/hotelarclarambla.com\/bookingstep1?idtokenprovider=10760133&amp;lang=es&amp;clientCode=ARCBLOG\" target=\"_blank\" rel=\"noreferrer noopener\">Al\u00f3jate en el Hotel Arc la Rambla y recibe un descuento del 15% para su estancia durante el FENS FORUM 2026<\/a><\/p>\n\n\n\n<script type=\"application\/ld+json\">\n{\n  \"@context\": \"https:\/\/schema.org\",\n  \"@type\": \"Event\",\n  \"name\": \"FENS Forum 2026\",\n  \"startDate\": \"2026-07-06\",\n  \"endDate\": \"2026-07-10\",\n  \"eventAttendanceMode\": \"https:\/\/schema.org\/OfflineEventAttendanceMode\",\n  \"eventStatus\": \"https:\/\/schema.org\/EventScheduled\",\n  \"location\": {\n    \"@type\": \"Place\",\n    \"name\": \"Fira Gran Via Barcelona\",\n    \"address\": {\n      \"@type\": \"PostalAddress\",\n      \"streetAddress\": \"Carrer de l\u2019Alumini, s\/n\",\n      \"addressLocality\": \"Barcelona\",\n      \"addressRegion\": \"Catalonia\",\n      \"postalCode\": \"08028\",\n      \"addressCountry\": \"ES\"\n    }\n  },\n  \"description\": \"El FENS Forum es el principal congreso europeo dedicado a la neurociencia, reuniendo investigaciones que abarcan desde los estudios m\u00e1s b\u00e1sicos hasta sus aplicaciones cl\u00ednicas y traslacionales. Organizado por la Federaci\u00f3n de Sociedades Europeas de Neurociencia (FENS) en colaboraci\u00f3n con la Sociedad Espa\u00f1ola de Neurociencia (SENC).\",\n  \"organizer\": {\n    \"@type\": \"Organization\",\n    \"name\": \"Federaci\u00f3n de Sociedades Europeas de Neurociencia (FENS)\",\n    \"url\": \"https:\/\/www.fens.org\"\n  },\n  \"subEvent\": [\n    {\n      \"@type\": \"Event\",\n      \"name\": \"Eje Central \u00abBrain in Context\u00bb\",\n      \"startDate\": \"2026-07-06T14:30\",\n      \"endDate\": \"2026-07-06T16:00\",\n      \"location\": {\n        \"@type\": \"Place\",\n        \"name\": \"Hall A, Fira Gran Via Barcelona\"\n      },\n      \"performer\": [\n        {\"@type\": \"Person\", \"name\": \"Christelle Baunez\"},\n        {\"@type\": \"Person\", \"name\": \"Alexandra Tzilivaki\"},\n        {\"@type\": \"Person\", \"name\": \"Angela Roberts\"},\n        {\"@type\": \"Person\", \"name\": \"Emmanuel Procyk\"},\n        {\"@type\": \"Person\", \"name\": \"Kirk Leech\"},\n        {\"@type\": \"Person\", \"name\": \"Sergiu Pasca\"},\n        {\"@type\": \"Person\", \"name\": \"Viola Galligioni\"}\n      ],\n      \"description\": \"Debate sobre si las nuevas tecnolog\u00edas (IA, organoides) pueden sustituir el uso de animales en neurociencia.\"\n    },\n    {\n      \"@type\": \"Event\",\n      \"name\": \"Simposio Especial EBBS\/EBPS: La importancia del comportamiento en la neurociencia\",\n      \"startDate\": \"2026-07-06T10:00\",\n      \"endDate\": \"2026-07-06T12:00\",\n      \"location\": {\n        \"@type\": \"Place\",\n        \"name\": \"Hall H, Fira Gran Via Barcelona\"\n      },\n      \"description\": \"Destaca el comportamiento como eje esencial para vincular mecanismos cerebrales con funciones complejas, fomentando la colaboraci\u00f3n interdisciplinaria.\"\n    },\n    {\n      \"@type\": \"Event\",\n      \"name\": \"Perspectivas desde psiquiatr\u00eda y neurolog\u00eda\",\n      \"startDate\": \"2026-07-06T10:30\",\n      \"endDate\": \"2026-07-06T12:00\",\n      \"location\": {\n        \"@type\": \"Place\",\n        \"name\": \"Hall B, Fira Gran Via Barcelona\"\n      },\n      \"description\": \"An\u00e1lisis sobre c\u00f3mo trasladar la investigaci\u00f3n b\u00e1sica a tratamientos cl\u00ednicos para trastornos del desarrollo, psicosis y enfermedades neurodegenerativas.\"\n    },\n    {\n      \"@type\": \"Event\",\n      \"name\": \"Descifrando enfermedades cerebrales: inflamaci\u00f3n, inmunolog\u00eda e interacciones cuerpo-cerebro\",\n      \"startDate\": \"2026-07-06T12:15\",\n      \"endDate\": \"2026-07-06T13:45\",\n      \"location\": {\n        \"@type\": \"Place\",\n        \"name\": \"Hall H, Fira Gran Via Barcelona\"\n      },\n      \"description\": \"Expertos analizan c\u00f3mo la inflamaci\u00f3n y el sistema inmune impulsan enfermedades como Alzheimer, ELA y trastornos psiqui\u00e1tricos.\"\n    }\n  ],\n  \"offers\": {\n    \"@type\": \"Offer\",\n    \"url\": \"https:\/\/www.hotelarclarambla.com\",\n    \"priceCurrency\": \"EUR\",\n    \"description\": \"15% de descuento en el Hotel Arc la Rambla durante el FENS Forum 2026. C\u00f3digo promocional: ARCBLOG\"\n  }\n}\n<\/script>\n","protected":false},"excerpt":{"rendered":"<p>FENS Forum 2026 se celebrar\u00e1 del 6 al 10 de julio, tendr\u00e1 lugar en Fira Gran Via Barcelona (Carrer de l\u2019Alumini, s\/n, Sants-Montju\u00efc). Este recinto es uno de los principales espacios feriales de Europa y est\u00e1 bien conectado con el Aeropuerto Josep Tarradellas Barcelona-El Prat y Pla\u00e7a d\u2019Espanya. El congreso se desarrollar\u00e1 en los pabellones [&hellip;]<\/p>\n","protected":false},"author":7,"featured_media":241513,"comment_status":"closed","ping_status":"closed","sticky":false,"template":"","format":"standard","meta":{"_acf_changed":false,"_et_pb_use_builder":"off","_et_pb_old_content":"","_et_gb_content_width":"","inline_featured_image":false,"footnotes":""},"categories":[6432],"tags":[],"class_list":["post-241507","post","type-post","status-publish","format-standard","has-post-thumbnail","hentry","category-eventos"],"acf":[],"yoast_head":"<!-- This site is optimized with the Yoast SEO plugin v27.4 - https:\/\/yoast.com\/product\/yoast-seo-wordpress\/ -->\n<title>FENS FORUM 2026 Barcelona | Hotel 15% de Descuento<\/title>\n<meta name=\"description\" content=\"FENS Forum 2026 en Barcelona: congreso europeo de neurociencia, del 6 al 10 de julio, con simposios y debates innovadores.\" \/>\n<meta name=\"robots\" content=\"index, follow, max-snippet:-1, max-image-preview:large, max-video-preview:-1\" \/>\n<link rel=\"canonical\" href=\"https:\/\/hotelarclarambla.com\/agenda\/eventos\/fens-forum-2026\/\" \/>\n<meta property=\"og:locale\" content=\"es_ES\" \/>\n<meta property=\"og:type\" content=\"article\" \/>\n<meta property=\"og:title\" content=\"FENS FORUM 2026 Barcelona | Hotel 15% de Descuento\" \/>\n<meta property=\"og:description\" content=\"FENS Forum 2026 en Barcelona: congreso europeo de neurociencia, del 6 al 10 de julio, con simposios y debates innovadores.\" \/>\n<meta property=\"og:url\" content=\"https:\/\/hotelarclarambla.com\/agenda\/eventos\/fens-forum-2026\/\" \/>\n<meta property=\"og:site_name\" content=\"Hotel Arc La Rambla Blog\" \/>\n<meta property=\"article:published_time\" content=\"2026-03-31T11:43:23+00:00\" \/>\n<meta property=\"article:modified_time\" content=\"2026-04-10T13:28:19+00:00\" \/>\n<meta property=\"og:image\" content=\"https:\/\/hotelarclarambla.com\/agenda\/wp-content\/uploads\/2026\/03\/fens-forum-2026.webp\" \/>\n\t<meta property=\"og:image:width\" content=\"1365\" \/>\n\t<meta property=\"og:image:height\" content=\"768\" \/>\n\t<meta property=\"og:image:type\" content=\"image\/webp\" \/>\n<meta name=\"author\" content=\"admin-blog\" \/>\n<meta name=\"twitter:card\" content=\"summary_large_image\" \/>\n<meta name=\"twitter:label1\" content=\"Escrito por\" \/>\n\t<meta name=\"twitter:data1\" content=\"admin-blog\" \/>\n\t<meta name=\"twitter:label2\" content=\"Tiempo de lectura\" \/>\n\t<meta name=\"twitter:data2\" content=\"3 minutos\" \/>\n<script type=\"application\/ld+json\" class=\"yoast-schema-graph\">{\"@context\":\"https:\\\/\\\/schema.org\",\"@graph\":[{\"@type\":\"Article\",\"@id\":\"https:\\\/\\\/hotelarclarambla.com\\\/agenda\\\/eventos\\\/fens-forum-2026\\\/#article\",\"isPartOf\":{\"@id\":\"https:\\\/\\\/hotelarclarambla.com\\\/agenda\\\/eventos\\\/fens-forum-2026\\\/\"},\"author\":{\"name\":\"admin-blog\",\"@id\":\"https:\\\/\\\/hotelarclarambla.com\\\/agenda\\\/#\\\/schema\\\/person\\\/d8f3a3360be85a78d724ebd6c3120a76\"},\"headline\":\"Fens Forum 2026 en Barcelona\",\"datePublished\":\"2026-03-31T11:43:23+00:00\",\"dateModified\":\"2026-04-10T13:28:19+00:00\",\"mainEntityOfPage\":{\"@id\":\"https:\\\/\\\/hotelarclarambla.com\\\/agenda\\\/eventos\\\/fens-forum-2026\\\/\"},\"wordCount\":609,\"image\":{\"@id\":\"https:\\\/\\\/hotelarclarambla.com\\\/agenda\\\/eventos\\\/fens-forum-2026\\\/#primaryimage\"},\"thumbnailUrl\":\"https:\\\/\\\/hotelarclarambla.com\\\/agenda\\\/wp-content\\\/uploads\\\/2026\\\/03\\\/fens-forum-2026.webp\",\"articleSection\":[\"Eventos y fiestas en Barcelona\"],\"inLanguage\":\"es\"},{\"@type\":\"WebPage\",\"@id\":\"https:\\\/\\\/hotelarclarambla.com\\\/agenda\\\/eventos\\\/fens-forum-2026\\\/\",\"url\":\"https:\\\/\\\/hotelarclarambla.com\\\/agenda\\\/eventos\\\/fens-forum-2026\\\/\",\"name\":\"FENS FORUM 2026 Barcelona | Hotel 15% de Descuento\",\"isPartOf\":{\"@id\":\"https:\\\/\\\/hotelarclarambla.com\\\/agenda\\\/#website\"},\"primaryImageOfPage\":{\"@id\":\"https:\\\/\\\/hotelarclarambla.com\\\/agenda\\\/eventos\\\/fens-forum-2026\\\/#primaryimage\"},\"image\":{\"@id\":\"https:\\\/\\\/hotelarclarambla.com\\\/agenda\\\/eventos\\\/fens-forum-2026\\\/#primaryimage\"},\"thumbnailUrl\":\"https:\\\/\\\/hotelarclarambla.com\\\/agenda\\\/wp-content\\\/uploads\\\/2026\\\/03\\\/fens-forum-2026.webp\",\"datePublished\":\"2026-03-31T11:43:23+00:00\",\"dateModified\":\"2026-04-10T13:28:19+00:00\",\"author\":{\"@id\":\"https:\\\/\\\/hotelarclarambla.com\\\/agenda\\\/#\\\/schema\\\/person\\\/d8f3a3360be85a78d724ebd6c3120a76\"},\"description\":\"FENS Forum 2026 en Barcelona: congreso europeo de neurociencia, del 6 al 10 de julio, con simposios y debates innovadores.\",\"breadcrumb\":{\"@id\":\"https:\\\/\\\/hotelarclarambla.com\\\/agenda\\\/eventos\\\/fens-forum-2026\\\/#breadcrumb\"},\"inLanguage\":\"es\",\"potentialAction\":[{\"@type\":\"ReadAction\",\"target\":[\"https:\\\/\\\/hotelarclarambla.com\\\/agenda\\\/eventos\\\/fens-forum-2026\\\/\"]}]},{\"@type\":\"ImageObject\",\"inLanguage\":\"es\",\"@id\":\"https:\\\/\\\/hotelarclarambla.com\\\/agenda\\\/eventos\\\/fens-forum-2026\\\/#primaryimage\",\"url\":\"https:\\\/\\\/hotelarclarambla.com\\\/agenda\\\/wp-content\\\/uploads\\\/2026\\\/03\\\/fens-forum-2026.webp\",\"contentUrl\":\"https:\\\/\\\/hotelarclarambla.com\\\/agenda\\\/wp-content\\\/uploads\\\/2026\\\/03\\\/fens-forum-2026.webp\",\"width\":1365,\"height\":768,\"caption\":\"Fens Forum 2026 Hotel\"},{\"@type\":\"BreadcrumbList\",\"@id\":\"https:\\\/\\\/hotelarclarambla.com\\\/agenda\\\/eventos\\\/fens-forum-2026\\\/#breadcrumb\",\"itemListElement\":[{\"@type\":\"ListItem\",\"position\":1,\"name\":\"Portada\",\"item\":\"https:\\\/\\\/hotelarclarambla.com\\\/agenda\\\/\"},{\"@type\":\"ListItem\",\"position\":2,\"name\":\"Fens Forum 2026 en Barcelona\"}]},{\"@type\":\"WebSite\",\"@id\":\"https:\\\/\\\/hotelarclarambla.com\\\/agenda\\\/#website\",\"url\":\"https:\\\/\\\/hotelarclarambla.com\\\/agenda\\\/\",\"name\":\"Hotel Arc La Rambla Blog\",\"description\":\"El blog de Hotel Arc\",\"potentialAction\":[{\"@type\":\"SearchAction\",\"target\":{\"@type\":\"EntryPoint\",\"urlTemplate\":\"https:\\\/\\\/hotelarclarambla.com\\\/agenda\\\/?s={search_term_string}\"},\"query-input\":{\"@type\":\"PropertyValueSpecification\",\"valueRequired\":true,\"valueName\":\"search_term_string\"}}],\"inLanguage\":\"es\"},{\"@type\":\"Person\",\"@id\":\"https:\\\/\\\/hotelarclarambla.com\\\/agenda\\\/#\\\/schema\\\/person\\\/d8f3a3360be85a78d724ebd6c3120a76\",\"name\":\"admin-blog\",\"image\":{\"@type\":\"ImageObject\",\"inLanguage\":\"es\",\"@id\":\"https:\\\/\\\/secure.gravatar.com\\\/avatar\\\/3db8ac15c57c75a545efde96140dbaf40237bf4b8e1a3c97b6ff05eb84998daa?s=96&d=mm&r=g\",\"url\":\"https:\\\/\\\/secure.gravatar.com\\\/avatar\\\/3db8ac15c57c75a545efde96140dbaf40237bf4b8e1a3c97b6ff05eb84998daa?s=96&d=mm&r=g\",\"contentUrl\":\"https:\\\/\\\/secure.gravatar.com\\\/avatar\\\/3db8ac15c57c75a545efde96140dbaf40237bf4b8e1a3c97b6ff05eb84998daa?s=96&d=mm&r=g\",\"caption\":\"admin-blog\"},\"url\":\"https:\\\/\\\/hotelarclarambla.com\\\/agenda\\\/author\\\/admin-blog\\\/\"}]}<\/script>\n<!-- \/ Yoast SEO plugin. -->","yoast_head_json":{"title":"FENS FORUM 2026 Barcelona | Hotel 15% de Descuento","description":"FENS Forum 2026 en Barcelona: congreso europeo de neurociencia, del 6 al 10 de julio, con simposios y debates innovadores.","robots":{"index":"index","follow":"follow","max-snippet":"max-snippet:-1","max-image-preview":"max-image-preview:large","max-video-preview":"max-video-preview:-1"},"canonical":"https:\/\/hotelarclarambla.com\/agenda\/eventos\/fens-forum-2026\/","og_locale":"es_ES","og_type":"article","og_title":"FENS FORUM 2026 Barcelona | Hotel 15% de Descuento","og_description":"FENS Forum 2026 en Barcelona: congreso europeo de neurociencia, del 6 al 10 de julio, con simposios y debates innovadores.","og_url":"https:\/\/hotelarclarambla.com\/agenda\/eventos\/fens-forum-2026\/","og_site_name":"Hotel Arc La Rambla Blog","article_published_time":"2026-03-31T11:43:23+00:00","article_modified_time":"2026-04-10T13:28:19+00:00","og_image":[{"width":1365,"height":768,"url":"https:\/\/hotelarclarambla.com\/agenda\/wp-content\/uploads\/2026\/03\/fens-forum-2026.webp","type":"image\/webp"}],"author":"admin-blog","twitter_card":"summary_large_image","twitter_misc":{"Escrito por":"admin-blog","Tiempo de lectura":"3 minutos"},"schema":{"@context":"https:\/\/schema.org","@graph":[{"@type":"Article","@id":"https:\/\/hotelarclarambla.com\/agenda\/eventos\/fens-forum-2026\/#article","isPartOf":{"@id":"https:\/\/hotelarclarambla.com\/agenda\/eventos\/fens-forum-2026\/"},"author":{"name":"admin-blog","@id":"https:\/\/hotelarclarambla.com\/agenda\/#\/schema\/person\/d8f3a3360be85a78d724ebd6c3120a76"},"headline":"Fens Forum 2026 en Barcelona","datePublished":"2026-03-31T11:43:23+00:00","dateModified":"2026-04-10T13:28:19+00:00","mainEntityOfPage":{"@id":"https:\/\/hotelarclarambla.com\/agenda\/eventos\/fens-forum-2026\/"},"wordCount":609,"image":{"@id":"https:\/\/hotelarclarambla.com\/agenda\/eventos\/fens-forum-2026\/#primaryimage"},"thumbnailUrl":"https:\/\/hotelarclarambla.com\/agenda\/wp-content\/uploads\/2026\/03\/fens-forum-2026.webp","articleSection":["Eventos y fiestas en Barcelona"],"inLanguage":"es"},{"@type":"WebPage","@id":"https:\/\/hotelarclarambla.com\/agenda\/eventos\/fens-forum-2026\/","url":"https:\/\/hotelarclarambla.com\/agenda\/eventos\/fens-forum-2026\/","name":"FENS FORUM 2026 Barcelona | Hotel 15% de Descuento","isPartOf":{"@id":"https:\/\/hotelarclarambla.com\/agenda\/#website"},"primaryImageOfPage":{"@id":"https:\/\/hotelarclarambla.com\/agenda\/eventos\/fens-forum-2026\/#primaryimage"},"image":{"@id":"https:\/\/hotelarclarambla.com\/agenda\/eventos\/fens-forum-2026\/#primaryimage"},"thumbnailUrl":"https:\/\/hotelarclarambla.com\/agenda\/wp-content\/uploads\/2026\/03\/fens-forum-2026.webp","datePublished":"2026-03-31T11:43:23+00:00","dateModified":"2026-04-10T13:28:19+00:00","author":{"@id":"https:\/\/hotelarclarambla.com\/agenda\/#\/schema\/person\/d8f3a3360be85a78d724ebd6c3120a76"},"description":"FENS Forum 2026 en Barcelona: congreso europeo de neurociencia, del 6 al 10 de julio, con simposios y debates innovadores.","breadcrumb":{"@id":"https:\/\/hotelarclarambla.com\/agenda\/eventos\/fens-forum-2026\/#breadcrumb"},"inLanguage":"es","potentialAction":[{"@type":"ReadAction","target":["https:\/\/hotelarclarambla.com\/agenda\/eventos\/fens-forum-2026\/"]}]},{"@type":"ImageObject","inLanguage":"es","@id":"https:\/\/hotelarclarambla.com\/agenda\/eventos\/fens-forum-2026\/#primaryimage","url":"https:\/\/hotelarclarambla.com\/agenda\/wp-content\/uploads\/2026\/03\/fens-forum-2026.webp","contentUrl":"https:\/\/hotelarclarambla.com\/agenda\/wp-content\/uploads\/2026\/03\/fens-forum-2026.webp","width":1365,"height":768,"caption":"Fens Forum 2026 Hotel"},{"@type":"BreadcrumbList","@id":"https:\/\/hotelarclarambla.com\/agenda\/eventos\/fens-forum-2026\/#breadcrumb","itemListElement":[{"@type":"ListItem","position":1,"name":"Portada","item":"https:\/\/hotelarclarambla.com\/agenda\/"},{"@type":"ListItem","position":2,"name":"Fens Forum 2026 en Barcelona"}]},{"@type":"WebSite","@id":"https:\/\/hotelarclarambla.com\/agenda\/#website","url":"https:\/\/hotelarclarambla.com\/agenda\/","name":"Hotel Arc La Rambla Blog","description":"El blog de Hotel Arc","potentialAction":[{"@type":"SearchAction","target":{"@type":"EntryPoint","urlTemplate":"https:\/\/hotelarclarambla.com\/agenda\/?s={search_term_string}"},"query-input":{"@type":"PropertyValueSpecification","valueRequired":true,"valueName":"search_term_string"}}],"inLanguage":"es"},{"@type":"Person","@id":"https:\/\/hotelarclarambla.com\/agenda\/#\/schema\/person\/d8f3a3360be85a78d724ebd6c3120a76","name":"admin-blog","image":{"@type":"ImageObject","inLanguage":"es","@id":"https:\/\/secure.gravatar.com\/avatar\/3db8ac15c57c75a545efde96140dbaf40237bf4b8e1a3c97b6ff05eb84998daa?s=96&d=mm&r=g","url":"https:\/\/secure.gravatar.com\/avatar\/3db8ac15c57c75a545efde96140dbaf40237bf4b8e1a3c97b6ff05eb84998daa?s=96&d=mm&r=g","contentUrl":"https:\/\/secure.gravatar.com\/avatar\/3db8ac15c57c75a545efde96140dbaf40237bf4b8e1a3c97b6ff05eb84998daa?s=96&d=mm&r=g","caption":"admin-blog"},"url":"https:\/\/hotelarclarambla.com\/agenda\/author\/admin-blog\/"}]}},"_links":{"self":[{"href":"https:\/\/hotelarclarambla.com\/agenda\/wp-json\/wp\/v2\/posts\/241507","targetHints":{"allow":["GET"]}}],"collection":[{"href":"https:\/\/hotelarclarambla.com\/agenda\/wp-json\/wp\/v2\/posts"}],"about":[{"href":"https:\/\/hotelarclarambla.com\/agenda\/wp-json\/wp\/v2\/types\/post"}],"author":[{"embeddable":true,"href":"https:\/\/hotelarclarambla.com\/agenda\/wp-json\/wp\/v2\/users\/7"}],"replies":[{"embeddable":true,"href":"https:\/\/hotelarclarambla.com\/agenda\/wp-json\/wp\/v2\/comments?post=241507"}],"version-history":[{"count":9,"href":"https:\/\/hotelarclarambla.com\/agenda\/wp-json\/wp\/v2\/posts\/241507\/revisions"}],"predecessor-version":[{"id":241527,"href":"https:\/\/hotelarclarambla.com\/agenda\/wp-json\/wp\/v2\/posts\/241507\/revisions\/241527"}],"wp:featuredmedia":[{"embeddable":true,"href":"https:\/\/hotelarclarambla.com\/agenda\/wp-json\/wp\/v2\/media\/241513"}],"wp:attachment":[{"href":"https:\/\/hotelarclarambla.com\/agenda\/wp-json\/wp\/v2\/media?parent=241507"}],"wp:term":[{"taxonomy":"category","embeddable":true,"href":"https:\/\/hotelarclarambla.com\/agenda\/wp-json\/wp\/v2\/categories?post=241507"},{"taxonomy":"post_tag","embeddable":true,"href":"https:\/\/hotelarclarambla.com\/agenda\/wp-json\/wp\/v2\/tags?post=241507"}],"curies":[{"name":"wp","href":"https:\/\/api.w.org\/{rel}","templated":true}]}}