{"id":241410,"date":"2026-03-26T10:52:30","date_gmt":"2026-03-26T09:52:30","guid":{"rendered":"https:\/\/hotelarclarambla.com\/agenda\/?p=241410"},"modified":"2026-04-10T15:28:26","modified_gmt":"2026-04-10T13:28:26","slug":"grand-depart-tour-de-france-2026-en-barcelona","status":"publish","type":"post","link":"https:\/\/hotelarclarambla.com\/agenda\/eventos-deportivos\/grand-depart-tour-de-france-2026-en-barcelona\/","title":{"rendered":"Tour de Francia 2026 en Barcelona"},"content":{"rendered":"\n<p>En julio de 2026, <strong>Barcelona<\/strong> se transformar\u00e1 en la capital mundial del ciclismo al acoger la <strong>Grand D\u00e9part de la 113\u00aa edici\u00f3n del Tour de Francia<\/strong>. Este evento hist\u00f3rico marca la tercera vez que la <em>Grande Boucle<\/em> arranca en Espa\u00f1a (tras San Sebasti\u00e1n 1992 y Bilbao 2023), consolidando a la ciudad condal como un referente deportivo global tras el \u00e9xito de los JJOO de 1992 y la Copa Am\u00e9rica 2024.<\/p>\n\n\n\n<blockquote class=\"instagram-media\" data-instgrm-permalink=\"https:\/\/www.instagram.com\/p\/DQJfNtsjXBQ\/?utm_source=ig_embed&amp;utm_campaign=loading\" data-instgrm-version=\"14\" style=\" background:#FFF; border:0; border-radius:3px; box-shadow:0 0 1px 0 rgba(0,0,0,0.5),0 1px 10px 0 rgba(0,0,0,0.15); margin: 1px; max-width:540px; min-width:326px; padding:0; width:99.375%; width:-webkit-calc(100% - 2px); width:calc(100% - 2px);\"><div style=\"padding:16px;\"> <a href=\"https:\/\/www.instagram.com\/p\/DQJfNtsjXBQ\/?utm_source=ig_embed&amp;utm_campaign=loading\" style=\" background:#FFFFFF; line-height:0; padding:0 0; text-align:center; text-decoration:none; width:100%;\" target=\"_blank\"> <div style=\" display: flex; flex-direction: row; align-items: center;\"> <div style=\"background-color: #F4F4F4; border-radius: 50%; flex-grow: 0; height: 40px; margin-right: 14px; width: 40px;\"><\/div> <div style=\"display: flex; flex-direction: column; flex-grow: 1; justify-content: center;\"> <div style=\" background-color: #F4F4F4; border-radius: 4px; flex-grow: 0; height: 14px; margin-bottom: 6px; width: 100px;\"><\/div> <div style=\" background-color: #F4F4F4; border-radius: 4px; flex-grow: 0; height: 14px; width: 60px;\"><\/div><\/div><\/div><div style=\"padding: 19% 0;\"><\/div> <div style=\"display:block; height:50px; margin:0 auto 12px; width:50px;\"><svg width=\"50px\" height=\"50px\" viewBox=\"0 0 60 60\" version=\"1.1\" xmlns=\"https:\/\/www.w3.org\/2000\/svg\" xmlns:xlink=\"https:\/\/www.w3.org\/1999\/xlink\"><g stroke=\"none\" stroke-width=\"1\" fill=\"none\" fill-rule=\"evenodd\"><g transform=\"translate(-511.000000, -20.000000)\" fill=\"#000000\"><g><path d=\"M556.869,30.41 C554.814,30.41 553.148,32.076 553.148,34.131 C553.148,36.186 554.814,37.852 556.869,37.852 C558.924,37.852 560.59,36.186 560.59,34.131 C560.59,32.076 558.924,30.41 556.869,30.41 M541,60.657 C535.114,60.657 530.342,55.887 530.342,50 C530.342,44.114 535.114,39.342 541,39.342 C546.887,39.342 551.658,44.114 551.658,50 C551.658,55.887 546.887,60.657 541,60.657 M541,33.886 C532.1,33.886 524.886,41.1 524.886,50 C524.886,58.899 532.1,66.113 541,66.113 C549.9,66.113 557.115,58.899 557.115,50 C557.115,41.1 549.9,33.886 541,33.886 M565.378,62.101 C565.244,65.022 564.756,66.606 564.346,67.663 C563.803,69.06 563.154,70.057 562.106,71.106 C561.058,72.155 560.06,72.803 558.662,73.347 C557.607,73.757 556.021,74.244 553.102,74.378 C549.944,74.521 548.997,74.552 541,74.552 C533.003,74.552 532.056,74.521 528.898,74.378 C525.979,74.244 524.393,73.757 523.338,73.347 C521.94,72.803 520.942,72.155 519.894,71.106 C518.846,70.057 518.197,69.06 517.654,67.663 C517.244,66.606 516.755,65.022 516.623,62.101 C516.479,58.943 516.448,57.996 516.448,50 C516.448,42.003 516.479,41.056 516.623,37.899 C516.755,34.978 517.244,33.391 517.654,32.338 C518.197,30.938 518.846,29.942 519.894,28.894 C520.942,27.846 521.94,27.196 523.338,26.654 C524.393,26.244 525.979,25.756 528.898,25.623 C532.057,25.479 533.004,25.448 541,25.448 C548.997,25.448 549.943,25.479 553.102,25.623 C556.021,25.756 557.607,26.244 558.662,26.654 C560.06,27.196 561.058,27.846 562.106,28.894 C563.154,29.942 563.803,30.938 564.346,32.338 C564.756,33.391 565.244,34.978 565.378,37.899 C565.522,41.056 565.552,42.003 565.552,50 C565.552,57.996 565.522,58.943 565.378,62.101 M570.82,37.631 C570.674,34.438 570.167,32.258 569.425,30.349 C568.659,28.377 567.633,26.702 565.965,25.035 C564.297,23.368 562.623,22.342 560.652,21.575 C558.743,20.834 556.562,20.326 553.369,20.18 C550.169,20.033 549.148,20 541,20 C532.853,20 531.831,20.033 528.631,20.18 C525.438,20.326 523.257,20.834 521.349,21.575 C519.376,22.342 517.703,23.368 516.035,25.035 C514.368,26.702 513.342,28.377 512.574,30.349 C511.834,32.258 511.326,34.438 511.181,37.631 C511.035,40.831 511,41.851 511,50 C511,58.147 511.035,59.17 511.181,62.369 C511.326,65.562 511.834,67.743 512.574,69.651 C513.342,71.625 514.368,73.296 516.035,74.965 C517.703,76.634 519.376,77.658 521.349,78.425 C523.257,79.167 525.438,79.673 528.631,79.82 C531.831,79.965 532.853,80.001 541,80.001 C549.148,80.001 550.169,79.965 553.369,79.82 C556.562,79.673 558.743,79.167 560.652,78.425 C562.623,77.658 564.297,76.634 565.965,74.965 C567.633,73.296 568.659,71.625 569.425,69.651 C570.167,67.743 570.674,65.562 570.82,62.369 C570.966,59.17 571,58.147 571,50 C571,41.851 570.966,40.831 570.82,37.631\"><\/path><\/g><\/g><\/g><\/svg><\/div><div style=\"padding-top: 8px;\"> <div style=\" color:#3897f0; font-family:Arial,sans-serif; font-size:14px; font-style:normal; font-weight:550; line-height:18px;\">Ver esta publicaci\u00f3n en Instagram<\/div><\/div><div style=\"padding: 12.5% 0;\"><\/div> <div style=\"display: flex; flex-direction: row; margin-bottom: 14px; align-items: center;\"><div> <div style=\"background-color: #F4F4F4; border-radius: 50%; height: 12.5px; width: 12.5px; transform: translateX(0px) translateY(7px);\"><\/div> <div style=\"background-color: #F4F4F4; height: 12.5px; transform: rotate(-45deg) translateX(3px) translateY(1px); width: 12.5px; flex-grow: 0; margin-right: 14px; margin-left: 2px;\"><\/div> <div style=\"background-color: #F4F4F4; border-radius: 50%; height: 12.5px; width: 12.5px; transform: translateX(9px) translateY(-18px);\"><\/div><\/div><div style=\"margin-left: 8px;\"> <div style=\" background-color: #F4F4F4; border-radius: 50%; flex-grow: 0; height: 20px; width: 20px;\"><\/div> <div style=\" width: 0; height: 0; border-top: 2px solid transparent; border-left: 6px solid #f4f4f4; border-bottom: 2px solid transparent; transform: translateX(16px) translateY(-4px) rotate(30deg)\"><\/div><\/div><div style=\"margin-left: auto;\"> <div style=\" width: 0px; border-top: 8px solid #F4F4F4; border-right: 8px solid transparent; transform: translateY(16px);\"><\/div> <div style=\" background-color: #F4F4F4; flex-grow: 0; height: 12px; width: 16px; transform: translateY(-4px);\"><\/div> <div style=\" width: 0; height: 0; border-top: 8px solid #F4F4F4; border-left: 8px solid transparent; transform: translateY(-4px) translateX(8px);\"><\/div><\/div><\/div> <div style=\"display: flex; flex-direction: column; flex-grow: 1; justify-content: center; margin-bottom: 24px;\"> <div style=\" background-color: #F4F4F4; border-radius: 4px; flex-grow: 0; height: 14px; margin-bottom: 6px; width: 224px;\"><\/div> <div style=\" background-color: #F4F4F4; border-radius: 4px; flex-grow: 0; height: 14px; width: 144px;\"><\/div><\/div><\/a><p style=\" color:#c9c8cd; font-family:Arial,sans-serif; font-size:14px; line-height:17px; margin-bottom:0; margin-top:8px; overflow:hidden; padding:8px 0 7px; text-align:center; text-overflow:ellipsis; white-space:nowrap;\"><a href=\"https:\/\/www.instagram.com\/p\/DQJfNtsjXBQ\/?utm_source=ig_embed&amp;utm_campaign=loading\" style=\" color:#c9c8cd; font-family:Arial,sans-serif; font-size:14px; font-style:normal; font-weight:normal; line-height:17px; text-decoration:none;\" target=\"_blank\">Una publicaci\u00f3n compartida de Tour de France\u2122 (@letourdefrance)<\/a><\/p><\/div><\/blockquote>\n<script async src=\"\/\/www.instagram.com\/embed.js\"><\/script>\n\n\n\n<p class=\"has-medium-font-size\"><strong>El Tour 2026 comenzar\u00e1 en Barcelona con una etapa contrarreloj por equipos de 19 km. Esto no hab\u00eda ocurrido desde 1971, hace 55 a\u00f1os<\/strong><\/p>\n\n\n\n<p><\/p>\n\n\n\n<h2 class=\"wp-block-heading\"><strong>Recorrido de las primeras etapas del Tour de Francia 2026 en Barcelona<\/strong><\/h2>\n\n\n\n<p><\/p>\n\n\n\n<h3 class=\"wp-block-heading\"><strong>Etapa 1: Contrarreloj por Equipos (4 de julio)<\/strong><\/h3>\n\n\n\n<figure class=\"wp-block-embed is-type-video is-provider-youtube wp-block-embed-youtube wp-embed-aspect-16-9 wp-has-aspect-ratio\"><div class=\"wp-block-embed__wrapper\">\n<iframe loading=\"lazy\" title=\"Etapa 1 Tour de France\u2122\ufe0f 2026\" width=\"1080\" height=\"608\" src=\"https:\/\/www.youtube.com\/embed\/wsjeCu22zys?feature=oembed&#038;enablejsapi=1&#038;origin=https:\/\/hotelarclarambla.com\"  allow=\"accelerometer; autoplay; clipboard-write; encrypted-media; gyroscope; picture-in-picture; web-share\" referrerpolicy=\"strict-origin-when-cross-origin\" allowfullscreen><\/iframe>\n<\/div><\/figure>\n\n\n\n<p><\/p>\n\n\n\n<ul class=\"wp-block-list\">\n<li><strong>Recorrido:<\/strong> Barcelona &gt; Barcelona (19,7 km).<\/li>\n\n\n\n<li><strong>Lo m\u00e1s destacado:<\/strong> Una crono t\u00e9cnica que recorrer\u00e1 el litoral barcelon\u00e9s y pasar\u00e1 junto a la <strong>Sagrada Familia<\/strong>. El final ser\u00e1 \u00e9pico con una doble subida a Montju\u00efc, terminando frente al <strong>Estadio Ol\u00edmpico Llu\u00eds Companys<\/strong>.<\/li>\n\n\n\n<li><strong>Dato hist\u00f3rico:<\/strong> Es la primera vez en 55 a\u00f1os (desde 1971) que el Tour comienza con una contrarreloj por equipos.<\/li>\n<\/ul>\n\n\n\n<blockquote class=\"twitter-tweet\" data-media-max-width=\"560\"><p lang=\"en\" dir=\"ltr\">\ud83d\udc9b <a href=\"https:\/\/twitter.com\/hashtag\/TDF2026?src=hash&amp;ref_src=twsrc%5Etfw\">#TDF2026<\/a> Stage 1 <br>\ud83d\uddd3\ufe0f July 4. 2026<br><br>\ud83d\udea9 Barcelone &#8211; Barcelone \ud83c\udfc1<br>\ud83d\udccf 19.7km <br><br>\u23f1\ufe0f The team time trial returns to the Tour! And it will be in the same format as at <a href=\"https:\/\/twitter.com\/hashtag\/ParisNice?src=hash&amp;ref_src=twsrc%5Etfw\">#ParisNice<\/a> for the last 3 years: stage classification based on the first rider in each team, but individual time\u2026 <a href=\"https:\/\/t.co\/BDcus1dWj9\">pic.twitter.com\/BDcus1dWj9<\/a><\/p>&mdash; Tour de France\u2122 (@LeTour) <a href=\"https:\/\/twitter.com\/LeTour\/status\/1894459830368182404?ref_src=twsrc%5Etfw\">February 25, 2025<\/a><\/blockquote> <script async src=\"https:\/\/platform.twitter.com\/widgets.js\" charset=\"utf-8\"><\/script>\n\n\n\n<h4 class=\"wp-block-heading\"><strong>Recorrido Detallado: Etapa 1 (4 de julio de 2026)<\/strong><\/h4>\n\n\n\n<ul class=\"wp-block-list\">\n<li><strong>Punto de Salida: Parc del F\u00f2rum.<\/strong> Los equipos arrancar\u00e1n en este espacio vanguardista junto al mar, que servir\u00e1 de zona t\u00e9cnica y de calentamiento.<\/li>\n\n\n\n<li><strong>Fachada Mar\u00edtima y Puerto Ol\u00edmpico.<\/strong> El pelot\u00f3n rodar\u00e1 a gran velocidad por el litoral, pasando por el renovado Puerto Ol\u00edmpico, un tramo llano y muy r\u00e1pido ideal para especialistas.<\/li>\n\n\n\n<li><strong>Incursi\u00f3n en L\u2019Eixample.<\/strong> La carrera se adentrar\u00e1 en la cuadr\u00edcula de Cerd\u00e0, ofreciendo una de las im\u00e1genes m\u00e1s buscadas del Tour.<\/li>\n\n\n\n<li><strong>Paso por la Sagrada Fam\u00edlia.<\/strong> El recorrido rodea el templo de Gaud\u00ed (que en 2026 prev\u00e9 finalizar su torre central), siendo este el punto de mayor inter\u00e9s visual para la televisi\u00f3n internacional.<\/li>\n\n\n\n<li><strong>Paseo de Gr\u00e0cia.<\/strong> Los ciclistas pasar\u00e1n frente a la <strong>Casa Batll\u00f3<\/strong> y la <strong>Casa Mil\u00e0 (La Pedrera)<\/strong>, conectando el modernismo con la competici\u00f3n de \u00e9lite.<\/li>\n\n\n\n<li><strong>Avenida Diagonal y Plaza Espa\u00f1a.<\/strong> El tramo final de aproximaci\u00f3n a la monta\u00f1a, donde la velocidad empezar\u00e1 a disminuir para preparar el ascenso.<\/li>\n\n\n\n<li><strong>Ascenso a Montju\u00efc.<\/strong> El tramo decisivo de la etapa. Los equipos se enfrentar\u00e1n a una subida t\u00e9cnica de aproximadamente <strong>1,1 km al 5%<\/strong> de pendiente media.<\/li>\n\n\n\n<li><strong>Meta: Estadio Ol\u00edmpico Llu\u00eds Companys.<\/strong> Tras un \u00faltimo esfuerzo de <strong>800 metros al 7%<\/strong>, la etapa coronar\u00e1 a su primer ganador frente a la m\u00edtica sede de los JJOO de 1992.<\/li>\n<\/ul>\n\n\n\n<h3 class=\"wp-block-heading\"><strong>Etapa 2: De Tarragona a Barcelona (5 de julio)<\/strong><\/h3>\n\n\n\n<figure class=\"wp-block-embed is-type-video is-provider-youtube wp-block-embed-youtube wp-embed-aspect-16-9 wp-has-aspect-ratio\"><div class=\"wp-block-embed__wrapper\">\n<iframe loading=\"lazy\" title=\"Etapa 2 Tour de France\u2122\ufe0f 2026\" width=\"1080\" height=\"608\" src=\"https:\/\/www.youtube.com\/embed\/WA4W-w5KFb8?feature=oembed&#038;enablejsapi=1&#038;origin=https:\/\/hotelarclarambla.com\"  allow=\"accelerometer; autoplay; clipboard-write; encrypted-media; gyroscope; picture-in-picture; web-share\" referrerpolicy=\"strict-origin-when-cross-origin\" allowfullscreen><\/iframe>\n<\/div><\/figure>\n\n\n\n<p><\/p>\n\n\n\n<ul class=\"wp-block-list\">\n<li><strong>Recorrido:<\/strong> Tarragona &gt; Barcelona (178,4 km).<\/li>\n\n\n\n<li><strong>El desaf\u00edo:<\/strong> Tras salir de la Imperial Tarraco, el pelot\u00f3n cruzar\u00e1 la costa del Garraf y Sitges para entrar en Barcelona. El circuito final incluye <strong>tres ascensiones al Castillo de Montju\u00efc<\/strong>, con pendientes de hasta el <strong>13%<\/strong>, garantizando un espect\u00e1culo para los atacantes.<\/li>\n<\/ul>\n\n\n\n<h4 class=\"wp-block-heading\"><strong>Itinerario Detallado: Etapa 2 (Tarragona &gt; Barcelona)<\/strong><\/h4>\n\n\n\n<ul class=\"wp-block-list\">\n<li><strong>Salida: Tarragona (Patrimonio de la Humanidad).<\/strong> El pelot\u00f3n arrancar\u00e1 junto al Anfiteatro Romano, un inicio espectacular que une historia y deporte.<\/li>\n\n\n\n<li><strong>Costa del Garraf:<\/strong> La carrera avanzar\u00e1 por el litoral mediterr\u00e1neo, cruzando localidades emblem\u00e1ticas como <strong>El Vendrell<\/strong>, <strong>Calafell<\/strong> y la siempre fotog\u00e9nica <strong>Sitges<\/strong>.<\/li>\n\n\n\n<li><strong>Costas de Garraf (Tramo T\u00e9cnico):<\/strong> Un tramo de curvas reviradas junto a los acantilados que pondr\u00e1 a prueba el control del pelot\u00f3n antes de entrar en el \u00e1rea metropolitana.<\/li>\n\n\n\n<li><strong>Entrada a Barcelona por Gran Via:<\/strong> Tras cruzar Castelldefels y L&#8217;Hospitalet, los ciclistas entrar\u00e1n en la ciudad por la Gran Via de les Corts Catalanes, dirigi\u00e9ndose directamente hacia la monta\u00f1a m\u00e1gica.<\/li>\n\n\n\n<li><strong>Circuito Final en Montju\u00efc (El \u00abMuro\u00bb):<\/strong> Aqu\u00ed es donde la etapa se vuelve \u00e9pica. El pelot\u00f3n deber\u00e1 completar un circuito exigente que incluye <strong>3 subidas consecutivas al Castillo de Montju\u00efc<\/strong>.<\/li>\n\n\n\n<li><strong>Paso por el Estadio Ol\u00edmpico:<\/strong> En cada vuelta, los corredores pasar\u00e1n por la zona del Anillo Ol\u00edmpico, permitiendo a los espectadores ver a sus \u00eddolos varias veces.<\/li>\n\n\n\n<li><strong>Rampas del 13%:<\/strong> El ascenso al Castillo es corto pero brutal, con pendientes m\u00e1ximas del 13% donde se espera que los favoritos lancen sus ataques definitivos.<\/li>\n\n\n\n<li><strong>Meta: Castillo de Montju\u00efc.<\/strong> El ganador se coronar\u00e1 en la cima, con las mejores vistas panor\u00e1micas de toda Barcelona como tel\u00f3n de fondo.<\/li>\n<\/ul>\n\n\n\n<h3 class=\"wp-block-heading\"><strong>Etapa 3: Salida desde Granollers (6 de julio)<\/strong><\/h3>\n\n\n\n<figure class=\"wp-block-embed is-type-video is-provider-youtube wp-block-embed-youtube wp-embed-aspect-16-9 wp-has-aspect-ratio\"><div class=\"wp-block-embed__wrapper\">\n<iframe loading=\"lazy\" title=\"Etapa 3 Tour de France\u2122\ufe0f 2026\" width=\"1080\" height=\"608\" src=\"https:\/\/www.youtube.com\/embed\/1QCrZChbKRc?feature=oembed&#038;enablejsapi=1&#038;origin=https:\/\/hotelarclarambla.com\"  allow=\"accelerometer; autoplay; clipboard-write; encrypted-media; gyroscope; picture-in-picture; web-share\" referrerpolicy=\"strict-origin-when-cross-origin\" allowfullscreen><\/iframe>\n<\/div><\/figure>\n\n\n\n<p><\/p>\n\n\n\n<p>La caravana del Tour se despedir\u00e1 de la provincia de Barcelona partiendo desde Granollers hacia el norte, completando un inicio 100% catal\u00e1n.<\/p>\n\n\n\n<h2 class=\"wp-block-heading\"><strong>Calendariode eventos: planifica tu estancia en Barcelona<\/strong><\/h2>\n\n\n\n<p>Planifica tu estancia en Barcelona y disfruta de uno de los eventos deportivos m\u00e1s emocionantes del a\u00f1o aloj\u00e1ndote en nuestro hotel.<\/p>\n\n\n\n<figure class=\"wp-block-table\"><table class=\"has-fixed-layout\"><thead><tr><td><strong>Fecha<\/strong><\/td><td><strong>Evento<\/strong><\/td><td><strong>Descripci\u00f3n breve<\/strong><\/td><\/tr><\/thead><tbody><tr><td>2 de julio<\/td><td>Presentaci\u00f3n de equipos<\/td><td>Conoce a los ciclistas y equipos participantes<\/td><\/tr><tr><td>4 de julio<\/td><td>Etapa 1 \u2013 Barcelona<\/td><td>Inicio del Tour con salida en la ciudad<\/td><\/tr><tr><td>5 de julio<\/td><td>Etapa 2 \u2013 Tarragona &gt; Barcelona<\/td><td>Recorrido espectacular hasta Barcelona<\/td><\/tr><tr><td>6 de julio<\/td><td>Salida hacia Granollers<\/td><td>Continuaci\u00f3n del Tour hacia la siguiente etapa<\/td><\/tr><\/tbody><\/table><\/figure>\n\n\n\n<p>Si eres amante del ciclismo o simplemente quieres vivir un evento \u00fanico, este es el momento perfecto para visitar Barcelona.<\/p>\n\n\n\n<h2 class=\"wp-block-heading\">Reserva tu hotel en Barcelona para el Tour de Francia con un 15% de descuento<\/h2>\n\n\n\n<figure class=\"wp-block-image size-full\"><a href=\"https:\/\/hotelarclarambla.com\/bookingstep1?clientCode=ARCBLOG\" target=\"_blank\" rel=\" noreferrer noopener\"><img loading=\"lazy\" decoding=\"async\" width=\"1200\" height=\"400\" src=\"https:\/\/hotelarclarambla.com\/agenda\/wp-content\/uploads\/2026\/03\/banner-arcblog-descuento-15-promo.webp\" alt=\"\" class=\"wp-image-241254\" srcset=\"https:\/\/hotelarclarambla.com\/agenda\/wp-content\/uploads\/2026\/03\/banner-arcblog-descuento-15-promo.webp 1200w, https:\/\/hotelarclarambla.com\/agenda\/wp-content\/uploads\/2026\/03\/banner-arcblog-descuento-15-promo-980x327.webp 980w, https:\/\/hotelarclarambla.com\/agenda\/wp-content\/uploads\/2026\/03\/banner-arcblog-descuento-15-promo-480x160.webp 480w\" sizes=\"(min-width: 0px) and (max-width: 480px) 480px, (min-width: 481px) and (max-width: 980px) 980px, (min-width: 981px) 1200px, 100vw\" \/><\/a><figcaption class=\"wp-element-caption\"><a href=\"https:\/\/hotelarclarambla.com\/bookingstep1?idtokenprovider=10760133&amp;lang=es&amp;clientCode=ARCBLOG\"><strong>C\u00f3digo promocional: ARCBLOG<\/strong><\/a><\/figcaption><\/figure>\n\n\n\n<h2 class=\"wp-block-heading\"><strong>Al\u00f3jate en Hotel Arc la Rambla, tu base para el Tour de Francia en Barcelona<\/strong><\/h2>\n\n\n\n<p>Si buscas un <strong><a href=\"https:\/\/hotelarclarambla.com\/\">hotel para el Tour de Francia 2026 en Barcelona<\/a><\/strong>, la ubicaci\u00f3n es el factor m\u00e1s importante. El <strong>Hotel Arc la Rambla<\/strong> te sit\u00faa estrat\u00e9gicamente en el epicentro del evento:<\/p>\n\n\n\n<ul class=\"wp-block-list\">\n<li><strong>Ubicaci\u00f3n Premium:<\/strong> Situado en Las Ramblas, estar\u00e1s a un paso del Paseo Col\u00f3n (zona de paso de la Etapa 1) y con acceso directo a Montju\u00efc.<\/li>\n\n\n\n<li><strong>Log\u00edstica para Ciclistas y Aficionados:<\/strong> Conexi\u00f3n r\u00e1pida con el transporte p\u00fablico para seguir los diferentes puntos de la carrera.<\/li>\n\n\n\n<li><strong>Vivir el ambiente:<\/strong> Estar\u00e1s rodeado de las <em>fan zones<\/em> y el ambiente festivo que inundar\u00e1 el centro de la ciudad.<\/li>\n<\/ul>\n\n\n\n<figure class=\"wp-block-gallery has-nested-images columns-default is-cropped wp-block-gallery-1 is-layout-flex wp-block-gallery-is-layout-flex\">\n<figure class=\"wp-block-image size-large\"><a href=\"https:\/\/hotelarclarambla.com\/agenda\/wp-content\/uploads\/2026\/03\/habitacion-de-hotel-en-barcelona.webp\" target=\"_blank\" rel=\" noreferrer noopener\"><img loading=\"lazy\" decoding=\"async\" width=\"1024\" height=\"536\" data-id=\"241415\" src=\"https:\/\/hotelarclarambla.com\/agenda\/wp-content\/uploads\/2026\/03\/habitacion-de-hotel-en-barcelona-1024x536.webp\" alt=\"\" class=\"wp-image-241415\" srcset=\"https:\/\/hotelarclarambla.com\/agenda\/wp-content\/uploads\/2026\/03\/habitacion-de-hotel-en-barcelona-1024x536.webp 1024w, https:\/\/hotelarclarambla.com\/agenda\/wp-content\/uploads\/2026\/03\/habitacion-de-hotel-en-barcelona-980x513.webp 980w, https:\/\/hotelarclarambla.com\/agenda\/wp-content\/uploads\/2026\/03\/habitacion-de-hotel-en-barcelona-480x251.webp 480w\" sizes=\"(min-width: 0px) and (max-width: 480px) 480px, (min-width: 481px) and (max-width: 980px) 980px, (min-width: 981px) 1024px, 100vw\" \/><\/a><\/figure>\n\n\n\n<figure class=\"wp-block-image size-large\"><a href=\"https:\/\/hotelarclarambla.com\/bookingstep1?clientCode=ARCBLOG\" target=\"_blank\" rel=\" noreferrer noopener\"><img loading=\"lazy\" decoding=\"async\" width=\"1024\" height=\"536\" data-id=\"241427\" src=\"https:\/\/hotelarclarambla.com\/agenda\/wp-content\/uploads\/2026\/03\/hotel-en-la-rambla-de-barcelona-1024x536.webp\" alt=\"\" class=\"wp-image-241427\" srcset=\"https:\/\/hotelarclarambla.com\/agenda\/wp-content\/uploads\/2026\/03\/hotel-en-la-rambla-de-barcelona-1024x536.webp 1024w, https:\/\/hotelarclarambla.com\/agenda\/wp-content\/uploads\/2026\/03\/hotel-en-la-rambla-de-barcelona-980x513.webp 980w, https:\/\/hotelarclarambla.com\/agenda\/wp-content\/uploads\/2026\/03\/hotel-en-la-rambla-de-barcelona-480x251.webp 480w\" sizes=\"(min-width: 0px) and (max-width: 480px) 480px, (min-width: 481px) and (max-width: 980px) 980px, (min-width: 981px) 1024px, 100vw\" \/><\/a><\/figure>\n\n\n\n<figure class=\"wp-block-image size-large\"><a href=\"https:\/\/hotelarclarambla.com\/bookingstep1?clientCode=ARCBLOG\" target=\"_blank\" rel=\" noreferrer noopener\"><img loading=\"lazy\" decoding=\"async\" width=\"1024\" height=\"536\" data-id=\"241433\" src=\"https:\/\/hotelarclarambla.com\/agenda\/wp-content\/uploads\/2026\/03\/hotel-en-el-gotic-1024x536.webp\" alt=\"\" class=\"wp-image-241433\" srcset=\"https:\/\/hotelarclarambla.com\/agenda\/wp-content\/uploads\/2026\/03\/hotel-en-el-gotic-1024x536.webp 1024w, https:\/\/hotelarclarambla.com\/agenda\/wp-content\/uploads\/2026\/03\/hotel-en-el-gotic-980x513.webp 980w, https:\/\/hotelarclarambla.com\/agenda\/wp-content\/uploads\/2026\/03\/hotel-en-el-gotic-480x251.webp 480w\" sizes=\"(min-width: 0px) and (max-width: 480px) 480px, (min-width: 481px) and (max-width: 980px) 980px, (min-width: 981px) 1024px, 100vw\" \/><\/a><\/figure>\n\n\n\n<figure class=\"wp-block-image size-large\"><a href=\"https:\/\/hotelarclarambla.com\/bookingstep1?clientCode=ARCBLOG\" target=\"_blank\" rel=\" noreferrer noopener\"><img loading=\"lazy\" decoding=\"async\" width=\"1024\" height=\"536\" data-id=\"241439\" src=\"https:\/\/hotelarclarambla.com\/agenda\/wp-content\/uploads\/2026\/03\/hotel-barcelona-hotel-arc-la-rambla-1024x536.webp\" alt=\"\" class=\"wp-image-241439\" srcset=\"https:\/\/hotelarclarambla.com\/agenda\/wp-content\/uploads\/2026\/03\/hotel-barcelona-hotel-arc-la-rambla-1024x536.webp 1024w, https:\/\/hotelarclarambla.com\/agenda\/wp-content\/uploads\/2026\/03\/hotel-barcelona-hotel-arc-la-rambla-980x513.webp 980w, https:\/\/hotelarclarambla.com\/agenda\/wp-content\/uploads\/2026\/03\/hotel-barcelona-hotel-arc-la-rambla-480x251.webp 480w\" sizes=\"(min-width: 0px) and (max-width: 480px) 480px, (min-width: 481px) and (max-width: 980px) 980px, (min-width: 981px) 1024px, 100vw\" \/><\/a><\/figure>\n\n\n\n<figure class=\"wp-block-image size-large\"><a href=\"https:\/\/hotelarclarambla.com\/bookingstep1?clientCode=ARCBLOG\" target=\"_blank\" rel=\" noreferrer noopener\"><img loading=\"lazy\" decoding=\"async\" width=\"1024\" height=\"536\" data-id=\"241421\" src=\"https:\/\/hotelarclarambla.com\/agenda\/wp-content\/uploads\/2026\/03\/terraza-de-hotel-en-la-rambla-1024x536.webp\" alt=\"\" class=\"wp-image-241421\" srcset=\"https:\/\/hotelarclarambla.com\/agenda\/wp-content\/uploads\/2026\/03\/terraza-de-hotel-en-la-rambla-1024x536.webp 1024w, https:\/\/hotelarclarambla.com\/agenda\/wp-content\/uploads\/2026\/03\/terraza-de-hotel-en-la-rambla-980x513.webp 980w, https:\/\/hotelarclarambla.com\/agenda\/wp-content\/uploads\/2026\/03\/terraza-de-hotel-en-la-rambla-480x251.webp 480w\" sizes=\"(min-width: 0px) and (max-width: 480px) 480px, (min-width: 481px) and (max-width: 980px) 980px, (min-width: 981px) 1024px, 100vw\" \/><\/a><\/figure>\n<\/figure>\n\n\n\n<p><\/p>\n\n\n\n<p>Para m\u00e1s detalles sobre la edici\u00f3n de 2026, puedes consultar la&nbsp;<a href=\"https:\/\/www.letour.barcelona\/es\" target=\"_blank\" rel=\"noreferrer noopener nofollow\">web oficial del Grand D\u00e9part Barcelona<\/a>&nbsp;o el sitio general de&nbsp;<a href=\"https:\/\/www.letour.fr\/es\" target=\"_blank\" rel=\"noreferrer noopener nofollow\">Le Tour de France<\/a>.<\/p>\n\n\n\n<p><strong>\u00bfC\u00f3mo puedo inscribirme como voluntario para el Tour de Francia en Barcelona?<\/strong><\/p>\n\n\n\n<p>La inscripci\u00f3n se realiza exclusivamente de forma online a trav\u00e9s del portal oficial <strong><a href=\"https:\/\/www.letour.barcelona\/\" target=\"_blank\" rel=\"noreferrer noopener nofollow\">letour.barcelona<\/a><\/strong>. Solo necesitas rellenar el formulario con tus datos personales, disponibilidad de fechas (4, 5 o 6 de julio) y las zonas de preferencia (Barcelona ciudad, Tarragona o Granollers).<\/p>\n\n\n\n<script type=\"application\/ld+json\">\n{\n  \"@context\": \"https:\/\/schema.org\",\n  \"@type\": \"SportsEvent\",\n  \"name\": \"Grand D\u00e9part Tour de France 2026 en Barcelona\",\n  \"startDate\": \"2026-07-04\",\n  \"endDate\": \"2026-07-06\",\n  \"eventStatus\": \"https:\/\/schema.org\/EventScheduled\",\n  \"eventAttendanceMode\": \"https:\/\/schema.org\/OfflineEventAttendanceMode\",\n  \"location\": {\n    \"@type\": \"Place\",\n    \"name\": \"Barcelona\",\n    \"address\": {\n      \"@type\": \"PostalAddress\",\n      \"addressLocality\": \"Barcelona\",\n      \"addressRegion\": \"Catalu\u00f1a\",\n      \"addressCountry\": \"ES\"\n    }\n  },\n  \"description\": \"En julio de 2026, Barcelona acoge la Grand D\u00e9part de la 113\u00aa edici\u00f3n del Tour de Francia, con etapas iniciales que incluyen contrarreloj por equipos y circuitos hist\u00f3ricos por la ciudad.\",\n  \"image\": \"https:\/\/example.com\/images\/tour-de-france-barcelona-2026.jpg\",\n  \"organizer\": {\n    \"@type\": \"Organization\",\n    \"name\": \"Le Tour de France\",\n    \"url\": \"https:\/\/www.letour.fr\"\n  },\n  \"subEvent\": [\n    {\n      \"@type\": \"SportsEvent\",\n      \"name\": \"Etapa 1 \u2013 Contrarreloj por Equipos\",\n      \"startDate\": \"2026-07-04T09:00\",\n      \"endDate\": \"2026-07-04T15:00\",\n      \"location\": {\n        \"@type\": \"Place\",\n        \"name\": \"Parc del F\u00f2rum - Estadio Ol\u00edmpico Llu\u00eds Companys\",\n        \"address\": {\n          \"@type\": \"PostalAddress\",\n          \"streetAddress\": \"Parc del F\u00f2rum\",\n          \"addressLocality\": \"Barcelona\",\n          \"addressRegion\": \"Catalu\u00f1a\",\n          \"addressCountry\": \"ES\"\n        }\n      },\n      \"description\": \"Recorrido t\u00e9cnico de 19,7 km desde Barcelona con final en Montju\u00efc, pasando por la Sagrada Familia y Paseo de Gr\u00e0cia.\"\n    },\n    {\n      \"@type\": \"SportsEvent\",\n      \"name\": \"Etapa 2 \u2013 Tarragona a Barcelona\",\n      \"startDate\": \"2026-07-05T09:00\",\n      \"endDate\": \"2026-07-05T17:00\",\n      \"location\": {\n        \"@type\": \"Place\",\n        \"name\": \"Tarragona > Barcelona\",\n        \"address\": {\n          \"@type\": \"PostalAddress\",\n          \"addressLocality\": \"Tarragona \/ Barcelona\",\n          \"addressRegion\": \"Catalu\u00f1a\",\n          \"addressCountry\": \"ES\"\n        }\n      },\n      \"description\": \"Etapa de 178,4 km con salida desde el Anfiteatro Romano de Tarragona, recorriendo la costa del Garraf y finalizando en el Castillo de Montju\u00efc, Barcelona.\"\n    },\n    {\n      \"@type\": \"SportsEvent\",\n      \"name\": \"Etapa 3 \u2013 Granollers hacia el norte\",\n      \"startDate\": \"2026-07-06T09:00\",\n      \"endDate\": \"2026-07-06T15:00\",\n      \"location\": {\n        \"@type\": \"Place\",\n        \"name\": \"Granollers\",\n        \"address\": {\n          \"@type\": \"PostalAddress\",\n          \"addressLocality\": \"Granollers\",\n          \"addressRegion\": \"Catalu\u00f1a\",\n          \"addressCountry\": \"ES\"\n        }\n      },\n      \"description\": \"Salida desde Granollers, continuando la ruta inicial del Tour de Francia por la provincia de Barcelona.\"\n    }\n  ],\n  \"offers\": {\n    \"@type\": \"Offer\",\n    \"url\": \"https:\/\/letour.barcelona\",\n    \"availability\": \"https:\/\/schema.org\/InStock\",\n    \"price\": \"0\",\n    \"priceCurrency\": \"EUR\"\n  }\n}\n<\/script>\n","protected":false},"excerpt":{"rendered":"<p>En julio de 2026, Barcelona se transformar\u00e1 en la capital mundial del ciclismo al acoger la Grand D\u00e9part de la 113\u00aa edici\u00f3n del Tour de Francia. Este evento hist\u00f3rico marca la tercera vez que la Grande Boucle arranca en Espa\u00f1a (tras San Sebasti\u00e1n 1992 y Bilbao 2023), consolidando a la ciudad condal como un referente [&hellip;]<\/p>\n","protected":false},"author":7,"featured_media":241449,"comment_status":"closed","ping_status":"closed","sticky":false,"template":"","format":"standard","meta":{"_acf_changed":false,"_et_pb_use_builder":"off","_et_pb_old_content":"","_et_gb_content_width":"","inline_featured_image":false,"footnotes":""},"categories":[6434],"tags":[],"class_list":["post-241410","post","type-post","status-publish","format-standard","has-post-thumbnail","hentry","category-eventos-deportivos"],"acf":[],"yoast_head":"<!-- This site is optimized with the Yoast SEO plugin v27.4 - https:\/\/yoast.com\/product\/yoast-seo-wordpress\/ -->\n<title>Tour de Francia 2026 en Barcelona | Hotel 15% de descuento<\/title>\n<meta name=\"description\" content=\"Vive el Grand D\u00e9part del Tour de France 2026 en Barcelona desde el Hotel Arc la Rambla, cerca del centro y las etapas.\" \/>\n<meta name=\"robots\" content=\"index, follow, max-snippet:-1, max-image-preview:large, max-video-preview:-1\" \/>\n<link rel=\"canonical\" href=\"https:\/\/hotelarclarambla.com\/agenda\/eventos-deportivos\/grand-depart-tour-de-france-2026-en-barcelona\/\" \/>\n<meta property=\"og:locale\" content=\"es_ES\" \/>\n<meta property=\"og:type\" content=\"article\" \/>\n<meta property=\"og:title\" content=\"Tour de Francia 2026 en Barcelona | Hotel 15% de descuento\" \/>\n<meta property=\"og:description\" content=\"Vive el Grand D\u00e9part del Tour de France 2026 en Barcelona desde el Hotel Arc la Rambla, cerca del centro y las etapas.\" \/>\n<meta property=\"og:url\" content=\"https:\/\/hotelarclarambla.com\/agenda\/eventos-deportivos\/grand-depart-tour-de-france-2026-en-barcelona\/\" \/>\n<meta property=\"og:site_name\" content=\"Hotel Arc La Rambla Blog\" \/>\n<meta property=\"article:published_time\" content=\"2026-03-26T09:52:30+00:00\" \/>\n<meta property=\"article:modified_time\" content=\"2026-04-10T13:28:26+00:00\" \/>\n<meta property=\"og:image\" content=\"https:\/\/hotelarclarambla.com\/agenda\/wp-content\/uploads\/2026\/03\/grand-depart-tour-de-france-barcelone-2026.webp\" \/>\n\t<meta property=\"og:image:width\" content=\"1200\" \/>\n\t<meta property=\"og:image:height\" content=\"628\" \/>\n\t<meta property=\"og:image:type\" content=\"image\/webp\" \/>\n<meta name=\"author\" content=\"admin-blog\" \/>\n<meta name=\"twitter:card\" content=\"summary_large_image\" \/>\n<meta name=\"twitter:label1\" content=\"Escrito por\" \/>\n\t<meta name=\"twitter:data1\" content=\"admin-blog\" \/>\n\t<meta name=\"twitter:label2\" content=\"Tiempo de lectura\" \/>\n\t<meta name=\"twitter:data2\" content=\"7 minutos\" \/>\n<script type=\"application\/ld+json\" class=\"yoast-schema-graph\">{\"@context\":\"https:\\\/\\\/schema.org\",\"@graph\":[{\"@type\":\"Article\",\"@id\":\"https:\\\/\\\/hotelarclarambla.com\\\/agenda\\\/eventos-deportivos\\\/grand-depart-tour-de-france-2026-en-barcelona\\\/#article\",\"isPartOf\":{\"@id\":\"https:\\\/\\\/hotelarclarambla.com\\\/agenda\\\/eventos-deportivos\\\/grand-depart-tour-de-france-2026-en-barcelona\\\/\"},\"author\":{\"name\":\"admin-blog\",\"@id\":\"https:\\\/\\\/hotelarclarambla.com\\\/agenda\\\/#\\\/schema\\\/person\\\/d8f3a3360be85a78d724ebd6c3120a76\"},\"headline\":\"Tour de Francia 2026 en Barcelona\",\"datePublished\":\"2026-03-26T09:52:30+00:00\",\"dateModified\":\"2026-04-10T13:28:26+00:00\",\"mainEntityOfPage\":{\"@id\":\"https:\\\/\\\/hotelarclarambla.com\\\/agenda\\\/eventos-deportivos\\\/grand-depart-tour-de-france-2026-en-barcelona\\\/\"},\"wordCount\":1162,\"image\":{\"@id\":\"https:\\\/\\\/hotelarclarambla.com\\\/agenda\\\/eventos-deportivos\\\/grand-depart-tour-de-france-2026-en-barcelona\\\/#primaryimage\"},\"thumbnailUrl\":\"https:\\\/\\\/hotelarclarambla.com\\\/agenda\\\/wp-content\\\/uploads\\\/2026\\\/03\\\/grand-depart-tour-de-france-barcelone-2026.webp\",\"articleSection\":[\"Eventos deportivos\"],\"inLanguage\":\"es\"},{\"@type\":\"WebPage\",\"@id\":\"https:\\\/\\\/hotelarclarambla.com\\\/agenda\\\/eventos-deportivos\\\/grand-depart-tour-de-france-2026-en-barcelona\\\/\",\"url\":\"https:\\\/\\\/hotelarclarambla.com\\\/agenda\\\/eventos-deportivos\\\/grand-depart-tour-de-france-2026-en-barcelona\\\/\",\"name\":\"Tour de Francia 2026 en Barcelona | Hotel 15% de descuento\",\"isPartOf\":{\"@id\":\"https:\\\/\\\/hotelarclarambla.com\\\/agenda\\\/#website\"},\"primaryImageOfPage\":{\"@id\":\"https:\\\/\\\/hotelarclarambla.com\\\/agenda\\\/eventos-deportivos\\\/grand-depart-tour-de-france-2026-en-barcelona\\\/#primaryimage\"},\"image\":{\"@id\":\"https:\\\/\\\/hotelarclarambla.com\\\/agenda\\\/eventos-deportivos\\\/grand-depart-tour-de-france-2026-en-barcelona\\\/#primaryimage\"},\"thumbnailUrl\":\"https:\\\/\\\/hotelarclarambla.com\\\/agenda\\\/wp-content\\\/uploads\\\/2026\\\/03\\\/grand-depart-tour-de-france-barcelone-2026.webp\",\"datePublished\":\"2026-03-26T09:52:30+00:00\",\"dateModified\":\"2026-04-10T13:28:26+00:00\",\"author\":{\"@id\":\"https:\\\/\\\/hotelarclarambla.com\\\/agenda\\\/#\\\/schema\\\/person\\\/d8f3a3360be85a78d724ebd6c3120a76\"},\"description\":\"Vive el Grand D\u00e9part del Tour de France 2026 en Barcelona desde el Hotel Arc la Rambla, cerca del centro y las etapas.\",\"breadcrumb\":{\"@id\":\"https:\\\/\\\/hotelarclarambla.com\\\/agenda\\\/eventos-deportivos\\\/grand-depart-tour-de-france-2026-en-barcelona\\\/#breadcrumb\"},\"inLanguage\":\"es\",\"potentialAction\":[{\"@type\":\"ReadAction\",\"target\":[\"https:\\\/\\\/hotelarclarambla.com\\\/agenda\\\/eventos-deportivos\\\/grand-depart-tour-de-france-2026-en-barcelona\\\/\"]}]},{\"@type\":\"ImageObject\",\"inLanguage\":\"es\",\"@id\":\"https:\\\/\\\/hotelarclarambla.com\\\/agenda\\\/eventos-deportivos\\\/grand-depart-tour-de-france-2026-en-barcelona\\\/#primaryimage\",\"url\":\"https:\\\/\\\/hotelarclarambla.com\\\/agenda\\\/wp-content\\\/uploads\\\/2026\\\/03\\\/grand-depart-tour-de-france-barcelone-2026.webp\",\"contentUrl\":\"https:\\\/\\\/hotelarclarambla.com\\\/agenda\\\/wp-content\\\/uploads\\\/2026\\\/03\\\/grand-depart-tour-de-france-barcelone-2026.webp\",\"width\":1200,\"height\":628,\"caption\":\"Grand D\u00e9part Tour de France \u00e0 Barcelone 2026 - Hotel Arc La Rambla\"},{\"@type\":\"BreadcrumbList\",\"@id\":\"https:\\\/\\\/hotelarclarambla.com\\\/agenda\\\/eventos-deportivos\\\/grand-depart-tour-de-france-2026-en-barcelona\\\/#breadcrumb\",\"itemListElement\":[{\"@type\":\"ListItem\",\"position\":1,\"name\":\"Portada\",\"item\":\"https:\\\/\\\/hotelarclarambla.com\\\/agenda\\\/\"},{\"@type\":\"ListItem\",\"position\":2,\"name\":\"Tour de Francia 2026 en Barcelona\"}]},{\"@type\":\"WebSite\",\"@id\":\"https:\\\/\\\/hotelarclarambla.com\\\/agenda\\\/#website\",\"url\":\"https:\\\/\\\/hotelarclarambla.com\\\/agenda\\\/\",\"name\":\"Hotel Arc La Rambla Blog\",\"description\":\"El blog de Hotel Arc\",\"potentialAction\":[{\"@type\":\"SearchAction\",\"target\":{\"@type\":\"EntryPoint\",\"urlTemplate\":\"https:\\\/\\\/hotelarclarambla.com\\\/agenda\\\/?s={search_term_string}\"},\"query-input\":{\"@type\":\"PropertyValueSpecification\",\"valueRequired\":true,\"valueName\":\"search_term_string\"}}],\"inLanguage\":\"es\"},{\"@type\":\"Person\",\"@id\":\"https:\\\/\\\/hotelarclarambla.com\\\/agenda\\\/#\\\/schema\\\/person\\\/d8f3a3360be85a78d724ebd6c3120a76\",\"name\":\"admin-blog\",\"image\":{\"@type\":\"ImageObject\",\"inLanguage\":\"es\",\"@id\":\"https:\\\/\\\/secure.gravatar.com\\\/avatar\\\/3db8ac15c57c75a545efde96140dbaf40237bf4b8e1a3c97b6ff05eb84998daa?s=96&d=mm&r=g\",\"url\":\"https:\\\/\\\/secure.gravatar.com\\\/avatar\\\/3db8ac15c57c75a545efde96140dbaf40237bf4b8e1a3c97b6ff05eb84998daa?s=96&d=mm&r=g\",\"contentUrl\":\"https:\\\/\\\/secure.gravatar.com\\\/avatar\\\/3db8ac15c57c75a545efde96140dbaf40237bf4b8e1a3c97b6ff05eb84998daa?s=96&d=mm&r=g\",\"caption\":\"admin-blog\"},\"url\":\"https:\\\/\\\/hotelarclarambla.com\\\/agenda\\\/author\\\/admin-blog\\\/\"}]}<\/script>\n<!-- \/ Yoast SEO plugin. -->","yoast_head_json":{"title":"Tour de Francia 2026 en Barcelona | Hotel 15% de descuento","description":"Vive el Grand D\u00e9part del Tour de France 2026 en Barcelona desde el Hotel Arc la Rambla, cerca del centro y las etapas.","robots":{"index":"index","follow":"follow","max-snippet":"max-snippet:-1","max-image-preview":"max-image-preview:large","max-video-preview":"max-video-preview:-1"},"canonical":"https:\/\/hotelarclarambla.com\/agenda\/eventos-deportivos\/grand-depart-tour-de-france-2026-en-barcelona\/","og_locale":"es_ES","og_type":"article","og_title":"Tour de Francia 2026 en Barcelona | Hotel 15% de descuento","og_description":"Vive el Grand D\u00e9part del Tour de France 2026 en Barcelona desde el Hotel Arc la Rambla, cerca del centro y las etapas.","og_url":"https:\/\/hotelarclarambla.com\/agenda\/eventos-deportivos\/grand-depart-tour-de-france-2026-en-barcelona\/","og_site_name":"Hotel Arc La Rambla Blog","article_published_time":"2026-03-26T09:52:30+00:00","article_modified_time":"2026-04-10T13:28:26+00:00","og_image":[{"width":1200,"height":628,"url":"https:\/\/hotelarclarambla.com\/agenda\/wp-content\/uploads\/2026\/03\/grand-depart-tour-de-france-barcelone-2026.webp","type":"image\/webp"}],"author":"admin-blog","twitter_card":"summary_large_image","twitter_misc":{"Escrito por":"admin-blog","Tiempo de lectura":"7 minutos"},"schema":{"@context":"https:\/\/schema.org","@graph":[{"@type":"Article","@id":"https:\/\/hotelarclarambla.com\/agenda\/eventos-deportivos\/grand-depart-tour-de-france-2026-en-barcelona\/#article","isPartOf":{"@id":"https:\/\/hotelarclarambla.com\/agenda\/eventos-deportivos\/grand-depart-tour-de-france-2026-en-barcelona\/"},"author":{"name":"admin-blog","@id":"https:\/\/hotelarclarambla.com\/agenda\/#\/schema\/person\/d8f3a3360be85a78d724ebd6c3120a76"},"headline":"Tour de Francia 2026 en Barcelona","datePublished":"2026-03-26T09:52:30+00:00","dateModified":"2026-04-10T13:28:26+00:00","mainEntityOfPage":{"@id":"https:\/\/hotelarclarambla.com\/agenda\/eventos-deportivos\/grand-depart-tour-de-france-2026-en-barcelona\/"},"wordCount":1162,"image":{"@id":"https:\/\/hotelarclarambla.com\/agenda\/eventos-deportivos\/grand-depart-tour-de-france-2026-en-barcelona\/#primaryimage"},"thumbnailUrl":"https:\/\/hotelarclarambla.com\/agenda\/wp-content\/uploads\/2026\/03\/grand-depart-tour-de-france-barcelone-2026.webp","articleSection":["Eventos deportivos"],"inLanguage":"es"},{"@type":"WebPage","@id":"https:\/\/hotelarclarambla.com\/agenda\/eventos-deportivos\/grand-depart-tour-de-france-2026-en-barcelona\/","url":"https:\/\/hotelarclarambla.com\/agenda\/eventos-deportivos\/grand-depart-tour-de-france-2026-en-barcelona\/","name":"Tour de Francia 2026 en Barcelona | Hotel 15% de descuento","isPartOf":{"@id":"https:\/\/hotelarclarambla.com\/agenda\/#website"},"primaryImageOfPage":{"@id":"https:\/\/hotelarclarambla.com\/agenda\/eventos-deportivos\/grand-depart-tour-de-france-2026-en-barcelona\/#primaryimage"},"image":{"@id":"https:\/\/hotelarclarambla.com\/agenda\/eventos-deportivos\/grand-depart-tour-de-france-2026-en-barcelona\/#primaryimage"},"thumbnailUrl":"https:\/\/hotelarclarambla.com\/agenda\/wp-content\/uploads\/2026\/03\/grand-depart-tour-de-france-barcelone-2026.webp","datePublished":"2026-03-26T09:52:30+00:00","dateModified":"2026-04-10T13:28:26+00:00","author":{"@id":"https:\/\/hotelarclarambla.com\/agenda\/#\/schema\/person\/d8f3a3360be85a78d724ebd6c3120a76"},"description":"Vive el Grand D\u00e9part del Tour de France 2026 en Barcelona desde el Hotel Arc la Rambla, cerca del centro y las etapas.","breadcrumb":{"@id":"https:\/\/hotelarclarambla.com\/agenda\/eventos-deportivos\/grand-depart-tour-de-france-2026-en-barcelona\/#breadcrumb"},"inLanguage":"es","potentialAction":[{"@type":"ReadAction","target":["https:\/\/hotelarclarambla.com\/agenda\/eventos-deportivos\/grand-depart-tour-de-france-2026-en-barcelona\/"]}]},{"@type":"ImageObject","inLanguage":"es","@id":"https:\/\/hotelarclarambla.com\/agenda\/eventos-deportivos\/grand-depart-tour-de-france-2026-en-barcelona\/#primaryimage","url":"https:\/\/hotelarclarambla.com\/agenda\/wp-content\/uploads\/2026\/03\/grand-depart-tour-de-france-barcelone-2026.webp","contentUrl":"https:\/\/hotelarclarambla.com\/agenda\/wp-content\/uploads\/2026\/03\/grand-depart-tour-de-france-barcelone-2026.webp","width":1200,"height":628,"caption":"Grand D\u00e9part Tour de France \u00e0 Barcelone 2026 - Hotel Arc La Rambla"},{"@type":"BreadcrumbList","@id":"https:\/\/hotelarclarambla.com\/agenda\/eventos-deportivos\/grand-depart-tour-de-france-2026-en-barcelona\/#breadcrumb","itemListElement":[{"@type":"ListItem","position":1,"name":"Portada","item":"https:\/\/hotelarclarambla.com\/agenda\/"},{"@type":"ListItem","position":2,"name":"Tour de Francia 2026 en Barcelona"}]},{"@type":"WebSite","@id":"https:\/\/hotelarclarambla.com\/agenda\/#website","url":"https:\/\/hotelarclarambla.com\/agenda\/","name":"Hotel Arc La Rambla Blog","description":"El blog de Hotel Arc","potentialAction":[{"@type":"SearchAction","target":{"@type":"EntryPoint","urlTemplate":"https:\/\/hotelarclarambla.com\/agenda\/?s={search_term_string}"},"query-input":{"@type":"PropertyValueSpecification","valueRequired":true,"valueName":"search_term_string"}}],"inLanguage":"es"},{"@type":"Person","@id":"https:\/\/hotelarclarambla.com\/agenda\/#\/schema\/person\/d8f3a3360be85a78d724ebd6c3120a76","name":"admin-blog","image":{"@type":"ImageObject","inLanguage":"es","@id":"https:\/\/secure.gravatar.com\/avatar\/3db8ac15c57c75a545efde96140dbaf40237bf4b8e1a3c97b6ff05eb84998daa?s=96&d=mm&r=g","url":"https:\/\/secure.gravatar.com\/avatar\/3db8ac15c57c75a545efde96140dbaf40237bf4b8e1a3c97b6ff05eb84998daa?s=96&d=mm&r=g","contentUrl":"https:\/\/secure.gravatar.com\/avatar\/3db8ac15c57c75a545efde96140dbaf40237bf4b8e1a3c97b6ff05eb84998daa?s=96&d=mm&r=g","caption":"admin-blog"},"url":"https:\/\/hotelarclarambla.com\/agenda\/author\/admin-blog\/"}]}},"_links":{"self":[{"href":"https:\/\/hotelarclarambla.com\/agenda\/wp-json\/wp\/v2\/posts\/241410","targetHints":{"allow":["GET"]}}],"collection":[{"href":"https:\/\/hotelarclarambla.com\/agenda\/wp-json\/wp\/v2\/posts"}],"about":[{"href":"https:\/\/hotelarclarambla.com\/agenda\/wp-json\/wp\/v2\/types\/post"}],"author":[{"embeddable":true,"href":"https:\/\/hotelarclarambla.com\/agenda\/wp-json\/wp\/v2\/users\/7"}],"replies":[{"embeddable":true,"href":"https:\/\/hotelarclarambla.com\/agenda\/wp-json\/wp\/v2\/comments?post=241410"}],"version-history":[{"count":14,"href":"https:\/\/hotelarclarambla.com\/agenda\/wp-json\/wp\/v2\/posts\/241410\/revisions"}],"predecessor-version":[{"id":241599,"href":"https:\/\/hotelarclarambla.com\/agenda\/wp-json\/wp\/v2\/posts\/241410\/revisions\/241599"}],"wp:featuredmedia":[{"embeddable":true,"href":"https:\/\/hotelarclarambla.com\/agenda\/wp-json\/wp\/v2\/media\/241449"}],"wp:attachment":[{"href":"https:\/\/hotelarclarambla.com\/agenda\/wp-json\/wp\/v2\/media?parent=241410"}],"wp:term":[{"taxonomy":"category","embeddable":true,"href":"https:\/\/hotelarclarambla.com\/agenda\/wp-json\/wp\/v2\/categories?post=241410"},{"taxonomy":"post_tag","embeddable":true,"href":"https:\/\/hotelarclarambla.com\/agenda\/wp-json\/wp\/v2\/tags?post=241410"}],"curies":[{"name":"wp","href":"https:\/\/api.w.org\/{rel}","templated":true}]}}