{"id":241135,"date":"2026-03-17T10:16:48","date_gmt":"2026-03-17T09:16:48","guid":{"rendered":"https:\/\/hotelarclarambla.com\/agenda\/?p=241135"},"modified":"2026-04-10T15:28:48","modified_gmt":"2026-04-10T13:28:48","slug":"eventos-y-fiestas-en-barcelona-abril-2026","status":"publish","type":"post","link":"https:\/\/hotelarclarambla.com\/agenda\/eventos\/eventos-y-fiestas-en-barcelona-abril-2026\/","title":{"rendered":"Eventos y fiestas en Barcelona abril 2026"},"content":{"rendered":"\n<p>Abril es uno de los meses m\u00e1s emocionantes para visitar Barcelona. La ciudad despierta con la primavera, los d\u00edas son m\u00e1s largos y la agenda se llena de festivales, ferias, mercados y celebraciones tradicionales. Desde eventos culturales hasta mercados gastron\u00f3micos y ferias profesionales, hay planes para todos los gustos.<\/p>\n\n\n\n<p class=\"has-text-align-left\"><strong>Tambi\u00e9n te puede interesar<\/strong><\/p>\n\n\n\n<blockquote class=\"wp-block-quote is-layout-flow wp-block-quote-is-layout-flow\">\n<p class=\"has-text-align-left\"><a href=\"https:\/\/hotelarclarambla.com\/agenda\/conciertos-y-festivales-de-musica\/conciertos-en-barcelona-en-abril-de-2026\/\" type=\"post\" id=\"241091\">Conciertos en Barcelona en abril de 2026<\/a><\/p>\n<\/blockquote>\n\n\n\n<blockquote class=\"wp-block-quote is-layout-flow wp-block-quote-is-layout-flow\">\n<p class=\"has-text-align-left\"><a href=\"https:\/\/hotelarclarambla.com\/agenda\/eventos-deportivos\/eventos-deportivos-en-barcelona-en-abril-de-2026\/\" type=\"post\" id=\"241110\">Eventos deportivos en Barcelona abril 2026<\/a><\/p>\n<\/blockquote>\n\n\n\n<figure class=\"wp-block-image size-full\"><a href=\"https:\/\/hotelarclarambla.com\/bookingstep1?idtokenprovider=10760133&amp;lang=es&amp;clientCode=ARCBLOG\" target=\"_blank\" rel=\"noopener noreferrer\"><img loading=\"lazy\" decoding=\"async\" width=\"1200\" height=\"400\" src=\"https:\/\/hotelarclarambla.com\/agenda\/wp-content\/uploads\/2026\/03\/banner-arcblog-descuento-15-promo.webp\" alt=\"Reserva en BookingStep\" class=\"wp-image-241254\" srcset=\"https:\/\/hotelarclarambla.com\/agenda\/wp-content\/uploads\/2026\/03\/banner-arcblog-descuento-15-promo.webp 1200w, https:\/\/hotelarclarambla.com\/agenda\/wp-content\/uploads\/2026\/03\/banner-arcblog-descuento-15-promo-980x327.webp 980w, https:\/\/hotelarclarambla.com\/agenda\/wp-content\/uploads\/2026\/03\/banner-arcblog-descuento-15-promo-480x160.webp 480w\" sizes=\"(min-width: 0px) and (max-width: 480px) 480px, (min-width: 481px) and (max-width: 980px) 980px, (min-width: 981px) 1200px, 100vw\" \/><\/a><figcaption class=\"wp-element-caption\"><a href=\"https:\/\/hotelarclarambla.com\/bookingstep1?idtokenprovider=10760133&amp;lang=es&amp;clientCode=ARCBLOG\"><strong>C\u00f3digo promocional: ARCBLOG<\/strong><\/a><\/figcaption><\/figure>\n\n\n\n<p><\/p>\n\n\n\n<h2 class=\"wp-block-heading\">Agenda sobre eventos y fiestas durante el mes de abril<\/h2>\n\n\n\n<ul class=\"wp-block-list\">\n<li><strong>3 de abril<\/strong> \u2013 Viernes Santo (festivo nacional) \u2013 Toda Barcelona<\/li>\n\n\n\n<li><strong>6 de abril<\/strong> \u2013 Lunes de Pascua Florida (festivo auton\u00f3mico) \u2013 Catalu\u00f1a \/ Barcelona<\/li>\n\n\n\n<li><strong>29 de marzo &#8211; 6 de abril<\/strong> \u2013 Semana Santa \u2013 Iglesias y barrios hist\u00f3ricos como Barrio G\u00f3tico<\/li>\n\n\n\n<li><strong>4 \u2013 5 de abril<\/strong> \u2013 Palo Alto Market \u2013 Palo Alto Market<\/li>\n\n\n\n<li><strong>10 \u2013 12 de abril<\/strong> \u2013 Barcelona Beer Festival \u2013 Fira de Barcelona Montju\u00efc<\/li>\n\n\n\n<li><strong>11 de abril<\/strong> \u2013 Japan Weekend Barcelona \u2013 Fira de Barcelona<\/li>\n\n\n\n<li><strong>22 \u2013 26 de abril<\/strong> \u2013 Barcelona Bridal Week \u2013 Fira de Barcelona Gran Via<\/li>\n\n\n\n<li><strong>23 de abril<\/strong> \u2013 Sant Jordi (d\u00eda del libro y la rosa) \u2013 Calles principales como La Rambla<\/li>\n\n\n\n<li><strong>25 \u2013 26 de abril<\/strong> \u2013 All Those Food Market (Primavera) \u2013 Jardines del Teatre Nacional de Catalunya o Universidad de Barcelona<\/li>\n\n\n\n<li><strong>25 de abril \u2013 5 de mayo<\/strong> \u2013 Feria de Abril de Catalunya \u2013 Parc del F\u00f2rum<\/li>\n\n\n\n<li><strong>25 \u2013 27 de abril<\/strong> \u2013 Professional Beauty Barcelona \u2013 Fira de Barcelona Gran Via<\/li>\n<\/ul>\n\n\n\n<h2 class=\"wp-block-heading\"><strong>Semana Santa en Barcelona<\/strong><\/h2>\n\n\n\n<h3 class=\"wp-block-heading\"><strong>3 de abril (viernes) \u2013 Viernes Santo<\/strong><\/h3>\n\n\n\n<p>Este festivo nacional marca el inicio de la Semana Santa. Es un buen momento para explorar la ciudad sin prisas, visitar museos o disfrutar de un paseo por los barrios hist\u00f3ricos.<\/p>\n\n\n\n<h3 class=\"wp-block-heading\"><strong>6 de abril (lunes) \u2013 Lunes de Pascua Florida<\/strong><\/h3>\n\n\n\n<p>Festivo auton\u00f3mico en Catalu\u00f1a. Tradicionalmente, se celebra con actividades familiares y paseos al aire libre, aprovechando el buen clima de la primavera.<\/p>\n\n\n\n<figure class=\"wp-block-embed is-type-video is-provider-youtube wp-block-embed-youtube wp-embed-aspect-16-9 wp-has-aspect-ratio\"><div class=\"wp-block-embed__wrapper\">\n<iframe loading=\"lazy\" title=\"Semana Santa 2025 Barcelona | Procession of La Buena Muerte on Palm Sunday | Holy Week Spain\" width=\"1080\" height=\"608\" src=\"https:\/\/www.youtube.com\/embed\/erQj42bkYQ0?feature=oembed&#038;enablejsapi=1&#038;origin=https:\/\/hotelarclarambla.com\"  allow=\"accelerometer; autoplay; clipboard-write; encrypted-media; gyroscope; picture-in-picture; web-share\" referrerpolicy=\"strict-origin-when-cross-origin\" allowfullscreen><\/iframe> \n<\/div><\/figure>\n\n\n\n<p>La Semana Santa combina tradici\u00f3n y cultura en Barcelona. Adem\u00e1s de las procesiones religiosas, muchos espacios culturales y museos ofrecen exposiciones y actividades especiales. Es un buen momento para descubrir la arquitectura g\u00f3tica de la ciudad y los rincones m\u00e1s emblem\u00e1ticos.<\/p>\n\n\n\n<h2 class=\"wp-block-heading\"><strong>Barcelona Beer Festival<\/strong><\/h2>\n\n\n\n<p><strong>Fecha:<\/strong> 10-12 de abril<\/p>\n\n\n\n<figure class=\"wp-block-embed is-type-video is-provider-youtube wp-block-embed-youtube wp-embed-aspect-16-9 wp-has-aspect-ratio\"><div class=\"wp-block-embed__wrapper\">\n<iframe loading=\"lazy\" title=\"Barcelona Beer Festival 2025\" width=\"1080\" height=\"608\" src=\"https:\/\/www.youtube.com\/embed\/znhQp7Wtilw?feature=oembed&#038;enablejsapi=1&#038;origin=https:\/\/hotelarclarambla.com\"  allow=\"accelerometer; autoplay; clipboard-write; encrypted-media; gyroscope; picture-in-picture; web-share\" referrerpolicy=\"strict-origin-when-cross-origin\" allowfullscreen><\/iframe> \n<\/div><\/figure>\n\n\n\n<p>Para los amantes de la cerveza artesanal, este festival es una parada obligatoria. M\u00e1s de 200 cervecer\u00edas internacionales presentan sus productos, desde IPAs hasta cervezas experimentales. Adem\u00e1s de degustar cervezas \u00fanicas, el festival ofrece m\u00fasica en vivo y food trucks con gastronom\u00eda de calidad.<\/p>\n\n\n\n<p><strong>Direcci\u00f3n:<\/strong> <a href=\"https:\/\/maps.app.goo.gl\/8JZvATmikk6XQzLc6\" target=\"_blank\" rel=\"noreferrer noopener nofollow\">Av. de la Reina Maria Cristina, Sants-Montju\u00efc, 08004 Barcelona<\/a><\/p>\n\n\n\n<p><strong>Tickets:<\/strong> <a href=\"https:\/\/barcelonabeerfestival.com\/en\/tickets\/\" target=\"_blank\" rel=\"noreferrer noopener nofollow\">precio 6,75\u20ac<\/a><\/p>\n\n\n\n<p><strong>M\u00e1s informaci\u00f3n<\/strong>: <a href=\"https:\/\/barcelonabeerfestival.com\/en\/home\/\" target=\"_blank\" rel=\"noreferrer noopener nofollow\">Barcelona Beer Festival<\/a><\/p>\n\n\n\n<h2 class=\"wp-block-heading\"><strong>Japan Weekend Barcelona<\/strong><\/h2>\n\n\n\n<p><strong>Fecha:<\/strong> 11 de abril<\/p>\n\n\n\n<figure class=\"wp-block-embed is-type-video is-provider-youtube wp-block-embed-youtube wp-embed-aspect-16-9 wp-has-aspect-ratio\"><div class=\"wp-block-embed__wrapper\">\n<iframe loading=\"lazy\" title=\"JAPAN WEEKEND BARCELONA 2023 (March) | Official Aftermovie\" width=\"1080\" height=\"608\" src=\"https:\/\/www.youtube.com\/embed\/GpSp21yFKPw?feature=oembed&#038;enablejsapi=1&#038;origin=https:\/\/hotelarclarambla.com\"  allow=\"accelerometer; autoplay; clipboard-write; encrypted-media; gyroscope; picture-in-picture; web-share\" referrerpolicy=\"strict-origin-when-cross-origin\" allowfullscreen><\/iframe>\n<\/div><\/figure>\n\n\n\n<p>La convenci\u00f3n de cultura japonesa m\u00e1s importante de la ciudad. Los visitantes pueden disfrutar de anime, manga, videojuegos, talleres de cosplay, concursos y charlas de autores invitados. Es un evento ideal tanto para fans como para curiosos que quieran sumergirse en la cultura japonesa.<\/p>\n\n\n\n<p><strong>M\u00e1s informaci\u00f3n:<\/strong> <a href=\"https:\/\/www.japanweekend.com\/barcelona\/\" target=\"_blank\" rel=\"noreferrer noopener nofollow\">Japan Weekend Barcelona<\/a><\/p>\n\n\n\n<h2 class=\"wp-block-heading\"><strong>Palo Alto Market<\/strong><\/h2>\n\n\n\n<p><strong>Fecha:<\/strong> 4 y 5 de abril<\/p>\n\n\n\n<blockquote class=\"instagram-media\" data-instgrm-permalink=\"https:\/\/www.instagram.com\/p\/DVebrqziMPy\/?utm_source=ig_embed&amp;utm_campaign=loading\" data-instgrm-version=\"14\" style=\" background:#FFF; border:0; border-radius:3px; box-shadow:0 0 1px 0 rgba(0,0,0,0.5),0 1px 10px 0 rgba(0,0,0,0.15); margin: 1px; max-width:540px; min-width:326px; padding:0; width:99.375%; width:-webkit-calc(100% - 2px); width:calc(100% - 2px);\"><div style=\"padding:16px;\"> <a href=\"https:\/\/www.instagram.com\/p\/DVebrqziMPy\/?utm_source=ig_embed&amp;utm_campaign=loading\" style=\" background:#FFFFFF; line-height:0; padding:0 0; text-align:center; text-decoration:none; width:100%;\" target=\"_blank\"> <div style=\" display: flex; flex-direction: row; align-items: center;\"> <div style=\"background-color: #F4F4F4; border-radius: 50%; flex-grow: 0; height: 40px; margin-right: 14px; width: 40px;\"><\/div> <div style=\"display: flex; flex-direction: column; flex-grow: 1; justify-content: center;\"> <div style=\" background-color: #F4F4F4; border-radius: 4px; flex-grow: 0; height: 14px; margin-bottom: 6px; width: 100px;\"><\/div> <div style=\" background-color: #F4F4F4; border-radius: 4px; flex-grow: 0; height: 14px; width: 60px;\"><\/div><\/div><\/div><div style=\"padding: 19% 0;\"><\/div> <div style=\"display:block; height:50px; margin:0 auto 12px; width:50px;\"><svg width=\"50px\" height=\"50px\" viewBox=\"0 0 60 60\" version=\"1.1\" xmlns=\"https:\/\/www.w3.org\/2000\/svg\" xmlns:xlink=\"https:\/\/www.w3.org\/1999\/xlink\"><g stroke=\"none\" stroke-width=\"1\" fill=\"none\" fill-rule=\"evenodd\"><g transform=\"translate(-511.000000, -20.000000)\" fill=\"#000000\"><g><path d=\"M556.869,30.41 C554.814,30.41 553.148,32.076 553.148,34.131 C553.148,36.186 554.814,37.852 556.869,37.852 C558.924,37.852 560.59,36.186 560.59,34.131 C560.59,32.076 558.924,30.41 556.869,30.41 M541,60.657 C535.114,60.657 530.342,55.887 530.342,50 C530.342,44.114 535.114,39.342 541,39.342 C546.887,39.342 551.658,44.114 551.658,50 C551.658,55.887 546.887,60.657 541,60.657 M541,33.886 C532.1,33.886 524.886,41.1 524.886,50 C524.886,58.899 532.1,66.113 541,66.113 C549.9,66.113 557.115,58.899 557.115,50 C557.115,41.1 549.9,33.886 541,33.886 M565.378,62.101 C565.244,65.022 564.756,66.606 564.346,67.663 C563.803,69.06 563.154,70.057 562.106,71.106 C561.058,72.155 560.06,72.803 558.662,73.347 C557.607,73.757 556.021,74.244 553.102,74.378 C549.944,74.521 548.997,74.552 541,74.552 C533.003,74.552 532.056,74.521 528.898,74.378 C525.979,74.244 524.393,73.757 523.338,73.347 C521.94,72.803 520.942,72.155 519.894,71.106 C518.846,70.057 518.197,69.06 517.654,67.663 C517.244,66.606 516.755,65.022 516.623,62.101 C516.479,58.943 516.448,57.996 516.448,50 C516.448,42.003 516.479,41.056 516.623,37.899 C516.755,34.978 517.244,33.391 517.654,32.338 C518.197,30.938 518.846,29.942 519.894,28.894 C520.942,27.846 521.94,27.196 523.338,26.654 C524.393,26.244 525.979,25.756 528.898,25.623 C532.057,25.479 533.004,25.448 541,25.448 C548.997,25.448 549.943,25.479 553.102,25.623 C556.021,25.756 557.607,26.244 558.662,26.654 C560.06,27.196 561.058,27.846 562.106,28.894 C563.154,29.942 563.803,30.938 564.346,32.338 C564.756,33.391 565.244,34.978 565.378,37.899 C565.522,41.056 565.552,42.003 565.552,50 C565.552,57.996 565.522,58.943 565.378,62.101 M570.82,37.631 C570.674,34.438 570.167,32.258 569.425,30.349 C568.659,28.377 567.633,26.702 565.965,25.035 C564.297,23.368 562.623,22.342 560.652,21.575 C558.743,20.834 556.562,20.326 553.369,20.18 C550.169,20.033 549.148,20 541,20 C532.853,20 531.831,20.033 528.631,20.18 C525.438,20.326 523.257,20.834 521.349,21.575 C519.376,22.342 517.703,23.368 516.035,25.035 C514.368,26.702 513.342,28.377 512.574,30.349 C511.834,32.258 511.326,34.438 511.181,37.631 C511.035,40.831 511,41.851 511,50 C511,58.147 511.035,59.17 511.181,62.369 C511.326,65.562 511.834,67.743 512.574,69.651 C513.342,71.625 514.368,73.296 516.035,74.965 C517.703,76.634 519.376,77.658 521.349,78.425 C523.257,79.167 525.438,79.673 528.631,79.82 C531.831,79.965 532.853,80.001 541,80.001 C549.148,80.001 550.169,79.965 553.369,79.82 C556.562,79.673 558.743,79.167 560.652,78.425 C562.623,77.658 564.297,76.634 565.965,74.965 C567.633,73.296 568.659,71.625 569.425,69.651 C570.167,67.743 570.674,65.562 570.82,62.369 C570.966,59.17 571,58.147 571,50 C571,41.851 570.966,40.831 570.82,37.631\"><\/path><\/g><\/g><\/g><\/svg><\/div><div style=\"padding-top: 8px;\"> <div style=\" color:#3897f0; font-family:Arial,sans-serif; font-size:14px; font-style:normal; font-weight:550; line-height:18px;\">Ver esta publicaci\u00f3n en Instagram<\/div><\/div><div style=\"padding: 12.5% 0;\"><\/div> <div style=\"display: flex; flex-direction: row; margin-bottom: 14px; align-items: center;\"><div> <div style=\"background-color: #F4F4F4; border-radius: 50%; height: 12.5px; width: 12.5px; transform: translateX(0px) translateY(7px);\"><\/div> <div style=\"background-color: #F4F4F4; height: 12.5px; transform: rotate(-45deg) translateX(3px) translateY(1px); width: 12.5px; flex-grow: 0; margin-right: 14px; margin-left: 2px;\"><\/div> <div style=\"background-color: #F4F4F4; border-radius: 50%; height: 12.5px; width: 12.5px; transform: translateX(9px) translateY(-18px);\"><\/div><\/div><div style=\"margin-left: 8px;\"> <div style=\" background-color: #F4F4F4; border-radius: 50%; flex-grow: 0; height: 20px; width: 20px;\"><\/div> <div style=\" width: 0; height: 0; border-top: 2px solid transparent; border-left: 6px solid #f4f4f4; border-bottom: 2px solid transparent; transform: translateX(16px) translateY(-4px) rotate(30deg)\"><\/div><\/div><div style=\"margin-left: auto;\"> <div style=\" width: 0px; border-top: 8px solid #F4F4F4; border-right: 8px solid transparent; transform: translateY(16px);\"><\/div> <div style=\" background-color: #F4F4F4; flex-grow: 0; height: 12px; width: 16px; transform: translateY(-4px);\"><\/div> <div style=\" width: 0; height: 0; border-top: 8px solid #F4F4F4; border-left: 8px solid transparent; transform: translateY(-4px) translateX(8px);\"><\/div><\/div><\/div> <div style=\"display: flex; flex-direction: column; flex-grow: 1; justify-content: center; margin-bottom: 24px;\"> <div style=\" background-color: #F4F4F4; border-radius: 4px; flex-grow: 0; height: 14px; margin-bottom: 6px; width: 224px;\"><\/div> <div style=\" background-color: #F4F4F4; border-radius: 4px; flex-grow: 0; height: 14px; width: 144px;\"><\/div><\/div><\/a><p style=\" color:#c9c8cd; font-family:Arial,sans-serif; font-size:14px; line-height:17px; margin-bottom:0; margin-top:8px; overflow:hidden; padding:8px 0 7px; text-align:center; text-overflow:ellipsis; white-space:nowrap;\"><a href=\"https:\/\/www.instagram.com\/p\/DVebrqziMPy\/?utm_source=ig_embed&amp;utm_campaign=loading\" style=\" color:#c9c8cd; font-family:Arial,sans-serif; font-size:14px; font-style:normal; font-weight:normal; line-height:17px; text-decoration:none;\" target=\"_blank\">Una publicaci\u00f3n compartida de Palo Alto Barcelona (@paloaltobarcelona)<\/a><\/p><\/div><\/blockquote>\n<script async src=\"\/\/www.instagram.com\/embed.js\"><\/script>\n\n\n\n<p>Celebrado en Poblenou, este mercado es un lugar perfecto para los amantes del dise\u00f1o y la artesan\u00eda. Se realiza en un antiguo espacio industrial rodeado de vegetaci\u00f3n, combinando creatividad y gastronom\u00eda. Aqu\u00ed se pueden encontrar ilustraciones, objetos de dise\u00f1o \u00fanicos y productos gourmet locales.<\/p>\n\n\n\n<p><strong>Direcci\u00f3n: <\/strong><a href=\"https:\/\/maps.app.goo.gl\/Xc4Ui2Sq1C38NFLr6\" target=\"_blank\" rel=\"noreferrer noopener nofollow\">Calle Pellaires,30 &#8211; 08019 Barcelona<\/a><\/p>\n\n\n\n<p><strong>Tickets:<\/strong> <a href=\"https:\/\/palomarketfest.com\/en\/tickets\" target=\"_blank\" rel=\"noreferrer noopener nofollow\">precio 6,50\u20ac<\/a><\/p>\n\n\n\n<h2 class=\"wp-block-heading\"><strong>All Those Food Market (Edici\u00f3n Primavera)<\/strong><\/h2>\n\n\n\n<p><strong>Fecha: <\/strong>25 y 26 de abril&nbsp;<\/p>\n\n\n\n<blockquote class=\"instagram-media\" data-instgrm-permalink=\"https:\/\/www.instagram.com\/p\/DV8_XzEiJzd\/?utm_source=ig_embed&amp;utm_campaign=loading\" data-instgrm-version=\"14\" style=\" background:#FFF; border:0; border-radius:3px; box-shadow:0 0 1px 0 rgba(0,0,0,0.5),0 1px 10px 0 rgba(0,0,0,0.15); margin: 1px; max-width:540px; min-width:326px; padding:0; width:99.375%; width:-webkit-calc(100% - 2px); width:calc(100% - 2px);\"><div style=\"padding:16px;\"> <a href=\"https:\/\/www.instagram.com\/p\/DV8_XzEiJzd\/?utm_source=ig_embed&amp;utm_campaign=loading\" style=\" background:#FFFFFF; line-height:0; padding:0 0; text-align:center; text-decoration:none; width:100%;\" target=\"_blank\"> <div style=\" display: flex; flex-direction: row; align-items: center;\"> <div style=\"background-color: #F4F4F4; border-radius: 50%; flex-grow: 0; height: 40px; margin-right: 14px; width: 40px;\"><\/div> <div style=\"display: flex; flex-direction: column; flex-grow: 1; justify-content: center;\"> <div style=\" background-color: #F4F4F4; border-radius: 4px; flex-grow: 0; height: 14px; margin-bottom: 6px; width: 100px;\"><\/div> <div style=\" background-color: #F4F4F4; border-radius: 4px; flex-grow: 0; height: 14px; width: 60px;\"><\/div><\/div><\/div><div style=\"padding: 19% 0;\"><\/div> <div style=\"display:block; height:50px; margin:0 auto 12px; width:50px;\"><svg width=\"50px\" height=\"50px\" viewBox=\"0 0 60 60\" version=\"1.1\" xmlns=\"https:\/\/www.w3.org\/2000\/svg\" xmlns:xlink=\"https:\/\/www.w3.org\/1999\/xlink\"><g stroke=\"none\" stroke-width=\"1\" fill=\"none\" fill-rule=\"evenodd\"><g transform=\"translate(-511.000000, -20.000000)\" fill=\"#000000\"><g><path d=\"M556.869,30.41 C554.814,30.41 553.148,32.076 553.148,34.131 C553.148,36.186 554.814,37.852 556.869,37.852 C558.924,37.852 560.59,36.186 560.59,34.131 C560.59,32.076 558.924,30.41 556.869,30.41 M541,60.657 C535.114,60.657 530.342,55.887 530.342,50 C530.342,44.114 535.114,39.342 541,39.342 C546.887,39.342 551.658,44.114 551.658,50 C551.658,55.887 546.887,60.657 541,60.657 M541,33.886 C532.1,33.886 524.886,41.1 524.886,50 C524.886,58.899 532.1,66.113 541,66.113 C549.9,66.113 557.115,58.899 557.115,50 C557.115,41.1 549.9,33.886 541,33.886 M565.378,62.101 C565.244,65.022 564.756,66.606 564.346,67.663 C563.803,69.06 563.154,70.057 562.106,71.106 C561.058,72.155 560.06,72.803 558.662,73.347 C557.607,73.757 556.021,74.244 553.102,74.378 C549.944,74.521 548.997,74.552 541,74.552 C533.003,74.552 532.056,74.521 528.898,74.378 C525.979,74.244 524.393,73.757 523.338,73.347 C521.94,72.803 520.942,72.155 519.894,71.106 C518.846,70.057 518.197,69.06 517.654,67.663 C517.244,66.606 516.755,65.022 516.623,62.101 C516.479,58.943 516.448,57.996 516.448,50 C516.448,42.003 516.479,41.056 516.623,37.899 C516.755,34.978 517.244,33.391 517.654,32.338 C518.197,30.938 518.846,29.942 519.894,28.894 C520.942,27.846 521.94,27.196 523.338,26.654 C524.393,26.244 525.979,25.756 528.898,25.623 C532.057,25.479 533.004,25.448 541,25.448 C548.997,25.448 549.943,25.479 553.102,25.623 C556.021,25.756 557.607,26.244 558.662,26.654 C560.06,27.196 561.058,27.846 562.106,28.894 C563.154,29.942 563.803,30.938 564.346,32.338 C564.756,33.391 565.244,34.978 565.378,37.899 C565.522,41.056 565.552,42.003 565.552,50 C565.552,57.996 565.522,58.943 565.378,62.101 M570.82,37.631 C570.674,34.438 570.167,32.258 569.425,30.349 C568.659,28.377 567.633,26.702 565.965,25.035 C564.297,23.368 562.623,22.342 560.652,21.575 C558.743,20.834 556.562,20.326 553.369,20.18 C550.169,20.033 549.148,20 541,20 C532.853,20 531.831,20.033 528.631,20.18 C525.438,20.326 523.257,20.834 521.349,21.575 C519.376,22.342 517.703,23.368 516.035,25.035 C514.368,26.702 513.342,28.377 512.574,30.349 C511.834,32.258 511.326,34.438 511.181,37.631 C511.035,40.831 511,41.851 511,50 C511,58.147 511.035,59.17 511.181,62.369 C511.326,65.562 511.834,67.743 512.574,69.651 C513.342,71.625 514.368,73.296 516.035,74.965 C517.703,76.634 519.376,77.658 521.349,78.425 C523.257,79.167 525.438,79.673 528.631,79.82 C531.831,79.965 532.853,80.001 541,80.001 C549.148,80.001 550.169,79.965 553.369,79.82 C556.562,79.673 558.743,79.167 560.652,78.425 C562.623,77.658 564.297,76.634 565.965,74.965 C567.633,73.296 568.659,71.625 569.425,69.651 C570.167,67.743 570.674,65.562 570.82,62.369 C570.966,59.17 571,58.147 571,50 C571,41.851 570.966,40.831 570.82,37.631\"><\/path><\/g><\/g><\/g><\/svg><\/div><div style=\"padding-top: 8px;\"> <div style=\" color:#3897f0; font-family:Arial,sans-serif; font-size:14px; font-style:normal; font-weight:550; line-height:18px;\">Ver esta publicaci\u00f3n en Instagram<\/div><\/div><div style=\"padding: 12.5% 0;\"><\/div> <div style=\"display: flex; flex-direction: row; margin-bottom: 14px; align-items: center;\"><div> <div style=\"background-color: #F4F4F4; border-radius: 50%; height: 12.5px; width: 12.5px; transform: translateX(0px) translateY(7px);\"><\/div> <div style=\"background-color: #F4F4F4; height: 12.5px; transform: rotate(-45deg) translateX(3px) translateY(1px); width: 12.5px; flex-grow: 0; margin-right: 14px; margin-left: 2px;\"><\/div> <div style=\"background-color: #F4F4F4; border-radius: 50%; height: 12.5px; width: 12.5px; transform: translateX(9px) translateY(-18px);\"><\/div><\/div><div style=\"margin-left: 8px;\"> <div style=\" background-color: #F4F4F4; border-radius: 50%; flex-grow: 0; height: 20px; width: 20px;\"><\/div> <div style=\" width: 0; height: 0; border-top: 2px solid transparent; border-left: 6px solid #f4f4f4; border-bottom: 2px solid transparent; transform: translateX(16px) translateY(-4px) rotate(30deg)\"><\/div><\/div><div style=\"margin-left: auto;\"> <div style=\" width: 0px; border-top: 8px solid #F4F4F4; border-right: 8px solid transparent; transform: translateY(16px);\"><\/div> <div style=\" background-color: #F4F4F4; flex-grow: 0; height: 12px; width: 16px; transform: translateY(-4px);\"><\/div> <div style=\" width: 0; height: 0; border-top: 8px solid #F4F4F4; border-left: 8px solid transparent; transform: translateY(-4px) translateX(8px);\"><\/div><\/div><\/div> <div style=\"display: flex; flex-direction: column; flex-grow: 1; justify-content: center; margin-bottom: 24px;\"> <div style=\" background-color: #F4F4F4; border-radius: 4px; flex-grow: 0; height: 14px; margin-bottom: 6px; width: 224px;\"><\/div> <div style=\" background-color: #F4F4F4; border-radius: 4px; flex-grow: 0; height: 14px; width: 144px;\"><\/div><\/div><\/a><p style=\" color:#c9c8cd; font-family:Arial,sans-serif; font-size:14px; line-height:17px; margin-bottom:0; margin-top:8px; overflow:hidden; padding:8px 0 7px; text-align:center; text-overflow:ellipsis; white-space:nowrap;\"><a href=\"https:\/\/www.instagram.com\/p\/DV8_XzEiJzd\/?utm_source=ig_embed&amp;utm_campaign=loading\" style=\" color:#c9c8cd; font-family:Arial,sans-serif; font-size:14px; font-style:normal; font-weight:normal; line-height:17px; text-decoration:none;\" target=\"_blank\">Una publicaci\u00f3n compartida de All Those (@all_those)<\/a><\/p><\/div><\/blockquote>\n<script async src=\"\/\/www.instagram.com\/embed.js\"><\/script>\n\n\n\n<p>Un mercado gourmet que re\u00fane a los mejores artesanos gastron\u00f3micos de Barcelona. Celebrado en jardines emblem\u00e1ticos como los del TNC o la UB, es ideal para probar platos de street food de alta calidad y comprar productos locales como mermeladas, aceites o quesos artesanales.<\/p>\n\n\n\n<p>Direcci\u00f3n: <a href=\"https:\/\/maps.app.goo.gl\/5sVMEnHupWza98S2A\" target=\"_blank\" rel=\"noreferrer noopener nofollow\">Moll de Bosch i Alsina, 1, 08039 Barcelona a 9 minutos andando del Hotel Arc la Rambla<\/a><\/p>\n\n\n\n<p><strong>M\u00e1s informaci\u00f3n:<\/strong> <a href=\"https:\/\/barcelona.allthose.org\/en\/\" target=\"_blank\" rel=\"noreferrer noopener nofollow\">All Those Food Market<\/a><\/p>\n\n\n\n<h2 class=\"wp-block-heading\"><strong>Sant Jordi<\/strong><\/h2>\n\n\n\n<p><strong>Fecha:<\/strong> 23 de abril<\/p>\n\n\n\n<figure class=\"wp-block-embed is-type-video is-provider-youtube wp-block-embed-youtube wp-embed-aspect-16-9 wp-has-aspect-ratio\"><div class=\"wp-block-embed__wrapper\">\n<iframe loading=\"lazy\" title=\"Sant Jordi in Barcelona\" width=\"1080\" height=\"608\" src=\"https:\/\/www.youtube.com\/embed\/_twDlpwrO30?feature=oembed&#038;enablejsapi=1&#038;origin=https:\/\/hotelarclarambla.com\"  allow=\"accelerometer; autoplay; clipboard-write; encrypted-media; gyroscope; picture-in-picture; web-share\" referrerpolicy=\"strict-origin-when-cross-origin\" allowfullscreen><\/iframe>\n<\/div><\/figure>\n\n\n\n<p>Una de las celebraciones m\u00e1s queridas de Catalu\u00f1a, conocida como \u201cel d\u00eda del libro y la rosa\u201d. Las calles se llenan de puestos donde se venden libros y rosas, y se organizan firmas de autores y actividades culturales. Sant Jordi es el momento perfecto para pasear por el centro de Barcelona y disfrutar del ambiente rom\u00e1ntico y literario.<\/p>\n\n\n\n<h2 class=\"wp-block-heading\"><strong>Feria de Abril de Catalunya<\/strong><\/h2>\n\n\n\n<p><strong>Fecha:<\/strong> del 25 de abril al 5 de mayo<\/p>\n\n\n\n<p>Inspirada en la tradicional feria de Sevilla, esta celebraci\u00f3n trae a Catalu\u00f1a m\u00fasica flamenca, bailes tradicionales, gastronom\u00eda andaluza y actividades para toda la familia. Es un evento colorido y festivo que permite disfrutar del esp\u00edritu andaluz sin salir de Barcelona.<\/p>\n\n\n\n<p><strong>Direcci\u00f3n<\/strong>: <a href=\"https:\/\/maps.app.goo.gl\/NnmWCLmBTmbQu4Fw7\" target=\"_blank\" rel=\"noreferrer noopener nofollow\">Carrer de la Pau, 12, 08930 Sant Adri\u00e0 de Bes\u00f2s, Barcelona<\/a><\/p>\n\n\n\n<p><strong>M\u00e1s informaci\u00f3n:<\/strong> <a href=\"https:\/\/ad.focus.cat\/feria-de-abril-de-catalunya\/\" target=\"_blank\" rel=\"noreferrer noopener nofollow\">Feria de abril de Catalunya<\/a><\/p>\n\n\n\n<h2 class=\"wp-block-heading\"><strong>Barcelona Bridal Week<\/strong><\/h2>\n\n\n\n<p><strong>Fecha:<\/strong> del 22 al 26 de abril<\/p>\n\n\n\n<figure class=\"wp-block-embed is-type-video is-provider-youtube wp-block-embed-youtube wp-embed-aspect-16-9 wp-has-aspect-ratio\"><div class=\"wp-block-embed__wrapper\">\n<iframe loading=\"lazy\" title=\"Relive 2025 - Barcelona Bridal Fashion Week\" width=\"1080\" height=\"608\" src=\"https:\/\/www.youtube.com\/embed\/R4dx6LhKoOw?feature=oembed&#038;enablejsapi=1&#038;origin=https:\/\/hotelarclarambla.com\"  allow=\"accelerometer; autoplay; clipboard-write; encrypted-media; gyroscope; picture-in-picture; web-share\" referrerpolicy=\"strict-origin-when-cross-origin\" allowfullscreen><\/iframe> \n<\/div><\/figure>\n\n\n\n<p>La pasarela nupcial de referencia en Europa, donde dise\u00f1adores nacionales e internacionales presentan las \u00faltimas tendencias en vestidos de novia, trajes de ceremonia y complementos. Adem\u00e1s de desfiles, se organizan talleres, showroom y actividades para futuros novios y profesionales del sector.<\/p>\n\n\n\n<p><strong>M\u00e1s informaci\u00f3n:<\/strong> <a href=\"https:\/\/www.barcelonabridalweek.com\/\" target=\"_blank\" rel=\"noreferrer noopener nofollow\">Barcelona Bridal Week<\/a><\/p>\n\n\n\n<h2 class=\"wp-block-heading\"><strong>Professional Beauty Barcelona<\/strong><\/h2>\n\n\n\n<blockquote class=\"instagram-media\" data-instgrm-permalink=\"https:\/\/www.instagram.com\/reel\/DUTw9XdgKEX\/?utm_source=ig_embed&amp;utm_campaign=loading\" data-instgrm-version=\"14\" style=\" background:#FFF; border:0; border-radius:3px; box-shadow:0 0 1px 0 rgba(0,0,0,0.5),0 1px 10px 0 rgba(0,0,0,0.15); margin: 1px; max-width:540px; min-width:326px; padding:0; width:99.375%; width:-webkit-calc(100% - 2px); width:calc(100% - 2px);\"><div style=\"padding:16px;\"> <a href=\"https:\/\/www.instagram.com\/reel\/DUTw9XdgKEX\/?utm_source=ig_embed&amp;utm_campaign=loading\" style=\" background:#FFFFFF; line-height:0; padding:0 0; text-align:center; text-decoration:none; width:100%;\" target=\"_blank\"> <div style=\" display: flex; flex-direction: row; align-items: center;\"> <div style=\"background-color: #F4F4F4; border-radius: 50%; flex-grow: 0; height: 40px; margin-right: 14px; width: 40px;\"><\/div> <div style=\"display: flex; flex-direction: column; flex-grow: 1; justify-content: center;\"> <div style=\" background-color: #F4F4F4; border-radius: 4px; flex-grow: 0; height: 14px; margin-bottom: 6px; width: 100px;\"><\/div> <div style=\" background-color: #F4F4F4; border-radius: 4px; flex-grow: 0; height: 14px; width: 60px;\"><\/div><\/div><\/div><div style=\"padding: 19% 0;\"><\/div> <div style=\"display:block; height:50px; margin:0 auto 12px; width:50px;\"><svg width=\"50px\" height=\"50px\" viewBox=\"0 0 60 60\" version=\"1.1\" xmlns=\"https:\/\/www.w3.org\/2000\/svg\" xmlns:xlink=\"https:\/\/www.w3.org\/1999\/xlink\"><g stroke=\"none\" stroke-width=\"1\" fill=\"none\" fill-rule=\"evenodd\"><g transform=\"translate(-511.000000, -20.000000)\" fill=\"#000000\"><g><path d=\"M556.869,30.41 C554.814,30.41 553.148,32.076 553.148,34.131 C553.148,36.186 554.814,37.852 556.869,37.852 C558.924,37.852 560.59,36.186 560.59,34.131 C560.59,32.076 558.924,30.41 556.869,30.41 M541,60.657 C535.114,60.657 530.342,55.887 530.342,50 C530.342,44.114 535.114,39.342 541,39.342 C546.887,39.342 551.658,44.114 551.658,50 C551.658,55.887 546.887,60.657 541,60.657 M541,33.886 C532.1,33.886 524.886,41.1 524.886,50 C524.886,58.899 532.1,66.113 541,66.113 C549.9,66.113 557.115,58.899 557.115,50 C557.115,41.1 549.9,33.886 541,33.886 M565.378,62.101 C565.244,65.022 564.756,66.606 564.346,67.663 C563.803,69.06 563.154,70.057 562.106,71.106 C561.058,72.155 560.06,72.803 558.662,73.347 C557.607,73.757 556.021,74.244 553.102,74.378 C549.944,74.521 548.997,74.552 541,74.552 C533.003,74.552 532.056,74.521 528.898,74.378 C525.979,74.244 524.393,73.757 523.338,73.347 C521.94,72.803 520.942,72.155 519.894,71.106 C518.846,70.057 518.197,69.06 517.654,67.663 C517.244,66.606 516.755,65.022 516.623,62.101 C516.479,58.943 516.448,57.996 516.448,50 C516.448,42.003 516.479,41.056 516.623,37.899 C516.755,34.978 517.244,33.391 517.654,32.338 C518.197,30.938 518.846,29.942 519.894,28.894 C520.942,27.846 521.94,27.196 523.338,26.654 C524.393,26.244 525.979,25.756 528.898,25.623 C532.057,25.479 533.004,25.448 541,25.448 C548.997,25.448 549.943,25.479 553.102,25.623 C556.021,25.756 557.607,26.244 558.662,26.654 C560.06,27.196 561.058,27.846 562.106,28.894 C563.154,29.942 563.803,30.938 564.346,32.338 C564.756,33.391 565.244,34.978 565.378,37.899 C565.522,41.056 565.552,42.003 565.552,50 C565.552,57.996 565.522,58.943 565.378,62.101 M570.82,37.631 C570.674,34.438 570.167,32.258 569.425,30.349 C568.659,28.377 567.633,26.702 565.965,25.035 C564.297,23.368 562.623,22.342 560.652,21.575 C558.743,20.834 556.562,20.326 553.369,20.18 C550.169,20.033 549.148,20 541,20 C532.853,20 531.831,20.033 528.631,20.18 C525.438,20.326 523.257,20.834 521.349,21.575 C519.376,22.342 517.703,23.368 516.035,25.035 C514.368,26.702 513.342,28.377 512.574,30.349 C511.834,32.258 511.326,34.438 511.181,37.631 C511.035,40.831 511,41.851 511,50 C511,58.147 511.035,59.17 511.181,62.369 C511.326,65.562 511.834,67.743 512.574,69.651 C513.342,71.625 514.368,73.296 516.035,74.965 C517.703,76.634 519.376,77.658 521.349,78.425 C523.257,79.167 525.438,79.673 528.631,79.82 C531.831,79.965 532.853,80.001 541,80.001 C549.148,80.001 550.169,79.965 553.369,79.82 C556.562,79.673 558.743,79.167 560.652,78.425 C562.623,77.658 564.297,76.634 565.965,74.965 C567.633,73.296 568.659,71.625 569.425,69.651 C570.167,67.743 570.674,65.562 570.82,62.369 C570.966,59.17 571,58.147 571,50 C571,41.851 570.966,40.831 570.82,37.631\"><\/path><\/g><\/g><\/g><\/svg><\/div><div style=\"padding-top: 8px;\"> <div style=\" color:#3897f0; font-family:Arial,sans-serif; font-size:14px; font-style:normal; font-weight:550; line-height:18px;\">Ver esta publicaci\u00f3n en Instagram<\/div><\/div><div style=\"padding: 12.5% 0;\"><\/div> <div style=\"display: flex; flex-direction: row; margin-bottom: 14px; align-items: center;\"><div> <div style=\"background-color: #F4F4F4; border-radius: 50%; height: 12.5px; width: 12.5px; transform: translateX(0px) translateY(7px);\"><\/div> <div style=\"background-color: #F4F4F4; height: 12.5px; transform: rotate(-45deg) translateX(3px) translateY(1px); width: 12.5px; flex-grow: 0; margin-right: 14px; margin-left: 2px;\"><\/div> <div style=\"background-color: #F4F4F4; border-radius: 50%; height: 12.5px; width: 12.5px; transform: translateX(9px) translateY(-18px);\"><\/div><\/div><div style=\"margin-left: 8px;\"> <div style=\" background-color: #F4F4F4; border-radius: 50%; flex-grow: 0; height: 20px; width: 20px;\"><\/div> <div style=\" width: 0; height: 0; border-top: 2px solid transparent; border-left: 6px solid #f4f4f4; border-bottom: 2px solid transparent; transform: translateX(16px) translateY(-4px) rotate(30deg)\"><\/div><\/div><div style=\"margin-left: auto;\"> <div style=\" width: 0px; border-top: 8px solid #F4F4F4; border-right: 8px solid transparent; transform: translateY(16px);\"><\/div> <div style=\" background-color: #F4F4F4; flex-grow: 0; height: 12px; width: 16px; transform: translateY(-4px);\"><\/div> <div style=\" width: 0; height: 0; border-top: 8px solid #F4F4F4; border-left: 8px solid transparent; transform: translateY(-4px) translateX(8px);\"><\/div><\/div><\/div> <div style=\"display: flex; flex-direction: column; flex-grow: 1; justify-content: center; margin-bottom: 24px;\"> <div style=\" background-color: #F4F4F4; border-radius: 4px; flex-grow: 0; height: 14px; margin-bottom: 6px; width: 224px;\"><\/div> <div style=\" background-color: #F4F4F4; border-radius: 4px; flex-grow: 0; height: 14px; width: 144px;\"><\/div><\/div><\/a><p style=\" color:#c9c8cd; font-family:Arial,sans-serif; font-size:14px; line-height:17px; margin-bottom:0; margin-top:8px; overflow:hidden; padding:8px 0 7px; text-align:center; text-overflow:ellipsis; white-space:nowrap;\"><a href=\"https:\/\/www.instagram.com\/reel\/DUTw9XdgKEX\/?utm_source=ig_embed&amp;utm_campaign=loading\" style=\" color:#c9c8cd; font-family:Arial,sans-serif; font-size:14px; font-style:normal; font-weight:normal; line-height:17px; text-decoration:none;\" target=\"_blank\">Una publicaci\u00f3n compartida de ProBeauty\/Vida Est\u00e9tica (@probeauty.vidaestetica)<\/a><\/p><\/div><\/blockquote>\n<script async src=\"\/\/www.instagram.com\/embed.js\"><\/script>\n\n\n\n<p><strong>Fecha:<\/strong> del 25 al 27 de abril<\/p>\n\n\n\n<p>La feria profesional de belleza y est\u00e9tica m\u00e1s importante de Espa\u00f1a. Re\u00fane a marcas, distribuidores y profesionales del sector que buscan descubrir las \u00faltimas tendencias en cosm\u00e9tica, maquillaje y cuidado personal. Una cita imprescindible para quienes trabajan o est\u00e1n interesados en la industria de la belleza.<\/p>\n\n\n\n<p><strong>M\u00e1s informaci\u00f3n:<\/strong> <a href=\"https:\/\/professionalbeauty.es\/\" target=\"_blank\" rel=\"noreferrer noopener nofollow\">Professional Beauty<\/a><\/p>\n\n\n\n<h2 class=\"wp-block-heading\">Disfruta Barcelona en primavera con la mejor ubicaci\u00f3n y un descuento exclusivo<\/h2>\n\n\n\n<p>Si quieres vivir Barcelona en abril con la mejor ubicaci\u00f3n, el Hotel Arc La Rambla es una opci\u00f3n perfecta. Situado en plena Rambla, estar\u00e1s a pocos minutos de muchos de estos eventos, con acceso r\u00e1pido a transporte p\u00fablico y a los principales puntos de inter\u00e9s de la ciudad como el Barrio G\u00f3tico, el Mercado de la Boquer\u00eda o el puerto.<\/p>\n\n\n\n<p>Adem\u00e1s, el hotel ofrece todo lo que necesitas para una estancia c\u00f3moda y sin preocupaciones: habitaciones modernas y luminosas, recepci\u00f3n 24 horas, terraza con vistas y un ambiente tranquilo en pleno centro, ideal tanto para escapadas en pareja como para viajes de ocio o trabajo.<\/p>\n\n\n\n<p class=\"has-medium-font-size\"><a href=\"https:\/\/hotelarclarambla.com\/bookingstep1?idtokenprovider=10760133&amp;lang=en&amp;nights=1&amp;checkin=17%2F03%2F2026&amp;step=1&amp;home=https%3A%2F%2Fhotelarclarambla.com%2F&amp;currency=EUR&amp;parties=W3siYWR1bHRzIjoyLCJjaGlsZHJlbiI6W119XQ%3D%3D&amp;clientCode=&amp;locale=en-GB\" target=\"_blank\" rel=\"noreferrer noopener\">Reserva ahora y aprovecha un descuento exclusivo<\/a><\/p>\n\n\n\n<script type=\"application\/ld+json\">\n{\n  \"@context\": \"https:\/\/schema.org\",\n  \"@graph\": [\n    {\n      \"@type\": \"Event\",\n      \"name\": \"Semana Santa en Barcelona\",\n      \"startDate\": \"2026-03-29\",\n      \"endDate\": \"2026-04-06\",\n      \"eventAttendanceMode\": \"https:\/\/schema.org\/OfflineEventAttendanceMode\",\n      \"eventStatus\": \"https:\/\/schema.org\/EventScheduled\",\n      \"location\": {\n        \"@type\": \"Place\",\n        \"name\": \"Iglesias y Barrio G\u00f3tico\",\n        \"address\": {\n          \"@type\": \"PostalAddress\",\n          \"addressLocality\": \"Barcelona\",\n          \"addressRegion\": \"Catalu\u00f1a\",\n          \"addressCountry\": \"ES\"\n        }\n      },\n      \"description\": \"Celebraci\u00f3n religiosa con procesiones, actividades culturales y visitas a barrios hist\u00f3ricos de Barcelona.\"\n    },\n    {\n      \"@type\": \"Event\",\n      \"name\": \"Palo Alto Market\",\n      \"startDate\": \"2026-04-04\",\n      \"endDate\": \"2026-04-05\",\n      \"location\": {\n        \"@type\": \"Place\",\n        \"name\": \"Palo Alto Market\",\n        \"address\": {\n          \"@type\": \"PostalAddress\",\n          \"streetAddress\": \"Carrer dels Pellaires, 30\",\n          \"addressLocality\": \"Barcelona\",\n          \"postalCode\": \"08019\",\n          \"addressCountry\": \"ES\"\n        }\n      },\n      \"offers\": {\n        \"@type\": \"Offer\",\n        \"price\": \"6.50\",\n        \"priceCurrency\": \"EUR\"\n      },\n      \"description\": \"Mercado de dise\u00f1o, arte y gastronom\u00eda en un espacio industrial creativo en Poblenou.\"\n    },\n    {\n      \"@type\": \"Event\",\n      \"name\": \"Barcelona Beer Festival\",\n      \"startDate\": \"2026-04-10\",\n      \"endDate\": \"2026-04-12\",\n      \"location\": {\n        \"@type\": \"Place\",\n        \"name\": \"Fira de Barcelona Montju\u00efc\",\n        \"address\": {\n          \"@type\": \"PostalAddress\",\n          \"streetAddress\": \"Av. de la Reina Maria Cristina\",\n          \"addressLocality\": \"Barcelona\",\n          \"postalCode\": \"08004\",\n          \"addressCountry\": \"ES\"\n        }\n      },\n      \"offers\": {\n        \"@type\": \"Offer\",\n        \"price\": \"6.75\",\n        \"priceCurrency\": \"EUR\"\n      },\n      \"description\": \"Festival internacional de cerveza artesanal con m\u00e1s de 200 cervecer\u00edas, m\u00fasica en vivo y food trucks.\"\n    },\n    {\n      \"@type\": \"Event\",\n      \"name\": \"Japan Weekend Barcelona\",\n      \"startDate\": \"2026-04-11\",\n      \"location\": {\n        \"@type\": \"Place\",\n        \"name\": \"Fira de Barcelona\",\n        \"address\": {\n          \"@type\": \"PostalAddress\",\n          \"addressLocality\": \"Barcelona\",\n          \"addressCountry\": \"ES\"\n        }\n      },\n      \"description\": \"Evento de cultura japonesa con anime, manga, cosplay, videojuegos y actividades culturales.\"\n    },\n    {\n      \"@type\": \"Event\",\n      \"name\": \"Barcelona Bridal Week\",\n      \"startDate\": \"2026-04-22\",\n      \"endDate\": \"2026-04-26\",\n      \"location\": {\n        \"@type\": \"Place\",\n        \"name\": \"Fira de Barcelona Gran Via\",\n        \"address\": {\n          \"@type\": \"PostalAddress\",\n          \"addressLocality\": \"Barcelona\",\n          \"addressCountry\": \"ES\"\n        }\n      },\n      \"description\": \"Evento l\u00edder en moda nupcial con desfiles, showroom y tendencias internacionales.\"\n    },\n    {\n      \"@type\": \"Event\",\n      \"name\": \"Sant Jordi\",\n      \"startDate\": \"2026-04-23\",\n      \"location\": {\n        \"@type\": \"Place\",\n        \"name\": \"La Rambla y calles principales\",\n        \"address\": {\n          \"@type\": \"PostalAddress\",\n          \"addressLocality\": \"Barcelona\",\n          \"addressCountry\": \"ES\"\n        }\n      },\n      \"description\": \"D\u00eda del libro y la rosa, celebraci\u00f3n cultural con puestos, firmas de autores y ambiente festivo.\"\n    },\n    {\n      \"@type\": \"Event\",\n      \"name\": \"All Those Food Market (Primavera)\",\n      \"startDate\": \"2026-04-25\",\n      \"endDate\": \"2026-04-26\",\n      \"location\": {\n        \"@type\": \"Place\",\n        \"name\": \"Jardines del TNC o Universidad de Barcelona\",\n        \"address\": {\n          \"@type\": \"PostalAddress\",\n          \"addressLocality\": \"Barcelona\",\n          \"addressCountry\": \"ES\"\n        }\n      },\n      \"description\": \"Mercado gastron\u00f3mico con productores locales, street food de calidad y productos artesanales.\"\n    },\n    {\n      \"@type\": \"Event\",\n      \"name\": \"Feria de Abril de Catalunya\",\n      \"startDate\": \"2026-04-25\",\n      \"endDate\": \"2026-05-05\",\n      \"location\": {\n        \"@type\": \"Place\",\n        \"name\": \"Parc del F\u00f2rum\",\n        \"address\": {\n          \"@type\": \"PostalAddress\",\n          \"streetAddress\": \"Carrer de la Pau, 12\",\n          \"addressLocality\": \"Sant Adri\u00e0 de Bes\u00f2s\",\n          \"addressRegion\": \"Barcelona\",\n          \"postalCode\": \"08930\",\n          \"addressCountry\": \"ES\"\n        }\n      },\n      \"description\": \"Fiesta popular con m\u00fasica flamenca, gastronom\u00eda andaluza y actividades culturales.\"\n    },\n    {\n      \"@type\": \"Event\",\n      \"name\": \"Professional Beauty Barcelona\",\n      \"startDate\": \"2026-04-25\",\n      \"endDate\": \"2026-04-27\",\n      \"location\": {\n        \"@type\": \"Place\",\n        \"name\": \"Fira de Barcelona Gran Via\",\n        \"address\": {\n          \"@type\": \"PostalAddress\",\n          \"addressLocality\": \"Barcelona\",\n          \"addressCountry\": \"ES\"\n        }\n      },\n      \"description\": \"Feria profesional de est\u00e9tica, cosm\u00e9tica y tendencias de belleza.\"\n    }\n  ]\n}\n<\/script>\n","protected":false},"excerpt":{"rendered":"<p>Abril es uno de los meses m\u00e1s emocionantes para visitar Barcelona. La ciudad despierta con la primavera, los d\u00edas son m\u00e1s largos y la agenda se llena de festivales, ferias, mercados y celebraciones tradicionales. Desde eventos culturales hasta mercados gastron\u00f3micos y ferias profesionales, hay planes para todos los gustos. Tambi\u00e9n te puede interesar Conciertos en [&hellip;]<\/p>\n","protected":false},"author":7,"featured_media":241160,"comment_status":"closed","ping_status":"closed","sticky":false,"template":"","format":"standard","meta":{"_acf_changed":false,"_et_pb_use_builder":"off","_et_pb_old_content":"","_et_gb_content_width":"","inline_featured_image":false,"footnotes":""},"categories":[6432],"tags":[],"class_list":["post-241135","post","type-post","status-publish","format-standard","has-post-thumbnail","hentry","category-eventos"],"acf":[],"yoast_head":"<!-- This site is optimized with the Yoast SEO plugin v27.4 - https:\/\/yoast.com\/product\/yoast-seo-wordpress\/ -->\n<title>Mejores eventos de abril 2026 en Barcelona | Hotel Arc la Rambla<\/title>\n<meta name=\"description\" content=\"Descubre los mejores eventos de abril en Barcelona: Semana Santa, Sant Jordi, mercados gastron\u00f3micos, ferias profesionales y festivales.\" \/>\n<meta name=\"robots\" content=\"index, follow, max-snippet:-1, max-image-preview:large, max-video-preview:-1\" \/>\n<link rel=\"canonical\" href=\"https:\/\/hotelarclarambla.com\/agenda\/eventos\/eventos-y-fiestas-en-barcelona-abril-2026\/\" \/>\n<meta property=\"og:locale\" content=\"es_ES\" \/>\n<meta property=\"og:type\" content=\"article\" \/>\n<meta property=\"og:title\" content=\"Mejores eventos de abril 2026 en Barcelona | Hotel Arc la Rambla\" \/>\n<meta property=\"og:description\" content=\"Descubre los mejores eventos de abril en Barcelona: Semana Santa, Sant Jordi, mercados gastron\u00f3micos, ferias profesionales y festivales.\" \/>\n<meta property=\"og:url\" content=\"https:\/\/hotelarclarambla.com\/agenda\/eventos\/eventos-y-fiestas-en-barcelona-abril-2026\/\" \/>\n<meta property=\"og:site_name\" content=\"Hotel Arc La Rambla Blog\" \/>\n<meta property=\"article:published_time\" content=\"2026-03-17T09:16:48+00:00\" \/>\n<meta property=\"article:modified_time\" content=\"2026-04-10T13:28:48+00:00\" \/>\n<meta property=\"og:image\" content=\"https:\/\/hotelarclarambla.com\/agenda\/wp-content\/uploads\/2026\/03\/eventos-fiestas-abril-barcelona-2026.webp\" \/>\n\t<meta property=\"og:image:width\" content=\"1200\" \/>\n\t<meta property=\"og:image:height\" content=\"628\" \/>\n\t<meta property=\"og:image:type\" content=\"image\/webp\" \/>\n<meta name=\"author\" content=\"admin-blog\" \/>\n<meta name=\"twitter:card\" content=\"summary_large_image\" \/>\n<meta name=\"twitter:label1\" content=\"Escrito por\" \/>\n\t<meta name=\"twitter:data1\" content=\"admin-blog\" \/>\n\t<meta name=\"twitter:label2\" content=\"Tiempo de lectura\" \/>\n\t<meta name=\"twitter:data2\" content=\"5 minutos\" \/>\n<script type=\"application\/ld+json\" class=\"yoast-schema-graph\">{\"@context\":\"https:\\\/\\\/schema.org\",\"@graph\":[{\"@type\":\"Article\",\"@id\":\"https:\\\/\\\/hotelarclarambla.com\\\/agenda\\\/eventos\\\/eventos-y-fiestas-en-barcelona-abril-2026\\\/#article\",\"isPartOf\":{\"@id\":\"https:\\\/\\\/hotelarclarambla.com\\\/agenda\\\/eventos\\\/eventos-y-fiestas-en-barcelona-abril-2026\\\/\"},\"author\":{\"name\":\"admin-blog\",\"@id\":\"https:\\\/\\\/hotelarclarambla.com\\\/agenda\\\/#\\\/schema\\\/person\\\/d8f3a3360be85a78d724ebd6c3120a76\"},\"headline\":\"Eventos y fiestas en Barcelona abril 2026\",\"datePublished\":\"2026-03-17T09:16:48+00:00\",\"dateModified\":\"2026-04-10T13:28:48+00:00\",\"mainEntityOfPage\":{\"@id\":\"https:\\\/\\\/hotelarclarambla.com\\\/agenda\\\/eventos\\\/eventos-y-fiestas-en-barcelona-abril-2026\\\/\"},\"wordCount\":1111,\"image\":{\"@id\":\"https:\\\/\\\/hotelarclarambla.com\\\/agenda\\\/eventos\\\/eventos-y-fiestas-en-barcelona-abril-2026\\\/#primaryimage\"},\"thumbnailUrl\":\"https:\\\/\\\/hotelarclarambla.com\\\/agenda\\\/wp-content\\\/uploads\\\/2026\\\/03\\\/eventos-fiestas-abril-barcelona-2026.webp\",\"articleSection\":[\"Eventos y fiestas en Barcelona\"],\"inLanguage\":\"es\"},{\"@type\":\"WebPage\",\"@id\":\"https:\\\/\\\/hotelarclarambla.com\\\/agenda\\\/eventos\\\/eventos-y-fiestas-en-barcelona-abril-2026\\\/\",\"url\":\"https:\\\/\\\/hotelarclarambla.com\\\/agenda\\\/eventos\\\/eventos-y-fiestas-en-barcelona-abril-2026\\\/\",\"name\":\"Mejores eventos de abril 2026 en Barcelona | Hotel Arc la Rambla\",\"isPartOf\":{\"@id\":\"https:\\\/\\\/hotelarclarambla.com\\\/agenda\\\/#website\"},\"primaryImageOfPage\":{\"@id\":\"https:\\\/\\\/hotelarclarambla.com\\\/agenda\\\/eventos\\\/eventos-y-fiestas-en-barcelona-abril-2026\\\/#primaryimage\"},\"image\":{\"@id\":\"https:\\\/\\\/hotelarclarambla.com\\\/agenda\\\/eventos\\\/eventos-y-fiestas-en-barcelona-abril-2026\\\/#primaryimage\"},\"thumbnailUrl\":\"https:\\\/\\\/hotelarclarambla.com\\\/agenda\\\/wp-content\\\/uploads\\\/2026\\\/03\\\/eventos-fiestas-abril-barcelona-2026.webp\",\"datePublished\":\"2026-03-17T09:16:48+00:00\",\"dateModified\":\"2026-04-10T13:28:48+00:00\",\"author\":{\"@id\":\"https:\\\/\\\/hotelarclarambla.com\\\/agenda\\\/#\\\/schema\\\/person\\\/d8f3a3360be85a78d724ebd6c3120a76\"},\"description\":\"Descubre los mejores eventos de abril en Barcelona: Semana Santa, Sant Jordi, mercados gastron\u00f3micos, ferias profesionales y festivales.\",\"breadcrumb\":{\"@id\":\"https:\\\/\\\/hotelarclarambla.com\\\/agenda\\\/eventos\\\/eventos-y-fiestas-en-barcelona-abril-2026\\\/#breadcrumb\"},\"inLanguage\":\"es\",\"potentialAction\":[{\"@type\":\"ReadAction\",\"target\":[\"https:\\\/\\\/hotelarclarambla.com\\\/agenda\\\/eventos\\\/eventos-y-fiestas-en-barcelona-abril-2026\\\/\"]}]},{\"@type\":\"ImageObject\",\"inLanguage\":\"es\",\"@id\":\"https:\\\/\\\/hotelarclarambla.com\\\/agenda\\\/eventos\\\/eventos-y-fiestas-en-barcelona-abril-2026\\\/#primaryimage\",\"url\":\"https:\\\/\\\/hotelarclarambla.com\\\/agenda\\\/wp-content\\\/uploads\\\/2026\\\/03\\\/eventos-fiestas-abril-barcelona-2026.webp\",\"contentUrl\":\"https:\\\/\\\/hotelarclarambla.com\\\/agenda\\\/wp-content\\\/uploads\\\/2026\\\/03\\\/eventos-fiestas-abril-barcelona-2026.webp\",\"width\":1200,\"height\":628},{\"@type\":\"BreadcrumbList\",\"@id\":\"https:\\\/\\\/hotelarclarambla.com\\\/agenda\\\/eventos\\\/eventos-y-fiestas-en-barcelona-abril-2026\\\/#breadcrumb\",\"itemListElement\":[{\"@type\":\"ListItem\",\"position\":1,\"name\":\"Portada\",\"item\":\"https:\\\/\\\/hotelarclarambla.com\\\/agenda\\\/\"},{\"@type\":\"ListItem\",\"position\":2,\"name\":\"Eventos y fiestas en Barcelona abril 2026\"}]},{\"@type\":\"WebSite\",\"@id\":\"https:\\\/\\\/hotelarclarambla.com\\\/agenda\\\/#website\",\"url\":\"https:\\\/\\\/hotelarclarambla.com\\\/agenda\\\/\",\"name\":\"Hotel Arc La Rambla Blog\",\"description\":\"El blog de Hotel Arc\",\"potentialAction\":[{\"@type\":\"SearchAction\",\"target\":{\"@type\":\"EntryPoint\",\"urlTemplate\":\"https:\\\/\\\/hotelarclarambla.com\\\/agenda\\\/?s={search_term_string}\"},\"query-input\":{\"@type\":\"PropertyValueSpecification\",\"valueRequired\":true,\"valueName\":\"search_term_string\"}}],\"inLanguage\":\"es\"},{\"@type\":\"Person\",\"@id\":\"https:\\\/\\\/hotelarclarambla.com\\\/agenda\\\/#\\\/schema\\\/person\\\/d8f3a3360be85a78d724ebd6c3120a76\",\"name\":\"admin-blog\",\"image\":{\"@type\":\"ImageObject\",\"inLanguage\":\"es\",\"@id\":\"https:\\\/\\\/secure.gravatar.com\\\/avatar\\\/3db8ac15c57c75a545efde96140dbaf40237bf4b8e1a3c97b6ff05eb84998daa?s=96&d=mm&r=g\",\"url\":\"https:\\\/\\\/secure.gravatar.com\\\/avatar\\\/3db8ac15c57c75a545efde96140dbaf40237bf4b8e1a3c97b6ff05eb84998daa?s=96&d=mm&r=g\",\"contentUrl\":\"https:\\\/\\\/secure.gravatar.com\\\/avatar\\\/3db8ac15c57c75a545efde96140dbaf40237bf4b8e1a3c97b6ff05eb84998daa?s=96&d=mm&r=g\",\"caption\":\"admin-blog\"},\"url\":\"https:\\\/\\\/hotelarclarambla.com\\\/agenda\\\/author\\\/admin-blog\\\/\"}]}<\/script>\n<!-- \/ Yoast SEO plugin. -->","yoast_head_json":{"title":"Mejores eventos de abril 2026 en Barcelona | Hotel Arc la Rambla","description":"Descubre los mejores eventos de abril en Barcelona: Semana Santa, Sant Jordi, mercados gastron\u00f3micos, ferias profesionales y festivales.","robots":{"index":"index","follow":"follow","max-snippet":"max-snippet:-1","max-image-preview":"max-image-preview:large","max-video-preview":"max-video-preview:-1"},"canonical":"https:\/\/hotelarclarambla.com\/agenda\/eventos\/eventos-y-fiestas-en-barcelona-abril-2026\/","og_locale":"es_ES","og_type":"article","og_title":"Mejores eventos de abril 2026 en Barcelona | Hotel Arc la Rambla","og_description":"Descubre los mejores eventos de abril en Barcelona: Semana Santa, Sant Jordi, mercados gastron\u00f3micos, ferias profesionales y festivales.","og_url":"https:\/\/hotelarclarambla.com\/agenda\/eventos\/eventos-y-fiestas-en-barcelona-abril-2026\/","og_site_name":"Hotel Arc La Rambla Blog","article_published_time":"2026-03-17T09:16:48+00:00","article_modified_time":"2026-04-10T13:28:48+00:00","og_image":[{"width":1200,"height":628,"url":"https:\/\/hotelarclarambla.com\/agenda\/wp-content\/uploads\/2026\/03\/eventos-fiestas-abril-barcelona-2026.webp","type":"image\/webp"}],"author":"admin-blog","twitter_card":"summary_large_image","twitter_misc":{"Escrito por":"admin-blog","Tiempo de lectura":"5 minutos"},"schema":{"@context":"https:\/\/schema.org","@graph":[{"@type":"Article","@id":"https:\/\/hotelarclarambla.com\/agenda\/eventos\/eventos-y-fiestas-en-barcelona-abril-2026\/#article","isPartOf":{"@id":"https:\/\/hotelarclarambla.com\/agenda\/eventos\/eventos-y-fiestas-en-barcelona-abril-2026\/"},"author":{"name":"admin-blog","@id":"https:\/\/hotelarclarambla.com\/agenda\/#\/schema\/person\/d8f3a3360be85a78d724ebd6c3120a76"},"headline":"Eventos y fiestas en Barcelona abril 2026","datePublished":"2026-03-17T09:16:48+00:00","dateModified":"2026-04-10T13:28:48+00:00","mainEntityOfPage":{"@id":"https:\/\/hotelarclarambla.com\/agenda\/eventos\/eventos-y-fiestas-en-barcelona-abril-2026\/"},"wordCount":1111,"image":{"@id":"https:\/\/hotelarclarambla.com\/agenda\/eventos\/eventos-y-fiestas-en-barcelona-abril-2026\/#primaryimage"},"thumbnailUrl":"https:\/\/hotelarclarambla.com\/agenda\/wp-content\/uploads\/2026\/03\/eventos-fiestas-abril-barcelona-2026.webp","articleSection":["Eventos y fiestas en Barcelona"],"inLanguage":"es"},{"@type":"WebPage","@id":"https:\/\/hotelarclarambla.com\/agenda\/eventos\/eventos-y-fiestas-en-barcelona-abril-2026\/","url":"https:\/\/hotelarclarambla.com\/agenda\/eventos\/eventos-y-fiestas-en-barcelona-abril-2026\/","name":"Mejores eventos de abril 2026 en Barcelona | Hotel Arc la Rambla","isPartOf":{"@id":"https:\/\/hotelarclarambla.com\/agenda\/#website"},"primaryImageOfPage":{"@id":"https:\/\/hotelarclarambla.com\/agenda\/eventos\/eventos-y-fiestas-en-barcelona-abril-2026\/#primaryimage"},"image":{"@id":"https:\/\/hotelarclarambla.com\/agenda\/eventos\/eventos-y-fiestas-en-barcelona-abril-2026\/#primaryimage"},"thumbnailUrl":"https:\/\/hotelarclarambla.com\/agenda\/wp-content\/uploads\/2026\/03\/eventos-fiestas-abril-barcelona-2026.webp","datePublished":"2026-03-17T09:16:48+00:00","dateModified":"2026-04-10T13:28:48+00:00","author":{"@id":"https:\/\/hotelarclarambla.com\/agenda\/#\/schema\/person\/d8f3a3360be85a78d724ebd6c3120a76"},"description":"Descubre los mejores eventos de abril en Barcelona: Semana Santa, Sant Jordi, mercados gastron\u00f3micos, ferias profesionales y festivales.","breadcrumb":{"@id":"https:\/\/hotelarclarambla.com\/agenda\/eventos\/eventos-y-fiestas-en-barcelona-abril-2026\/#breadcrumb"},"inLanguage":"es","potentialAction":[{"@type":"ReadAction","target":["https:\/\/hotelarclarambla.com\/agenda\/eventos\/eventos-y-fiestas-en-barcelona-abril-2026\/"]}]},{"@type":"ImageObject","inLanguage":"es","@id":"https:\/\/hotelarclarambla.com\/agenda\/eventos\/eventos-y-fiestas-en-barcelona-abril-2026\/#primaryimage","url":"https:\/\/hotelarclarambla.com\/agenda\/wp-content\/uploads\/2026\/03\/eventos-fiestas-abril-barcelona-2026.webp","contentUrl":"https:\/\/hotelarclarambla.com\/agenda\/wp-content\/uploads\/2026\/03\/eventos-fiestas-abril-barcelona-2026.webp","width":1200,"height":628},{"@type":"BreadcrumbList","@id":"https:\/\/hotelarclarambla.com\/agenda\/eventos\/eventos-y-fiestas-en-barcelona-abril-2026\/#breadcrumb","itemListElement":[{"@type":"ListItem","position":1,"name":"Portada","item":"https:\/\/hotelarclarambla.com\/agenda\/"},{"@type":"ListItem","position":2,"name":"Eventos y fiestas en Barcelona abril 2026"}]},{"@type":"WebSite","@id":"https:\/\/hotelarclarambla.com\/agenda\/#website","url":"https:\/\/hotelarclarambla.com\/agenda\/","name":"Hotel Arc La Rambla Blog","description":"El blog de Hotel Arc","potentialAction":[{"@type":"SearchAction","target":{"@type":"EntryPoint","urlTemplate":"https:\/\/hotelarclarambla.com\/agenda\/?s={search_term_string}"},"query-input":{"@type":"PropertyValueSpecification","valueRequired":true,"valueName":"search_term_string"}}],"inLanguage":"es"},{"@type":"Person","@id":"https:\/\/hotelarclarambla.com\/agenda\/#\/schema\/person\/d8f3a3360be85a78d724ebd6c3120a76","name":"admin-blog","image":{"@type":"ImageObject","inLanguage":"es","@id":"https:\/\/secure.gravatar.com\/avatar\/3db8ac15c57c75a545efde96140dbaf40237bf4b8e1a3c97b6ff05eb84998daa?s=96&d=mm&r=g","url":"https:\/\/secure.gravatar.com\/avatar\/3db8ac15c57c75a545efde96140dbaf40237bf4b8e1a3c97b6ff05eb84998daa?s=96&d=mm&r=g","contentUrl":"https:\/\/secure.gravatar.com\/avatar\/3db8ac15c57c75a545efde96140dbaf40237bf4b8e1a3c97b6ff05eb84998daa?s=96&d=mm&r=g","caption":"admin-blog"},"url":"https:\/\/hotelarclarambla.com\/agenda\/author\/admin-blog\/"}]}},"_links":{"self":[{"href":"https:\/\/hotelarclarambla.com\/agenda\/wp-json\/wp\/v2\/posts\/241135","targetHints":{"allow":["GET"]}}],"collection":[{"href":"https:\/\/hotelarclarambla.com\/agenda\/wp-json\/wp\/v2\/posts"}],"about":[{"href":"https:\/\/hotelarclarambla.com\/agenda\/wp-json\/wp\/v2\/types\/post"}],"author":[{"embeddable":true,"href":"https:\/\/hotelarclarambla.com\/agenda\/wp-json\/wp\/v2\/users\/7"}],"replies":[{"embeddable":true,"href":"https:\/\/hotelarclarambla.com\/agenda\/wp-json\/wp\/v2\/comments?post=241135"}],"version-history":[{"count":35,"href":"https:\/\/hotelarclarambla.com\/agenda\/wp-json\/wp\/v2\/posts\/241135\/revisions"}],"predecessor-version":[{"id":241501,"href":"https:\/\/hotelarclarambla.com\/agenda\/wp-json\/wp\/v2\/posts\/241135\/revisions\/241501"}],"wp:featuredmedia":[{"embeddable":true,"href":"https:\/\/hotelarclarambla.com\/agenda\/wp-json\/wp\/v2\/media\/241160"}],"wp:attachment":[{"href":"https:\/\/hotelarclarambla.com\/agenda\/wp-json\/wp\/v2\/media?parent=241135"}],"wp:term":[{"taxonomy":"category","embeddable":true,"href":"https:\/\/hotelarclarambla.com\/agenda\/wp-json\/wp\/v2\/categories?post=241135"},{"taxonomy":"post_tag","embeddable":true,"href":"https:\/\/hotelarclarambla.com\/agenda\/wp-json\/wp\/v2\/tags?post=241135"}],"curies":[{"name":"wp","href":"https:\/\/api.w.org\/{rel}","templated":true}]}}