{"id":240811,"date":"2026-03-05T00:00:00","date_gmt":"2026-03-04T23:00:00","guid":{"rendered":"https:\/\/hotelarclarambla.com\/agenda\/?p=240811"},"modified":"2026-03-03T09:28:04","modified_gmt":"2026-03-03T08:28:04","slug":"barcelona-capital-mundial-arquitectura-actividades-culturales","status":"publish","type":"post","link":"https:\/\/hotelarclarambla.com\/agenda\/sostenibilidad\/barcelona-capital-mundial-arquitectura-actividades-culturales\/","title":{"rendered":"Arquitectura y sostenibilidad: actividades de la XEAB en la Barcelona Capital Mundial de la Arquitectura"},"content":{"rendered":"\n<p>Barcelona ha sido reconocida como <strong>Capital Mundial de la Arquitectura<\/strong> por la UNESCO-UIA, un hito que convierte la ciudad en un gran espacio de divulgaci\u00f3n urbana, cultural y sostenible. Este reconocimiento coincide con la celebraci\u00f3n del Congreso Mundial de Arquitectos de la Uni\u00f3n Internacional de Arquitectos y sit\u00faa a la arquitectura en el centro de la vida ciudadana.<\/p>\n\n\n\n<p>Durante diez meses, entre mediados de febrero y mediados de diciembre, la ciudad despliega una programaci\u00f3n continua que recorre los diez distritos, de Santa Eul\u00e0lia a Santa Ll\u00facia, acercando la arquitectura a todos los p\u00fablicos a trav\u00e9s de visitas, itinerarios, talleres y actividades divulgativas.<\/p>\n\n\n\n<h2 class=\"wp-block-heading\"><strong>El ciclo anual de actividades de la XEAB<\/strong><\/h2>\n\n\n\n<p>Dentro de esta programaci\u00f3n global, la <strong>Xarxa d\u2019Equipaments Ambientals de Barcelona<\/strong> (XEAB) se suma con un ciclo anual de actividades que conecta arquitectura, sostenibilidad y educaci\u00f3n ambiental.<\/p>\n\n\n\n<p>Las propuestas de la XEAB est\u00e1n pensadas para todas las edades y se desarrollan en los distintos distritos de <strong>Barcelona<\/strong>, reforzando la idea de una arquitectura cercana, comprensible y vinculada al d\u00eda a d\u00eda de la ciudadan\u00eda.<\/p>\n\n\n\n<p><strong>Actividades de arquitectura en los distritos de Barcelona<\/strong><\/p>\n\n\n\n<p>El programa de la capitalidad tiene presencia en todos los distritos de la ciudad:<\/p>\n\n\n\n<ul class=\"wp-block-list\">\n<li>Ciutat Vella<\/li>\n\n\n\n<li>L\u2019Eixample<\/li>\n\n\n\n<li>Sants &#8211; Montju\u00efc<\/li>\n\n\n\n<li>Les Corts<\/li>\n\n\n\n<li>Sarri\u00e0 &#8211; Sant Gervasi<\/li>\n\n\n\n<li>Gr\u00e0cia<\/li>\n\n\n\n<li>Horta &#8211; Guinard\u00f3<\/li>\n\n\n\n<li>Nou Barris<\/li>\n\n\n\n<li>Sant Andreu<\/li>\n\n\n\n<li>Sant Mart\u00ed<br><\/li>\n<\/ul>\n\n\n\n<p>Cada uno de ellos ofrece actividades adaptadas a su realidad urbana, patrimonial y social, permitiendo descubrir Barcelona desde m\u00faltiples miradas arquitect\u00f3nicas.<\/p>\n\n\n\n<h2 class=\"wp-block-heading\"><strong>Ciutat Vella: arquitectura, historia y sostenibilidad<\/strong><\/h2>\n\n\n\n<p>Ciutat Vella, n\u00facleo hist\u00f3rico de la ciudad y entorno inmediato de Hotel Arc La Rambla, acoge algunas de las actividades m\u00e1s destacadas del ciclo de la XEAB. Su valor patrimonial y su constante transformaci\u00f3n urbana la convierten en un escenario ideal para reflexionar sobre la arquitectura de ayer, hoy y ma\u00f1ana.<\/p>\n\n\n\n<h3 class=\"wp-block-heading\"><strong>El primer parque p\u00fablico de la ciudad<\/strong><\/h3>\n\n\n\n<p>D\u00eda y hora: mi\u00e9rcoles 25 de marzo, a las 16 h<\/p>\n\n\n\n<p>Una actividad para descubrir el origen de los espacios verdes p\u00fablicos y su importancia en la evoluci\u00f3n urbana de Barcelona.<\/p>\n\n\n\n<h3 class=\"wp-block-heading\"><strong>Camins d\u2019aigua: Parc de la Ciutadella<\/strong><\/h3>\n\n\n\n<p>D\u00eda y hora: mi\u00e9rcoles 2 de diciembre, a las 10 h<\/p>\n\n\n\n<p>Un recorrido que pone en valor la relaci\u00f3n entre el agua, el paisaje y la arquitectura en uno de los parques m\u00e1s emblem\u00e1ticos de la ciudad.<\/p>\n\n\n\n<h3 class=\"wp-block-heading\"><strong>La F\u00e0brica del Sol, pam a pam<\/strong><\/h3>\n\n\n\n<p>D\u00eda y hora: martes 15 de diciembre, a las 12 h<\/p>\n\n\n\n<p>Una visita detallada a un equipamiento de referencia en arquitectura sostenible y educaci\u00f3n ambiental.<\/p>\n\n\n\n<h2 class=\"wp-block-heading\"><strong>Alojarse en el centro para vivir la arquitectura de Barcelona<\/strong><\/h2>\n\n\n\n<p>Gracias a su ubicaci\u00f3n privilegiada en la Rambla, <strong><a href=\"https:\/\/hotelarclarambla.com\/\">Hotel Arc La Rambla<\/a> <\/strong>es el punto de partida ideal para disfrutar de las actividades de Barcelona, capital mundial de la arquitectura. Desde Hotel Arc La Rambla podr\u00e1 acceder f\u00e1cilmente a Ciutat Vella a pie y desplazarse con comodidad al resto de distritos donde se desarrollan las propuestas del programa.<\/p>\n\n\n\n<p>Alojarse en el centro hist\u00f3rico permite combinar cultura, arquitectura y vida urbana sin renunciar al descanso y a la comodidad de un hotel en el coraz\u00f3n de la ciudad.<\/p>\n\n\n\n<h2 class=\"wp-block-heading\"><strong>Reserve su estancia y descubra Barcelona con otra mirada<\/strong><\/h2>\n\n\n\n<p>Si desea vivir Barcelona desde la arquitectura y la sostenibilidad, le invitamos a planificar su escapada cultural en Hotel Arc La Rambla.<\/p>\n\n\n\n<p>Reserve su estancia con el <strong>c\u00f3digo exclusivo ARCBLOG<\/strong> y disfrute de un descuento especial por ser lector de nuestra agenda.<\/p>\n\n\n\n<p>S\u00edganos en <a href=\"https:\/\/www.instagram.com\/arclarambla\/\">Instagram<\/a> y en <a href=\"https:\/\/www.facebook.com\/HotelArcLaRambla\/\">Facebook<\/a> para descubrir m\u00e1s actividades culturales y planes en Barcelona.<\/p>\n","protected":false},"excerpt":{"rendered":"<p>Barcelona celebra su nombramiento como capital mundial de la arquitectura con un amplio programa de actividades en toda la ciudad. Ciutat Vella concentra algunas de las propuestas m\u00e1s significativas, muy cerca de Hotel Arc La Rambla.<\/p>\n","protected":false},"author":1,"featured_media":240813,"comment_status":"closed","ping_status":"closed","sticky":false,"template":"","format":"standard","meta":{"_acf_changed":false,"_et_pb_use_builder":"off","_et_pb_old_content":"","_et_gb_content_width":"","inline_featured_image":false,"footnotes":""},"categories":[6169],"tags":[],"class_list":["post-240811","post","type-post","status-publish","format-standard","has-post-thumbnail","hentry","category-sostenibilidad"],"acf":[],"yoast_head":"<!-- This site is optimized with the Yoast SEO plugin v27.4 - https:\/\/yoast.com\/product\/yoast-seo-wordpress\/ -->\n<title>Barcelona, capital mundial de la arquitectura: actividades culturales<\/title>\n<meta name=\"description\" content=\"Descubra las actividades de Barcelona, capital mundial de la arquitectura, con propuestas en toda la ciudad y planes destacados en Ciutat Vella.\" \/>\n<meta name=\"robots\" content=\"index, follow, max-snippet:-1, max-image-preview:large, max-video-preview:-1\" \/>\n<link rel=\"canonical\" href=\"https:\/\/hotelarclarambla.com\/agenda\/sostenibilidad\/barcelona-capital-mundial-arquitectura-actividades-culturales\/\" \/>\n<meta property=\"og:locale\" content=\"es_ES\" \/>\n<meta property=\"og:type\" content=\"article\" \/>\n<meta property=\"og:title\" content=\"Barcelona, capital mundial de la arquitectura: actividades culturales\" \/>\n<meta property=\"og:description\" content=\"Descubra las actividades de Barcelona, capital mundial de la arquitectura, con propuestas en toda la ciudad y planes destacados en Ciutat Vella.\" \/>\n<meta property=\"og:url\" content=\"https:\/\/hotelarclarambla.com\/agenda\/sostenibilidad\/barcelona-capital-mundial-arquitectura-actividades-culturales\/\" \/>\n<meta property=\"og:site_name\" content=\"Hotel Arc La Rambla Blog\" \/>\n<meta property=\"article:published_time\" content=\"2026-03-04T23:00:00+00:00\" \/>\n<meta property=\"og:image\" content=\"https:\/\/hotelarclarambla.com\/agenda\/wp-content\/uploads\/2026\/03\/hotel-arc-la-rambla-barcelona-capital-mundial-arquitectura-actividades-culturales.webp\" \/>\n\t<meta property=\"og:image:width\" content=\"1366\" \/>\n\t<meta property=\"og:image:height\" content=\"768\" \/>\n\t<meta property=\"og:image:type\" content=\"image\/webp\" \/>\n<meta name=\"author\" content=\"admin\" \/>\n<meta name=\"twitter:card\" content=\"summary_large_image\" \/>\n<meta name=\"twitter:label1\" content=\"Escrito por\" \/>\n\t<meta name=\"twitter:data1\" content=\"admin\" \/>\n\t<meta name=\"twitter:label2\" content=\"Tiempo de lectura\" \/>\n\t<meta name=\"twitter:data2\" content=\"3 minutos\" \/>\n<script type=\"application\/ld+json\" class=\"yoast-schema-graph\">{\"@context\":\"https:\\\/\\\/schema.org\",\"@graph\":[{\"@type\":\"Article\",\"@id\":\"https:\\\/\\\/hotelarclarambla.com\\\/agenda\\\/sostenibilidad\\\/barcelona-capital-mundial-arquitectura-actividades-culturales\\\/#article\",\"isPartOf\":{\"@id\":\"https:\\\/\\\/hotelarclarambla.com\\\/agenda\\\/sostenibilidad\\\/barcelona-capital-mundial-arquitectura-actividades-culturales\\\/\"},\"author\":{\"name\":\"admin\",\"@id\":\"https:\\\/\\\/hotelarclarambla.com\\\/agenda\\\/#\\\/schema\\\/person\\\/b40fb00e3d10940d7ffb6848593b8d04\"},\"headline\":\"Arquitectura y sostenibilidad: actividades de la XEAB en la Barcelona Capital Mundial de la Arquitectura\",\"datePublished\":\"2026-03-04T23:00:00+00:00\",\"mainEntityOfPage\":{\"@id\":\"https:\\\/\\\/hotelarclarambla.com\\\/agenda\\\/sostenibilidad\\\/barcelona-capital-mundial-arquitectura-actividades-culturales\\\/\"},\"wordCount\":628,\"image\":{\"@id\":\"https:\\\/\\\/hotelarclarambla.com\\\/agenda\\\/sostenibilidad\\\/barcelona-capital-mundial-arquitectura-actividades-culturales\\\/#primaryimage\"},\"thumbnailUrl\":\"https:\\\/\\\/hotelarclarambla.com\\\/agenda\\\/wp-content\\\/uploads\\\/2026\\\/03\\\/hotel-arc-la-rambla-barcelona-capital-mundial-arquitectura-actividades-culturales.webp\",\"articleSection\":[\"Sostenibilidad\"],\"inLanguage\":\"es\"},{\"@type\":\"WebPage\",\"@id\":\"https:\\\/\\\/hotelarclarambla.com\\\/agenda\\\/sostenibilidad\\\/barcelona-capital-mundial-arquitectura-actividades-culturales\\\/\",\"url\":\"https:\\\/\\\/hotelarclarambla.com\\\/agenda\\\/sostenibilidad\\\/barcelona-capital-mundial-arquitectura-actividades-culturales\\\/\",\"name\":\"Barcelona, capital mundial de la arquitectura: actividades culturales\",\"isPartOf\":{\"@id\":\"https:\\\/\\\/hotelarclarambla.com\\\/agenda\\\/#website\"},\"primaryImageOfPage\":{\"@id\":\"https:\\\/\\\/hotelarclarambla.com\\\/agenda\\\/sostenibilidad\\\/barcelona-capital-mundial-arquitectura-actividades-culturales\\\/#primaryimage\"},\"image\":{\"@id\":\"https:\\\/\\\/hotelarclarambla.com\\\/agenda\\\/sostenibilidad\\\/barcelona-capital-mundial-arquitectura-actividades-culturales\\\/#primaryimage\"},\"thumbnailUrl\":\"https:\\\/\\\/hotelarclarambla.com\\\/agenda\\\/wp-content\\\/uploads\\\/2026\\\/03\\\/hotel-arc-la-rambla-barcelona-capital-mundial-arquitectura-actividades-culturales.webp\",\"datePublished\":\"2026-03-04T23:00:00+00:00\",\"author\":{\"@id\":\"https:\\\/\\\/hotelarclarambla.com\\\/agenda\\\/#\\\/schema\\\/person\\\/b40fb00e3d10940d7ffb6848593b8d04\"},\"description\":\"Descubra las actividades de Barcelona, capital mundial de la arquitectura, con propuestas en toda la ciudad y planes destacados en Ciutat Vella.\",\"breadcrumb\":{\"@id\":\"https:\\\/\\\/hotelarclarambla.com\\\/agenda\\\/sostenibilidad\\\/barcelona-capital-mundial-arquitectura-actividades-culturales\\\/#breadcrumb\"},\"inLanguage\":\"es\",\"potentialAction\":[{\"@type\":\"ReadAction\",\"target\":[\"https:\\\/\\\/hotelarclarambla.com\\\/agenda\\\/sostenibilidad\\\/barcelona-capital-mundial-arquitectura-actividades-culturales\\\/\"]}]},{\"@type\":\"ImageObject\",\"inLanguage\":\"es\",\"@id\":\"https:\\\/\\\/hotelarclarambla.com\\\/agenda\\\/sostenibilidad\\\/barcelona-capital-mundial-arquitectura-actividades-culturales\\\/#primaryimage\",\"url\":\"https:\\\/\\\/hotelarclarambla.com\\\/agenda\\\/wp-content\\\/uploads\\\/2026\\\/03\\\/hotel-arc-la-rambla-barcelona-capital-mundial-arquitectura-actividades-culturales.webp\",\"contentUrl\":\"https:\\\/\\\/hotelarclarambla.com\\\/agenda\\\/wp-content\\\/uploads\\\/2026\\\/03\\\/hotel-arc-la-rambla-barcelona-capital-mundial-arquitectura-actividades-culturales.webp\",\"width\":1366,\"height\":768,\"caption\":\"Hotel Arc La Rambla | Blog | Barcelona capital mundial de la arquitectura\"},{\"@type\":\"BreadcrumbList\",\"@id\":\"https:\\\/\\\/hotelarclarambla.com\\\/agenda\\\/sostenibilidad\\\/barcelona-capital-mundial-arquitectura-actividades-culturales\\\/#breadcrumb\",\"itemListElement\":[{\"@type\":\"ListItem\",\"position\":1,\"name\":\"Portada\",\"item\":\"https:\\\/\\\/hotelarclarambla.com\\\/agenda\\\/\"},{\"@type\":\"ListItem\",\"position\":2,\"name\":\"Arquitectura y sostenibilidad: actividades de la XEAB en la Barcelona Capital Mundial de la Arquitectura\"}]},{\"@type\":\"WebSite\",\"@id\":\"https:\\\/\\\/hotelarclarambla.com\\\/agenda\\\/#website\",\"url\":\"https:\\\/\\\/hotelarclarambla.com\\\/agenda\\\/\",\"name\":\"Hotel Arc La Rambla Blog\",\"description\":\"El blog de Hotel Arc\",\"potentialAction\":[{\"@type\":\"SearchAction\",\"target\":{\"@type\":\"EntryPoint\",\"urlTemplate\":\"https:\\\/\\\/hotelarclarambla.com\\\/agenda\\\/?s={search_term_string}\"},\"query-input\":{\"@type\":\"PropertyValueSpecification\",\"valueRequired\":true,\"valueName\":\"search_term_string\"}}],\"inLanguage\":\"es\"},{\"@type\":\"Person\",\"@id\":\"https:\\\/\\\/hotelarclarambla.com\\\/agenda\\\/#\\\/schema\\\/person\\\/b40fb00e3d10940d7ffb6848593b8d04\",\"name\":\"admin\",\"image\":{\"@type\":\"ImageObject\",\"inLanguage\":\"es\",\"@id\":\"https:\\\/\\\/secure.gravatar.com\\\/avatar\\\/e7d2a513cc006a0531b1545b92475922773d5049debd5d662a4049cc030a89aa?s=96&d=mm&r=g\",\"url\":\"https:\\\/\\\/secure.gravatar.com\\\/avatar\\\/e7d2a513cc006a0531b1545b92475922773d5049debd5d662a4049cc030a89aa?s=96&d=mm&r=g\",\"contentUrl\":\"https:\\\/\\\/secure.gravatar.com\\\/avatar\\\/e7d2a513cc006a0531b1545b92475922773d5049debd5d662a4049cc030a89aa?s=96&d=mm&r=g\",\"caption\":\"admin\"},\"url\":\"https:\\\/\\\/hotelarclarambla.com\\\/agenda\\\/author\\\/admin\\\/\"}]}<\/script>\n<!-- \/ Yoast SEO plugin. -->","yoast_head_json":{"title":"Barcelona, capital mundial de la arquitectura: actividades culturales","description":"Descubra las actividades de Barcelona, capital mundial de la arquitectura, con propuestas en toda la ciudad y planes destacados en Ciutat Vella.","robots":{"index":"index","follow":"follow","max-snippet":"max-snippet:-1","max-image-preview":"max-image-preview:large","max-video-preview":"max-video-preview:-1"},"canonical":"https:\/\/hotelarclarambla.com\/agenda\/sostenibilidad\/barcelona-capital-mundial-arquitectura-actividades-culturales\/","og_locale":"es_ES","og_type":"article","og_title":"Barcelona, capital mundial de la arquitectura: actividades culturales","og_description":"Descubra las actividades de Barcelona, capital mundial de la arquitectura, con propuestas en toda la ciudad y planes destacados en Ciutat Vella.","og_url":"https:\/\/hotelarclarambla.com\/agenda\/sostenibilidad\/barcelona-capital-mundial-arquitectura-actividades-culturales\/","og_site_name":"Hotel Arc La Rambla Blog","article_published_time":"2026-03-04T23:00:00+00:00","og_image":[{"width":1366,"height":768,"url":"https:\/\/hotelarclarambla.com\/agenda\/wp-content\/uploads\/2026\/03\/hotel-arc-la-rambla-barcelona-capital-mundial-arquitectura-actividades-culturales.webp","type":"image\/webp"}],"author":"admin","twitter_card":"summary_large_image","twitter_misc":{"Escrito por":"admin","Tiempo de lectura":"3 minutos"},"schema":{"@context":"https:\/\/schema.org","@graph":[{"@type":"Article","@id":"https:\/\/hotelarclarambla.com\/agenda\/sostenibilidad\/barcelona-capital-mundial-arquitectura-actividades-culturales\/#article","isPartOf":{"@id":"https:\/\/hotelarclarambla.com\/agenda\/sostenibilidad\/barcelona-capital-mundial-arquitectura-actividades-culturales\/"},"author":{"name":"admin","@id":"https:\/\/hotelarclarambla.com\/agenda\/#\/schema\/person\/b40fb00e3d10940d7ffb6848593b8d04"},"headline":"Arquitectura y sostenibilidad: actividades de la XEAB en la Barcelona Capital Mundial de la Arquitectura","datePublished":"2026-03-04T23:00:00+00:00","mainEntityOfPage":{"@id":"https:\/\/hotelarclarambla.com\/agenda\/sostenibilidad\/barcelona-capital-mundial-arquitectura-actividades-culturales\/"},"wordCount":628,"image":{"@id":"https:\/\/hotelarclarambla.com\/agenda\/sostenibilidad\/barcelona-capital-mundial-arquitectura-actividades-culturales\/#primaryimage"},"thumbnailUrl":"https:\/\/hotelarclarambla.com\/agenda\/wp-content\/uploads\/2026\/03\/hotel-arc-la-rambla-barcelona-capital-mundial-arquitectura-actividades-culturales.webp","articleSection":["Sostenibilidad"],"inLanguage":"es"},{"@type":"WebPage","@id":"https:\/\/hotelarclarambla.com\/agenda\/sostenibilidad\/barcelona-capital-mundial-arquitectura-actividades-culturales\/","url":"https:\/\/hotelarclarambla.com\/agenda\/sostenibilidad\/barcelona-capital-mundial-arquitectura-actividades-culturales\/","name":"Barcelona, capital mundial de la arquitectura: actividades culturales","isPartOf":{"@id":"https:\/\/hotelarclarambla.com\/agenda\/#website"},"primaryImageOfPage":{"@id":"https:\/\/hotelarclarambla.com\/agenda\/sostenibilidad\/barcelona-capital-mundial-arquitectura-actividades-culturales\/#primaryimage"},"image":{"@id":"https:\/\/hotelarclarambla.com\/agenda\/sostenibilidad\/barcelona-capital-mundial-arquitectura-actividades-culturales\/#primaryimage"},"thumbnailUrl":"https:\/\/hotelarclarambla.com\/agenda\/wp-content\/uploads\/2026\/03\/hotel-arc-la-rambla-barcelona-capital-mundial-arquitectura-actividades-culturales.webp","datePublished":"2026-03-04T23:00:00+00:00","author":{"@id":"https:\/\/hotelarclarambla.com\/agenda\/#\/schema\/person\/b40fb00e3d10940d7ffb6848593b8d04"},"description":"Descubra las actividades de Barcelona, capital mundial de la arquitectura, con propuestas en toda la ciudad y planes destacados en Ciutat Vella.","breadcrumb":{"@id":"https:\/\/hotelarclarambla.com\/agenda\/sostenibilidad\/barcelona-capital-mundial-arquitectura-actividades-culturales\/#breadcrumb"},"inLanguage":"es","potentialAction":[{"@type":"ReadAction","target":["https:\/\/hotelarclarambla.com\/agenda\/sostenibilidad\/barcelona-capital-mundial-arquitectura-actividades-culturales\/"]}]},{"@type":"ImageObject","inLanguage":"es","@id":"https:\/\/hotelarclarambla.com\/agenda\/sostenibilidad\/barcelona-capital-mundial-arquitectura-actividades-culturales\/#primaryimage","url":"https:\/\/hotelarclarambla.com\/agenda\/wp-content\/uploads\/2026\/03\/hotel-arc-la-rambla-barcelona-capital-mundial-arquitectura-actividades-culturales.webp","contentUrl":"https:\/\/hotelarclarambla.com\/agenda\/wp-content\/uploads\/2026\/03\/hotel-arc-la-rambla-barcelona-capital-mundial-arquitectura-actividades-culturales.webp","width":1366,"height":768,"caption":"Hotel Arc La Rambla | Blog | Barcelona capital mundial de la arquitectura"},{"@type":"BreadcrumbList","@id":"https:\/\/hotelarclarambla.com\/agenda\/sostenibilidad\/barcelona-capital-mundial-arquitectura-actividades-culturales\/#breadcrumb","itemListElement":[{"@type":"ListItem","position":1,"name":"Portada","item":"https:\/\/hotelarclarambla.com\/agenda\/"},{"@type":"ListItem","position":2,"name":"Arquitectura y sostenibilidad: actividades de la XEAB en la Barcelona Capital Mundial de la Arquitectura"}]},{"@type":"WebSite","@id":"https:\/\/hotelarclarambla.com\/agenda\/#website","url":"https:\/\/hotelarclarambla.com\/agenda\/","name":"Hotel Arc La Rambla Blog","description":"El blog de Hotel Arc","potentialAction":[{"@type":"SearchAction","target":{"@type":"EntryPoint","urlTemplate":"https:\/\/hotelarclarambla.com\/agenda\/?s={search_term_string}"},"query-input":{"@type":"PropertyValueSpecification","valueRequired":true,"valueName":"search_term_string"}}],"inLanguage":"es"},{"@type":"Person","@id":"https:\/\/hotelarclarambla.com\/agenda\/#\/schema\/person\/b40fb00e3d10940d7ffb6848593b8d04","name":"admin","image":{"@type":"ImageObject","inLanguage":"es","@id":"https:\/\/secure.gravatar.com\/avatar\/e7d2a513cc006a0531b1545b92475922773d5049debd5d662a4049cc030a89aa?s=96&d=mm&r=g","url":"https:\/\/secure.gravatar.com\/avatar\/e7d2a513cc006a0531b1545b92475922773d5049debd5d662a4049cc030a89aa?s=96&d=mm&r=g","contentUrl":"https:\/\/secure.gravatar.com\/avatar\/e7d2a513cc006a0531b1545b92475922773d5049debd5d662a4049cc030a89aa?s=96&d=mm&r=g","caption":"admin"},"url":"https:\/\/hotelarclarambla.com\/agenda\/author\/admin\/"}]}},"_links":{"self":[{"href":"https:\/\/hotelarclarambla.com\/agenda\/wp-json\/wp\/v2\/posts\/240811","targetHints":{"allow":["GET"]}}],"collection":[{"href":"https:\/\/hotelarclarambla.com\/agenda\/wp-json\/wp\/v2\/posts"}],"about":[{"href":"https:\/\/hotelarclarambla.com\/agenda\/wp-json\/wp\/v2\/types\/post"}],"author":[{"embeddable":true,"href":"https:\/\/hotelarclarambla.com\/agenda\/wp-json\/wp\/v2\/users\/1"}],"replies":[{"embeddable":true,"href":"https:\/\/hotelarclarambla.com\/agenda\/wp-json\/wp\/v2\/comments?post=240811"}],"version-history":[{"count":3,"href":"https:\/\/hotelarclarambla.com\/agenda\/wp-json\/wp\/v2\/posts\/240811\/revisions"}],"predecessor-version":[{"id":240822,"href":"https:\/\/hotelarclarambla.com\/agenda\/wp-json\/wp\/v2\/posts\/240811\/revisions\/240822"}],"wp:featuredmedia":[{"embeddable":true,"href":"https:\/\/hotelarclarambla.com\/agenda\/wp-json\/wp\/v2\/media\/240813"}],"wp:attachment":[{"href":"https:\/\/hotelarclarambla.com\/agenda\/wp-json\/wp\/v2\/media?parent=240811"}],"wp:term":[{"taxonomy":"category","embeddable":true,"href":"https:\/\/hotelarclarambla.com\/agenda\/wp-json\/wp\/v2\/categories?post=240811"},{"taxonomy":"post_tag","embeddable":true,"href":"https:\/\/hotelarclarambla.com\/agenda\/wp-json\/wp\/v2\/tags?post=240811"}],"curies":[{"name":"wp","href":"https:\/\/api.w.org\/{rel}","templated":true}]}}