{"id":240513,"date":"2025-11-13T09:00:00","date_gmt":"2025-11-13T08:00:00","guid":{"rendered":"https:\/\/hotelarclarambla.com\/agenda\/?p=240513"},"modified":"2026-03-11T15:59:29","modified_gmt":"2026-03-11T14:59:29","slug":"fiestas-mayores-invierno-barcelona","status":"publish","type":"post","link":"https:\/\/hotelarclarambla.com\/agenda\/turismo\/fiestas-mayores-invierno-barcelona\/","title":{"rendered":"Fiestas de barrio en invierno: el otro calendario festivo de Barcelona"},"content":{"rendered":"\n<p>Cuando se piensa en las fiestas mayores de Barcelona, la mayor\u00eda imagina el verano y celebraciones como la Merc\u00e8 o la fiesta mayor de Gr\u00e0cia. Sin embargo, existe un calendario alternativo, m\u00e1s \u00edntimo y profundamente local, que se desarrolla en los meses m\u00e1s fr\u00edos del a\u00f1o: las <strong>fiestas mayores de invierno en Barcelona<\/strong>.<\/p>\n\n\n\n<p>Estas celebraciones, vinculadas a patrones, tradiciones religiosas y costumbres vecinales, llenan las calles de m\u00fasica, cultura popular y convivencia. Participar en ellas ofrece una visi\u00f3n aut\u00e9ntica de la ciudad, lejos del bullicio y cerca del coraz\u00f3n de cada barrio.<\/p>\n\n\n\n<p>Alojarse en <a href=\"https:\/\/hotelarclarambla.com\/\">Hotel Arc La Rambla<\/a> durante los meses de invierno no solo le brinda una ubicaci\u00f3n privilegiada, sino tambi\u00e9n la oportunidad de vivir una Barcelona diferente: acogedora, festiva y profundamente conectada con sus ra\u00edces.<\/p>\n\n\n\n<h2 class=\"wp-block-heading\"><strong>Calendario de fiestas mayores de invierno en Barcelona<\/strong><\/h2>\n\n\n\n<h3 class=\"wp-block-heading\"><strong>Fiesta Mayor de Sant Antoni (enero)<\/strong><\/h3>\n\n\n\n<p>La primera gran fiesta del a\u00f1o se celebra en el barrio de Sant Antoni, un enclave tradicional en el Eixample barcelon\u00e9s. Durante varios d\u00edas, las calles se llenan de pasacalles, conciertos, comidas populares y talleres. El momento m\u00e1s simb\u00f3lico es la <strong>cercavila dels Tres Tombs<\/strong>, un desfile de caballos y carruajes que honra a San Antonio Abad, patr\u00f3n de los animales. Esta festividad combina tradici\u00f3n y modernidad, atrayendo a vecinos y visitantes por igual.<\/p>\n\n\n\n<ul class=\"wp-block-list\">\n<li>&nbsp;<strong>Cu\u00e1ndo:<\/strong> tercera semana de enero<\/li>\n\n\n\n<li>&nbsp;<strong>D\u00f3nde:<\/strong> barrio de Sant Antoni<\/li>\n<\/ul>\n\n\n\n<h3 class=\"wp-block-heading\"><strong>Festa Major de Sant Andreu (noviembre-diciembre)<\/strong><\/h3>\n\n\n\n<p>Con un fuerte car\u00e1cter comunitario, esta fiesta es una de las m\u00e1s queridas por los barceloneses. El barrio de Sant Andreu conserva un esp\u00edritu de pueblo, y durante su fiesta mayor, se llena de cultura popular: castellers, sardanas, correfocs, conciertos y actividades pensadas para todas las edades. Es tambi\u00e9n una excelente oportunidad para conocer un distrito con identidad propia, historia y tradiciones muy arraigadas.<\/p>\n\n\n\n<ul class=\"wp-block-list\">\n<li>&nbsp;<strong>Cu\u00e1ndo:<\/strong> finales de noviembre hasta el 8 de diciembre<\/li>\n\n\n\n<li>&nbsp;<strong>D\u00f3nde:<\/strong> barrio de Sant Andreu<\/li>\n<\/ul>\n\n\n\n<h3 class=\"wp-block-heading\"><strong>Festa de Santa Eul\u00e0lia (febrero)<\/strong><\/h3>\n\n\n\n<p>Santa Eul\u00e0lia, copatrona de Barcelona, protagoniza una de las fiestas m\u00e1s emotivas y tradicionales de la ciudad. Las plazas del centro hist\u00f3rico se convierten en escenario de castellers, danzas tradicionales, gigantes, bastoners y desfiles. Es una celebraci\u00f3n con gran carga simb\u00f3lica, que recuerda a la m\u00e1rtir adolescente considerada uno de los pilares de la historia barcelonesa. Durante esos d\u00edas, la ciudad se viste con solemnidad y orgullo.<\/p>\n\n\n\n<ul class=\"wp-block-list\">\n<li>&nbsp;<strong>Cu\u00e1ndo:<\/strong> alrededor del 12 de febrero<\/li>\n\n\n\n<li>&nbsp;<strong>D\u00f3nde:<\/strong> Ciutat Vella<\/li>\n<\/ul>\n\n\n\n<h3 class=\"wp-block-heading\"><strong>Festa Major del Clot \u2013 Camp de l\u2019Arpa (noviembre)<\/strong><\/h3>\n\n\n\n<p>Esta fiesta mayor es un excelente ejemplo del dinamismo de los barrios barceloneses fuera del circuito tur\u00edstico. Durante la celebraci\u00f3n, el Clot se llena de color, actividades para familias, exhibiciones de cultura popular y conciertos en espacios abiertos. Las calles principales del barrio se decoran y se convierten en puntos de encuentro entre generaciones, manteniendo vivo el esp\u00edritu vecinal que define a las fiestas mayores.<\/p>\n\n\n\n<ul class=\"wp-block-list\">\n<li>&nbsp;<strong>Cu\u00e1ndo:<\/strong> primera quincena de noviembre<\/li>\n\n\n\n<li>&nbsp;<strong>D\u00f3nde:<\/strong> barrio del Clot<\/li>\n<\/ul>\n\n\n\n<h2 class=\"wp-block-heading\"><strong>Una forma diferente de descubrir Barcelona<\/strong><\/h2>\n\n\n\n<p>Las <strong>fiestas mayores de invierno<\/strong> permiten descubrir una Barcelona distinta: una ciudad viva incluso en los meses m\u00e1s fr\u00edos, donde cada barrio expresa su personalidad a trav\u00e9s de tradiciones propias. Estas celebraciones invitan a pasear sin prisas, compartir con los vecinos y dejarse sorprender por la riqueza cultural que late en cada rinc\u00f3n.<\/p>\n\n\n\n<p>Para quienes valoran una experiencia aut\u00e9ntica y cercana, estas fiestas representan una oportunidad \u00fanica para explorar la ciudad desde dentro. Desde talleres familiares hasta conciertos tradicionales o espect\u00e1culos en la calle, el calendario de invierno ofrece una alternativa ideal para quienes buscan algo m\u00e1s que lo habitual.<\/p>\n\n\n\n<h2 class=\"wp-block-heading\"><strong>Alojarse en Hotel Arc La Rambla: cultura y comodidad en pleno centro<\/strong><\/h2>\n\n\n\n<p><a href=\"https:\/\/hotelarclarambla.com\/\">Hotel Arc La Rambla<\/a> se encuentra en una ubicaci\u00f3n estrat\u00e9gica, ideal para explorar las fiestas de invierno en diferentes puntos de la ciudad. Desde la Rambla, usted podr\u00e1 desplazarse c\u00f3modamente hacia barrios como Sant Antoni, Sant Andreu, el Clot o el casco hist\u00f3rico, disfrutando siempre de una <strong><a href=\"https:\/\/hotelarclarambla.com\/\">estancia confortable en el coraz\u00f3n de Barcelona<\/a><\/strong>.&nbsp;<\/p>\n\n\n\n<p>Adem\u00e1s de su localizaci\u00f3n privilegiada, el hotel ofrece una experiencia cercana, con servicios pensados para que su visita en los meses m\u00e1s fr\u00edos sea c\u00f3moda, tranquila y conectada con el ritmo local. Vivir la Barcelona m\u00e1s aut\u00e9ntica comienza aqu\u00ed, en Hotel Arc La Rambla.<\/p>\n\n\n\n<h2 class=\"wp-block-heading\"><strong>Reserve su estancia y descubra la Barcelona m\u00e1s aut\u00e9ntica<\/strong><\/h2>\n\n\n\n<p>Le invitamos a vivir las fiestas mayores de invierno en Barcelona desde un alojamiento con car\u00e1cter y ubicaci\u00f3n privilegiada.<\/p>\n\n\n\n<p>Reserve ahora en <a href=\"https:\/\/hotelarclarambla.com\">hotelarclarambla.com<\/a> con el c\u00f3digo exclusivo <strong>ARCBLOG<\/strong> y benef\u00edciese de un descuento especial como lector de nuestra agenda cultural. Y para seguir explorando la Barcelona m\u00e1s aut\u00e9ntica y recibir nuestras recomendaciones locales, le invitamos a seguirnos en redes sociales. Puede encontrarnos en Instagram como <a href=\"https:\/\/www.instagram.com\/arclarambla\" target=\"_blank\" rel=\"noreferrer noopener nofollow\">@arclarambla<\/a> y en Facebook como <a href=\"https:\/\/www.facebook.com\/HotelArcLaRambla\/\" target=\"_blank\" rel=\"noreferrer noopener nofollow\">Hotel Arc La Rambla<\/a>.<\/p>\n","protected":false},"excerpt":{"rendered":"<p>Barcelona celebra sus barrios tambi\u00e9n en invierno. Descubra las fiestas mayores m\u00e1s aut\u00e9nticas y v\u00edvalas desde Hotel Arc La Rambla, en pleno centro.<\/p>\n","protected":false},"author":5,"featured_media":240514,"comment_status":"closed","ping_status":"closed","sticky":false,"template":"","format":"standard","meta":{"_acf_changed":false,"_et_pb_use_builder":"off","_et_pb_old_content":"","_et_gb_content_width":"","inline_featured_image":false,"footnotes":""},"categories":[5934],"tags":[],"class_list":["post-240513","post","type-post","status-publish","format-standard","has-post-thumbnail","hentry","category-turismo"],"acf":[],"yoast_head":"<!-- This site is optimized with the Yoast SEO plugin v27.4 - https:\/\/yoast.com\/product\/yoast-seo-wordpress\/ -->\n<title>Fiestas mayores de invierno en Barcelona | Cultura local<\/title>\n<meta name=\"description\" content=\"Descubra las fiestas mayores de invierno en Barcelona y viva la cultura local desde Hotel Arc La Rambla, en pleno centro de la ciudad.\" \/>\n<meta name=\"robots\" content=\"noindex, follow\" \/>\n<meta property=\"og:locale\" content=\"es_ES\" \/>\n<meta property=\"og:type\" content=\"article\" \/>\n<meta property=\"og:title\" content=\"Fiestas mayores de invierno en Barcelona | Cultura local\" \/>\n<meta property=\"og:description\" content=\"Descubra las fiestas mayores de invierno en Barcelona y viva la cultura local desde Hotel Arc La Rambla, en pleno centro de la ciudad.\" \/>\n<meta property=\"og:url\" content=\"https:\/\/hotelarclarambla.com\/agenda\/turismo\/fiestas-mayores-invierno-barcelona\/\" \/>\n<meta property=\"og:site_name\" content=\"Hotel Arc La Rambla Blog\" \/>\n<meta property=\"article:published_time\" content=\"2025-11-13T08:00:00+00:00\" \/>\n<meta property=\"article:modified_time\" content=\"2026-03-11T14:59:29+00:00\" \/>\n<meta property=\"og:image\" content=\"https:\/\/hotelarclarambla.com\/agenda\/wp-content\/uploads\/2025\/10\/multitud-evento-al-aire-libre-nina-sobre-hombros.webp\" \/>\n\t<meta property=\"og:image:width\" content=\"800\" \/>\n\t<meta property=\"og:image:height\" content=\"412\" \/>\n\t<meta property=\"og:image:type\" content=\"image\/webp\" \/>\n<meta name=\"author\" content=\"Hotel Arc La Rambla\" \/>\n<meta name=\"twitter:card\" content=\"summary_large_image\" \/>\n<meta name=\"twitter:label1\" content=\"Escrito por\" \/>\n\t<meta name=\"twitter:data1\" content=\"Hotel Arc La Rambla\" \/>\n\t<meta name=\"twitter:label2\" content=\"Tiempo de lectura\" \/>\n\t<meta name=\"twitter:data2\" content=\"4 minutos\" \/>\n<script type=\"application\/ld+json\" class=\"yoast-schema-graph\">{\"@context\":\"https:\\\/\\\/schema.org\",\"@graph\":[{\"@type\":\"Article\",\"@id\":\"https:\\\/\\\/hotelarclarambla.com\\\/agenda\\\/turismo\\\/fiestas-mayores-invierno-barcelona\\\/#article\",\"isPartOf\":{\"@id\":\"https:\\\/\\\/hotelarclarambla.com\\\/agenda\\\/turismo\\\/fiestas-mayores-invierno-barcelona\\\/\"},\"author\":{\"name\":\"Hotel Arc La Rambla\",\"@id\":\"https:\\\/\\\/hotelarclarambla.com\\\/agenda\\\/#\\\/schema\\\/person\\\/41acd5d7da70ae0813cae92d4fa5dba2\"},\"headline\":\"Fiestas de barrio en invierno: el otro calendario festivo de Barcelona\",\"datePublished\":\"2025-11-13T08:00:00+00:00\",\"dateModified\":\"2026-03-11T14:59:29+00:00\",\"mainEntityOfPage\":{\"@id\":\"https:\\\/\\\/hotelarclarambla.com\\\/agenda\\\/turismo\\\/fiestas-mayores-invierno-barcelona\\\/\"},\"wordCount\":861,\"image\":{\"@id\":\"https:\\\/\\\/hotelarclarambla.com\\\/agenda\\\/turismo\\\/fiestas-mayores-invierno-barcelona\\\/#primaryimage\"},\"thumbnailUrl\":\"https:\\\/\\\/hotelarclarambla.com\\\/agenda\\\/wp-content\\\/uploads\\\/2025\\\/10\\\/multitud-evento-al-aire-libre-nina-sobre-hombros.webp\",\"articleSection\":[\"Turismo\"],\"inLanguage\":\"es\"},{\"@type\":\"WebPage\",\"@id\":\"https:\\\/\\\/hotelarclarambla.com\\\/agenda\\\/turismo\\\/fiestas-mayores-invierno-barcelona\\\/\",\"url\":\"https:\\\/\\\/hotelarclarambla.com\\\/agenda\\\/turismo\\\/fiestas-mayores-invierno-barcelona\\\/\",\"name\":\"Fiestas mayores de invierno en Barcelona | Cultura local\",\"isPartOf\":{\"@id\":\"https:\\\/\\\/hotelarclarambla.com\\\/agenda\\\/#website\"},\"primaryImageOfPage\":{\"@id\":\"https:\\\/\\\/hotelarclarambla.com\\\/agenda\\\/turismo\\\/fiestas-mayores-invierno-barcelona\\\/#primaryimage\"},\"image\":{\"@id\":\"https:\\\/\\\/hotelarclarambla.com\\\/agenda\\\/turismo\\\/fiestas-mayores-invierno-barcelona\\\/#primaryimage\"},\"thumbnailUrl\":\"https:\\\/\\\/hotelarclarambla.com\\\/agenda\\\/wp-content\\\/uploads\\\/2025\\\/10\\\/multitud-evento-al-aire-libre-nina-sobre-hombros.webp\",\"datePublished\":\"2025-11-13T08:00:00+00:00\",\"dateModified\":\"2026-03-11T14:59:29+00:00\",\"author\":{\"@id\":\"https:\\\/\\\/hotelarclarambla.com\\\/agenda\\\/#\\\/schema\\\/person\\\/41acd5d7da70ae0813cae92d4fa5dba2\"},\"description\":\"Descubra las fiestas mayores de invierno en Barcelona y viva la cultura local desde Hotel Arc La Rambla, en pleno centro de la ciudad.\",\"breadcrumb\":{\"@id\":\"https:\\\/\\\/hotelarclarambla.com\\\/agenda\\\/turismo\\\/fiestas-mayores-invierno-barcelona\\\/#breadcrumb\"},\"inLanguage\":\"es\",\"potentialAction\":[{\"@type\":\"ReadAction\",\"target\":[\"https:\\\/\\\/hotelarclarambla.com\\\/agenda\\\/turismo\\\/fiestas-mayores-invierno-barcelona\\\/\"]}]},{\"@type\":\"ImageObject\",\"inLanguage\":\"es\",\"@id\":\"https:\\\/\\\/hotelarclarambla.com\\\/agenda\\\/turismo\\\/fiestas-mayores-invierno-barcelona\\\/#primaryimage\",\"url\":\"https:\\\/\\\/hotelarclarambla.com\\\/agenda\\\/wp-content\\\/uploads\\\/2025\\\/10\\\/multitud-evento-al-aire-libre-nina-sobre-hombros.webp\",\"contentUrl\":\"https:\\\/\\\/hotelarclarambla.com\\\/agenda\\\/wp-content\\\/uploads\\\/2025\\\/10\\\/multitud-evento-al-aire-libre-nina-sobre-hombros.webp\",\"width\":800,\"height\":412,\"caption\":\"Multitud en un evento al aire libre, una ni\u00f1a con gorra sentada sobre los hombros de un adulto, escenario y p\u00fablico alrededor.\"},{\"@type\":\"BreadcrumbList\",\"@id\":\"https:\\\/\\\/hotelarclarambla.com\\\/agenda\\\/turismo\\\/fiestas-mayores-invierno-barcelona\\\/#breadcrumb\",\"itemListElement\":[{\"@type\":\"ListItem\",\"position\":1,\"name\":\"Portada\",\"item\":\"https:\\\/\\\/hotelarclarambla.com\\\/agenda\\\/\"},{\"@type\":\"ListItem\",\"position\":2,\"name\":\"Fiestas de barrio en invierno: el otro calendario festivo de Barcelona\"}]},{\"@type\":\"WebSite\",\"@id\":\"https:\\\/\\\/hotelarclarambla.com\\\/agenda\\\/#website\",\"url\":\"https:\\\/\\\/hotelarclarambla.com\\\/agenda\\\/\",\"name\":\"Hotel Arc La Rambla Blog\",\"description\":\"El blog de Hotel Arc\",\"potentialAction\":[{\"@type\":\"SearchAction\",\"target\":{\"@type\":\"EntryPoint\",\"urlTemplate\":\"https:\\\/\\\/hotelarclarambla.com\\\/agenda\\\/?s={search_term_string}\"},\"query-input\":{\"@type\":\"PropertyValueSpecification\",\"valueRequired\":true,\"valueName\":\"search_term_string\"}}],\"inLanguage\":\"es\"},{\"@type\":\"Person\",\"@id\":\"https:\\\/\\\/hotelarclarambla.com\\\/agenda\\\/#\\\/schema\\\/person\\\/41acd5d7da70ae0813cae92d4fa5dba2\",\"name\":\"Hotel Arc La Rambla\",\"image\":{\"@type\":\"ImageObject\",\"inLanguage\":\"es\",\"@id\":\"https:\\\/\\\/secure.gravatar.com\\\/avatar\\\/6688d85e64afefc37922b6bd0c443c86ab21aa5fe4df06381d5ddaaf897f91c7?s=96&d=mm&r=g\",\"url\":\"https:\\\/\\\/secure.gravatar.com\\\/avatar\\\/6688d85e64afefc37922b6bd0c443c86ab21aa5fe4df06381d5ddaaf897f91c7?s=96&d=mm&r=g\",\"contentUrl\":\"https:\\\/\\\/secure.gravatar.com\\\/avatar\\\/6688d85e64afefc37922b6bd0c443c86ab21aa5fe4df06381d5ddaaf897f91c7?s=96&d=mm&r=g\",\"caption\":\"Hotel Arc La Rambla\"},\"url\":\"https:\\\/\\\/hotelarclarambla.com\\\/agenda\\\/author\\\/hotelarc-admin\\\/\"}]}<\/script>\n<!-- \/ Yoast SEO plugin. -->","yoast_head_json":{"title":"Fiestas mayores de invierno en Barcelona | Cultura local","description":"Descubra las fiestas mayores de invierno en Barcelona y viva la cultura local desde Hotel Arc La Rambla, en pleno centro de la ciudad.","robots":{"index":"noindex","follow":"follow"},"og_locale":"es_ES","og_type":"article","og_title":"Fiestas mayores de invierno en Barcelona | Cultura local","og_description":"Descubra las fiestas mayores de invierno en Barcelona y viva la cultura local desde Hotel Arc La Rambla, en pleno centro de la ciudad.","og_url":"https:\/\/hotelarclarambla.com\/agenda\/turismo\/fiestas-mayores-invierno-barcelona\/","og_site_name":"Hotel Arc La Rambla Blog","article_published_time":"2025-11-13T08:00:00+00:00","article_modified_time":"2026-03-11T14:59:29+00:00","og_image":[{"width":800,"height":412,"url":"https:\/\/hotelarclarambla.com\/agenda\/wp-content\/uploads\/2025\/10\/multitud-evento-al-aire-libre-nina-sobre-hombros.webp","type":"image\/webp"}],"author":"Hotel Arc La Rambla","twitter_card":"summary_large_image","twitter_misc":{"Escrito por":"Hotel Arc La Rambla","Tiempo de lectura":"4 minutos"},"schema":{"@context":"https:\/\/schema.org","@graph":[{"@type":"Article","@id":"https:\/\/hotelarclarambla.com\/agenda\/turismo\/fiestas-mayores-invierno-barcelona\/#article","isPartOf":{"@id":"https:\/\/hotelarclarambla.com\/agenda\/turismo\/fiestas-mayores-invierno-barcelona\/"},"author":{"name":"Hotel Arc La Rambla","@id":"https:\/\/hotelarclarambla.com\/agenda\/#\/schema\/person\/41acd5d7da70ae0813cae92d4fa5dba2"},"headline":"Fiestas de barrio en invierno: el otro calendario festivo de Barcelona","datePublished":"2025-11-13T08:00:00+00:00","dateModified":"2026-03-11T14:59:29+00:00","mainEntityOfPage":{"@id":"https:\/\/hotelarclarambla.com\/agenda\/turismo\/fiestas-mayores-invierno-barcelona\/"},"wordCount":861,"image":{"@id":"https:\/\/hotelarclarambla.com\/agenda\/turismo\/fiestas-mayores-invierno-barcelona\/#primaryimage"},"thumbnailUrl":"https:\/\/hotelarclarambla.com\/agenda\/wp-content\/uploads\/2025\/10\/multitud-evento-al-aire-libre-nina-sobre-hombros.webp","articleSection":["Turismo"],"inLanguage":"es"},{"@type":"WebPage","@id":"https:\/\/hotelarclarambla.com\/agenda\/turismo\/fiestas-mayores-invierno-barcelona\/","url":"https:\/\/hotelarclarambla.com\/agenda\/turismo\/fiestas-mayores-invierno-barcelona\/","name":"Fiestas mayores de invierno en Barcelona | Cultura local","isPartOf":{"@id":"https:\/\/hotelarclarambla.com\/agenda\/#website"},"primaryImageOfPage":{"@id":"https:\/\/hotelarclarambla.com\/agenda\/turismo\/fiestas-mayores-invierno-barcelona\/#primaryimage"},"image":{"@id":"https:\/\/hotelarclarambla.com\/agenda\/turismo\/fiestas-mayores-invierno-barcelona\/#primaryimage"},"thumbnailUrl":"https:\/\/hotelarclarambla.com\/agenda\/wp-content\/uploads\/2025\/10\/multitud-evento-al-aire-libre-nina-sobre-hombros.webp","datePublished":"2025-11-13T08:00:00+00:00","dateModified":"2026-03-11T14:59:29+00:00","author":{"@id":"https:\/\/hotelarclarambla.com\/agenda\/#\/schema\/person\/41acd5d7da70ae0813cae92d4fa5dba2"},"description":"Descubra las fiestas mayores de invierno en Barcelona y viva la cultura local desde Hotel Arc La Rambla, en pleno centro de la ciudad.","breadcrumb":{"@id":"https:\/\/hotelarclarambla.com\/agenda\/turismo\/fiestas-mayores-invierno-barcelona\/#breadcrumb"},"inLanguage":"es","potentialAction":[{"@type":"ReadAction","target":["https:\/\/hotelarclarambla.com\/agenda\/turismo\/fiestas-mayores-invierno-barcelona\/"]}]},{"@type":"ImageObject","inLanguage":"es","@id":"https:\/\/hotelarclarambla.com\/agenda\/turismo\/fiestas-mayores-invierno-barcelona\/#primaryimage","url":"https:\/\/hotelarclarambla.com\/agenda\/wp-content\/uploads\/2025\/10\/multitud-evento-al-aire-libre-nina-sobre-hombros.webp","contentUrl":"https:\/\/hotelarclarambla.com\/agenda\/wp-content\/uploads\/2025\/10\/multitud-evento-al-aire-libre-nina-sobre-hombros.webp","width":800,"height":412,"caption":"Multitud en un evento al aire libre, una ni\u00f1a con gorra sentada sobre los hombros de un adulto, escenario y p\u00fablico alrededor."},{"@type":"BreadcrumbList","@id":"https:\/\/hotelarclarambla.com\/agenda\/turismo\/fiestas-mayores-invierno-barcelona\/#breadcrumb","itemListElement":[{"@type":"ListItem","position":1,"name":"Portada","item":"https:\/\/hotelarclarambla.com\/agenda\/"},{"@type":"ListItem","position":2,"name":"Fiestas de barrio en invierno: el otro calendario festivo de Barcelona"}]},{"@type":"WebSite","@id":"https:\/\/hotelarclarambla.com\/agenda\/#website","url":"https:\/\/hotelarclarambla.com\/agenda\/","name":"Hotel Arc La Rambla Blog","description":"El blog de Hotel Arc","potentialAction":[{"@type":"SearchAction","target":{"@type":"EntryPoint","urlTemplate":"https:\/\/hotelarclarambla.com\/agenda\/?s={search_term_string}"},"query-input":{"@type":"PropertyValueSpecification","valueRequired":true,"valueName":"search_term_string"}}],"inLanguage":"es"},{"@type":"Person","@id":"https:\/\/hotelarclarambla.com\/agenda\/#\/schema\/person\/41acd5d7da70ae0813cae92d4fa5dba2","name":"Hotel Arc La Rambla","image":{"@type":"ImageObject","inLanguage":"es","@id":"https:\/\/secure.gravatar.com\/avatar\/6688d85e64afefc37922b6bd0c443c86ab21aa5fe4df06381d5ddaaf897f91c7?s=96&d=mm&r=g","url":"https:\/\/secure.gravatar.com\/avatar\/6688d85e64afefc37922b6bd0c443c86ab21aa5fe4df06381d5ddaaf897f91c7?s=96&d=mm&r=g","contentUrl":"https:\/\/secure.gravatar.com\/avatar\/6688d85e64afefc37922b6bd0c443c86ab21aa5fe4df06381d5ddaaf897f91c7?s=96&d=mm&r=g","caption":"Hotel Arc La Rambla"},"url":"https:\/\/hotelarclarambla.com\/agenda\/author\/hotelarc-admin\/"}]}},"_links":{"self":[{"href":"https:\/\/hotelarclarambla.com\/agenda\/wp-json\/wp\/v2\/posts\/240513","targetHints":{"allow":["GET"]}}],"collection":[{"href":"https:\/\/hotelarclarambla.com\/agenda\/wp-json\/wp\/v2\/posts"}],"about":[{"href":"https:\/\/hotelarclarambla.com\/agenda\/wp-json\/wp\/v2\/types\/post"}],"author":[{"embeddable":true,"href":"https:\/\/hotelarclarambla.com\/agenda\/wp-json\/wp\/v2\/users\/5"}],"replies":[{"embeddable":true,"href":"https:\/\/hotelarclarambla.com\/agenda\/wp-json\/wp\/v2\/comments?post=240513"}],"version-history":[{"count":2,"href":"https:\/\/hotelarclarambla.com\/agenda\/wp-json\/wp\/v2\/posts\/240513\/revisions"}],"predecessor-version":[{"id":241033,"href":"https:\/\/hotelarclarambla.com\/agenda\/wp-json\/wp\/v2\/posts\/240513\/revisions\/241033"}],"wp:featuredmedia":[{"embeddable":true,"href":"https:\/\/hotelarclarambla.com\/agenda\/wp-json\/wp\/v2\/media\/240514"}],"wp:attachment":[{"href":"https:\/\/hotelarclarambla.com\/agenda\/wp-json\/wp\/v2\/media?parent=240513"}],"wp:term":[{"taxonomy":"category","embeddable":true,"href":"https:\/\/hotelarclarambla.com\/agenda\/wp-json\/wp\/v2\/categories?post=240513"},{"taxonomy":"post_tag","embeddable":true,"href":"https:\/\/hotelarclarambla.com\/agenda\/wp-json\/wp\/v2\/tags?post=240513"}],"curies":[{"name":"wp","href":"https:\/\/api.w.org\/{rel}","templated":true}]}}