{"id":240420,"date":"2025-08-20T09:00:00","date_gmt":"2025-08-20T07:00:00","guid":{"rendered":"https:\/\/hotelarclarambla.com\/agenda\/?p=240420"},"modified":"2025-08-04T09:56:35","modified_gmt":"2025-08-04T07:56:35","slug":"cuevas-collbato-inspiraron-gaudi","status":"publish","type":"post","link":"https:\/\/hotelarclarambla.com\/agenda\/que-ver-en-barcelona\/cuevas-collbato-inspiraron-gaudi\/","title":{"rendered":"Las Coves del Salnitre: el santuario subterr\u00e1neo que inspir\u00f3 a Gaud\u00ed"},"content":{"rendered":"\n<p>Situadas a los pies del macizo de Montserrat, las <strong>Coves del Salnitre<\/strong> esconden mucho m\u00e1s que formas impresionantes: en sus entra\u00f1as se esconde una historia que abarca miles de a\u00f1os. Desde los primeros asentamientos humanos hasta servir de inspiraci\u00f3n al mism\u00edsimo Gaud\u00ed, estas cuevas son uno de los tesoros m\u00e1s desconocidos \u2014y fascinantes\u2014 de Catalu\u00f1a.<\/p>\n\n\n\n<p><strong>Geolog\u00eda, leyenda y maravilla natural<\/strong>Las cuevas se formaron hace m\u00e1s de <strong>36 millones de a\u00f1os<\/strong> por la erosi\u00f3n del agua sobre las rocas calc\u00e1reas de Montserrat. Su nombre proviene del \u201csalitre\u201d, un nitrato que se extra\u00eda de su interior para elaborar p\u00f3lvora. Adem\u00e1s de sus dimensiones espectaculares, sus pasadizos naturales han dado lugar a salas con nombres evocadores como <strong>la Catedral<\/strong>, <strong>la Boca del Infierno<\/strong> o <strong>la Sala de los Elefantes<\/strong>.<br><\/p>\n\n\n\n<h2 class=\"wp-block-heading\"><strong>Testigos de la historia: de la Prehistoria al siglo XX<\/strong><\/h2>\n\n\n\n<h3 class=\"wp-block-heading\"><strong>Prehistoria: el primer hogar<\/strong><\/h3>\n\n\n\n<p>Las cuevas ya estaban ocupadas en el <strong>Neol\u00edtico<\/strong>, hace m\u00e1s de 5.000 a\u00f1os. Se han encontrado restos arqueol\u00f3gicos \u2014herramientas, cer\u00e1micas y huesos\u2014 que demuestran que fueron utilizadas como <strong>vivienda y refugio<\/strong> por comunidades prehist\u00f3ricas. Su localizaci\u00f3n protegida y la abundancia de agua las convert\u00edan en un lugar ideal para establecerse.<\/p>\n\n\n\n<h3 class=\"wp-block-heading\"><strong>Edad Media: el oro blanco de los monjes<\/strong><\/h3>\n\n\n\n<p>Durante la Edad Media, los monjes del monasterio de Montserrat descubrieron un valor a\u00f1adido en las cuevas: <strong>el salitre<\/strong>, que extra\u00edan de los sedimentos y excrementos de murci\u00e9lago, era un componente esencial en la fabricaci\u00f3n de p\u00f3lvora. Este recurso natural se convirti\u00f3 en una fuente de ingresos y en una pieza clave para la defensa militar de la \u00e9poca. Se organizaban <strong>trabajos de extracci\u00f3n<\/strong> y almacenamiento, incluso se habilitaron zonas de trabajo en el interior de la cueva.<\/p>\n\n\n\n<h3 class=\"wp-block-heading\"><strong>Siglo XIX: inspiraci\u00f3n para el modernismo<\/strong><\/h3>\n\n\n\n<p>Fue en esta \u00e9poca cuando <strong>Antoni Gaud\u00ed<\/strong> visit\u00f3 las Coves del Salnitre y qued\u00f3 impresionado por las formas org\u00e1nicas de sus salas. Las <strong>columnas onduladas, b\u00f3vedas naturales y texturas minerales<\/strong> le sirvieron como modelo para elementos de la <strong>Sagrada Familia<\/strong> y otras obras modernistas. La naturaleza como arquitectura viva era, para \u00e9l, una fuente inagotable de sabidur\u00eda, y estas cuevas se convirtieron en su laboratorio subterr\u00e1neo.<\/p>\n\n\n\n<h3 class=\"wp-block-heading\"><strong>Guerra Civil: refugio en tiempos oscuros<\/strong><\/h3>\n\n\n\n<p>Durante la <strong>Guerra Civil espa\u00f1ola (1936\u20131939)<\/strong>, las cuevas fueron utilizadas como <strong>refugio para la poblaci\u00f3n civil<\/strong>, protegi\u00e9ndose de los bombardeos que amenazaban la comarca. Su profundidad y estructura interna ofrec\u00edan un escondite natural seguro. Tambi\u00e9n circularon historias de contrabando y escondites de armas, aunque algunas de ellas forman parte de la rica <strong>leyenda popular<\/strong> asociada a este enclave.<\/p>\n\n\n\n<h2 class=\"wp-block-heading\"><strong>\u00bfC\u00f3mo es la visita?<\/strong><\/h2>\n\n\n\n<p>La experiencia es guiada y tiene una duraci\u00f3n aproximada de una hora. Comienza con una introducci\u00f3n audiovisual que contextualiza el recorrido:<\/p>\n\n\n\n<ul class=\"wp-block-list\">\n<li><strong>Trayecto:<\/strong> m\u00e1s de 500 escalones interiores y 244 para acceder desde el exterior.<\/li>\n\n\n\n<li><strong>Salas principales:<\/strong> la Catedral, la Sala de los Elefantes, la Cueva del Cambril y la Boca del Infierno.<\/li>\n\n\n\n<li><strong>Condiciones:<\/strong> temperatura constante de 14 \u00b0C y humedad cercana al 98 %.<\/li>\n\n\n\n<li><strong>Recomendaciones:<\/strong> ropa de abrigo (incluso en verano), calzado deportivo y agua.<\/li>\n<\/ul>\n\n\n\n<p>Las visitas est\u00e1n abiertas todo el a\u00f1o, pero en temporada alta le recomendamos reservar con antelaci\u00f3n para asegurarse plaza, ya que suele haber m\u00e1s demanda.<\/p>\n\n\n\n<h2 class=\"wp-block-heading\"><strong>\u00bfC\u00f3mo llegar a las Coves del Salnitre desde Barcelona?<\/strong><\/h2>\n\n\n\n<p>Planear una visita a las Coves del Salnitre desde <strong>Hotel Arc La Rambla<\/strong> es sencillo y accesible. Existen varias formas de llegar, adaptadas a diferentes preferencias:<\/p>\n\n\n\n<h3 class=\"wp-block-heading\"><strong>En coche (recomendado)<\/strong><\/h3>\n\n\n\n<ul class=\"wp-block-list\">\n<li><strong>Distancia:<\/strong> 45\u202fkm aprox.<\/li>\n\n\n\n<li><strong>Duraci\u00f3n:<\/strong> entre 45 y 55 minutos.<\/li>\n\n\n\n<li><strong>Ruta recomendada: <\/strong>Tome la salida de Barcelona por la <strong>B-10 (Ronda Litoral)<\/strong> en direcci\u00f3n L\u2019Hospitalet. Contin\u00fae por la <strong>A-2<\/strong> hasta la salida <strong>Collbat\u00f3<\/strong>. Una vez all\u00ed, siga las indicaciones hacia el aparcamiento de las cuevas (<em>Aparcament Coves del Salnitre<\/em>), donde comenzar\u00e1 el ascenso a pie por un sendero bien se\u00f1alizado.<\/li>\n<\/ul>\n\n\n\n<h3 class=\"wp-block-heading\"><strong>En transporte p\u00fablico<\/strong><\/h3>\n\n\n\n<p>Ideal si prefiere una opci\u00f3n m\u00e1s sostenible o no dispone de veh\u00edculo.<\/p>\n\n\n\n<ol class=\"wp-block-list\">\n<li><strong>Tren + taxi o caminata<\/strong>\n<ul class=\"wp-block-list\">\n<li>Desde <strong>Pla\u00e7a Espanya<\/strong>, tome la l\u00ednea R5 de Ferrocarrils de la Generalitat de Catalunya (FGC) hasta <strong>Monistrol de Montserrat<\/strong> o <strong>Montserrat-Aeri<\/strong>.<\/li>\n\n\n\n<li>Desde all\u00ed puede tomar un taxi local hasta Collbat\u00f3 (aproximadamente 15 minutos), o bien coordinar el trayecto caminando o en bus si hay servicio activo (consultar con antelaci\u00f3n).<\/li>\n<\/ul>\n<\/li>\n\n\n\n<li><strong>Autob\u00fas (opcional, con combinaciones)<\/strong>\n<ul class=\"wp-block-list\">\n<li>Algunas l\u00edneas regionales (como las de <strong>Hife<\/strong> o <strong>MonBus<\/strong>) llegan a Olesa de Montserrat o Esparreguera. Desde ah\u00ed, se debe combinar con taxi o caminata.<\/li>\n<\/ul>\n<\/li>\n<\/ol>\n\n\n\n<h3 class=\"wp-block-heading\"><strong>A tener en cuenta:<\/strong><\/h3>\n\n\n\n<ul class=\"wp-block-list\">\n<li>El acceso final requiere un <strong>ascenso a pie de unos 10-15 minutos<\/strong> desde el aparcamiento hasta la entrada de las cuevas.<\/li>\n\n\n\n<li>Lleve <strong>calzado c\u00f3modo, gorra y agua<\/strong>, especialmente en meses de calor.<\/li>\n\n\n\n<li>Para facilitar su experiencia, en recepci\u00f3n de Hotel Arc La Rambla estaremos encantados de ayudarle con <strong>mapas, reservas y recomendaciones<\/strong> personalizadas<\/li>\n<\/ul>\n\n\n\n<h2 class=\"wp-block-heading\"><strong>Una escapada perfecta desde Hotel Arc La Rambla<\/strong><\/h2>\n\n\n\n<p>Ubicado <strong>en la Rambla de Barcelona<\/strong>, Hotel Arc La Rambla le permite disfrutar del coraz\u00f3n de la ciudad y, al mismo tiempo, planificar escapadas culturales como esta. A solo 45 minutos en coche, las Coves del Salnitre son una opci\u00f3n ideal para combinar <strong>naturaleza, historia y arquitectura<\/strong> en un mismo d\u00eda.<\/p>\n\n\n\n<h2 class=\"wp-block-heading\"><strong>Reserve su estancia y sum\u00e9rjase en la historia<\/strong><\/h2>\n\n\n\n<p>Utilice el c\u00f3digo promocional <strong>ARCBLOG<\/strong> en su reserva en hotelarclarambla.com y disfrute de un descuento exclusivo.<\/p>\n\n\n\n<p>S\u00edganos en <a href=\"https:\/\/www.instagram.com\/arclarambla\/\" target=\"_blank\" rel=\"noreferrer noopener nofollow\">Instagram @arclarambla<\/a> y <a href=\"https:\/\/www.facebook.com\/HotelArcLaRambla\/\" target=\"_blank\" rel=\"noreferrer noopener nofollow\">Facebook<\/a> para m\u00e1s ideas de escapadas \u00fanicas.<\/p>\n","protected":false},"excerpt":{"rendered":"<p>Arte, leyendas y naturaleza bajo tierra: explore las Coves del Salnitre, un enclave \u00fanico en Collbat\u00f3 con miles de a\u00f1os de historia y belleza geol\u00f3gica.<\/p>\n","protected":false},"author":1,"featured_media":240430,"comment_status":"closed","ping_status":"closed","sticky":false,"template":"","format":"standard","meta":{"_acf_changed":false,"_et_pb_use_builder":"off","_et_pb_old_content":"","_et_gb_content_width":"","inline_featured_image":false,"footnotes":""},"categories":[4140],"tags":[],"class_list":["post-240420","post","type-post","status-publish","format-standard","has-post-thumbnail","hentry","category-que-ver-en-barcelona"],"acf":[],"yoast_head":"<!-- This site is optimized with the Yoast SEO plugin v27.4 - https:\/\/yoast.com\/product\/yoast-seo-wordpress\/ -->\n<title>Coves del Salnitre: cuevas que inspiraron a Gaud\u00ed<\/title>\n<meta name=\"description\" content=\"Descubra las Coves del Salnitre, refugio prehist\u00f3rico y fuente de inspiraci\u00f3n para Gaud\u00ed. Una visita imprescindible cerca de Barcelona\" \/>\n<meta name=\"robots\" content=\"index, follow, max-snippet:-1, max-image-preview:large, max-video-preview:-1\" \/>\n<link rel=\"canonical\" href=\"https:\/\/hotelarclarambla.com\/agenda\/que-ver-en-barcelona\/cuevas-collbato-inspiraron-gaudi\/\" \/>\n<meta property=\"og:locale\" content=\"es_ES\" \/>\n<meta property=\"og:type\" content=\"article\" \/>\n<meta property=\"og:title\" content=\"Coves del Salnitre: cuevas que inspiraron a Gaud\u00ed\" \/>\n<meta property=\"og:description\" content=\"Descubra las Coves del Salnitre, refugio prehist\u00f3rico y fuente de inspiraci\u00f3n para Gaud\u00ed. Una visita imprescindible cerca de Barcelona\" \/>\n<meta property=\"og:url\" content=\"https:\/\/hotelarclarambla.com\/agenda\/que-ver-en-barcelona\/cuevas-collbato-inspiraron-gaudi\/\" \/>\n<meta property=\"og:site_name\" content=\"Hotel Arc La Rambla Blog\" \/>\n<meta property=\"article:published_time\" content=\"2025-08-20T07:00:00+00:00\" \/>\n<meta property=\"og:image\" content=\"https:\/\/hotelarclarambla.com\/agenda\/wp-content\/uploads\/2025\/08\/coves-de-salnitre.webp\" \/>\n\t<meta property=\"og:image:width\" content=\"1024\" \/>\n\t<meta property=\"og:image:height\" content=\"612\" \/>\n\t<meta property=\"og:image:type\" content=\"image\/webp\" \/>\n<meta name=\"author\" content=\"admin\" \/>\n<meta name=\"twitter:card\" content=\"summary_large_image\" \/>\n<meta name=\"twitter:label1\" content=\"Escrito por\" \/>\n\t<meta name=\"twitter:data1\" content=\"admin\" \/>\n\t<meta name=\"twitter:label2\" content=\"Tiempo de lectura\" \/>\n\t<meta name=\"twitter:data2\" content=\"4 minutos\" \/>\n<script type=\"application\/ld+json\" class=\"yoast-schema-graph\">{\"@context\":\"https:\\\/\\\/schema.org\",\"@graph\":[{\"@type\":\"Article\",\"@id\":\"https:\\\/\\\/hotelarclarambla.com\\\/agenda\\\/que-ver-en-barcelona\\\/cuevas-collbato-inspiraron-gaudi\\\/#article\",\"isPartOf\":{\"@id\":\"https:\\\/\\\/hotelarclarambla.com\\\/agenda\\\/que-ver-en-barcelona\\\/cuevas-collbato-inspiraron-gaudi\\\/\"},\"author\":{\"name\":\"admin\",\"@id\":\"https:\\\/\\\/hotelarclarambla.com\\\/agenda\\\/#\\\/schema\\\/person\\\/b40fb00e3d10940d7ffb6848593b8d04\"},\"headline\":\"Las Coves del Salnitre: el santuario subterr\u00e1neo que inspir\u00f3 a Gaud\u00ed\",\"datePublished\":\"2025-08-20T07:00:00+00:00\",\"mainEntityOfPage\":{\"@id\":\"https:\\\/\\\/hotelarclarambla.com\\\/agenda\\\/que-ver-en-barcelona\\\/cuevas-collbato-inspiraron-gaudi\\\/\"},\"wordCount\":934,\"image\":{\"@id\":\"https:\\\/\\\/hotelarclarambla.com\\\/agenda\\\/que-ver-en-barcelona\\\/cuevas-collbato-inspiraron-gaudi\\\/#primaryimage\"},\"thumbnailUrl\":\"https:\\\/\\\/hotelarclarambla.com\\\/agenda\\\/wp-content\\\/uploads\\\/2025\\\/08\\\/coves-de-salnitre.webp\",\"articleSection\":[\"Qu\u00e9 ver en Barcelona\"],\"inLanguage\":\"es\"},{\"@type\":\"WebPage\",\"@id\":\"https:\\\/\\\/hotelarclarambla.com\\\/agenda\\\/que-ver-en-barcelona\\\/cuevas-collbato-inspiraron-gaudi\\\/\",\"url\":\"https:\\\/\\\/hotelarclarambla.com\\\/agenda\\\/que-ver-en-barcelona\\\/cuevas-collbato-inspiraron-gaudi\\\/\",\"name\":\"Coves del Salnitre: cuevas que inspiraron a Gaud\u00ed\",\"isPartOf\":{\"@id\":\"https:\\\/\\\/hotelarclarambla.com\\\/agenda\\\/#website\"},\"primaryImageOfPage\":{\"@id\":\"https:\\\/\\\/hotelarclarambla.com\\\/agenda\\\/que-ver-en-barcelona\\\/cuevas-collbato-inspiraron-gaudi\\\/#primaryimage\"},\"image\":{\"@id\":\"https:\\\/\\\/hotelarclarambla.com\\\/agenda\\\/que-ver-en-barcelona\\\/cuevas-collbato-inspiraron-gaudi\\\/#primaryimage\"},\"thumbnailUrl\":\"https:\\\/\\\/hotelarclarambla.com\\\/agenda\\\/wp-content\\\/uploads\\\/2025\\\/08\\\/coves-de-salnitre.webp\",\"datePublished\":\"2025-08-20T07:00:00+00:00\",\"author\":{\"@id\":\"https:\\\/\\\/hotelarclarambla.com\\\/agenda\\\/#\\\/schema\\\/person\\\/b40fb00e3d10940d7ffb6848593b8d04\"},\"description\":\"Descubra las Coves del Salnitre, refugio prehist\u00f3rico y fuente de inspiraci\u00f3n para Gaud\u00ed. Una visita imprescindible cerca de Barcelona\",\"breadcrumb\":{\"@id\":\"https:\\\/\\\/hotelarclarambla.com\\\/agenda\\\/que-ver-en-barcelona\\\/cuevas-collbato-inspiraron-gaudi\\\/#breadcrumb\"},\"inLanguage\":\"es\",\"potentialAction\":[{\"@type\":\"ReadAction\",\"target\":[\"https:\\\/\\\/hotelarclarambla.com\\\/agenda\\\/que-ver-en-barcelona\\\/cuevas-collbato-inspiraron-gaudi\\\/\"]}]},{\"@type\":\"ImageObject\",\"inLanguage\":\"es\",\"@id\":\"https:\\\/\\\/hotelarclarambla.com\\\/agenda\\\/que-ver-en-barcelona\\\/cuevas-collbato-inspiraron-gaudi\\\/#primaryimage\",\"url\":\"https:\\\/\\\/hotelarclarambla.com\\\/agenda\\\/wp-content\\\/uploads\\\/2025\\\/08\\\/coves-de-salnitre.webp\",\"contentUrl\":\"https:\\\/\\\/hotelarclarambla.com\\\/agenda\\\/wp-content\\\/uploads\\\/2025\\\/08\\\/coves-de-salnitre.webp\",\"width\":1024,\"height\":612,\"caption\":\"Cuevas de Salnitre Collbato\"},{\"@type\":\"BreadcrumbList\",\"@id\":\"https:\\\/\\\/hotelarclarambla.com\\\/agenda\\\/que-ver-en-barcelona\\\/cuevas-collbato-inspiraron-gaudi\\\/#breadcrumb\",\"itemListElement\":[{\"@type\":\"ListItem\",\"position\":1,\"name\":\"Portada\",\"item\":\"https:\\\/\\\/hotelarclarambla.com\\\/agenda\\\/\"},{\"@type\":\"ListItem\",\"position\":2,\"name\":\"Las Coves del Salnitre: el santuario subterr\u00e1neo que inspir\u00f3 a Gaud\u00ed\"}]},{\"@type\":\"WebSite\",\"@id\":\"https:\\\/\\\/hotelarclarambla.com\\\/agenda\\\/#website\",\"url\":\"https:\\\/\\\/hotelarclarambla.com\\\/agenda\\\/\",\"name\":\"Hotel Arc La Rambla Blog\",\"description\":\"El blog de Hotel Arc\",\"potentialAction\":[{\"@type\":\"SearchAction\",\"target\":{\"@type\":\"EntryPoint\",\"urlTemplate\":\"https:\\\/\\\/hotelarclarambla.com\\\/agenda\\\/?s={search_term_string}\"},\"query-input\":{\"@type\":\"PropertyValueSpecification\",\"valueRequired\":true,\"valueName\":\"search_term_string\"}}],\"inLanguage\":\"es\"},{\"@type\":\"Person\",\"@id\":\"https:\\\/\\\/hotelarclarambla.com\\\/agenda\\\/#\\\/schema\\\/person\\\/b40fb00e3d10940d7ffb6848593b8d04\",\"name\":\"admin\",\"image\":{\"@type\":\"ImageObject\",\"inLanguage\":\"es\",\"@id\":\"https:\\\/\\\/secure.gravatar.com\\\/avatar\\\/e7d2a513cc006a0531b1545b92475922773d5049debd5d662a4049cc030a89aa?s=96&d=mm&r=g\",\"url\":\"https:\\\/\\\/secure.gravatar.com\\\/avatar\\\/e7d2a513cc006a0531b1545b92475922773d5049debd5d662a4049cc030a89aa?s=96&d=mm&r=g\",\"contentUrl\":\"https:\\\/\\\/secure.gravatar.com\\\/avatar\\\/e7d2a513cc006a0531b1545b92475922773d5049debd5d662a4049cc030a89aa?s=96&d=mm&r=g\",\"caption\":\"admin\"},\"url\":\"https:\\\/\\\/hotelarclarambla.com\\\/agenda\\\/author\\\/admin\\\/\"}]}<\/script>\n<!-- \/ Yoast SEO plugin. -->","yoast_head_json":{"title":"Coves del Salnitre: cuevas que inspiraron a Gaud\u00ed","description":"Descubra las Coves del Salnitre, refugio prehist\u00f3rico y fuente de inspiraci\u00f3n para Gaud\u00ed. Una visita imprescindible cerca de Barcelona","robots":{"index":"index","follow":"follow","max-snippet":"max-snippet:-1","max-image-preview":"max-image-preview:large","max-video-preview":"max-video-preview:-1"},"canonical":"https:\/\/hotelarclarambla.com\/agenda\/que-ver-en-barcelona\/cuevas-collbato-inspiraron-gaudi\/","og_locale":"es_ES","og_type":"article","og_title":"Coves del Salnitre: cuevas que inspiraron a Gaud\u00ed","og_description":"Descubra las Coves del Salnitre, refugio prehist\u00f3rico y fuente de inspiraci\u00f3n para Gaud\u00ed. Una visita imprescindible cerca de Barcelona","og_url":"https:\/\/hotelarclarambla.com\/agenda\/que-ver-en-barcelona\/cuevas-collbato-inspiraron-gaudi\/","og_site_name":"Hotel Arc La Rambla Blog","article_published_time":"2025-08-20T07:00:00+00:00","og_image":[{"width":1024,"height":612,"url":"https:\/\/hotelarclarambla.com\/agenda\/wp-content\/uploads\/2025\/08\/coves-de-salnitre.webp","type":"image\/webp"}],"author":"admin","twitter_card":"summary_large_image","twitter_misc":{"Escrito por":"admin","Tiempo de lectura":"4 minutos"},"schema":{"@context":"https:\/\/schema.org","@graph":[{"@type":"Article","@id":"https:\/\/hotelarclarambla.com\/agenda\/que-ver-en-barcelona\/cuevas-collbato-inspiraron-gaudi\/#article","isPartOf":{"@id":"https:\/\/hotelarclarambla.com\/agenda\/que-ver-en-barcelona\/cuevas-collbato-inspiraron-gaudi\/"},"author":{"name":"admin","@id":"https:\/\/hotelarclarambla.com\/agenda\/#\/schema\/person\/b40fb00e3d10940d7ffb6848593b8d04"},"headline":"Las Coves del Salnitre: el santuario subterr\u00e1neo que inspir\u00f3 a Gaud\u00ed","datePublished":"2025-08-20T07:00:00+00:00","mainEntityOfPage":{"@id":"https:\/\/hotelarclarambla.com\/agenda\/que-ver-en-barcelona\/cuevas-collbato-inspiraron-gaudi\/"},"wordCount":934,"image":{"@id":"https:\/\/hotelarclarambla.com\/agenda\/que-ver-en-barcelona\/cuevas-collbato-inspiraron-gaudi\/#primaryimage"},"thumbnailUrl":"https:\/\/hotelarclarambla.com\/agenda\/wp-content\/uploads\/2025\/08\/coves-de-salnitre.webp","articleSection":["Qu\u00e9 ver en Barcelona"],"inLanguage":"es"},{"@type":"WebPage","@id":"https:\/\/hotelarclarambla.com\/agenda\/que-ver-en-barcelona\/cuevas-collbato-inspiraron-gaudi\/","url":"https:\/\/hotelarclarambla.com\/agenda\/que-ver-en-barcelona\/cuevas-collbato-inspiraron-gaudi\/","name":"Coves del Salnitre: cuevas que inspiraron a Gaud\u00ed","isPartOf":{"@id":"https:\/\/hotelarclarambla.com\/agenda\/#website"},"primaryImageOfPage":{"@id":"https:\/\/hotelarclarambla.com\/agenda\/que-ver-en-barcelona\/cuevas-collbato-inspiraron-gaudi\/#primaryimage"},"image":{"@id":"https:\/\/hotelarclarambla.com\/agenda\/que-ver-en-barcelona\/cuevas-collbato-inspiraron-gaudi\/#primaryimage"},"thumbnailUrl":"https:\/\/hotelarclarambla.com\/agenda\/wp-content\/uploads\/2025\/08\/coves-de-salnitre.webp","datePublished":"2025-08-20T07:00:00+00:00","author":{"@id":"https:\/\/hotelarclarambla.com\/agenda\/#\/schema\/person\/b40fb00e3d10940d7ffb6848593b8d04"},"description":"Descubra las Coves del Salnitre, refugio prehist\u00f3rico y fuente de inspiraci\u00f3n para Gaud\u00ed. Una visita imprescindible cerca de Barcelona","breadcrumb":{"@id":"https:\/\/hotelarclarambla.com\/agenda\/que-ver-en-barcelona\/cuevas-collbato-inspiraron-gaudi\/#breadcrumb"},"inLanguage":"es","potentialAction":[{"@type":"ReadAction","target":["https:\/\/hotelarclarambla.com\/agenda\/que-ver-en-barcelona\/cuevas-collbato-inspiraron-gaudi\/"]}]},{"@type":"ImageObject","inLanguage":"es","@id":"https:\/\/hotelarclarambla.com\/agenda\/que-ver-en-barcelona\/cuevas-collbato-inspiraron-gaudi\/#primaryimage","url":"https:\/\/hotelarclarambla.com\/agenda\/wp-content\/uploads\/2025\/08\/coves-de-salnitre.webp","contentUrl":"https:\/\/hotelarclarambla.com\/agenda\/wp-content\/uploads\/2025\/08\/coves-de-salnitre.webp","width":1024,"height":612,"caption":"Cuevas de Salnitre Collbato"},{"@type":"BreadcrumbList","@id":"https:\/\/hotelarclarambla.com\/agenda\/que-ver-en-barcelona\/cuevas-collbato-inspiraron-gaudi\/#breadcrumb","itemListElement":[{"@type":"ListItem","position":1,"name":"Portada","item":"https:\/\/hotelarclarambla.com\/agenda\/"},{"@type":"ListItem","position":2,"name":"Las Coves del Salnitre: el santuario subterr\u00e1neo que inspir\u00f3 a Gaud\u00ed"}]},{"@type":"WebSite","@id":"https:\/\/hotelarclarambla.com\/agenda\/#website","url":"https:\/\/hotelarclarambla.com\/agenda\/","name":"Hotel Arc La Rambla Blog","description":"El blog de Hotel Arc","potentialAction":[{"@type":"SearchAction","target":{"@type":"EntryPoint","urlTemplate":"https:\/\/hotelarclarambla.com\/agenda\/?s={search_term_string}"},"query-input":{"@type":"PropertyValueSpecification","valueRequired":true,"valueName":"search_term_string"}}],"inLanguage":"es"},{"@type":"Person","@id":"https:\/\/hotelarclarambla.com\/agenda\/#\/schema\/person\/b40fb00e3d10940d7ffb6848593b8d04","name":"admin","image":{"@type":"ImageObject","inLanguage":"es","@id":"https:\/\/secure.gravatar.com\/avatar\/e7d2a513cc006a0531b1545b92475922773d5049debd5d662a4049cc030a89aa?s=96&d=mm&r=g","url":"https:\/\/secure.gravatar.com\/avatar\/e7d2a513cc006a0531b1545b92475922773d5049debd5d662a4049cc030a89aa?s=96&d=mm&r=g","contentUrl":"https:\/\/secure.gravatar.com\/avatar\/e7d2a513cc006a0531b1545b92475922773d5049debd5d662a4049cc030a89aa?s=96&d=mm&r=g","caption":"admin"},"url":"https:\/\/hotelarclarambla.com\/agenda\/author\/admin\/"}]}},"_links":{"self":[{"href":"https:\/\/hotelarclarambla.com\/agenda\/wp-json\/wp\/v2\/posts\/240420","targetHints":{"allow":["GET"]}}],"collection":[{"href":"https:\/\/hotelarclarambla.com\/agenda\/wp-json\/wp\/v2\/posts"}],"about":[{"href":"https:\/\/hotelarclarambla.com\/agenda\/wp-json\/wp\/v2\/types\/post"}],"author":[{"embeddable":true,"href":"https:\/\/hotelarclarambla.com\/agenda\/wp-json\/wp\/v2\/users\/1"}],"replies":[{"embeddable":true,"href":"https:\/\/hotelarclarambla.com\/agenda\/wp-json\/wp\/v2\/comments?post=240420"}],"version-history":[{"count":1,"href":"https:\/\/hotelarclarambla.com\/agenda\/wp-json\/wp\/v2\/posts\/240420\/revisions"}],"predecessor-version":[{"id":240421,"href":"https:\/\/hotelarclarambla.com\/agenda\/wp-json\/wp\/v2\/posts\/240420\/revisions\/240421"}],"wp:featuredmedia":[{"embeddable":true,"href":"https:\/\/hotelarclarambla.com\/agenda\/wp-json\/wp\/v2\/media\/240430"}],"wp:attachment":[{"href":"https:\/\/hotelarclarambla.com\/agenda\/wp-json\/wp\/v2\/media?parent=240420"}],"wp:term":[{"taxonomy":"category","embeddable":true,"href":"https:\/\/hotelarclarambla.com\/agenda\/wp-json\/wp\/v2\/categories?post=240420"},{"taxonomy":"post_tag","embeddable":true,"href":"https:\/\/hotelarclarambla.com\/agenda\/wp-json\/wp\/v2\/tags?post=240420"}],"curies":[{"name":"wp","href":"https:\/\/api.w.org\/{rel}","templated":true}]}}