{"id":240091,"date":"2024-10-23T09:06:58","date_gmt":"2024-10-23T07:06:58","guid":{"rendered":"https:\/\/hotelarclarambla.com\/agenda\/?p=240091"},"modified":"2026-03-11T12:40:12","modified_gmt":"2026-03-11T11:40:12","slug":"barcelona-mas-limpia-ordenada-y-segura-con-el-pla-endreca","status":"publish","type":"post","link":"https:\/\/hotelarclarambla.com\/agenda\/sostenibilidad\/barcelona-mas-limpia-ordenada-y-segura-con-el-pla-endreca\/","title":{"rendered":"Barcelona m\u00e1s limpia, ordenada y segura con el Pla Endre\u00e7a"},"content":{"rendered":"\n<p>Barcelona tiene un plan para transformarse en una ciudad m\u00e1s limpia, ordenada y segura. \u00bfSabe cu\u00e1l es? Siga leyendo\u2026<\/p>\n\n\n\n<p>El \u2018Pla Endre\u00e7a&#8217; es una de las iniciativas m\u00e1s destacadas del nuevo gobierno municipal de Barcelona para <strong>mejorar y mantener el espacio p\u00fablico de la ciudad<\/strong>. Este plan tiene como objetivo <strong>garantizar la excelencia en la gesti\u00f3n de las calles, plazas y parques<\/strong>, abordando desaf\u00edos actuales como el <strong>cambio clim\u00e1tico y las desigualdades sociales.<\/strong><\/p>\n\n\n\n<p>Para lograr estos objetivos, el <em>Pla Endre\u00e7a<\/em> cuenta con un presupuesto de <strong>550 millones de euros<\/strong> para el a\u00f1o 2024 y una inversi\u00f3n de 435 millones de euros durante el mandato municipal, destinados principalmente al mantenimiento y rehabilitaci\u00f3n del espacio p\u00fablico. Esta estrategia se basa en un enfoque integral que busca intervenir de manera transversal en diferentes \u00e1reas, con el fin de hacer de <strong>Barcelona una ciudad m\u00e1s ordenada, limpia y segura para sus habitantes<\/strong>.<\/p>\n\n\n\n<h2 class=\"wp-block-heading\">Enfoque y ejes de actuaci\u00f3n<\/h2>\n\n\n\n<p>El <em>Pla Endre\u00e7a<\/em> se estructura en torno a varios ejes de actuaci\u00f3n que cubren diferentes aspectos del espacio p\u00fablico, desde el <strong>dise\u00f1o y el mantenimiento<\/strong> hasta la <strong>lucha contra el incivismo<\/strong> y el <strong>fomento de la corresponsabilidad ciudadana<\/strong>. Estos son los pilares principales del plan:<\/p>\n\n\n\n<ul class=\"wp-block-list\">\n<li><strong>Dise\u00f1o<\/strong>: se plantea una revisi\u00f3n del espacio p\u00fablico para simplificar y reorganizar los elementos presentes, promoviendo un entorno m\u00e1s ordenado y funcional. Este enfoque busca adaptarse a las nuevas necesidades urban\u00edsticas y sociales, priorizando la sostenibilidad y la accesibilidad.<\/li>\n\n\n\n<li><strong>Mantenimiento<\/strong>: se establece un cambio en la <strong>estrategia de mantenimiento<\/strong>, pasando de una respuesta reactiva a una planificaci\u00f3n proactiva que permita actuar de manera eficiente cuando se detecten incidencias. El plan incluye tanto la <strong>reparaci\u00f3n inmediata de elementos da\u00f1ados <\/strong>como la renovaci\u00f3n programada de infraestructuras urbanas cuando lleguen al final de su vida \u00fatil.<\/li>\n\n\n\n<li><strong>Autoridad y civismo<\/strong>: uno de los puntos clave del plan es la lucha contra el incivismo. Se propone intensificar las medidas para hacer cumplir las normas de convivencia, con el objetivo de recuperar el orden en el espacio p\u00fablico. Esto incluye la sanci\u00f3n de comportamientos inc\u00edvicos, como las pintadas, el consumo de alcohol en la v\u00eda p\u00fablica y otras acciones que afectan negativamente la percepci\u00f3n de seguridad.<\/li>\n\n\n\n<li><strong>Corresponsabilidad ciudadana<\/strong>: el <em>Pla Endre\u00e7a<\/em> tambi\u00e9n apela a la colaboraci\u00f3n de los ciudadanos en el cuidado del espacio p\u00fablico. Se busca generar una mayor conciencia sobre la importancia de mantener limpia la ciudad y respetar las normas de convivencia.<\/li>\n<\/ul>\n\n\n\n<ol class=\"wp-block-list\">\n<li><\/li>\n<\/ol>\n\n\n\n<h2 class=\"wp-block-heading\">Medidas concretas y su implementaci\u00f3n<\/h2>\n\n\n\n<p>El <em>Pla Endre\u00e7a<\/em> incluye un total de <strong>34 medidas<\/strong> organizadas en ocho grandes ejes de actuaci\u00f3n. Estos abarcan desde la <strong>movilidad y la gesti\u00f3n de servicios urbanos<\/strong> <strong>hasta la gobernanza y la corresponsabilidad social. <\/strong>Adem\u00e1s, el plan cuenta con la flexibilidad necesaria para adaptarse a las circunstancias cambiantes y a los resultados obtenidos a lo largo del tiempo.<\/p>\n\n\n\n<p>Uno de los ejes m\u00e1s destacados es el refuerzo del <em>Plan de Mantenimiento Integral<\/em>, que recibir\u00e1 una inversi\u00f3n de <strong>435 millones de euros<\/strong> durante este mandato. Este plan contempla tres \u00e1reas principales de actuaci\u00f3n:<\/p>\n\n\n\n<ul class=\"wp-block-list\">\n<li><strong>Reparaci\u00f3n r\u00e1pida<\/strong> de elementos da\u00f1ados en el espacio p\u00fablico.<\/li>\n\n\n\n<li><strong>Renovaci\u00f3n programada de infraestructuras<\/strong> cuando alcancen el final de su vida \u00fatil.<\/li>\n\n\n\n<li><strong>Transformaci\u00f3n urbana<\/strong> en \u00e1reas que requieran una reurbanizaci\u00f3n completa para adaptarse a nuevas necesidades.<\/li>\n<\/ul>\n\n\n\n<p>Adem\u00e1s, se continuar\u00e1 impulsando la limpieza urbana mediante el uso de <strong>brigadas de barrio y la limpieza de las calles con agua fre\u00e1tica<\/strong>, como parte de una estrategia sostenible que tambi\u00e9n incluye la gesti\u00f3n del verde urbano y la implementaci\u00f3n de un plan de resiliencia para situaciones de sequ\u00eda.<\/p>\n\n\n\n<h2 class=\"wp-block-heading\">Tecnolog\u00edas y evaluaci\u00f3n del plan<\/h2>\n\n\n\n<p>Para garantizar el \u00e9xito del <em>Pla Endre\u00e7a<\/em>, se ha creado una nueva Oficina del Plan Direcci\u00f3n Barcelona, que trabajar\u00e1 bajo la direcci\u00f3n de la Gerencia Municipal y las gerencias sectoriales responsables de cada eje. Adem\u00e1s, se utilizar\u00e1n <strong>herramientas tecnol\u00f3gicas<\/strong> avanzadas para hacer un seguimiento exhaustivo de las medidas implementadas y evaluar los resultados obtenidos.<\/p>\n\n\n\n<p>El sistema de evaluaci\u00f3n incluye un cuadro de mando y un conjunto de indicadores que cruzar\u00e1n los datos de auditor\u00edas del espacio p\u00fablico, informes de gesti\u00f3n y la valoraci\u00f3n ciudadana. Esto permitir\u00e1 ajustar el plan a lo largo del tiempo, haciendo los cambios necesarios para mejorar su efectividad.<\/p>\n\n\n\n<h2 class=\"wp-block-heading\">Hacia una Barcelona m\u00e1s limpia y segura<\/h2>\n\n\n\n<p>No cabe duda que el Pla Endre\u00e7a es una apuesta decidida por mantener la calidad del espacio p\u00fablico en Barcelona, abordando los desaf\u00edos de mantenimiento, convivencia y sostenibilidad que enfrenta la ciudad. Con una inversi\u00f3n considerable y una planificaci\u00f3n integral, este proyecto busca no solo <strong>mejorar el entorno urbano<\/strong>, sino tambi\u00e9n <strong>fomentar una mayor responsabilidad ciudadana<\/strong> en el cuidado de la ciudad. A medida que el plan avance, su flexibilidad y capacidad de adaptaci\u00f3n ser\u00e1n claves para <strong>asegurar el \u00e9xito a largo plazo <\/strong>y crear una Barcelona m\u00e1s ordenada, limpia y segura para todos.<\/p>\n\n\n\n<p>&#8212;<\/p>\n\n\n\n<p>Si est\u00e1 buscando un hotel cerca del monumento a Col\u00f3n en Barcelona, est\u00e1 de suerte. <a href=\"https:\/\/hotelarclarambla.com\/bookingstep1?idtokenprovider=10760133&amp;lang=es&amp;nights=1&amp;checkin=15%2F12%2F2023&amp;step=1&amp;home=https%3A%2F%2Fhotelarclarambla.com%2F&amp;currency=EUR\">Reserve su habitaci\u00f3n <\/a>con nosotros. Adem\u00e1s, podr\u00e1 beneficiarse del c\u00f3digo de descuento especial <strong>ARCBLOG<\/strong> que ofrecemos a nuestros lectores.<\/p>\n\n\n\n<p>No se pierda los planes que le proponemos a diario en <a href=\"https:\/\/hotelarclarambla.com\/agenda\/\">nuestro blog<\/a>. para disfrutar a\u00fan m\u00e1s de su estancia en Barcelona.<\/p>\n\n\n\n<p>Tambi\u00e9n puede obtener informaci\u00f3n sobre eventos y actividades sigui\u00e9ndonos en nuestras <a href=\"https:\/\/www.instagram.com\/arclarambla\/\" target=\"_blank\" rel=\"noreferrer noopener nofollow\">redes sociales.<\/a><\/p>\n","protected":false},"excerpt":{"rendered":"<p>Barcelona tiene un plan para transformarse en una ciudad m\u00e1s limpia, ordenada y segura. \u00bfSabe cu\u00e1l es? Siga leyendo\u2026 El \u2018Pla Endre\u00e7a&#8217; es una de las iniciativas m\u00e1s destacadas del nuevo gobierno municipal de Barcelona para mejorar y mantener el espacio p\u00fablico de la ciudad. Este plan tiene como objetivo garantizar la excelencia en la [&hellip;]<\/p>\n","protected":false},"author":1,"featured_media":240092,"comment_status":"closed","ping_status":"closed","sticky":false,"template":"","format":"standard","meta":{"_acf_changed":false,"_et_pb_use_builder":"off","_et_pb_old_content":"","_et_gb_content_width":"","inline_featured_image":false,"footnotes":""},"categories":[6169],"tags":[],"class_list":["post-240091","post","type-post","status-publish","format-standard","has-post-thumbnail","hentry","category-sostenibilidad"],"acf":[],"yoast_head":"<!-- This site is optimized with the Yoast SEO plugin v27.3 - https:\/\/yoast.com\/product\/yoast-seo-wordpress\/ -->\n<title>Barcelona m\u00e1s limpia y segura Pla Endre\u00e7a | Hotel Arc La Rambla<\/title>\n<meta name=\"description\" content=\"El *Pla Endre\u00e7a* pretende poner orden en el espacio p\u00fablico y, al mismo tiempo, dar respuesta a las necesidades de mejora de la ciudad.\" \/>\n<meta name=\"robots\" content=\"index, follow, max-snippet:-1, max-image-preview:large, max-video-preview:-1\" \/>\n<link rel=\"canonical\" href=\"https:\/\/hotelarclarambla.com\/agenda\/sostenibilidad\/barcelona-mas-limpia-ordenada-y-segura-con-el-pla-endreca\/\" \/>\n<meta property=\"og:locale\" content=\"es_ES\" \/>\n<meta property=\"og:type\" content=\"article\" \/>\n<meta property=\"og:title\" content=\"Barcelona m\u00e1s limpia y segura Pla Endre\u00e7a | Hotel Arc La Rambla\" \/>\n<meta property=\"og:description\" content=\"El *Pla Endre\u00e7a* pretende poner orden en el espacio p\u00fablico y, al mismo tiempo, dar respuesta a las necesidades de mejora de la ciudad.\" \/>\n<meta property=\"og:url\" content=\"https:\/\/hotelarclarambla.com\/agenda\/sostenibilidad\/barcelona-mas-limpia-ordenada-y-segura-con-el-pla-endreca\/\" \/>\n<meta property=\"og:site_name\" content=\"Hotel Arc La Rambla Blog\" \/>\n<meta property=\"article:published_time\" content=\"2024-10-23T07:06:58+00:00\" \/>\n<meta property=\"article:modified_time\" content=\"2026-03-11T11:40:12+00:00\" \/>\n<meta property=\"og:image\" content=\"https:\/\/hotelarclarambla.com\/agenda\/wp-content\/uploads\/2024\/10\/hotel-arc-rambla-sostenibilidad-pla-endreca.jpg\" \/>\n\t<meta property=\"og:image:width\" content=\"980\" \/>\n\t<meta property=\"og:image:height\" content=\"654\" \/>\n\t<meta property=\"og:image:type\" content=\"image\/jpeg\" \/>\n<meta name=\"author\" content=\"admin\" \/>\n<meta name=\"twitter:card\" content=\"summary_large_image\" \/>\n<meta name=\"twitter:label1\" content=\"Escrito por\" \/>\n\t<meta name=\"twitter:data1\" content=\"admin\" \/>\n\t<meta name=\"twitter:label2\" content=\"Tiempo de lectura\" \/>\n\t<meta name=\"twitter:data2\" content=\"5 minutos\" \/>\n<script type=\"application\/ld+json\" class=\"yoast-schema-graph\">{\"@context\":\"https:\\\/\\\/schema.org\",\"@graph\":[{\"@type\":\"Article\",\"@id\":\"https:\\\/\\\/hotelarclarambla.com\\\/agenda\\\/sostenibilidad\\\/barcelona-mas-limpia-ordenada-y-segura-con-el-pla-endreca\\\/#article\",\"isPartOf\":{\"@id\":\"https:\\\/\\\/hotelarclarambla.com\\\/agenda\\\/sostenibilidad\\\/barcelona-mas-limpia-ordenada-y-segura-con-el-pla-endreca\\\/\"},\"author\":{\"name\":\"admin\",\"@id\":\"https:\\\/\\\/hotelarclarambla.com\\\/agenda\\\/#\\\/schema\\\/person\\\/b40fb00e3d10940d7ffb6848593b8d04\"},\"headline\":\"Barcelona m\u00e1s limpia, ordenada y segura con el Pla Endre\u00e7a\",\"datePublished\":\"2024-10-23T07:06:58+00:00\",\"dateModified\":\"2026-03-11T11:40:12+00:00\",\"mainEntityOfPage\":{\"@id\":\"https:\\\/\\\/hotelarclarambla.com\\\/agenda\\\/sostenibilidad\\\/barcelona-mas-limpia-ordenada-y-segura-con-el-pla-endreca\\\/\"},\"wordCount\":955,\"image\":{\"@id\":\"https:\\\/\\\/hotelarclarambla.com\\\/agenda\\\/sostenibilidad\\\/barcelona-mas-limpia-ordenada-y-segura-con-el-pla-endreca\\\/#primaryimage\"},\"thumbnailUrl\":\"https:\\\/\\\/hotelarclarambla.com\\\/agenda\\\/wp-content\\\/uploads\\\/2024\\\/10\\\/hotel-arc-rambla-sostenibilidad-pla-endreca.jpg\",\"articleSection\":[\"Sostenibilidad\"],\"inLanguage\":\"es\"},{\"@type\":\"WebPage\",\"@id\":\"https:\\\/\\\/hotelarclarambla.com\\\/agenda\\\/sostenibilidad\\\/barcelona-mas-limpia-ordenada-y-segura-con-el-pla-endreca\\\/\",\"url\":\"https:\\\/\\\/hotelarclarambla.com\\\/agenda\\\/sostenibilidad\\\/barcelona-mas-limpia-ordenada-y-segura-con-el-pla-endreca\\\/\",\"name\":\"Barcelona m\u00e1s limpia y segura Pla Endre\u00e7a | Hotel Arc La Rambla\",\"isPartOf\":{\"@id\":\"https:\\\/\\\/hotelarclarambla.com\\\/agenda\\\/#website\"},\"primaryImageOfPage\":{\"@id\":\"https:\\\/\\\/hotelarclarambla.com\\\/agenda\\\/sostenibilidad\\\/barcelona-mas-limpia-ordenada-y-segura-con-el-pla-endreca\\\/#primaryimage\"},\"image\":{\"@id\":\"https:\\\/\\\/hotelarclarambla.com\\\/agenda\\\/sostenibilidad\\\/barcelona-mas-limpia-ordenada-y-segura-con-el-pla-endreca\\\/#primaryimage\"},\"thumbnailUrl\":\"https:\\\/\\\/hotelarclarambla.com\\\/agenda\\\/wp-content\\\/uploads\\\/2024\\\/10\\\/hotel-arc-rambla-sostenibilidad-pla-endreca.jpg\",\"datePublished\":\"2024-10-23T07:06:58+00:00\",\"dateModified\":\"2026-03-11T11:40:12+00:00\",\"author\":{\"@id\":\"https:\\\/\\\/hotelarclarambla.com\\\/agenda\\\/#\\\/schema\\\/person\\\/b40fb00e3d10940d7ffb6848593b8d04\"},\"description\":\"El *Pla Endre\u00e7a* pretende poner orden en el espacio p\u00fablico y, al mismo tiempo, dar respuesta a las necesidades de mejora de la ciudad.\",\"breadcrumb\":{\"@id\":\"https:\\\/\\\/hotelarclarambla.com\\\/agenda\\\/sostenibilidad\\\/barcelona-mas-limpia-ordenada-y-segura-con-el-pla-endreca\\\/#breadcrumb\"},\"inLanguage\":\"es\",\"potentialAction\":[{\"@type\":\"ReadAction\",\"target\":[\"https:\\\/\\\/hotelarclarambla.com\\\/agenda\\\/sostenibilidad\\\/barcelona-mas-limpia-ordenada-y-segura-con-el-pla-endreca\\\/\"]}]},{\"@type\":\"ImageObject\",\"inLanguage\":\"es\",\"@id\":\"https:\\\/\\\/hotelarclarambla.com\\\/agenda\\\/sostenibilidad\\\/barcelona-mas-limpia-ordenada-y-segura-con-el-pla-endreca\\\/#primaryimage\",\"url\":\"https:\\\/\\\/hotelarclarambla.com\\\/agenda\\\/wp-content\\\/uploads\\\/2024\\\/10\\\/hotel-arc-rambla-sostenibilidad-pla-endreca.jpg\",\"contentUrl\":\"https:\\\/\\\/hotelarclarambla.com\\\/agenda\\\/wp-content\\\/uploads\\\/2024\\\/10\\\/hotel-arc-rambla-sostenibilidad-pla-endreca.jpg\",\"width\":980,\"height\":654,\"caption\":\"hotel-arc-rambla-sostenibilidad-pla-endrec\u0327a\"},{\"@type\":\"BreadcrumbList\",\"@id\":\"https:\\\/\\\/hotelarclarambla.com\\\/agenda\\\/sostenibilidad\\\/barcelona-mas-limpia-ordenada-y-segura-con-el-pla-endreca\\\/#breadcrumb\",\"itemListElement\":[{\"@type\":\"ListItem\",\"position\":1,\"name\":\"Portada\",\"item\":\"https:\\\/\\\/hotelarclarambla.com\\\/agenda\\\/\"},{\"@type\":\"ListItem\",\"position\":2,\"name\":\"Barcelona m\u00e1s limpia, ordenada y segura con el Pla Endre\u00e7a\"}]},{\"@type\":\"WebSite\",\"@id\":\"https:\\\/\\\/hotelarclarambla.com\\\/agenda\\\/#website\",\"url\":\"https:\\\/\\\/hotelarclarambla.com\\\/agenda\\\/\",\"name\":\"Hotel Arc La Rambla Blog\",\"description\":\"El blog de Hotel Arc\",\"potentialAction\":[{\"@type\":\"SearchAction\",\"target\":{\"@type\":\"EntryPoint\",\"urlTemplate\":\"https:\\\/\\\/hotelarclarambla.com\\\/agenda\\\/?s={search_term_string}\"},\"query-input\":{\"@type\":\"PropertyValueSpecification\",\"valueRequired\":true,\"valueName\":\"search_term_string\"}}],\"inLanguage\":\"es\"},{\"@type\":\"Person\",\"@id\":\"https:\\\/\\\/hotelarclarambla.com\\\/agenda\\\/#\\\/schema\\\/person\\\/b40fb00e3d10940d7ffb6848593b8d04\",\"name\":\"admin\",\"image\":{\"@type\":\"ImageObject\",\"inLanguage\":\"es\",\"@id\":\"https:\\\/\\\/secure.gravatar.com\\\/avatar\\\/e7d2a513cc006a0531b1545b92475922773d5049debd5d662a4049cc030a89aa?s=96&d=mm&r=g\",\"url\":\"https:\\\/\\\/secure.gravatar.com\\\/avatar\\\/e7d2a513cc006a0531b1545b92475922773d5049debd5d662a4049cc030a89aa?s=96&d=mm&r=g\",\"contentUrl\":\"https:\\\/\\\/secure.gravatar.com\\\/avatar\\\/e7d2a513cc006a0531b1545b92475922773d5049debd5d662a4049cc030a89aa?s=96&d=mm&r=g\",\"caption\":\"admin\"},\"url\":\"https:\\\/\\\/hotelarclarambla.com\\\/agenda\\\/author\\\/admin\\\/\"}]}<\/script>\n<!-- \/ Yoast SEO plugin. -->","yoast_head_json":{"title":"Barcelona m\u00e1s limpia y segura Pla Endre\u00e7a | Hotel Arc La Rambla","description":"El *Pla Endre\u00e7a* pretende poner orden en el espacio p\u00fablico y, al mismo tiempo, dar respuesta a las necesidades de mejora de la ciudad.","robots":{"index":"index","follow":"follow","max-snippet":"max-snippet:-1","max-image-preview":"max-image-preview:large","max-video-preview":"max-video-preview:-1"},"canonical":"https:\/\/hotelarclarambla.com\/agenda\/sostenibilidad\/barcelona-mas-limpia-ordenada-y-segura-con-el-pla-endreca\/","og_locale":"es_ES","og_type":"article","og_title":"Barcelona m\u00e1s limpia y segura Pla Endre\u00e7a | Hotel Arc La Rambla","og_description":"El *Pla Endre\u00e7a* pretende poner orden en el espacio p\u00fablico y, al mismo tiempo, dar respuesta a las necesidades de mejora de la ciudad.","og_url":"https:\/\/hotelarclarambla.com\/agenda\/sostenibilidad\/barcelona-mas-limpia-ordenada-y-segura-con-el-pla-endreca\/","og_site_name":"Hotel Arc La Rambla Blog","article_published_time":"2024-10-23T07:06:58+00:00","article_modified_time":"2026-03-11T11:40:12+00:00","og_image":[{"width":980,"height":654,"url":"https:\/\/hotelarclarambla.com\/agenda\/wp-content\/uploads\/2024\/10\/hotel-arc-rambla-sostenibilidad-pla-endreca.jpg","type":"image\/jpeg"}],"author":"admin","twitter_card":"summary_large_image","twitter_misc":{"Escrito por":"admin","Tiempo de lectura":"5 minutos"},"schema":{"@context":"https:\/\/schema.org","@graph":[{"@type":"Article","@id":"https:\/\/hotelarclarambla.com\/agenda\/sostenibilidad\/barcelona-mas-limpia-ordenada-y-segura-con-el-pla-endreca\/#article","isPartOf":{"@id":"https:\/\/hotelarclarambla.com\/agenda\/sostenibilidad\/barcelona-mas-limpia-ordenada-y-segura-con-el-pla-endreca\/"},"author":{"name":"admin","@id":"https:\/\/hotelarclarambla.com\/agenda\/#\/schema\/person\/b40fb00e3d10940d7ffb6848593b8d04"},"headline":"Barcelona m\u00e1s limpia, ordenada y segura con el Pla Endre\u00e7a","datePublished":"2024-10-23T07:06:58+00:00","dateModified":"2026-03-11T11:40:12+00:00","mainEntityOfPage":{"@id":"https:\/\/hotelarclarambla.com\/agenda\/sostenibilidad\/barcelona-mas-limpia-ordenada-y-segura-con-el-pla-endreca\/"},"wordCount":955,"image":{"@id":"https:\/\/hotelarclarambla.com\/agenda\/sostenibilidad\/barcelona-mas-limpia-ordenada-y-segura-con-el-pla-endreca\/#primaryimage"},"thumbnailUrl":"https:\/\/hotelarclarambla.com\/agenda\/wp-content\/uploads\/2024\/10\/hotel-arc-rambla-sostenibilidad-pla-endreca.jpg","articleSection":["Sostenibilidad"],"inLanguage":"es"},{"@type":"WebPage","@id":"https:\/\/hotelarclarambla.com\/agenda\/sostenibilidad\/barcelona-mas-limpia-ordenada-y-segura-con-el-pla-endreca\/","url":"https:\/\/hotelarclarambla.com\/agenda\/sostenibilidad\/barcelona-mas-limpia-ordenada-y-segura-con-el-pla-endreca\/","name":"Barcelona m\u00e1s limpia y segura Pla Endre\u00e7a | Hotel Arc La Rambla","isPartOf":{"@id":"https:\/\/hotelarclarambla.com\/agenda\/#website"},"primaryImageOfPage":{"@id":"https:\/\/hotelarclarambla.com\/agenda\/sostenibilidad\/barcelona-mas-limpia-ordenada-y-segura-con-el-pla-endreca\/#primaryimage"},"image":{"@id":"https:\/\/hotelarclarambla.com\/agenda\/sostenibilidad\/barcelona-mas-limpia-ordenada-y-segura-con-el-pla-endreca\/#primaryimage"},"thumbnailUrl":"https:\/\/hotelarclarambla.com\/agenda\/wp-content\/uploads\/2024\/10\/hotel-arc-rambla-sostenibilidad-pla-endreca.jpg","datePublished":"2024-10-23T07:06:58+00:00","dateModified":"2026-03-11T11:40:12+00:00","author":{"@id":"https:\/\/hotelarclarambla.com\/agenda\/#\/schema\/person\/b40fb00e3d10940d7ffb6848593b8d04"},"description":"El *Pla Endre\u00e7a* pretende poner orden en el espacio p\u00fablico y, al mismo tiempo, dar respuesta a las necesidades de mejora de la ciudad.","breadcrumb":{"@id":"https:\/\/hotelarclarambla.com\/agenda\/sostenibilidad\/barcelona-mas-limpia-ordenada-y-segura-con-el-pla-endreca\/#breadcrumb"},"inLanguage":"es","potentialAction":[{"@type":"ReadAction","target":["https:\/\/hotelarclarambla.com\/agenda\/sostenibilidad\/barcelona-mas-limpia-ordenada-y-segura-con-el-pla-endreca\/"]}]},{"@type":"ImageObject","inLanguage":"es","@id":"https:\/\/hotelarclarambla.com\/agenda\/sostenibilidad\/barcelona-mas-limpia-ordenada-y-segura-con-el-pla-endreca\/#primaryimage","url":"https:\/\/hotelarclarambla.com\/agenda\/wp-content\/uploads\/2024\/10\/hotel-arc-rambla-sostenibilidad-pla-endreca.jpg","contentUrl":"https:\/\/hotelarclarambla.com\/agenda\/wp-content\/uploads\/2024\/10\/hotel-arc-rambla-sostenibilidad-pla-endreca.jpg","width":980,"height":654,"caption":"hotel-arc-rambla-sostenibilidad-pla-endrec\u0327a"},{"@type":"BreadcrumbList","@id":"https:\/\/hotelarclarambla.com\/agenda\/sostenibilidad\/barcelona-mas-limpia-ordenada-y-segura-con-el-pla-endreca\/#breadcrumb","itemListElement":[{"@type":"ListItem","position":1,"name":"Portada","item":"https:\/\/hotelarclarambla.com\/agenda\/"},{"@type":"ListItem","position":2,"name":"Barcelona m\u00e1s limpia, ordenada y segura con el Pla Endre\u00e7a"}]},{"@type":"WebSite","@id":"https:\/\/hotelarclarambla.com\/agenda\/#website","url":"https:\/\/hotelarclarambla.com\/agenda\/","name":"Hotel Arc La Rambla Blog","description":"El blog de Hotel Arc","potentialAction":[{"@type":"SearchAction","target":{"@type":"EntryPoint","urlTemplate":"https:\/\/hotelarclarambla.com\/agenda\/?s={search_term_string}"},"query-input":{"@type":"PropertyValueSpecification","valueRequired":true,"valueName":"search_term_string"}}],"inLanguage":"es"},{"@type":"Person","@id":"https:\/\/hotelarclarambla.com\/agenda\/#\/schema\/person\/b40fb00e3d10940d7ffb6848593b8d04","name":"admin","image":{"@type":"ImageObject","inLanguage":"es","@id":"https:\/\/secure.gravatar.com\/avatar\/e7d2a513cc006a0531b1545b92475922773d5049debd5d662a4049cc030a89aa?s=96&d=mm&r=g","url":"https:\/\/secure.gravatar.com\/avatar\/e7d2a513cc006a0531b1545b92475922773d5049debd5d662a4049cc030a89aa?s=96&d=mm&r=g","contentUrl":"https:\/\/secure.gravatar.com\/avatar\/e7d2a513cc006a0531b1545b92475922773d5049debd5d662a4049cc030a89aa?s=96&d=mm&r=g","caption":"admin"},"url":"https:\/\/hotelarclarambla.com\/agenda\/author\/admin\/"}]}},"_links":{"self":[{"href":"https:\/\/hotelarclarambla.com\/agenda\/wp-json\/wp\/v2\/posts\/240091","targetHints":{"allow":["GET"]}}],"collection":[{"href":"https:\/\/hotelarclarambla.com\/agenda\/wp-json\/wp\/v2\/posts"}],"about":[{"href":"https:\/\/hotelarclarambla.com\/agenda\/wp-json\/wp\/v2\/types\/post"}],"author":[{"embeddable":true,"href":"https:\/\/hotelarclarambla.com\/agenda\/wp-json\/wp\/v2\/users\/1"}],"replies":[{"embeddable":true,"href":"https:\/\/hotelarclarambla.com\/agenda\/wp-json\/wp\/v2\/comments?post=240091"}],"version-history":[{"count":3,"href":"https:\/\/hotelarclarambla.com\/agenda\/wp-json\/wp\/v2\/posts\/240091\/revisions"}],"predecessor-version":[{"id":240970,"href":"https:\/\/hotelarclarambla.com\/agenda\/wp-json\/wp\/v2\/posts\/240091\/revisions\/240970"}],"wp:featuredmedia":[{"embeddable":true,"href":"https:\/\/hotelarclarambla.com\/agenda\/wp-json\/wp\/v2\/media\/240092"}],"wp:attachment":[{"href":"https:\/\/hotelarclarambla.com\/agenda\/wp-json\/wp\/v2\/media?parent=240091"}],"wp:term":[{"taxonomy":"category","embeddable":true,"href":"https:\/\/hotelarclarambla.com\/agenda\/wp-json\/wp\/v2\/categories?post=240091"},{"taxonomy":"post_tag","embeddable":true,"href":"https:\/\/hotelarclarambla.com\/agenda\/wp-json\/wp\/v2\/tags?post=240091"}],"curies":[{"name":"wp","href":"https:\/\/api.w.org\/{rel}","templated":true}]}}