{"id":240022,"date":"2024-09-27T08:42:00","date_gmt":"2024-09-27T06:42:00","guid":{"rendered":"https:\/\/hotelarclarambla.com\/agenda\/?p=240022"},"modified":"2024-10-07T12:03:21","modified_gmt":"2024-10-07T10:03:21","slug":"fiesta-del-roser-2024-la-gran-celebracion-floral-de-la-rambla","status":"publish","type":"post","link":"https:\/\/hotelarclarambla.com\/agenda\/arc-la-rambla-hotel\/fiesta-del-roser-2024-la-gran-celebracion-floral-de-la-rambla\/","title":{"rendered":"Fiesta del Roser 2024: la gran celebraci\u00f3n floral de La Rambla"},"content":{"rendered":"\n<p>Cada a\u00f1o, la <strong>Fiesta del Roser<\/strong> transforma La Rambla de Barcelona en un <strong>espect\u00e1culo de colores, tradiciones y cultura<\/strong>. Esta celebraci\u00f3n, organizada por Amics de la Rambla, es una cita imprescindible para los que quieren disfrutar del coraz\u00f3n de la ciudad en un ambiente festivo y florido. La Fiesta del Roser 2024 de este a\u00f1o nos ofrece un programa lleno de actividades para todos los p\u00fablicos. A continuaci\u00f3n detallamos algunas de las propuestas m\u00e1s destacadas.<\/p>\n\n\n\n<h2 class=\"wp-block-heading\"><strong>Actividades destacadas de la Fiesta del Roser 2024<\/strong><\/h2>\n\n\n\n<h3 class=\"wp-block-heading\"><strong>1. Las fachadas floridas: una explosi\u00f3n de colores<\/strong><\/h3>\n\n\n\n<p>Uno de los grandes atractivos de la Fiesta del Roser es la <strong>decoraci\u00f3n floral de las fachadas<\/strong>. Varios edificios emblem\u00e1ticos de La Rambla se adornar\u00e1n con impresionantes montajes florales que har\u00e1n a\u00fan m\u00e1s especial el paseo. Este a\u00f1o, espacios como el Palacio de la Virreina, el Gran Teatro del Liceo y el Mirador de Col\u00f3n lucir\u00e1n con todo su esplendor.<\/p>\n\n\n\n<p><\/p>\n\n\n\n<figure class=\"wp-block-gallery has-nested-images columns-default is-cropped wp-block-gallery-1 is-layout-flex wp-block-gallery-is-layout-flex\">\n<figure class=\"wp-block-image size-large\"><a href=\"https:\/\/hotelarclarambla.com\/agenda\/wp-content\/uploads\/2024\/09\/hotel-arc-la-rambla-blog-hotel-festa-roser-20244.jpg\"><img loading=\"lazy\" decoding=\"async\" width=\"768\" height=\"1024\" data-id=\"240062\" src=\"https:\/\/hotelarclarambla.com\/agenda\/wp-content\/uploads\/2024\/09\/hotel-arc-la-rambla-blog-hotel-festa-roser-20244-768x1024.jpg\" alt=\"\" class=\"wp-image-240062\"\/><\/a><\/figure>\n\n\n\n<figure class=\"wp-block-image size-large\"><a href=\"https:\/\/hotelarclarambla.com\/agenda\/wp-content\/uploads\/2024\/09\/hotel-arc-la-rambla-blog-hotel-festa-roser-20243.jpg\"><img loading=\"lazy\" decoding=\"async\" width=\"768\" height=\"1024\" data-id=\"240059\" src=\"https:\/\/hotelarclarambla.com\/agenda\/wp-content\/uploads\/2024\/09\/hotel-arc-la-rambla-blog-hotel-festa-roser-20243-768x1024.jpg\" alt=\"\" class=\"wp-image-240059\"\/><\/a><\/figure>\n\n\n\n<figure class=\"wp-block-image size-large\"><a href=\"https:\/\/hotelarclarambla.com\/agenda\/wp-content\/uploads\/2024\/09\/hotel-arc-la-rambla-blog-hotel-festa-roser-20246.jpg\"><img loading=\"lazy\" decoding=\"async\" width=\"768\" height=\"1024\" data-id=\"240068\" src=\"https:\/\/hotelarclarambla.com\/agenda\/wp-content\/uploads\/2024\/09\/hotel-arc-la-rambla-blog-hotel-festa-roser-20246-768x1024.jpg\" alt=\"\" class=\"wp-image-240068\"\/><\/a><\/figure>\n\n\n\n<figure class=\"wp-block-image size-large\"><a href=\"https:\/\/hotelarclarambla.com\/agenda\/wp-content\/uploads\/2024\/09\/hotel-arc-la-rambla-blog-hotel-festa-roser-20245.jpg\"><img loading=\"lazy\" decoding=\"async\" width=\"768\" height=\"1024\" data-id=\"240065\" src=\"https:\/\/hotelarclarambla.com\/agenda\/wp-content\/uploads\/2024\/09\/hotel-arc-la-rambla-blog-hotel-festa-roser-20245-768x1024.jpg\" alt=\"\" class=\"wp-image-240065\"\/><\/a><\/figure>\n\n\n\n<figure class=\"wp-block-image size-large\"><a href=\"https:\/\/hotelarclarambla.com\/agenda\/wp-content\/uploads\/2024\/09\/hotel-arc-la-rambla-blog-hotel-festa-roser-20249.jpg\"><img loading=\"lazy\" decoding=\"async\" width=\"768\" height=\"1024\" data-id=\"240077\" src=\"https:\/\/hotelarclarambla.com\/agenda\/wp-content\/uploads\/2024\/09\/hotel-arc-la-rambla-blog-hotel-festa-roser-20249-768x1024.jpg\" alt=\"\" class=\"wp-image-240077\"\/><\/a><\/figure>\n\n\n\n<figure class=\"wp-block-image size-large\"><a href=\"https:\/\/hotelarclarambla.com\/agenda\/wp-content\/uploads\/2024\/09\/hotel-arc-la-rambla-blog-hotel-festa-roser-20242.webp\"><img loading=\"lazy\" decoding=\"async\" width=\"980\" height=\"654\" data-id=\"240056\" src=\"https:\/\/hotelarclarambla.com\/agenda\/wp-content\/uploads\/2024\/09\/hotel-arc-la-rambla-blog-hotel-festa-roser-20242.webp\" alt=\"\" class=\"wp-image-240056\" srcset=\"https:\/\/hotelarclarambla.com\/agenda\/wp-content\/uploads\/2024\/09\/hotel-arc-la-rambla-blog-hotel-festa-roser-20242.webp 980w, https:\/\/hotelarclarambla.com\/agenda\/wp-content\/uploads\/2024\/09\/hotel-arc-la-rambla-blog-hotel-festa-roser-20242-480x320.webp 480w\" sizes=\"(min-width: 0px) and (max-width: 480px) 480px, (min-width: 481px) 980px, 100vw\" \/><\/a><\/figure>\n<\/figure>\n\n\n\n<p> <\/p>\n\n\n\n<h3 class=\"wp-block-heading\"><strong>2. Rosas solidarias: un gesto por una buena causa<\/strong><\/h3>\n\n\n\n<p>Otro punto fuerte de la fiesta es la iniciativa de las <strong>Roses Solid\u00e0ries<\/strong>, que este a\u00f1o vuelve a La Rambla para contribuir a una causa ben\u00e9fica. A lo largo de la fiesta, se podr\u00e1 adquirir <strong>una rosa a cambio de un donativo<\/strong>, y todos los beneficios se destinar\u00e1n a la <strong>Fundaci\u00f3 Arrels<\/strong>, una entidad que trabaja para ayudar a personas sin hogar.&nbsp;<\/p>\n\n\n\n<h3 class=\"wp-block-heading\"><strong>3. Visitas guiadas a los edificios emblem\u00e1ticos<\/strong><\/h3>\n\n\n\n<p>Durante la Fiesta del Roser, se podr\u00e1n visitar algunos de los edificios hist\u00f3ricos m\u00e1s destacados de La Rambla a trav\u00e9s de <strong>visitas guiadas gratuitas<\/strong>. El <strong>Palau G\u00fcell, el Casa de Convalesc\u00e8ncia y el Teatre Romea<\/strong> abrir\u00e1n sus puertas para mostrar sus interiores llenos de historia. Una oportunidad para descubrir rincones ocultos de Barcelona que normalmente est\u00e1n cerrados al p\u00fablico.<\/p>\n\n\n\n<h3 class=\"wp-block-heading\"><strong>4. Talleres florales y de artesan\u00eda<\/strong><\/h3>\n\n\n\n<p>Para los amantes de las manualidades y la naturaleza, los<strong> talleres florales<\/strong> ser\u00e1n una experiencia muy especial. Profesionales del sector ense\u00f1ar\u00e1n a crear arreglos florales y se podr\u00e1 disfrutar del arte de trabajar con plantas y flores. Adem\u00e1s, tambi\u00e9n habr\u00e1 talleres de artesan\u00eda vinculados a la cultura de La Rambla, ideales para mayores y peque\u00f1os.<\/p>\n\n\n\n<h3 class=\"wp-block-heading\"><strong>5. La Rambla en Flor: una caminata cultural<\/strong><\/h3>\n\n\n\n<p>Si se quiere profundizar en la historia y cultura de La Rambla, se organizar\u00e1<strong> la caminata \u00abLa Rambla en Flor\u00bb<\/strong>, una <strong>ruta cultural<\/strong> perfecta para descubrir las curiosidades y an\u00e9cdotas del paseo m\u00e1s famoso de Barcelona. Durante esta actividad, los participantes pasear\u00e1n por La Rambla mientras conocen sus secretos y disfrutan de su decoraci\u00f3n floral.<\/p>\n\n\n\n<h3 class=\"wp-block-heading\"><strong>6. Conciertos y actuaciones en directo<\/strong><\/h3>\n\n\n\n<p>La m\u00fasica y el espect\u00e1culo no pueden faltar en la Fiesta del Roser. La Rambla se llenar\u00e1 de vida con conciertos y actuaciones en directo para animar al ambiente festivo. Desde grupos de m\u00fasica tradicional catalana hasta actuaciones de danza y teatro habr\u00e1 espect\u00e1culos para todos los gustos.&nbsp;<\/p>\n\n\n\n<h3 class=\"wp-block-heading\"><strong>7. Exposiciones y muestras culturales<\/strong><\/h3>\n\n\n\n<p>Varios espacios de La Rambla albergar\u00e1n exposiciones tem\u00e1ticas relacionadas con la historia y el patrimonio de Barcelona. Estas muestras culturales son una gran oportunidad para conocer mejor la riqueza de la ciudad, con exposiciones dedicadas al arte, la historia y la naturaleza.<\/p>\n\n\n\n<h3 class=\"wp-block-heading\"><strong>8. Ofrendas florales a la Virgen del Rosario<\/strong><\/h3>\n\n\n\n<p>Como parte de la tradici\u00f3n religiosa de la fiesta, se realizar\u00e1 una <strong>ofrenda floral a la Virgen del Rosario en la iglesia de Bel\u00e9n<\/strong>. \u00c9sta es una de las actividades m\u00e1s emotivas y tradicionales de la fiesta, y es un momento de recogimiento para aquellos que quieren honrar a la patrona con flores y devoci\u00f3n.<\/p>\n\n\n\n<p>La Fiesta del Roser 2024 es una oportunidad para disfrutar de La Rambla de una forma diferente, inmersa en su riqueza cultural y natural. No deje escapar la ocasi\u00f3n de vivir estas experiencias \u00fanicas y participa en las actividades que llenar\u00e1n este paseo emblem\u00e1tico de Barcelona de flores, m\u00fasica y tradiciones.&nbsp;<\/p>\n\n\n\n<p>Puede consultar la <a href=\"https:\/\/www.amicsdelarambla.cat\/cat\/festa-del-roser-2024\/activitats-festa-del-roser-2024\">programaci\u00f3n<\/a> completa de Las Fiestas del Roser 2024 en la p\u00e1gina oficial de Amics de la Rambla.<\/p>\n\n\n\n<h2 class=\"wp-block-heading\"><strong>Las Fiestas del Roser 2023 en el Hotel Arc La Rambla<\/strong><\/h2>\n\n\n\n<p>Una vez m\u00e1s, el hotel se une a la celebraci\u00f3n con una oferta exclusiva para que su experiencia sea a\u00fan m\u00e1s memorable:<\/p>\n\n\n\n<ul class=\"wp-block-list\">\n<li>Fechas de estancia: Del 7 al 12 de octubre de 2023.<\/li>\n\n\n\n<li>Tipo de habitaci\u00f3n: Doble\/Twin con vistas a la Rambla (bajo disponibilidad)<\/li>\n\n\n\n<li>R\u00e9gimen: alojamiento y desayuno incluido.<\/li>\n\n\n\n<li>Detalle especial: ramo de flores en su habitaci\u00f3n.*<\/li>\n\n\n\n<li>Tarifa especial: 140\u20ac por habitaci\u00f3n y noche con desayuno, IVA incluido.<\/li>\n<\/ul>\n\n\n\n<p><em>*Las reservas deben hacerse con un m\u00ednimo de 48 horas antes del d\u00eda de llegada para que podamos asegurar el ramo de flores.<\/em><\/p>\n\n\n\n<figure class=\"wp-block-image size-full\"><a href=\"https:\/\/hotelarclarambla.com\/agenda\/wp-content\/uploads\/2024\/09\/hotel-arc-la-rambla-blog-hotel-festa-roser-20241.webp\"><img loading=\"lazy\" decoding=\"async\" width=\"980\" height=\"654\" src=\"https:\/\/hotelarclarambla.com\/agenda\/wp-content\/uploads\/2024\/09\/hotel-arc-la-rambla-blog-hotel-festa-roser-20241.webp\" alt=\"\" class=\"wp-image-240053\" srcset=\"https:\/\/hotelarclarambla.com\/agenda\/wp-content\/uploads\/2024\/09\/hotel-arc-la-rambla-blog-hotel-festa-roser-20241.webp 980w, https:\/\/hotelarclarambla.com\/agenda\/wp-content\/uploads\/2024\/09\/hotel-arc-la-rambla-blog-hotel-festa-roser-20241-480x320.webp 480w\" sizes=\"(min-width: 0px) and (max-width: 480px) 480px, (min-width: 481px) 980px, 100vw\" \/><\/a><\/figure>\n\n\n\n<p><strong>\u00bfC\u00f3mo realizar la reserva?&nbsp;<\/strong><\/p>\n\n\n\n<p>Para aprovechar esta oferta \u00fanica, simplemente cont\u00e1ctenos por tel\u00e9fono o correo electr\u00f3nico. Aseg\u00farese de mencionar el c\u00f3digo promocional <strong>FestaROSER2024<\/strong> al realizar la reserva.<\/p>\n\n\n\n<p><strong>Obsequio especial Ramo de flores en la habitaci\u00f3n<\/strong><\/p>\n\n\n\n<p>Recuerde que las reservas deben hacerse con un m\u00ednimo de 48 horas antes del d\u00eda de llegada para que podamos garantizar la presencia del ramo de flores.<\/p>\n\n\n\n<p><strong>Pol\u00edtica de cancelaci\u00f3n<\/strong><\/p>\n\n\n\n<p>Puede cancelar su reserva de forma gratuita hasta 48 horas antes del d\u00eda de llegada. En caso de no presentarse, se facturar\u00e1 la primera noche en concepto de gastos.<\/p>\n\n\n\n<p>&#8212;<\/p>\n\n\n\n<p>Si quiere descubrir m\u00e1s ideas para disfrutar de su estancia en Barcelona, \u200b\u200bsiga explorando <a href=\"https:\/\/hotelarclarambla.com\/agenda\/\">nuestro blog<\/a> o s\u00edganos en nuestras <a href=\"https:\/\/www.instagram.com\/arclarambla\/\">redes sociales<\/a>.<\/p>\n","protected":false},"excerpt":{"rendered":"<p>Disfrute de la Fiesta del Roser 2024 en La Rambla con actividades florales, conciertos, exposiciones y visitas guiadas a los edificios m\u00e1s emblem\u00e1ticos de Barcelona<\/p>\n","protected":false},"author":1,"featured_media":240056,"comment_status":"closed","ping_status":"closed","sticky":false,"template":"","format":"standard","meta":{"_acf_changed":false,"_et_pb_use_builder":"off","_et_pb_old_content":"","_et_gb_content_width":"","inline_featured_image":false,"footnotes":""},"categories":[4153,5951],"tags":[],"class_list":["post-240022","post","type-post","status-publish","format-standard","has-post-thumbnail","hentry","category-arc-la-rambla-hotel","category-cultura"],"acf":[],"yoast_head":"<!-- This site is optimized with the Yoast SEO plugin v27.3 - https:\/\/yoast.com\/product\/yoast-seo-wordpress\/ -->\n<title>Fiesta del Roser 2024 | Hotel Arc La Rambla<\/title>\n<meta name=\"description\" content=\"Disfrute de la Fiesta del Roser 2024 en La Rambla con actividades florales, conciertos, exposiciones y visitas guiadas a los edificios m\u00e1s emblem\u00e1ticos de Barcelona\" \/>\n<meta name=\"robots\" content=\"index, follow, max-snippet:-1, max-image-preview:large, max-video-preview:-1\" \/>\n<link rel=\"canonical\" href=\"https:\/\/hotelarclarambla.com\/agenda\/arc-la-rambla-hotel\/fiesta-del-roser-2024-la-gran-celebracion-floral-de-la-rambla\/\" \/>\n<meta property=\"og:locale\" content=\"es_ES\" \/>\n<meta property=\"og:type\" content=\"article\" \/>\n<meta property=\"og:title\" content=\"Fiesta del Roser 2024 | Hotel Arc La Rambla\" \/>\n<meta property=\"og:description\" content=\"Disfrute de la Fiesta del Roser 2024 en La Rambla con actividades florales, conciertos, exposiciones y visitas guiadas a los edificios m\u00e1s emblem\u00e1ticos de Barcelona\" \/>\n<meta property=\"og:url\" content=\"https:\/\/hotelarclarambla.com\/agenda\/arc-la-rambla-hotel\/fiesta-del-roser-2024-la-gran-celebracion-floral-de-la-rambla\/\" \/>\n<meta property=\"og:site_name\" content=\"Hotel Arc La Rambla Blog\" \/>\n<meta property=\"article:published_time\" content=\"2024-09-27T06:42:00+00:00\" \/>\n<meta property=\"article:modified_time\" content=\"2024-10-07T10:03:21+00:00\" \/>\n<meta property=\"og:image\" content=\"https:\/\/hotelarclarambla.com\/agenda\/wp-content\/uploads\/2024\/09\/hotel-arc-la-rambla-blog-hotel-festa-roser-20242.webp\" \/>\n\t<meta property=\"og:image:width\" content=\"980\" \/>\n\t<meta property=\"og:image:height\" content=\"654\" \/>\n\t<meta property=\"og:image:type\" content=\"image\/webp\" \/>\n<meta name=\"author\" content=\"admin\" \/>\n<meta name=\"twitter:card\" content=\"summary_large_image\" \/>\n<meta name=\"twitter:label1\" content=\"Escrito por\" \/>\n\t<meta name=\"twitter:data1\" content=\"admin\" \/>\n\t<meta name=\"twitter:label2\" content=\"Tiempo de lectura\" \/>\n\t<meta name=\"twitter:data2\" content=\"6 minutos\" \/>\n<script type=\"application\/ld+json\" class=\"yoast-schema-graph\">{\"@context\":\"https:\\\/\\\/schema.org\",\"@graph\":[{\"@type\":\"Article\",\"@id\":\"https:\\\/\\\/hotelarclarambla.com\\\/agenda\\\/arc-la-rambla-hotel\\\/fiesta-del-roser-2024-la-gran-celebracion-floral-de-la-rambla\\\/#article\",\"isPartOf\":{\"@id\":\"https:\\\/\\\/hotelarclarambla.com\\\/agenda\\\/arc-la-rambla-hotel\\\/fiesta-del-roser-2024-la-gran-celebracion-floral-de-la-rambla\\\/\"},\"author\":{\"name\":\"admin\",\"@id\":\"https:\\\/\\\/hotelarclarambla.com\\\/agenda\\\/#\\\/schema\\\/person\\\/b40fb00e3d10940d7ffb6848593b8d04\"},\"headline\":\"Fiesta del Roser 2024: la gran celebraci\u00f3n floral de La Rambla\",\"datePublished\":\"2024-09-27T06:42:00+00:00\",\"dateModified\":\"2024-10-07T10:03:21+00:00\",\"mainEntityOfPage\":{\"@id\":\"https:\\\/\\\/hotelarclarambla.com\\\/agenda\\\/arc-la-rambla-hotel\\\/fiesta-del-roser-2024-la-gran-celebracion-floral-de-la-rambla\\\/\"},\"wordCount\":946,\"image\":{\"@id\":\"https:\\\/\\\/hotelarclarambla.com\\\/agenda\\\/arc-la-rambla-hotel\\\/fiesta-del-roser-2024-la-gran-celebracion-floral-de-la-rambla\\\/#primaryimage\"},\"thumbnailUrl\":\"https:\\\/\\\/hotelarclarambla.com\\\/agenda\\\/wp-content\\\/uploads\\\/2024\\\/09\\\/hotel-arc-la-rambla-blog-hotel-festa-roser-20242.webp\",\"articleSection\":[\"Arc La Rambla Hotel\",\"Cultura\"],\"inLanguage\":\"es\"},{\"@type\":\"WebPage\",\"@id\":\"https:\\\/\\\/hotelarclarambla.com\\\/agenda\\\/arc-la-rambla-hotel\\\/fiesta-del-roser-2024-la-gran-celebracion-floral-de-la-rambla\\\/\",\"url\":\"https:\\\/\\\/hotelarclarambla.com\\\/agenda\\\/arc-la-rambla-hotel\\\/fiesta-del-roser-2024-la-gran-celebracion-floral-de-la-rambla\\\/\",\"name\":\"Fiesta del Roser 2024 | Hotel Arc La Rambla\",\"isPartOf\":{\"@id\":\"https:\\\/\\\/hotelarclarambla.com\\\/agenda\\\/#website\"},\"primaryImageOfPage\":{\"@id\":\"https:\\\/\\\/hotelarclarambla.com\\\/agenda\\\/arc-la-rambla-hotel\\\/fiesta-del-roser-2024-la-gran-celebracion-floral-de-la-rambla\\\/#primaryimage\"},\"image\":{\"@id\":\"https:\\\/\\\/hotelarclarambla.com\\\/agenda\\\/arc-la-rambla-hotel\\\/fiesta-del-roser-2024-la-gran-celebracion-floral-de-la-rambla\\\/#primaryimage\"},\"thumbnailUrl\":\"https:\\\/\\\/hotelarclarambla.com\\\/agenda\\\/wp-content\\\/uploads\\\/2024\\\/09\\\/hotel-arc-la-rambla-blog-hotel-festa-roser-20242.webp\",\"datePublished\":\"2024-09-27T06:42:00+00:00\",\"dateModified\":\"2024-10-07T10:03:21+00:00\",\"author\":{\"@id\":\"https:\\\/\\\/hotelarclarambla.com\\\/agenda\\\/#\\\/schema\\\/person\\\/b40fb00e3d10940d7ffb6848593b8d04\"},\"description\":\"Disfrute de la Fiesta del Roser 2024 en La Rambla con actividades florales, conciertos, exposiciones y visitas guiadas a los edificios m\u00e1s emblem\u00e1ticos de Barcelona\",\"breadcrumb\":{\"@id\":\"https:\\\/\\\/hotelarclarambla.com\\\/agenda\\\/arc-la-rambla-hotel\\\/fiesta-del-roser-2024-la-gran-celebracion-floral-de-la-rambla\\\/#breadcrumb\"},\"inLanguage\":\"es\",\"potentialAction\":[{\"@type\":\"ReadAction\",\"target\":[\"https:\\\/\\\/hotelarclarambla.com\\\/agenda\\\/arc-la-rambla-hotel\\\/fiesta-del-roser-2024-la-gran-celebracion-floral-de-la-rambla\\\/\"]}]},{\"@type\":\"ImageObject\",\"inLanguage\":\"es\",\"@id\":\"https:\\\/\\\/hotelarclarambla.com\\\/agenda\\\/arc-la-rambla-hotel\\\/fiesta-del-roser-2024-la-gran-celebracion-floral-de-la-rambla\\\/#primaryimage\",\"url\":\"https:\\\/\\\/hotelarclarambla.com\\\/agenda\\\/wp-content\\\/uploads\\\/2024\\\/09\\\/hotel-arc-la-rambla-blog-hotel-festa-roser-20242.webp\",\"contentUrl\":\"https:\\\/\\\/hotelarclarambla.com\\\/agenda\\\/wp-content\\\/uploads\\\/2024\\\/09\\\/hotel-arc-la-rambla-blog-hotel-festa-roser-20242.webp\",\"width\":980,\"height\":654},{\"@type\":\"BreadcrumbList\",\"@id\":\"https:\\\/\\\/hotelarclarambla.com\\\/agenda\\\/arc-la-rambla-hotel\\\/fiesta-del-roser-2024-la-gran-celebracion-floral-de-la-rambla\\\/#breadcrumb\",\"itemListElement\":[{\"@type\":\"ListItem\",\"position\":1,\"name\":\"Portada\",\"item\":\"https:\\\/\\\/hotelarclarambla.com\\\/agenda\\\/\"},{\"@type\":\"ListItem\",\"position\":2,\"name\":\"Fiesta del Roser 2024: la gran celebraci\u00f3n floral de La Rambla\"}]},{\"@type\":\"WebSite\",\"@id\":\"https:\\\/\\\/hotelarclarambla.com\\\/agenda\\\/#website\",\"url\":\"https:\\\/\\\/hotelarclarambla.com\\\/agenda\\\/\",\"name\":\"Hotel Arc La Rambla Blog\",\"description\":\"El blog de Hotel Arc\",\"potentialAction\":[{\"@type\":\"SearchAction\",\"target\":{\"@type\":\"EntryPoint\",\"urlTemplate\":\"https:\\\/\\\/hotelarclarambla.com\\\/agenda\\\/?s={search_term_string}\"},\"query-input\":{\"@type\":\"PropertyValueSpecification\",\"valueRequired\":true,\"valueName\":\"search_term_string\"}}],\"inLanguage\":\"es\"},{\"@type\":\"Person\",\"@id\":\"https:\\\/\\\/hotelarclarambla.com\\\/agenda\\\/#\\\/schema\\\/person\\\/b40fb00e3d10940d7ffb6848593b8d04\",\"name\":\"admin\",\"image\":{\"@type\":\"ImageObject\",\"inLanguage\":\"es\",\"@id\":\"https:\\\/\\\/secure.gravatar.com\\\/avatar\\\/e7d2a513cc006a0531b1545b92475922773d5049debd5d662a4049cc030a89aa?s=96&d=mm&r=g\",\"url\":\"https:\\\/\\\/secure.gravatar.com\\\/avatar\\\/e7d2a513cc006a0531b1545b92475922773d5049debd5d662a4049cc030a89aa?s=96&d=mm&r=g\",\"contentUrl\":\"https:\\\/\\\/secure.gravatar.com\\\/avatar\\\/e7d2a513cc006a0531b1545b92475922773d5049debd5d662a4049cc030a89aa?s=96&d=mm&r=g\",\"caption\":\"admin\"},\"url\":\"https:\\\/\\\/hotelarclarambla.com\\\/agenda\\\/author\\\/admin\\\/\"}]}<\/script>\n<!-- \/ Yoast SEO plugin. -->","yoast_head_json":{"title":"Fiesta del Roser 2024 | Hotel Arc La Rambla","description":"Disfrute de la Fiesta del Roser 2024 en La Rambla con actividades florales, conciertos, exposiciones y visitas guiadas a los edificios m\u00e1s emblem\u00e1ticos de Barcelona","robots":{"index":"index","follow":"follow","max-snippet":"max-snippet:-1","max-image-preview":"max-image-preview:large","max-video-preview":"max-video-preview:-1"},"canonical":"https:\/\/hotelarclarambla.com\/agenda\/arc-la-rambla-hotel\/fiesta-del-roser-2024-la-gran-celebracion-floral-de-la-rambla\/","og_locale":"es_ES","og_type":"article","og_title":"Fiesta del Roser 2024 | Hotel Arc La Rambla","og_description":"Disfrute de la Fiesta del Roser 2024 en La Rambla con actividades florales, conciertos, exposiciones y visitas guiadas a los edificios m\u00e1s emblem\u00e1ticos de Barcelona","og_url":"https:\/\/hotelarclarambla.com\/agenda\/arc-la-rambla-hotel\/fiesta-del-roser-2024-la-gran-celebracion-floral-de-la-rambla\/","og_site_name":"Hotel Arc La Rambla Blog","article_published_time":"2024-09-27T06:42:00+00:00","article_modified_time":"2024-10-07T10:03:21+00:00","og_image":[{"width":980,"height":654,"url":"https:\/\/hotelarclarambla.com\/agenda\/wp-content\/uploads\/2024\/09\/hotel-arc-la-rambla-blog-hotel-festa-roser-20242.webp","type":"image\/webp"}],"author":"admin","twitter_card":"summary_large_image","twitter_misc":{"Escrito por":"admin","Tiempo de lectura":"6 minutos"},"schema":{"@context":"https:\/\/schema.org","@graph":[{"@type":"Article","@id":"https:\/\/hotelarclarambla.com\/agenda\/arc-la-rambla-hotel\/fiesta-del-roser-2024-la-gran-celebracion-floral-de-la-rambla\/#article","isPartOf":{"@id":"https:\/\/hotelarclarambla.com\/agenda\/arc-la-rambla-hotel\/fiesta-del-roser-2024-la-gran-celebracion-floral-de-la-rambla\/"},"author":{"name":"admin","@id":"https:\/\/hotelarclarambla.com\/agenda\/#\/schema\/person\/b40fb00e3d10940d7ffb6848593b8d04"},"headline":"Fiesta del Roser 2024: la gran celebraci\u00f3n floral de La Rambla","datePublished":"2024-09-27T06:42:00+00:00","dateModified":"2024-10-07T10:03:21+00:00","mainEntityOfPage":{"@id":"https:\/\/hotelarclarambla.com\/agenda\/arc-la-rambla-hotel\/fiesta-del-roser-2024-la-gran-celebracion-floral-de-la-rambla\/"},"wordCount":946,"image":{"@id":"https:\/\/hotelarclarambla.com\/agenda\/arc-la-rambla-hotel\/fiesta-del-roser-2024-la-gran-celebracion-floral-de-la-rambla\/#primaryimage"},"thumbnailUrl":"https:\/\/hotelarclarambla.com\/agenda\/wp-content\/uploads\/2024\/09\/hotel-arc-la-rambla-blog-hotel-festa-roser-20242.webp","articleSection":["Arc La Rambla Hotel","Cultura"],"inLanguage":"es"},{"@type":"WebPage","@id":"https:\/\/hotelarclarambla.com\/agenda\/arc-la-rambla-hotel\/fiesta-del-roser-2024-la-gran-celebracion-floral-de-la-rambla\/","url":"https:\/\/hotelarclarambla.com\/agenda\/arc-la-rambla-hotel\/fiesta-del-roser-2024-la-gran-celebracion-floral-de-la-rambla\/","name":"Fiesta del Roser 2024 | Hotel Arc La Rambla","isPartOf":{"@id":"https:\/\/hotelarclarambla.com\/agenda\/#website"},"primaryImageOfPage":{"@id":"https:\/\/hotelarclarambla.com\/agenda\/arc-la-rambla-hotel\/fiesta-del-roser-2024-la-gran-celebracion-floral-de-la-rambla\/#primaryimage"},"image":{"@id":"https:\/\/hotelarclarambla.com\/agenda\/arc-la-rambla-hotel\/fiesta-del-roser-2024-la-gran-celebracion-floral-de-la-rambla\/#primaryimage"},"thumbnailUrl":"https:\/\/hotelarclarambla.com\/agenda\/wp-content\/uploads\/2024\/09\/hotel-arc-la-rambla-blog-hotel-festa-roser-20242.webp","datePublished":"2024-09-27T06:42:00+00:00","dateModified":"2024-10-07T10:03:21+00:00","author":{"@id":"https:\/\/hotelarclarambla.com\/agenda\/#\/schema\/person\/b40fb00e3d10940d7ffb6848593b8d04"},"description":"Disfrute de la Fiesta del Roser 2024 en La Rambla con actividades florales, conciertos, exposiciones y visitas guiadas a los edificios m\u00e1s emblem\u00e1ticos de Barcelona","breadcrumb":{"@id":"https:\/\/hotelarclarambla.com\/agenda\/arc-la-rambla-hotel\/fiesta-del-roser-2024-la-gran-celebracion-floral-de-la-rambla\/#breadcrumb"},"inLanguage":"es","potentialAction":[{"@type":"ReadAction","target":["https:\/\/hotelarclarambla.com\/agenda\/arc-la-rambla-hotel\/fiesta-del-roser-2024-la-gran-celebracion-floral-de-la-rambla\/"]}]},{"@type":"ImageObject","inLanguage":"es","@id":"https:\/\/hotelarclarambla.com\/agenda\/arc-la-rambla-hotel\/fiesta-del-roser-2024-la-gran-celebracion-floral-de-la-rambla\/#primaryimage","url":"https:\/\/hotelarclarambla.com\/agenda\/wp-content\/uploads\/2024\/09\/hotel-arc-la-rambla-blog-hotel-festa-roser-20242.webp","contentUrl":"https:\/\/hotelarclarambla.com\/agenda\/wp-content\/uploads\/2024\/09\/hotel-arc-la-rambla-blog-hotel-festa-roser-20242.webp","width":980,"height":654},{"@type":"BreadcrumbList","@id":"https:\/\/hotelarclarambla.com\/agenda\/arc-la-rambla-hotel\/fiesta-del-roser-2024-la-gran-celebracion-floral-de-la-rambla\/#breadcrumb","itemListElement":[{"@type":"ListItem","position":1,"name":"Portada","item":"https:\/\/hotelarclarambla.com\/agenda\/"},{"@type":"ListItem","position":2,"name":"Fiesta del Roser 2024: la gran celebraci\u00f3n floral de La Rambla"}]},{"@type":"WebSite","@id":"https:\/\/hotelarclarambla.com\/agenda\/#website","url":"https:\/\/hotelarclarambla.com\/agenda\/","name":"Hotel Arc La Rambla Blog","description":"El blog de Hotel Arc","potentialAction":[{"@type":"SearchAction","target":{"@type":"EntryPoint","urlTemplate":"https:\/\/hotelarclarambla.com\/agenda\/?s={search_term_string}"},"query-input":{"@type":"PropertyValueSpecification","valueRequired":true,"valueName":"search_term_string"}}],"inLanguage":"es"},{"@type":"Person","@id":"https:\/\/hotelarclarambla.com\/agenda\/#\/schema\/person\/b40fb00e3d10940d7ffb6848593b8d04","name":"admin","image":{"@type":"ImageObject","inLanguage":"es","@id":"https:\/\/secure.gravatar.com\/avatar\/e7d2a513cc006a0531b1545b92475922773d5049debd5d662a4049cc030a89aa?s=96&d=mm&r=g","url":"https:\/\/secure.gravatar.com\/avatar\/e7d2a513cc006a0531b1545b92475922773d5049debd5d662a4049cc030a89aa?s=96&d=mm&r=g","contentUrl":"https:\/\/secure.gravatar.com\/avatar\/e7d2a513cc006a0531b1545b92475922773d5049debd5d662a4049cc030a89aa?s=96&d=mm&r=g","caption":"admin"},"url":"https:\/\/hotelarclarambla.com\/agenda\/author\/admin\/"}]}},"_links":{"self":[{"href":"https:\/\/hotelarclarambla.com\/agenda\/wp-json\/wp\/v2\/posts\/240022","targetHints":{"allow":["GET"]}}],"collection":[{"href":"https:\/\/hotelarclarambla.com\/agenda\/wp-json\/wp\/v2\/posts"}],"about":[{"href":"https:\/\/hotelarclarambla.com\/agenda\/wp-json\/wp\/v2\/types\/post"}],"author":[{"embeddable":true,"href":"https:\/\/hotelarclarambla.com\/agenda\/wp-json\/wp\/v2\/users\/1"}],"replies":[{"embeddable":true,"href":"https:\/\/hotelarclarambla.com\/agenda\/wp-json\/wp\/v2\/comments?post=240022"}],"version-history":[{"count":6,"href":"https:\/\/hotelarclarambla.com\/agenda\/wp-json\/wp\/v2\/posts\/240022\/revisions"}],"predecessor-version":[{"id":240086,"href":"https:\/\/hotelarclarambla.com\/agenda\/wp-json\/wp\/v2\/posts\/240022\/revisions\/240086"}],"wp:featuredmedia":[{"embeddable":true,"href":"https:\/\/hotelarclarambla.com\/agenda\/wp-json\/wp\/v2\/media\/240056"}],"wp:attachment":[{"href":"https:\/\/hotelarclarambla.com\/agenda\/wp-json\/wp\/v2\/media?parent=240022"}],"wp:term":[{"taxonomy":"category","embeddable":true,"href":"https:\/\/hotelarclarambla.com\/agenda\/wp-json\/wp\/v2\/categories?post=240022"},{"taxonomy":"post_tag","embeddable":true,"href":"https:\/\/hotelarclarambla.com\/agenda\/wp-json\/wp\/v2\/tags?post=240022"}],"curies":[{"name":"wp","href":"https:\/\/api.w.org\/{rel}","templated":true}]}}