{"id":239954,"date":"2024-08-02T09:37:53","date_gmt":"2024-08-02T07:37:53","guid":{"rendered":"https:\/\/hotelarclarambla.com\/agenda\/?p=239954"},"modified":"2024-08-02T09:37:55","modified_gmt":"2024-08-02T07:37:55","slug":"el-modernismo-catalan-un-viaje-por-la-historia-de-bcn","status":"publish","type":"post","link":"https:\/\/hotelarclarambla.com\/agenda\/que-ver-en-barcelona\/el-modernismo-catalan-un-viaje-por-la-historia-de-bcn\/","title":{"rendered":"El Modernismo catal\u00e1n: un viaje por la historia de BCN"},"content":{"rendered":"\n<p>El modernismo est\u00e1 \u00edntimamente ligado a la historia moderna de Barcelona. Este movimiento art\u00edstico, que floreci\u00f3 a finales del siglo XIX y principios del siglo XX, transform\u00f3 la fisonom\u00eda de la ciudad y dej\u00f3 una impronta duradera en su arquitectura.<\/p>\n\n\n\n<h2 class=\"wp-block-heading\">El Modernismo catal\u00e1n: La revoluci\u00f3n art\u00edstica de Barcelona<\/h2>\n\n\n\n<p>El Modernismo fue una corriente cultural y art\u00edstica que surgi\u00f3 en Europa a finales del siglo XIX, influenciada por los avances de la segunda revoluci\u00f3n industrial. Este movimiento, conocido en distintos pa\u00edses como art nouveau en Francia o Modern Style en Inglaterra, encontr\u00f3 en Catalu\u00f1a una expresi\u00f3n \u00fanica y vibrante. A trav\u00e9s del Modernismo, se busc\u00f3 <strong>modernizar la sociedad catalana<\/strong>, y su m\u00e1xima expresi\u00f3n se dio en la arquitectura, <strong>transformando el paisaje urbano de Barcelona entre 1885 y 1920<\/strong>.<\/p>\n\n\n\n<h2 class=\"wp-block-heading\">Contexto hist\u00f3rico del Modernismo<\/h2>\n\n\n\n<p>Durante la segunda mitad del siglo XIX, Barcelona experiment\u00f3 una serie de <strong>cambios urban\u00edsticos y sociales significativos<\/strong>. El derribo de las murallas que rodeaban la ciudad permiti\u00f3 la expansi\u00f3n de sus l\u00edmites y la urbanizaci\u00f3n de terrenos extramuros. En este contexto, naci\u00f3 el barrio del Eixample, una de las zonas m\u00e1s emblem\u00e1ticas de la ciudad. La celebraci\u00f3n de la Exposici\u00f3n Universal de 1888 marc\u00f3 un punto de inflexi\u00f3n, mostrando al mundo la modernidad y el progreso de Barcelona.<\/p>\n\n\n\n<p>Con estos cambios, surgi\u00f3 <strong>una nueva burgues\u00eda industrial,<\/strong> rica y con un deseo de expresar su estatus y modernidad. El paseo de Gr\u00e0cia, la arteria principal del Eixample, se convirti\u00f3 en el lugar predilecto para construir sus residencias. Esta burgues\u00eda no s\u00f3lo buscaba lujo, sino tambi\u00e9n distinci\u00f3n, lo que llev\u00f3 a una efervescencia arquitect\u00f3nica sin precedentes. Las casas modernistas se convirtieron en s\u00edmbolos de estatus y un medio a destacar en los c\u00edrculos sociales. Los arquitectos m\u00e1s destacados de la \u00e9poca, como <strong>Antoni Gaud\u00ed, Llu\u00eds Dom\u00e8nech i Montaner y Josep Puig i Cadafalch,<\/strong> encontraron en estos clientes mecenas que les permitieron desarrollar sus ideas m\u00e1s audaces.<\/p>\n\n\n\n<figure class=\"wp-block-image size-large is-resized\"><a href=\"https:\/\/hotelarclarambla.com\/agenda\/wp-content\/uploads\/2024\/08\/arc-la-rambla-blog-cultura-modernismo-catalan-historia-barcelona-.webp\"><img loading=\"lazy\" decoding=\"async\" src=\"https:\/\/hotelarclarambla.com\/agenda\/wp-content\/uploads\/2024\/08\/arc-la-rambla-blog-cultura-modernismo-catalan-historia-barcelona--1024x1024.webp\" alt=\"\" class=\"wp-image-239958\" width=\"798\" height=\"798\"\/><\/a><\/figure>\n\n\n\n<h2 class=\"wp-block-heading\">Caracter\u00edsticas del Modernismo arquitect\u00f3nico<\/h2>\n\n\n\n<p>El Modernismo catal\u00e1n fue un movimiento diverso y heterog\u00e9neo, en el que cada artista desarroll\u00f3 un estilo \u00fanico. Sin embargo, compart\u00edan una serie de caracter\u00edsticas comunes. En primer lugar, hab\u00eda un claro <strong>rechazo a los estilos arquitect\u00f3nicos tradicionales <\/strong>y al industrialismo de la primera mitad del siglo XX. Los arquitectos modernistas buscaban <strong>crear nuevas formas y romper con el academicismo.<\/strong><\/p>\n\n\n\n<p><strong>Inspirados por la naturaleza, las formas org\u00e1nicas y los vibrantes colores<\/strong>, los edificios modernistas presentan una profusi\u00f3n de detalles decorativos y simbolismo. Las <strong>l\u00edneas curvas y asim\u00e9tricas<\/strong>, as\u00ed como el uso innovador de materiales como el <strong>hierro<\/strong>, se combinan con <strong>t\u00e9cnicas artesanales tradicionales, como la cer\u00e1mica, el vidrio y el hierro forjado<\/strong>. La frase de Antoni Gaud\u00ed, \u00abla originalidad consiste en volver al origen; as\u00ed pues, original es lo que vuelve a la simplicidad de las primeras soluciones\u00bb, resume la esencia del movimiento: una b\u00fasqueda de autenticidad y simplicidad a trav\u00e9s de la creatividad.<\/p>\n\n\n\n<h2 class=\"wp-block-heading\">Patrimonio de la Humanidad<\/h2>\n\n\n\n<p>El legado del Modernismo en Barcelona es impresionante, con m\u00e1s de <strong>100 edificios<\/strong> que destacan por su singularidad y belleza. Obras como el Palacio de la M\u00fasica Catalana y el Hospital de Sant Pau, Dom\u00e8nech i Montaner, o el Palau G\u00fcell, el Park G\u00fcell, y la Sagrada Familia de Antoni Gaud\u00ed, han sido declaradas <strong>Patrimonio de la Humanidad<\/strong> por la UNESCO. Estos edificios no s\u00f3lo representan la c\u00faspide del Modernismo catal\u00e1n, sino que tambi\u00e9n son parte integral de la identidad de la ciudad.<\/p>\n\n\n\n<h2 class=\"wp-block-heading\">Curiosidades modernistas: El Cuadrado de Oro y la Manzana de la Discordia<\/h2>\n\n\n\n<p>El Eixample, particularmente el Cuadrado de Oro, es el epicentro de la arquitectura modernista. Esta zona, delimitada por algunas de las principales calles de la ciudad, incluye numerosos edificios ic\u00f3nicos. En este marco se encuentra la famosa <strong>Manzana de la Discordia<\/strong>, un tramo del Paseo de Gracia donde hay tres obras maestras: la <strong>Casa Amatller de Puig y Cadafalch, la Casa Le\u00f3n Morera de Dom\u00e8nech y Montaner, y la Casa Batll\u00f3 de Gaud\u00ed.<\/strong> Esta concentraci\u00f3n de estilos y genialidades arquitect\u00f3nicas refleja la rivalidad y diversidad del Modernismo.<br><br>El modernismo no fue s\u00f3lo un estilo arquitect\u00f3nico, sino una expresi\u00f3n cultural que marc\u00f3 una \u00e9poca de cambios e innovaciones en Barcelona. Hoy en d\u00eda, el Modernismo catal\u00e1n sigue siendo una parte esencial del paisaje urbano de Barcelona.<br><br>Si quiere conocer m\u00e1s de cerca el Modernismo catal\u00e1n, <strong>consulte en la recepci\u00f3n<\/strong> del hotel la oferta de tours y circuitos que se organizan en la ciudad para descubrir estos maravillosos edificios y apreciar la genialidad de los arquitectos que dieron forma a una de las \u00e9pocas m\u00e1s esplendorosas de la historia de la ciudad.<\/p>\n\n\n\n<p>&#8212;<\/p>\n\n\n\n<p>Nuestros clientes lo tienen claro\u2026 \u00bfy usted? Si est\u00e1 buscando hoteles en Barcelona con la mejor ubicaci\u00f3n, no busque m\u00e1s y <a href=\"https:\/\/hotelarclarambla.com\/bookingstep1?idtokenprovider=10760133&amp;lang=es&amp;nights=1&amp;checkin=15%2F12%2F2023&amp;step=1&amp;home=https%3A%2F%2Fhotelarclarambla.com%2F&amp;currency=EUR\">reserve su habitaci\u00f3n<\/a> en nuestro hotel ubicado en el coraz\u00f3n de la ciudad.<\/p>\n\n\n\n<p>Si adem\u00e1s quiere conocer m\u00e1s planes para disfrutar de su estancia en Barcelona, \u200b\u200bsiga explorando<a href=\"https:\/\/hotelarclarambla.com\/agenda\/\"> nuestro blog<\/a> y mantengas informado.<\/p>\n\n\n\n<p>Tambi\u00e9n puede obtener m\u00e1s informaci\u00f3n sobre los eventos y actividades sigui\u00e9ndonos en nuestras <a href=\"https:\/\/www.instagram.com\/arclarambla\/\">redes sociales<\/a>.<\/p>\n","protected":false},"excerpt":{"rendered":"<p>El Modernismo en Barcelona, \u200b\u200buna corriente art\u00edstica que transform\u00f3 la ciudad con obras maestras de Gaud\u00ed, Dom\u00e8nech y Montaner y Puig i Cadafalch.<\/p>\n","protected":false},"author":1,"featured_media":239955,"comment_status":"closed","ping_status":"closed","sticky":false,"template":"","format":"standard","meta":{"_acf_changed":false,"_et_pb_use_builder":"off","_et_pb_old_content":"","_et_gb_content_width":"","inline_featured_image":false,"footnotes":""},"categories":[4140],"tags":[],"class_list":["post-239954","post","type-post","status-publish","format-standard","has-post-thumbnail","hentry","category-que-ver-en-barcelona"],"acf":[],"yoast_head":"<!-- This site is optimized with the Yoast SEO plugin v27.4 - https:\/\/yoast.com\/product\/yoast-seo-wordpress\/ -->\n<title>Modernismo: un viaje por la historia de Barcelona | Hotel Arc La Rambla<\/title>\n<meta name=\"description\" content=\"El Modernismo en Barcelona, \u200b\u200buna corriente art\u00edstica que transform\u00f3 la ciudad con obras maestras de Gaud\u00ed, Dom\u00e8nech y Montaner y Puig i Cadafalch.\" \/>\n<meta name=\"robots\" content=\"index, follow, max-snippet:-1, max-image-preview:large, max-video-preview:-1\" \/>\n<link rel=\"canonical\" href=\"https:\/\/hotelarclarambla.com\/agenda\/que-ver-en-barcelona\/el-modernismo-catalan-un-viaje-por-la-historia-de-bcn\/\" \/>\n<meta property=\"og:locale\" content=\"es_ES\" \/>\n<meta property=\"og:type\" content=\"article\" \/>\n<meta property=\"og:title\" content=\"Modernismo: un viaje por la historia de Barcelona | Hotel Arc La Rambla\" \/>\n<meta property=\"og:description\" content=\"El Modernismo en Barcelona, \u200b\u200buna corriente art\u00edstica que transform\u00f3 la ciudad con obras maestras de Gaud\u00ed, Dom\u00e8nech y Montaner y Puig i Cadafalch.\" \/>\n<meta property=\"og:url\" content=\"https:\/\/hotelarclarambla.com\/agenda\/que-ver-en-barcelona\/el-modernismo-catalan-un-viaje-por-la-historia-de-bcn\/\" \/>\n<meta property=\"og:site_name\" content=\"Hotel Arc La Rambla Blog\" \/>\n<meta property=\"article:published_time\" content=\"2024-08-02T07:37:53+00:00\" \/>\n<meta property=\"article:modified_time\" content=\"2024-08-02T07:37:55+00:00\" \/>\n<meta property=\"og:image\" content=\"https:\/\/hotelarclarambla.com\/agenda\/wp-content\/uploads\/2024\/08\/arc-la-rambla-blog-cultura-modernismo-catalan-historia-barcelona.webp\" \/>\n\t<meta property=\"og:image:width\" content=\"980\" \/>\n\t<meta property=\"og:image:height\" content=\"654\" \/>\n\t<meta property=\"og:image:type\" content=\"image\/webp\" \/>\n<meta name=\"author\" content=\"admin\" \/>\n<meta name=\"twitter:card\" content=\"summary_large_image\" \/>\n<meta name=\"twitter:label1\" content=\"Escrito por\" \/>\n\t<meta name=\"twitter:data1\" content=\"admin\" \/>\n\t<meta name=\"twitter:label2\" content=\"Tiempo de lectura\" \/>\n\t<meta name=\"twitter:data2\" content=\"4 minutos\" \/>\n<script type=\"application\/ld+json\" class=\"yoast-schema-graph\">{\"@context\":\"https:\\\/\\\/schema.org\",\"@graph\":[{\"@type\":\"Article\",\"@id\":\"https:\\\/\\\/hotelarclarambla.com\\\/agenda\\\/que-ver-en-barcelona\\\/el-modernismo-catalan-un-viaje-por-la-historia-de-bcn\\\/#article\",\"isPartOf\":{\"@id\":\"https:\\\/\\\/hotelarclarambla.com\\\/agenda\\\/que-ver-en-barcelona\\\/el-modernismo-catalan-un-viaje-por-la-historia-de-bcn\\\/\"},\"author\":{\"name\":\"admin\",\"@id\":\"https:\\\/\\\/hotelarclarambla.com\\\/agenda\\\/#\\\/schema\\\/person\\\/b40fb00e3d10940d7ffb6848593b8d04\"},\"headline\":\"El Modernismo catal\u00e1n: un viaje por la historia de BCN\",\"datePublished\":\"2024-08-02T07:37:53+00:00\",\"dateModified\":\"2024-08-02T07:37:55+00:00\",\"mainEntityOfPage\":{\"@id\":\"https:\\\/\\\/hotelarclarambla.com\\\/agenda\\\/que-ver-en-barcelona\\\/el-modernismo-catalan-un-viaje-por-la-historia-de-bcn\\\/\"},\"wordCount\":914,\"image\":{\"@id\":\"https:\\\/\\\/hotelarclarambla.com\\\/agenda\\\/que-ver-en-barcelona\\\/el-modernismo-catalan-un-viaje-por-la-historia-de-bcn\\\/#primaryimage\"},\"thumbnailUrl\":\"https:\\\/\\\/hotelarclarambla.com\\\/agenda\\\/wp-content\\\/uploads\\\/2024\\\/08\\\/arc-la-rambla-blog-cultura-modernismo-catalan-historia-barcelona.webp\",\"articleSection\":[\"Qu\u00e9 ver en Barcelona\"],\"inLanguage\":\"es\"},{\"@type\":\"WebPage\",\"@id\":\"https:\\\/\\\/hotelarclarambla.com\\\/agenda\\\/que-ver-en-barcelona\\\/el-modernismo-catalan-un-viaje-por-la-historia-de-bcn\\\/\",\"url\":\"https:\\\/\\\/hotelarclarambla.com\\\/agenda\\\/que-ver-en-barcelona\\\/el-modernismo-catalan-un-viaje-por-la-historia-de-bcn\\\/\",\"name\":\"Modernismo: un viaje por la historia de Barcelona | Hotel Arc La Rambla\",\"isPartOf\":{\"@id\":\"https:\\\/\\\/hotelarclarambla.com\\\/agenda\\\/#website\"},\"primaryImageOfPage\":{\"@id\":\"https:\\\/\\\/hotelarclarambla.com\\\/agenda\\\/que-ver-en-barcelona\\\/el-modernismo-catalan-un-viaje-por-la-historia-de-bcn\\\/#primaryimage\"},\"image\":{\"@id\":\"https:\\\/\\\/hotelarclarambla.com\\\/agenda\\\/que-ver-en-barcelona\\\/el-modernismo-catalan-un-viaje-por-la-historia-de-bcn\\\/#primaryimage\"},\"thumbnailUrl\":\"https:\\\/\\\/hotelarclarambla.com\\\/agenda\\\/wp-content\\\/uploads\\\/2024\\\/08\\\/arc-la-rambla-blog-cultura-modernismo-catalan-historia-barcelona.webp\",\"datePublished\":\"2024-08-02T07:37:53+00:00\",\"dateModified\":\"2024-08-02T07:37:55+00:00\",\"author\":{\"@id\":\"https:\\\/\\\/hotelarclarambla.com\\\/agenda\\\/#\\\/schema\\\/person\\\/b40fb00e3d10940d7ffb6848593b8d04\"},\"description\":\"El Modernismo en Barcelona, \u200b\u200buna corriente art\u00edstica que transform\u00f3 la ciudad con obras maestras de Gaud\u00ed, Dom\u00e8nech y Montaner y Puig i Cadafalch.\",\"breadcrumb\":{\"@id\":\"https:\\\/\\\/hotelarclarambla.com\\\/agenda\\\/que-ver-en-barcelona\\\/el-modernismo-catalan-un-viaje-por-la-historia-de-bcn\\\/#breadcrumb\"},\"inLanguage\":\"es\",\"potentialAction\":[{\"@type\":\"ReadAction\",\"target\":[\"https:\\\/\\\/hotelarclarambla.com\\\/agenda\\\/que-ver-en-barcelona\\\/el-modernismo-catalan-un-viaje-por-la-historia-de-bcn\\\/\"]}]},{\"@type\":\"ImageObject\",\"inLanguage\":\"es\",\"@id\":\"https:\\\/\\\/hotelarclarambla.com\\\/agenda\\\/que-ver-en-barcelona\\\/el-modernismo-catalan-un-viaje-por-la-historia-de-bcn\\\/#primaryimage\",\"url\":\"https:\\\/\\\/hotelarclarambla.com\\\/agenda\\\/wp-content\\\/uploads\\\/2024\\\/08\\\/arc-la-rambla-blog-cultura-modernismo-catalan-historia-barcelona.webp\",\"contentUrl\":\"https:\\\/\\\/hotelarclarambla.com\\\/agenda\\\/wp-content\\\/uploads\\\/2024\\\/08\\\/arc-la-rambla-blog-cultura-modernismo-catalan-historia-barcelona.webp\",\"width\":980,\"height\":654},{\"@type\":\"BreadcrumbList\",\"@id\":\"https:\\\/\\\/hotelarclarambla.com\\\/agenda\\\/que-ver-en-barcelona\\\/el-modernismo-catalan-un-viaje-por-la-historia-de-bcn\\\/#breadcrumb\",\"itemListElement\":[{\"@type\":\"ListItem\",\"position\":1,\"name\":\"Portada\",\"item\":\"https:\\\/\\\/hotelarclarambla.com\\\/agenda\\\/\"},{\"@type\":\"ListItem\",\"position\":2,\"name\":\"El Modernismo catal\u00e1n: un viaje por la historia de BCN\"}]},{\"@type\":\"WebSite\",\"@id\":\"https:\\\/\\\/hotelarclarambla.com\\\/agenda\\\/#website\",\"url\":\"https:\\\/\\\/hotelarclarambla.com\\\/agenda\\\/\",\"name\":\"Hotel Arc La Rambla Blog\",\"description\":\"El blog de Hotel Arc\",\"potentialAction\":[{\"@type\":\"SearchAction\",\"target\":{\"@type\":\"EntryPoint\",\"urlTemplate\":\"https:\\\/\\\/hotelarclarambla.com\\\/agenda\\\/?s={search_term_string}\"},\"query-input\":{\"@type\":\"PropertyValueSpecification\",\"valueRequired\":true,\"valueName\":\"search_term_string\"}}],\"inLanguage\":\"es\"},{\"@type\":\"Person\",\"@id\":\"https:\\\/\\\/hotelarclarambla.com\\\/agenda\\\/#\\\/schema\\\/person\\\/b40fb00e3d10940d7ffb6848593b8d04\",\"name\":\"admin\",\"image\":{\"@type\":\"ImageObject\",\"inLanguage\":\"es\",\"@id\":\"https:\\\/\\\/secure.gravatar.com\\\/avatar\\\/e7d2a513cc006a0531b1545b92475922773d5049debd5d662a4049cc030a89aa?s=96&d=mm&r=g\",\"url\":\"https:\\\/\\\/secure.gravatar.com\\\/avatar\\\/e7d2a513cc006a0531b1545b92475922773d5049debd5d662a4049cc030a89aa?s=96&d=mm&r=g\",\"contentUrl\":\"https:\\\/\\\/secure.gravatar.com\\\/avatar\\\/e7d2a513cc006a0531b1545b92475922773d5049debd5d662a4049cc030a89aa?s=96&d=mm&r=g\",\"caption\":\"admin\"},\"url\":\"https:\\\/\\\/hotelarclarambla.com\\\/agenda\\\/author\\\/admin\\\/\"}]}<\/script>\n<!-- \/ Yoast SEO plugin. -->","yoast_head_json":{"title":"Modernismo: un viaje por la historia de Barcelona | Hotel Arc La Rambla","description":"El Modernismo en Barcelona, \u200b\u200buna corriente art\u00edstica que transform\u00f3 la ciudad con obras maestras de Gaud\u00ed, Dom\u00e8nech y Montaner y Puig i Cadafalch.","robots":{"index":"index","follow":"follow","max-snippet":"max-snippet:-1","max-image-preview":"max-image-preview:large","max-video-preview":"max-video-preview:-1"},"canonical":"https:\/\/hotelarclarambla.com\/agenda\/que-ver-en-barcelona\/el-modernismo-catalan-un-viaje-por-la-historia-de-bcn\/","og_locale":"es_ES","og_type":"article","og_title":"Modernismo: un viaje por la historia de Barcelona | Hotel Arc La Rambla","og_description":"El Modernismo en Barcelona, \u200b\u200buna corriente art\u00edstica que transform\u00f3 la ciudad con obras maestras de Gaud\u00ed, Dom\u00e8nech y Montaner y Puig i Cadafalch.","og_url":"https:\/\/hotelarclarambla.com\/agenda\/que-ver-en-barcelona\/el-modernismo-catalan-un-viaje-por-la-historia-de-bcn\/","og_site_name":"Hotel Arc La Rambla Blog","article_published_time":"2024-08-02T07:37:53+00:00","article_modified_time":"2024-08-02T07:37:55+00:00","og_image":[{"width":980,"height":654,"url":"https:\/\/hotelarclarambla.com\/agenda\/wp-content\/uploads\/2024\/08\/arc-la-rambla-blog-cultura-modernismo-catalan-historia-barcelona.webp","type":"image\/webp"}],"author":"admin","twitter_card":"summary_large_image","twitter_misc":{"Escrito por":"admin","Tiempo de lectura":"4 minutos"},"schema":{"@context":"https:\/\/schema.org","@graph":[{"@type":"Article","@id":"https:\/\/hotelarclarambla.com\/agenda\/que-ver-en-barcelona\/el-modernismo-catalan-un-viaje-por-la-historia-de-bcn\/#article","isPartOf":{"@id":"https:\/\/hotelarclarambla.com\/agenda\/que-ver-en-barcelona\/el-modernismo-catalan-un-viaje-por-la-historia-de-bcn\/"},"author":{"name":"admin","@id":"https:\/\/hotelarclarambla.com\/agenda\/#\/schema\/person\/b40fb00e3d10940d7ffb6848593b8d04"},"headline":"El Modernismo catal\u00e1n: un viaje por la historia de BCN","datePublished":"2024-08-02T07:37:53+00:00","dateModified":"2024-08-02T07:37:55+00:00","mainEntityOfPage":{"@id":"https:\/\/hotelarclarambla.com\/agenda\/que-ver-en-barcelona\/el-modernismo-catalan-un-viaje-por-la-historia-de-bcn\/"},"wordCount":914,"image":{"@id":"https:\/\/hotelarclarambla.com\/agenda\/que-ver-en-barcelona\/el-modernismo-catalan-un-viaje-por-la-historia-de-bcn\/#primaryimage"},"thumbnailUrl":"https:\/\/hotelarclarambla.com\/agenda\/wp-content\/uploads\/2024\/08\/arc-la-rambla-blog-cultura-modernismo-catalan-historia-barcelona.webp","articleSection":["Qu\u00e9 ver en Barcelona"],"inLanguage":"es"},{"@type":"WebPage","@id":"https:\/\/hotelarclarambla.com\/agenda\/que-ver-en-barcelona\/el-modernismo-catalan-un-viaje-por-la-historia-de-bcn\/","url":"https:\/\/hotelarclarambla.com\/agenda\/que-ver-en-barcelona\/el-modernismo-catalan-un-viaje-por-la-historia-de-bcn\/","name":"Modernismo: un viaje por la historia de Barcelona | Hotel Arc La Rambla","isPartOf":{"@id":"https:\/\/hotelarclarambla.com\/agenda\/#website"},"primaryImageOfPage":{"@id":"https:\/\/hotelarclarambla.com\/agenda\/que-ver-en-barcelona\/el-modernismo-catalan-un-viaje-por-la-historia-de-bcn\/#primaryimage"},"image":{"@id":"https:\/\/hotelarclarambla.com\/agenda\/que-ver-en-barcelona\/el-modernismo-catalan-un-viaje-por-la-historia-de-bcn\/#primaryimage"},"thumbnailUrl":"https:\/\/hotelarclarambla.com\/agenda\/wp-content\/uploads\/2024\/08\/arc-la-rambla-blog-cultura-modernismo-catalan-historia-barcelona.webp","datePublished":"2024-08-02T07:37:53+00:00","dateModified":"2024-08-02T07:37:55+00:00","author":{"@id":"https:\/\/hotelarclarambla.com\/agenda\/#\/schema\/person\/b40fb00e3d10940d7ffb6848593b8d04"},"description":"El Modernismo en Barcelona, \u200b\u200buna corriente art\u00edstica que transform\u00f3 la ciudad con obras maestras de Gaud\u00ed, Dom\u00e8nech y Montaner y Puig i Cadafalch.","breadcrumb":{"@id":"https:\/\/hotelarclarambla.com\/agenda\/que-ver-en-barcelona\/el-modernismo-catalan-un-viaje-por-la-historia-de-bcn\/#breadcrumb"},"inLanguage":"es","potentialAction":[{"@type":"ReadAction","target":["https:\/\/hotelarclarambla.com\/agenda\/que-ver-en-barcelona\/el-modernismo-catalan-un-viaje-por-la-historia-de-bcn\/"]}]},{"@type":"ImageObject","inLanguage":"es","@id":"https:\/\/hotelarclarambla.com\/agenda\/que-ver-en-barcelona\/el-modernismo-catalan-un-viaje-por-la-historia-de-bcn\/#primaryimage","url":"https:\/\/hotelarclarambla.com\/agenda\/wp-content\/uploads\/2024\/08\/arc-la-rambla-blog-cultura-modernismo-catalan-historia-barcelona.webp","contentUrl":"https:\/\/hotelarclarambla.com\/agenda\/wp-content\/uploads\/2024\/08\/arc-la-rambla-blog-cultura-modernismo-catalan-historia-barcelona.webp","width":980,"height":654},{"@type":"BreadcrumbList","@id":"https:\/\/hotelarclarambla.com\/agenda\/que-ver-en-barcelona\/el-modernismo-catalan-un-viaje-por-la-historia-de-bcn\/#breadcrumb","itemListElement":[{"@type":"ListItem","position":1,"name":"Portada","item":"https:\/\/hotelarclarambla.com\/agenda\/"},{"@type":"ListItem","position":2,"name":"El Modernismo catal\u00e1n: un viaje por la historia de BCN"}]},{"@type":"WebSite","@id":"https:\/\/hotelarclarambla.com\/agenda\/#website","url":"https:\/\/hotelarclarambla.com\/agenda\/","name":"Hotel Arc La Rambla Blog","description":"El blog de Hotel Arc","potentialAction":[{"@type":"SearchAction","target":{"@type":"EntryPoint","urlTemplate":"https:\/\/hotelarclarambla.com\/agenda\/?s={search_term_string}"},"query-input":{"@type":"PropertyValueSpecification","valueRequired":true,"valueName":"search_term_string"}}],"inLanguage":"es"},{"@type":"Person","@id":"https:\/\/hotelarclarambla.com\/agenda\/#\/schema\/person\/b40fb00e3d10940d7ffb6848593b8d04","name":"admin","image":{"@type":"ImageObject","inLanguage":"es","@id":"https:\/\/secure.gravatar.com\/avatar\/e7d2a513cc006a0531b1545b92475922773d5049debd5d662a4049cc030a89aa?s=96&d=mm&r=g","url":"https:\/\/secure.gravatar.com\/avatar\/e7d2a513cc006a0531b1545b92475922773d5049debd5d662a4049cc030a89aa?s=96&d=mm&r=g","contentUrl":"https:\/\/secure.gravatar.com\/avatar\/e7d2a513cc006a0531b1545b92475922773d5049debd5d662a4049cc030a89aa?s=96&d=mm&r=g","caption":"admin"},"url":"https:\/\/hotelarclarambla.com\/agenda\/author\/admin\/"}]}},"_links":{"self":[{"href":"https:\/\/hotelarclarambla.com\/agenda\/wp-json\/wp\/v2\/posts\/239954","targetHints":{"allow":["GET"]}}],"collection":[{"href":"https:\/\/hotelarclarambla.com\/agenda\/wp-json\/wp\/v2\/posts"}],"about":[{"href":"https:\/\/hotelarclarambla.com\/agenda\/wp-json\/wp\/v2\/types\/post"}],"author":[{"embeddable":true,"href":"https:\/\/hotelarclarambla.com\/agenda\/wp-json\/wp\/v2\/users\/1"}],"replies":[{"embeddable":true,"href":"https:\/\/hotelarclarambla.com\/agenda\/wp-json\/wp\/v2\/comments?post=239954"}],"version-history":[{"count":1,"href":"https:\/\/hotelarclarambla.com\/agenda\/wp-json\/wp\/v2\/posts\/239954\/revisions"}],"predecessor-version":[{"id":239961,"href":"https:\/\/hotelarclarambla.com\/agenda\/wp-json\/wp\/v2\/posts\/239954\/revisions\/239961"}],"wp:featuredmedia":[{"embeddable":true,"href":"https:\/\/hotelarclarambla.com\/agenda\/wp-json\/wp\/v2\/media\/239955"}],"wp:attachment":[{"href":"https:\/\/hotelarclarambla.com\/agenda\/wp-json\/wp\/v2\/media?parent=239954"}],"wp:term":[{"taxonomy":"category","embeddable":true,"href":"https:\/\/hotelarclarambla.com\/agenda\/wp-json\/wp\/v2\/categories?post=239954"},{"taxonomy":"post_tag","embeddable":true,"href":"https:\/\/hotelarclarambla.com\/agenda\/wp-json\/wp\/v2\/tags?post=239954"}],"curies":[{"name":"wp","href":"https:\/\/api.w.org\/{rel}","templated":true}]}}