{"id":239909,"date":"2024-06-21T12:35:25","date_gmt":"2024-06-21T10:35:25","guid":{"rendered":"https:\/\/hotelarclarambla.com\/agenda\/?p=239909"},"modified":"2026-03-11T12:05:03","modified_gmt":"2026-03-11T11:05:03","slug":"celebremos-la-verbena-de-san-juan-en-ciutat-vella","status":"publish","type":"post","link":"https:\/\/hotelarclarambla.com\/agenda\/cultura-ca\/celebremos-la-verbena-de-san-juan-en-ciutat-vella\/","title":{"rendered":"Celebremos la verbena de San Juan en Ciutat Vella"},"content":{"rendered":"\n<p>La verbena de San Juan es una de las fiestas m\u00e1s esperadas en Catalu\u00f1a, y en el distrito de <strong>Ciutat Vella<\/strong>, esta celebraci\u00f3n adquiere una magia especial. Y es que los barrios del <strong>Raval<\/strong> y la <strong>Barceloneta<\/strong> se convierten en escenarios protagonistas llenos de tradiciones, m\u00fasica en directo y hogueras. Si vienes a pasar unos d\u00edas a Barcelona, \u200b\u200bres\u00e9rvate la noche del 23 de junio porque no puedes perderte las actividades especiales que se llevan a cabo en estos dos emblem\u00e1ticos barrios.<\/p>\n\n\n\n<h2 class=\"wp-block-heading\"><strong>Una noche m\u00e1gica en el Raval<\/strong><\/h2>\n\n\n\n<p>La fiesta en el Raval comienza con un evento simb\u00f3lico y emocionante: la recogida de la <strong>Llama del Canig\u00f3<\/strong>, que se enciende cada a\u00f1o en la cima del Canig\u00f3 y se distribuye por toda Catalu\u00f1a.<\/p>\n\n\n\n<p><strong>19 h<\/strong>: Recogida de la Llama del Canig\u00f3 en la plaza de Sant Jaume<\/p>\n\n\n\n<p>El encendido de la llama da inicio a un <strong>pasacalle<\/strong> vibrante que lleva la llama desde la plaza de Sant Jaume hasta la rambla del Raval. Las calles se llenan de alegr\u00eda, m\u00fasica y colores mientras los vecinos y visitantes siguen la llama.<\/p>\n\n\n\n<p><strong>20 h<\/strong>: Cantada de habaneras con el grupo Mar Brava<\/p>\n\n\n\n<p>La rambla del Raval se llena de melod\u00edas nost\u00e1lgicas con la cantada de <strong>habaneras<\/strong> a cargo del grupo Mar Brava. Adem\u00e1s, se servir\u00e1 <strong>ron quemado<\/strong>, una bebida tradicional que complementa perfectamente las canciones marineras.<\/p>\n\n\n\n<p><strong>21 h:<\/strong> Cena de fiambrera<\/p>\n\n\n\n<p>Una de las partes m\u00e1s acogedoras de la noche es la cena de fiambrera, donde los vecinos y vecinas llevan su comida y se re\u00fanen para compartirla en un ambiente de hermandad y fiesta.<\/p>\n\n\n\n<p><strong>22 h<\/strong>: Encendido de la hoguera<\/p>\n\n\n\n<p>La noche contin\u00faa con el encendido de la hoguera, un momento que simboliza la purificaci\u00f3n y la llegada del verano.<\/p>\n\n\n\n<p><strong>23 h<\/strong>: Baile con DJ Medi<\/p>\n\n\n\n<p>Por \u00faltimo, la noche culmina con un animado baile con DJ Medi, que pondr\u00e1 m\u00fasica para todos los gustos, asegurando que la fiesta contin\u00fae hasta bien entrada la madrugada.<\/p>\n\n\n\n<p><\/p>\n\n\n\n<h2 class=\"wp-block-heading\"><strong>Verbena en la Barceloneta: 40\u00aa Noche del Fuego<\/strong><\/h2>\n\n\n\n<p>En la Barceloneta, la celebraci\u00f3n de la Noche del Fuego es un evento espectacular que no puedes perderte. La noche comienza con otro <strong>pasacalle<\/strong>, llevando la Llama del Canig\u00f3 desde la plaza Pau Vila hasta la plaza del Poeta Bosc\u00e0.<\/p>\n\n\n\n<p><strong>20.30 h<\/strong>: Pasacalle con la Llama del Canig\u00f3<\/p>\n\n\n\n<p>Este pasacalle es un verdadero espect\u00e1culo, con m\u00fasica y animaci\u00f3n a cada paso, conduciendo a los asistentes hacia la plaza del Poeta Bosc\u00e0.<\/p>\n\n\n\n<p><strong>20.30 h<\/strong>: Cena vecinal y m\u00fasica en la plaza del Poeta Bosc\u00e0<\/p>\n\n\n\n<p>La Barceloneta tambi\u00e9n alberga una cena vecinal donde los residentes se re\u00fanen para compartir comida y disfrutar de la compa\u00f1\u00eda de los vecinos. La m\u00fasica en vivo crea un ambiente festivo perfecto.<\/p>\n\n\n\n<p><strong>21 h<\/strong>: Encendido de la hoguera de San Juan<\/p>\n\n\n\n<p>El tradicional encendido de la hoguera es el punto \u00e1lgido de la noche. La llama del Canig\u00f3 enciende la hoguera, que simboliza la quema de todo lo viejo y la acogida del nuevo.<\/p>\n\n\n\n<p><strong>21.30 h:<\/strong> <em>Correfoc<\/em><\/p>\n\n\n\n<p>Tras el encendido de la hoguera, un <em>correfoc<\/em> espectacular llena las calles de la Barceloneta. Los diablos y los fuegos artificiales crean una atm\u00f3sfera \u00fanica y emocionante.<\/p>\n\n\n\n<p><strong>22 h<\/strong>: Noche del Fuego con el espect\u00e1culo de los diablos en la plaza de la Barceloneta<\/p>\n\n\n\n<p>La noche culmina con el espect\u00e1culo de los diablos, un aut\u00e9ntico show de fuego y luz que deja a todos los asistentes con la boca abierta. Los diablos bailan y juegan con el fuego, ofreciendo un espect\u00e1culo inolvidable.<\/p>\n\n\n\n<p><strong>Vive la Magia de San Juan en Ciutat Vella<\/strong><\/p>\n\n\n\n<p>La verbena de San Juan es una noche llena de tradiciones, diversi\u00f3n y comunidad. Tanto si opta por la fiesta en el Raval como por la celebraci\u00f3n en la Barceloneta, desde Hotel Arc La Rambla le animamos a que celebre esta inolvidable noche de m\u00fasica, fuego y mucha fiesta en Ciutat Vella y viva una experiencia m\u00e1gica que recordar\u00e1 siempre.<\/p>\n\n\n\n<p>&#8212;<\/p>\n\n\n\n<p>\u00bfPensando en alojarse unos d\u00edas en Barcelona? Eche un vistazo a nuestro <a href=\"https:\/\/hotelarclarambla.com\/agenda\/\">blog<\/a> y s\u00edganos en <a href=\"https:\/\/www.instagram.com\/arclarambla\/\">redes sociales<\/a>.<\/p>\n","protected":false},"excerpt":{"rendered":"<p>La verbena de San Juan es una de las fiestas m\u00e1s esperadas en Catalu\u00f1a, y en el distrito de Ciutat Vella, esta celebraci\u00f3n adquiere una magia especial. Y es que los barrios del Raval y la Barceloneta se convierten en escenarios protagonistas llenos de tradiciones, m\u00fasica en directo y hogueras. Si vienes a pasar unos [&hellip;]<\/p>\n","protected":false},"author":1,"featured_media":239910,"comment_status":"closed","ping_status":"closed","sticky":false,"template":"","format":"standard","meta":{"_acf_changed":false,"_et_pb_use_builder":"off","_et_pb_old_content":"","_et_gb_content_width":"","inline_featured_image":false,"footnotes":""},"categories":[5952],"tags":[],"class_list":["post-239909","post","type-post","status-publish","format-standard","has-post-thumbnail","hentry","category-cultura-ca"],"acf":[],"yoast_head":"<!-- This site is optimized with the Yoast SEO plugin v27.3 - https:\/\/yoast.com\/product\/yoast-seo-wordpress\/ -->\n<title>Celebremos la verbena de San Juan en Ciutat Vella - Hotel Arc La Rambla Blog<\/title>\n<meta name=\"robots\" content=\"noindex, follow\" \/>\n<meta property=\"og:locale\" content=\"es_ES\" \/>\n<meta property=\"og:type\" content=\"article\" \/>\n<meta property=\"og:title\" content=\"Celebremos la verbena de San Juan en Ciutat Vella - Hotel Arc La Rambla Blog\" \/>\n<meta property=\"og:description\" content=\"La verbena de San Juan es una de las fiestas m\u00e1s esperadas en Catalu\u00f1a, y en el distrito de Ciutat Vella, esta celebraci\u00f3n adquiere una magia especial. Y es que los barrios del Raval y la Barceloneta se convierten en escenarios protagonistas llenos de tradiciones, m\u00fasica en directo y hogueras. Si vienes a pasar unos [&hellip;]\" \/>\n<meta property=\"og:url\" content=\"https:\/\/hotelarclarambla.com\/agenda\/cultura-ca\/celebremos-la-verbena-de-san-juan-en-ciutat-vella\/\" \/>\n<meta property=\"og:site_name\" content=\"Hotel Arc La Rambla Blog\" \/>\n<meta property=\"article:published_time\" content=\"2024-06-21T10:35:25+00:00\" \/>\n<meta property=\"article:modified_time\" content=\"2026-03-11T11:05:03+00:00\" \/>\n<meta property=\"og:image\" content=\"https:\/\/hotelarclarambla.com\/agenda\/wp-content\/uploads\/2024\/06\/hotel-arc-rambla-blog-sant-joan.webp\" \/>\n\t<meta property=\"og:image:width\" content=\"980\" \/>\n\t<meta property=\"og:image:height\" content=\"654\" \/>\n\t<meta property=\"og:image:type\" content=\"image\/webp\" \/>\n<meta name=\"author\" content=\"admin\" \/>\n<meta name=\"twitter:card\" content=\"summary_large_image\" \/>\n<meta name=\"twitter:label1\" content=\"Escrito por\" \/>\n\t<meta name=\"twitter:data1\" content=\"admin\" \/>\n\t<meta name=\"twitter:label2\" content=\"Tiempo de lectura\" \/>\n\t<meta name=\"twitter:data2\" content=\"4 minutos\" \/>\n<script type=\"application\/ld+json\" class=\"yoast-schema-graph\">{\"@context\":\"https:\\\/\\\/schema.org\",\"@graph\":[{\"@type\":\"Article\",\"@id\":\"https:\\\/\\\/hotelarclarambla.com\\\/agenda\\\/cultura-ca\\\/celebremos-la-verbena-de-san-juan-en-ciutat-vella\\\/#article\",\"isPartOf\":{\"@id\":\"https:\\\/\\\/hotelarclarambla.com\\\/agenda\\\/cultura-ca\\\/celebremos-la-verbena-de-san-juan-en-ciutat-vella\\\/\"},\"author\":{\"name\":\"admin\",\"@id\":\"https:\\\/\\\/hotelarclarambla.com\\\/agenda\\\/#\\\/schema\\\/person\\\/b40fb00e3d10940d7ffb6848593b8d04\"},\"headline\":\"Celebremos la verbena de San Juan en Ciutat Vella\",\"datePublished\":\"2024-06-21T10:35:25+00:00\",\"dateModified\":\"2026-03-11T11:05:03+00:00\",\"mainEntityOfPage\":{\"@id\":\"https:\\\/\\\/hotelarclarambla.com\\\/agenda\\\/cultura-ca\\\/celebremos-la-verbena-de-san-juan-en-ciutat-vella\\\/\"},\"wordCount\":701,\"image\":{\"@id\":\"https:\\\/\\\/hotelarclarambla.com\\\/agenda\\\/cultura-ca\\\/celebremos-la-verbena-de-san-juan-en-ciutat-vella\\\/#primaryimage\"},\"thumbnailUrl\":\"https:\\\/\\\/hotelarclarambla.com\\\/agenda\\\/wp-content\\\/uploads\\\/2024\\\/06\\\/hotel-arc-rambla-blog-sant-joan.webp\",\"articleSection\":[\"Cultura\"],\"inLanguage\":\"es\"},{\"@type\":\"WebPage\",\"@id\":\"https:\\\/\\\/hotelarclarambla.com\\\/agenda\\\/cultura-ca\\\/celebremos-la-verbena-de-san-juan-en-ciutat-vella\\\/\",\"url\":\"https:\\\/\\\/hotelarclarambla.com\\\/agenda\\\/cultura-ca\\\/celebremos-la-verbena-de-san-juan-en-ciutat-vella\\\/\",\"name\":\"Celebremos la verbena de San Juan en Ciutat Vella - Hotel Arc La Rambla Blog\",\"isPartOf\":{\"@id\":\"https:\\\/\\\/hotelarclarambla.com\\\/agenda\\\/#website\"},\"primaryImageOfPage\":{\"@id\":\"https:\\\/\\\/hotelarclarambla.com\\\/agenda\\\/cultura-ca\\\/celebremos-la-verbena-de-san-juan-en-ciutat-vella\\\/#primaryimage\"},\"image\":{\"@id\":\"https:\\\/\\\/hotelarclarambla.com\\\/agenda\\\/cultura-ca\\\/celebremos-la-verbena-de-san-juan-en-ciutat-vella\\\/#primaryimage\"},\"thumbnailUrl\":\"https:\\\/\\\/hotelarclarambla.com\\\/agenda\\\/wp-content\\\/uploads\\\/2024\\\/06\\\/hotel-arc-rambla-blog-sant-joan.webp\",\"datePublished\":\"2024-06-21T10:35:25+00:00\",\"dateModified\":\"2026-03-11T11:05:03+00:00\",\"author\":{\"@id\":\"https:\\\/\\\/hotelarclarambla.com\\\/agenda\\\/#\\\/schema\\\/person\\\/b40fb00e3d10940d7ffb6848593b8d04\"},\"breadcrumb\":{\"@id\":\"https:\\\/\\\/hotelarclarambla.com\\\/agenda\\\/cultura-ca\\\/celebremos-la-verbena-de-san-juan-en-ciutat-vella\\\/#breadcrumb\"},\"inLanguage\":\"es\",\"potentialAction\":[{\"@type\":\"ReadAction\",\"target\":[\"https:\\\/\\\/hotelarclarambla.com\\\/agenda\\\/cultura-ca\\\/celebremos-la-verbena-de-san-juan-en-ciutat-vella\\\/\"]}]},{\"@type\":\"ImageObject\",\"inLanguage\":\"es\",\"@id\":\"https:\\\/\\\/hotelarclarambla.com\\\/agenda\\\/cultura-ca\\\/celebremos-la-verbena-de-san-juan-en-ciutat-vella\\\/#primaryimage\",\"url\":\"https:\\\/\\\/hotelarclarambla.com\\\/agenda\\\/wp-content\\\/uploads\\\/2024\\\/06\\\/hotel-arc-rambla-blog-sant-joan.webp\",\"contentUrl\":\"https:\\\/\\\/hotelarclarambla.com\\\/agenda\\\/wp-content\\\/uploads\\\/2024\\\/06\\\/hotel-arc-rambla-blog-sant-joan.webp\",\"width\":980,\"height\":654},{\"@type\":\"BreadcrumbList\",\"@id\":\"https:\\\/\\\/hotelarclarambla.com\\\/agenda\\\/cultura-ca\\\/celebremos-la-verbena-de-san-juan-en-ciutat-vella\\\/#breadcrumb\",\"itemListElement\":[{\"@type\":\"ListItem\",\"position\":1,\"name\":\"Portada\",\"item\":\"https:\\\/\\\/hotelarclarambla.com\\\/agenda\\\/\"},{\"@type\":\"ListItem\",\"position\":2,\"name\":\"Celebremos la verbena de San Juan en Ciutat Vella\"}]},{\"@type\":\"WebSite\",\"@id\":\"https:\\\/\\\/hotelarclarambla.com\\\/agenda\\\/#website\",\"url\":\"https:\\\/\\\/hotelarclarambla.com\\\/agenda\\\/\",\"name\":\"Hotel Arc La Rambla Blog\",\"description\":\"El blog de Hotel Arc\",\"potentialAction\":[{\"@type\":\"SearchAction\",\"target\":{\"@type\":\"EntryPoint\",\"urlTemplate\":\"https:\\\/\\\/hotelarclarambla.com\\\/agenda\\\/?s={search_term_string}\"},\"query-input\":{\"@type\":\"PropertyValueSpecification\",\"valueRequired\":true,\"valueName\":\"search_term_string\"}}],\"inLanguage\":\"es\"},{\"@type\":\"Person\",\"@id\":\"https:\\\/\\\/hotelarclarambla.com\\\/agenda\\\/#\\\/schema\\\/person\\\/b40fb00e3d10940d7ffb6848593b8d04\",\"name\":\"admin\",\"image\":{\"@type\":\"ImageObject\",\"inLanguage\":\"es\",\"@id\":\"https:\\\/\\\/secure.gravatar.com\\\/avatar\\\/e7d2a513cc006a0531b1545b92475922773d5049debd5d662a4049cc030a89aa?s=96&d=mm&r=g\",\"url\":\"https:\\\/\\\/secure.gravatar.com\\\/avatar\\\/e7d2a513cc006a0531b1545b92475922773d5049debd5d662a4049cc030a89aa?s=96&d=mm&r=g\",\"contentUrl\":\"https:\\\/\\\/secure.gravatar.com\\\/avatar\\\/e7d2a513cc006a0531b1545b92475922773d5049debd5d662a4049cc030a89aa?s=96&d=mm&r=g\",\"caption\":\"admin\"},\"url\":\"https:\\\/\\\/hotelarclarambla.com\\\/agenda\\\/author\\\/admin\\\/\"}]}<\/script>\n<!-- \/ Yoast SEO plugin. -->","yoast_head_json":{"title":"Celebremos la verbena de San Juan en Ciutat Vella - Hotel Arc La Rambla Blog","robots":{"index":"noindex","follow":"follow"},"og_locale":"es_ES","og_type":"article","og_title":"Celebremos la verbena de San Juan en Ciutat Vella - Hotel Arc La Rambla Blog","og_description":"La verbena de San Juan es una de las fiestas m\u00e1s esperadas en Catalu\u00f1a, y en el distrito de Ciutat Vella, esta celebraci\u00f3n adquiere una magia especial. Y es que los barrios del Raval y la Barceloneta se convierten en escenarios protagonistas llenos de tradiciones, m\u00fasica en directo y hogueras. Si vienes a pasar unos [&hellip;]","og_url":"https:\/\/hotelarclarambla.com\/agenda\/cultura-ca\/celebremos-la-verbena-de-san-juan-en-ciutat-vella\/","og_site_name":"Hotel Arc La Rambla Blog","article_published_time":"2024-06-21T10:35:25+00:00","article_modified_time":"2026-03-11T11:05:03+00:00","og_image":[{"width":980,"height":654,"url":"https:\/\/hotelarclarambla.com\/agenda\/wp-content\/uploads\/2024\/06\/hotel-arc-rambla-blog-sant-joan.webp","type":"image\/webp"}],"author":"admin","twitter_card":"summary_large_image","twitter_misc":{"Escrito por":"admin","Tiempo de lectura":"4 minutos"},"schema":{"@context":"https:\/\/schema.org","@graph":[{"@type":"Article","@id":"https:\/\/hotelarclarambla.com\/agenda\/cultura-ca\/celebremos-la-verbena-de-san-juan-en-ciutat-vella\/#article","isPartOf":{"@id":"https:\/\/hotelarclarambla.com\/agenda\/cultura-ca\/celebremos-la-verbena-de-san-juan-en-ciutat-vella\/"},"author":{"name":"admin","@id":"https:\/\/hotelarclarambla.com\/agenda\/#\/schema\/person\/b40fb00e3d10940d7ffb6848593b8d04"},"headline":"Celebremos la verbena de San Juan en Ciutat Vella","datePublished":"2024-06-21T10:35:25+00:00","dateModified":"2026-03-11T11:05:03+00:00","mainEntityOfPage":{"@id":"https:\/\/hotelarclarambla.com\/agenda\/cultura-ca\/celebremos-la-verbena-de-san-juan-en-ciutat-vella\/"},"wordCount":701,"image":{"@id":"https:\/\/hotelarclarambla.com\/agenda\/cultura-ca\/celebremos-la-verbena-de-san-juan-en-ciutat-vella\/#primaryimage"},"thumbnailUrl":"https:\/\/hotelarclarambla.com\/agenda\/wp-content\/uploads\/2024\/06\/hotel-arc-rambla-blog-sant-joan.webp","articleSection":["Cultura"],"inLanguage":"es"},{"@type":"WebPage","@id":"https:\/\/hotelarclarambla.com\/agenda\/cultura-ca\/celebremos-la-verbena-de-san-juan-en-ciutat-vella\/","url":"https:\/\/hotelarclarambla.com\/agenda\/cultura-ca\/celebremos-la-verbena-de-san-juan-en-ciutat-vella\/","name":"Celebremos la verbena de San Juan en Ciutat Vella - Hotel Arc La Rambla Blog","isPartOf":{"@id":"https:\/\/hotelarclarambla.com\/agenda\/#website"},"primaryImageOfPage":{"@id":"https:\/\/hotelarclarambla.com\/agenda\/cultura-ca\/celebremos-la-verbena-de-san-juan-en-ciutat-vella\/#primaryimage"},"image":{"@id":"https:\/\/hotelarclarambla.com\/agenda\/cultura-ca\/celebremos-la-verbena-de-san-juan-en-ciutat-vella\/#primaryimage"},"thumbnailUrl":"https:\/\/hotelarclarambla.com\/agenda\/wp-content\/uploads\/2024\/06\/hotel-arc-rambla-blog-sant-joan.webp","datePublished":"2024-06-21T10:35:25+00:00","dateModified":"2026-03-11T11:05:03+00:00","author":{"@id":"https:\/\/hotelarclarambla.com\/agenda\/#\/schema\/person\/b40fb00e3d10940d7ffb6848593b8d04"},"breadcrumb":{"@id":"https:\/\/hotelarclarambla.com\/agenda\/cultura-ca\/celebremos-la-verbena-de-san-juan-en-ciutat-vella\/#breadcrumb"},"inLanguage":"es","potentialAction":[{"@type":"ReadAction","target":["https:\/\/hotelarclarambla.com\/agenda\/cultura-ca\/celebremos-la-verbena-de-san-juan-en-ciutat-vella\/"]}]},{"@type":"ImageObject","inLanguage":"es","@id":"https:\/\/hotelarclarambla.com\/agenda\/cultura-ca\/celebremos-la-verbena-de-san-juan-en-ciutat-vella\/#primaryimage","url":"https:\/\/hotelarclarambla.com\/agenda\/wp-content\/uploads\/2024\/06\/hotel-arc-rambla-blog-sant-joan.webp","contentUrl":"https:\/\/hotelarclarambla.com\/agenda\/wp-content\/uploads\/2024\/06\/hotel-arc-rambla-blog-sant-joan.webp","width":980,"height":654},{"@type":"BreadcrumbList","@id":"https:\/\/hotelarclarambla.com\/agenda\/cultura-ca\/celebremos-la-verbena-de-san-juan-en-ciutat-vella\/#breadcrumb","itemListElement":[{"@type":"ListItem","position":1,"name":"Portada","item":"https:\/\/hotelarclarambla.com\/agenda\/"},{"@type":"ListItem","position":2,"name":"Celebremos la verbena de San Juan en Ciutat Vella"}]},{"@type":"WebSite","@id":"https:\/\/hotelarclarambla.com\/agenda\/#website","url":"https:\/\/hotelarclarambla.com\/agenda\/","name":"Hotel Arc La Rambla Blog","description":"El blog de Hotel Arc","potentialAction":[{"@type":"SearchAction","target":{"@type":"EntryPoint","urlTemplate":"https:\/\/hotelarclarambla.com\/agenda\/?s={search_term_string}"},"query-input":{"@type":"PropertyValueSpecification","valueRequired":true,"valueName":"search_term_string"}}],"inLanguage":"es"},{"@type":"Person","@id":"https:\/\/hotelarclarambla.com\/agenda\/#\/schema\/person\/b40fb00e3d10940d7ffb6848593b8d04","name":"admin","image":{"@type":"ImageObject","inLanguage":"es","@id":"https:\/\/secure.gravatar.com\/avatar\/e7d2a513cc006a0531b1545b92475922773d5049debd5d662a4049cc030a89aa?s=96&d=mm&r=g","url":"https:\/\/secure.gravatar.com\/avatar\/e7d2a513cc006a0531b1545b92475922773d5049debd5d662a4049cc030a89aa?s=96&d=mm&r=g","contentUrl":"https:\/\/secure.gravatar.com\/avatar\/e7d2a513cc006a0531b1545b92475922773d5049debd5d662a4049cc030a89aa?s=96&d=mm&r=g","caption":"admin"},"url":"https:\/\/hotelarclarambla.com\/agenda\/author\/admin\/"}]}},"_links":{"self":[{"href":"https:\/\/hotelarclarambla.com\/agenda\/wp-json\/wp\/v2\/posts\/239909","targetHints":{"allow":["GET"]}}],"collection":[{"href":"https:\/\/hotelarclarambla.com\/agenda\/wp-json\/wp\/v2\/posts"}],"about":[{"href":"https:\/\/hotelarclarambla.com\/agenda\/wp-json\/wp\/v2\/types\/post"}],"author":[{"embeddable":true,"href":"https:\/\/hotelarclarambla.com\/agenda\/wp-json\/wp\/v2\/users\/1"}],"replies":[{"embeddable":true,"href":"https:\/\/hotelarclarambla.com\/agenda\/wp-json\/wp\/v2\/comments?post=239909"}],"version-history":[{"count":1,"href":"https:\/\/hotelarclarambla.com\/agenda\/wp-json\/wp\/v2\/posts\/239909\/revisions"}],"predecessor-version":[{"id":239913,"href":"https:\/\/hotelarclarambla.com\/agenda\/wp-json\/wp\/v2\/posts\/239909\/revisions\/239913"}],"wp:featuredmedia":[{"embeddable":true,"href":"https:\/\/hotelarclarambla.com\/agenda\/wp-json\/wp\/v2\/media\/239910"}],"wp:attachment":[{"href":"https:\/\/hotelarclarambla.com\/agenda\/wp-json\/wp\/v2\/media?parent=239909"}],"wp:term":[{"taxonomy":"category","embeddable":true,"href":"https:\/\/hotelarclarambla.com\/agenda\/wp-json\/wp\/v2\/categories?post=239909"},{"taxonomy":"post_tag","embeddable":true,"href":"https:\/\/hotelarclarambla.com\/agenda\/wp-json\/wp\/v2\/tags?post=239909"}],"curies":[{"name":"wp","href":"https:\/\/api.w.org\/{rel}","templated":true}]}}