{"id":239755,"date":"2024-04-07T12:46:00","date_gmt":"2024-04-07T10:46:00","guid":{"rendered":"https:\/\/hotelarclarambla.com\/agenda\/?p=239755"},"modified":"2026-03-11T13:05:58","modified_gmt":"2026-03-11T12:05:58","slug":"la-copa-america-de-vela-muestra-su-compromiso-con-la-sostenibilidad","status":"publish","type":"post","link":"https:\/\/hotelarclarambla.com\/agenda\/sostenibilidad\/la-copa-america-de-vela-muestra-su-compromiso-con-la-sostenibilidad\/","title":{"rendered":"La  Copa Am\u00e9rica de vela muestra su compromiso con la sostenibilidad"},"content":{"rendered":"\n<p>Si tienes planes de alojarte con nosotros durante los emocionantes d\u00edas de la <strong>Copa Am\u00e9rica de vela<\/strong> en Barcelona, debes saber que en el coraz\u00f3n de esta competici\u00f3n n\u00e1utica se teje una historia de compromiso y sostenibilidad marina que no querr\u00e1s perderte. Y es que los equipos participantes han levantado anclas con un prop\u00f3sito claro: hacer un <strong>uso sostenible del agua<\/strong>. Y aqu\u00ed, en el Hotel Arc La Rambla, nos enorgullece ser testigos y part\u00edcipes de esta traves\u00eda hacia un futuro m\u00e1s verde y prometedor.&nbsp;<\/p>\n\n\n\n<p><strong>Ahorrar en recursos&nbsp;<\/strong><\/p>\n\n\n\n<p>Este verano, Barcelona se convierte en el escenario de la Copa Am\u00e9rica de vela, con un enfoque especial en el cuidado del medio ambiente. La crisis h\u00eddrica que estamos viviendo no pasa desapercibida, y los participantes de esta competici\u00f3n est\u00e1n decididos a hacer su parte para <strong>preservar nuestros recursos naturales.<\/strong><\/p>\n\n\n\n<p>El compromiso y la <a href=\"https:\/\/hotelarclarambla.com\/agenda\/categoria\/sostenibilidad\/\">sostenibilidad<\/a> marina ser\u00e1 una prioridad para los seis equipos que compiten en esta edici\u00f3n. Algunos equipos, como el Alinghi Red Bull Racing, han tomado medidas concretas instalando <strong>plantas desalinizadoras<\/strong> a bordo. Este tipo de tecnolog\u00eda les permite producir agua dulce a partir del agua de mar, reduciendo as\u00ed su dependencia de los recursos locales.<\/p>\n\n\n\n<p>El Orient Express Racing Team, por su parte, ha anunciado que <strong>reutilizar\u00e1<\/strong> el agua en su base. Esta simple acci\u00f3n demuestra un <strong>compromiso real con la conservaci\u00f3n de los recursos h\u00eddricos<\/strong> y <strong>sirve como ejemplo <\/strong>para otros equipos y organizaciones deportivas.<\/p>\n\n\n\n<figure class=\"wp-block-image size-large\"><a href=\"https:\/\/hotelarclarambla.com\/agenda\/wp-content\/uploads\/2024\/04\/hotel-arc-la-rambla-blog-sostenibilidad-la-copa-america-de-vela-navega-hacia-la-sostenibilidad.webp\"><img loading=\"lazy\" decoding=\"async\" width=\"1024\" height=\"576\" src=\"https:\/\/hotelarclarambla.com\/agenda\/wp-content\/uploads\/2024\/04\/hotel-arc-la-rambla-blog-sostenibilidad-la-copa-america-de-vela-navega-hacia-la-sostenibilidad-1024x576.webp\" alt=\"\" class=\"wp-image-239761\" srcset=\"https:\/\/hotelarclarambla.com\/agenda\/wp-content\/uploads\/2024\/04\/hotel-arc-la-rambla-blog-sostenibilidad-la-copa-america-de-vela-navega-hacia-la-sostenibilidad-1024x576.webp 1024w, https:\/\/hotelarclarambla.com\/agenda\/wp-content\/uploads\/2024\/04\/hotel-arc-la-rambla-blog-sostenibilidad-la-copa-america-de-vela-navega-hacia-la-sostenibilidad-980x551.webp 980w, https:\/\/hotelarclarambla.com\/agenda\/wp-content\/uploads\/2024\/04\/hotel-arc-la-rambla-blog-sostenibilidad-la-copa-america-de-vela-navega-hacia-la-sostenibilidad-480x270.webp 480w\" sizes=\"(min-width: 0px) and (max-width: 480px) 480px, (min-width: 481px) and (max-width: 980px) 980px, (min-width: 981px) 1024px, 100vw\" \/><\/a><\/figure>\n\n\n\n<p><strong>Pr\u00e1cticas m\u00e1s responsables&nbsp;<\/strong><\/p>\n\n\n\n<p>Pero la sostenibilidad no se limita solo a los equipos participantes. Las autoridades portuarias y organizaciones como la Conselleria de Acci\u00f3 Clim\u00e0tica y la Agencia Catalana del Agua est\u00e1n trabajando en conjunto para promover pr\u00e1cticas m\u00e1s sostenibles en los puertos catalanes. Esto incluye la implementaci\u00f3n de <strong>mecanismos de ahorro de agua<\/strong> y la promoci\u00f3n de <strong>tecnolog\u00edas de tratamiento y reutilizaci\u00f3n de aguas residuales.<\/strong><\/p>\n\n\n\n<p>Adem\u00e1s, la organizaci\u00f3n del evento, America&#8217;s Cup Events, ha establecido una colaboraci\u00f3n con Agbar para <strong>utilizar agua regenerada en la limpieza de los barcos<\/strong>. Esta medida no solo reduce el consumo de agua potable, sino que tambi\u00e9n promueve la econom\u00eda circular al darle una <strong>segunda vida al agua tratada.<\/strong><\/p>\n\n\n\n<p><strong>Deporte y sostenibilidad<\/strong><\/p>\n\n\n\n<p>La Copa Am\u00e9rica de vela en Barcelona se presenta como una oportunidad para demostrar que <strong>el deporte y la sostenibilidad marina pueden ir de la mano<\/strong>. Desde la instalaci\u00f3n de tecnolog\u00edas innovadoras hasta la adopci\u00f3n de pr\u00e1cticas m\u00e1s responsables, cada acci\u00f3n cuenta en la lucha por preservar nuestro preciado entorno marino.&nbsp;<\/p>\n\n\n\n<p>\u00bfQuiere conocer planes para disfrutar de su estancia en Barcelona? \u00a1Sigue explorando <a href=\"https:\/\/hotelarclarambla.com\/agenda\/\">nuestro blog<\/a>! Para estar al d\u00eda de eventos y actividades adicionales s\u00edguenos en nuestras <a href=\"https:\/\/www.instagram.com\/arclarambla\/\">redes sociales<\/a>.<\/p>\n","protected":false},"excerpt":{"rendered":"<p>Si tienes planes de alojarte con nosotros durante los emocionantes d\u00edas de la Copa Am\u00e9rica de vela en Barcelona, debes saber que en el coraz\u00f3n de esta competici\u00f3n n\u00e1utica se teje una historia de compromiso y sostenibilidad marina que no querr\u00e1s perderte. Y es que los equipos participantes han levantado anclas con un prop\u00f3sito claro: [&hellip;]<\/p>\n","protected":false},"author":1,"featured_media":239770,"comment_status":"closed","ping_status":"closed","sticky":false,"template":"","format":"standard","meta":{"_acf_changed":false,"_et_pb_use_builder":"off","_et_pb_old_content":"","_et_gb_content_width":"","inline_featured_image":false,"footnotes":""},"categories":[6169],"tags":[],"class_list":["post-239755","post","type-post","status-publish","format-standard","has-post-thumbnail","hentry","category-sostenibilidad"],"acf":[],"yoast_head":"<!-- This site is optimized with the Yoast SEO plugin v27.3 - https:\/\/yoast.com\/product\/yoast-seo-wordpress\/ -->\n<title>La Copa Am\u00e9rica y la sostenibilidad marina | Hotel Arc La Rambla<\/title>\n<meta name=\"description\" content=\"Los equipos de la Copa Am\u00e9rica muestran su compromiso con la sostenibilidad marina.\" \/>\n<meta name=\"robots\" content=\"noindex, follow\" \/>\n<meta property=\"og:locale\" content=\"es_ES\" \/>\n<meta property=\"og:type\" content=\"article\" \/>\n<meta property=\"og:title\" content=\"La Copa Am\u00e9rica y la sostenibilidad marina | Hotel Arc La Rambla\" \/>\n<meta property=\"og:description\" content=\"Los equipos de la Copa Am\u00e9rica muestran su compromiso con la sostenibilidad marina.\" \/>\n<meta property=\"og:url\" content=\"https:\/\/hotelarclarambla.com\/agenda\/sostenibilidad\/la-copa-america-de-vela-muestra-su-compromiso-con-la-sostenibilidad\/\" \/>\n<meta property=\"og:site_name\" content=\"Hotel Arc La Rambla Blog\" \/>\n<meta property=\"article:published_time\" content=\"2024-04-07T10:46:00+00:00\" \/>\n<meta property=\"article:modified_time\" content=\"2026-03-11T12:05:58+00:00\" \/>\n<meta property=\"og:image\" content=\"https:\/\/hotelarclarambla.com\/agenda\/wp-content\/uploads\/2024\/04\/hotel-arc-la-rambla-blog-sostenibilidad-la-copa-america-de-vela-navega-sostenibilidad-1.webp\" \/>\n\t<meta property=\"og:image:width\" content=\"980\" \/>\n\t<meta property=\"og:image:height\" content=\"654\" \/>\n\t<meta property=\"og:image:type\" content=\"image\/webp\" \/>\n<meta name=\"author\" content=\"admin\" \/>\n<meta name=\"twitter:card\" content=\"summary_large_image\" \/>\n<meta name=\"twitter:label1\" content=\"Escrito por\" \/>\n\t<meta name=\"twitter:data1\" content=\"admin\" \/>\n\t<meta name=\"twitter:label2\" content=\"Tiempo de lectura\" \/>\n\t<meta name=\"twitter:data2\" content=\"3 minutos\" \/>\n<script type=\"application\/ld+json\" class=\"yoast-schema-graph\">{\"@context\":\"https:\\\/\\\/schema.org\",\"@graph\":[{\"@type\":\"Article\",\"@id\":\"https:\\\/\\\/hotelarclarambla.com\\\/agenda\\\/sostenibilidad\\\/la-copa-america-de-vela-muestra-su-compromiso-con-la-sostenibilidad\\\/#article\",\"isPartOf\":{\"@id\":\"https:\\\/\\\/hotelarclarambla.com\\\/agenda\\\/sostenibilidad\\\/la-copa-america-de-vela-muestra-su-compromiso-con-la-sostenibilidad\\\/\"},\"author\":{\"name\":\"admin\",\"@id\":\"https:\\\/\\\/hotelarclarambla.com\\\/agenda\\\/#\\\/schema\\\/person\\\/b40fb00e3d10940d7ffb6848593b8d04\"},\"headline\":\"La Copa Am\u00e9rica de vela muestra su compromiso con la sostenibilidad\",\"datePublished\":\"2024-04-07T10:46:00+00:00\",\"dateModified\":\"2026-03-11T12:05:58+00:00\",\"mainEntityOfPage\":{\"@id\":\"https:\\\/\\\/hotelarclarambla.com\\\/agenda\\\/sostenibilidad\\\/la-copa-america-de-vela-muestra-su-compromiso-con-la-sostenibilidad\\\/\"},\"wordCount\":493,\"image\":{\"@id\":\"https:\\\/\\\/hotelarclarambla.com\\\/agenda\\\/sostenibilidad\\\/la-copa-america-de-vela-muestra-su-compromiso-con-la-sostenibilidad\\\/#primaryimage\"},\"thumbnailUrl\":\"https:\\\/\\\/hotelarclarambla.com\\\/agenda\\\/wp-content\\\/uploads\\\/2024\\\/04\\\/hotel-arc-la-rambla-blog-sostenibilidad-la-copa-america-de-vela-navega-sostenibilidad-1.webp\",\"articleSection\":[\"Sostenibilidad\"],\"inLanguage\":\"es\"},{\"@type\":\"WebPage\",\"@id\":\"https:\\\/\\\/hotelarclarambla.com\\\/agenda\\\/sostenibilidad\\\/la-copa-america-de-vela-muestra-su-compromiso-con-la-sostenibilidad\\\/\",\"url\":\"https:\\\/\\\/hotelarclarambla.com\\\/agenda\\\/sostenibilidad\\\/la-copa-america-de-vela-muestra-su-compromiso-con-la-sostenibilidad\\\/\",\"name\":\"La Copa Am\u00e9rica y la sostenibilidad marina | Hotel Arc La Rambla\",\"isPartOf\":{\"@id\":\"https:\\\/\\\/hotelarclarambla.com\\\/agenda\\\/#website\"},\"primaryImageOfPage\":{\"@id\":\"https:\\\/\\\/hotelarclarambla.com\\\/agenda\\\/sostenibilidad\\\/la-copa-america-de-vela-muestra-su-compromiso-con-la-sostenibilidad\\\/#primaryimage\"},\"image\":{\"@id\":\"https:\\\/\\\/hotelarclarambla.com\\\/agenda\\\/sostenibilidad\\\/la-copa-america-de-vela-muestra-su-compromiso-con-la-sostenibilidad\\\/#primaryimage\"},\"thumbnailUrl\":\"https:\\\/\\\/hotelarclarambla.com\\\/agenda\\\/wp-content\\\/uploads\\\/2024\\\/04\\\/hotel-arc-la-rambla-blog-sostenibilidad-la-copa-america-de-vela-navega-sostenibilidad-1.webp\",\"datePublished\":\"2024-04-07T10:46:00+00:00\",\"dateModified\":\"2026-03-11T12:05:58+00:00\",\"author\":{\"@id\":\"https:\\\/\\\/hotelarclarambla.com\\\/agenda\\\/#\\\/schema\\\/person\\\/b40fb00e3d10940d7ffb6848593b8d04\"},\"description\":\"Los equipos de la Copa Am\u00e9rica muestran su compromiso con la sostenibilidad marina.\",\"breadcrumb\":{\"@id\":\"https:\\\/\\\/hotelarclarambla.com\\\/agenda\\\/sostenibilidad\\\/la-copa-america-de-vela-muestra-su-compromiso-con-la-sostenibilidad\\\/#breadcrumb\"},\"inLanguage\":\"es\",\"potentialAction\":[{\"@type\":\"ReadAction\",\"target\":[\"https:\\\/\\\/hotelarclarambla.com\\\/agenda\\\/sostenibilidad\\\/la-copa-america-de-vela-muestra-su-compromiso-con-la-sostenibilidad\\\/\"]}]},{\"@type\":\"ImageObject\",\"inLanguage\":\"es\",\"@id\":\"https:\\\/\\\/hotelarclarambla.com\\\/agenda\\\/sostenibilidad\\\/la-copa-america-de-vela-muestra-su-compromiso-con-la-sostenibilidad\\\/#primaryimage\",\"url\":\"https:\\\/\\\/hotelarclarambla.com\\\/agenda\\\/wp-content\\\/uploads\\\/2024\\\/04\\\/hotel-arc-la-rambla-blog-sostenibilidad-la-copa-america-de-vela-navega-sostenibilidad-1.webp\",\"contentUrl\":\"https:\\\/\\\/hotelarclarambla.com\\\/agenda\\\/wp-content\\\/uploads\\\/2024\\\/04\\\/hotel-arc-la-rambla-blog-sostenibilidad-la-copa-america-de-vela-navega-sostenibilidad-1.webp\",\"width\":980,\"height\":654,\"caption\":\"La Copa Am\u00e9rica de vela muestra su compromiso con la sostenibilidad\"},{\"@type\":\"BreadcrumbList\",\"@id\":\"https:\\\/\\\/hotelarclarambla.com\\\/agenda\\\/sostenibilidad\\\/la-copa-america-de-vela-muestra-su-compromiso-con-la-sostenibilidad\\\/#breadcrumb\",\"itemListElement\":[{\"@type\":\"ListItem\",\"position\":1,\"name\":\"Portada\",\"item\":\"https:\\\/\\\/hotelarclarambla.com\\\/agenda\\\/\"},{\"@type\":\"ListItem\",\"position\":2,\"name\":\"La Copa Am\u00e9rica de vela muestra su compromiso con la sostenibilidad\"}]},{\"@type\":\"WebSite\",\"@id\":\"https:\\\/\\\/hotelarclarambla.com\\\/agenda\\\/#website\",\"url\":\"https:\\\/\\\/hotelarclarambla.com\\\/agenda\\\/\",\"name\":\"Hotel Arc La Rambla Blog\",\"description\":\"El blog de Hotel Arc\",\"potentialAction\":[{\"@type\":\"SearchAction\",\"target\":{\"@type\":\"EntryPoint\",\"urlTemplate\":\"https:\\\/\\\/hotelarclarambla.com\\\/agenda\\\/?s={search_term_string}\"},\"query-input\":{\"@type\":\"PropertyValueSpecification\",\"valueRequired\":true,\"valueName\":\"search_term_string\"}}],\"inLanguage\":\"es\"},{\"@type\":\"Person\",\"@id\":\"https:\\\/\\\/hotelarclarambla.com\\\/agenda\\\/#\\\/schema\\\/person\\\/b40fb00e3d10940d7ffb6848593b8d04\",\"name\":\"admin\",\"image\":{\"@type\":\"ImageObject\",\"inLanguage\":\"es\",\"@id\":\"https:\\\/\\\/secure.gravatar.com\\\/avatar\\\/e7d2a513cc006a0531b1545b92475922773d5049debd5d662a4049cc030a89aa?s=96&d=mm&r=g\",\"url\":\"https:\\\/\\\/secure.gravatar.com\\\/avatar\\\/e7d2a513cc006a0531b1545b92475922773d5049debd5d662a4049cc030a89aa?s=96&d=mm&r=g\",\"contentUrl\":\"https:\\\/\\\/secure.gravatar.com\\\/avatar\\\/e7d2a513cc006a0531b1545b92475922773d5049debd5d662a4049cc030a89aa?s=96&d=mm&r=g\",\"caption\":\"admin\"},\"url\":\"https:\\\/\\\/hotelarclarambla.com\\\/agenda\\\/author\\\/admin\\\/\"}]}<\/script>\n<!-- \/ Yoast SEO plugin. -->","yoast_head_json":{"title":"La Copa Am\u00e9rica y la sostenibilidad marina | Hotel Arc La Rambla","description":"Los equipos de la Copa Am\u00e9rica muestran su compromiso con la sostenibilidad marina.","robots":{"index":"noindex","follow":"follow"},"og_locale":"es_ES","og_type":"article","og_title":"La Copa Am\u00e9rica y la sostenibilidad marina | Hotel Arc La Rambla","og_description":"Los equipos de la Copa Am\u00e9rica muestran su compromiso con la sostenibilidad marina.","og_url":"https:\/\/hotelarclarambla.com\/agenda\/sostenibilidad\/la-copa-america-de-vela-muestra-su-compromiso-con-la-sostenibilidad\/","og_site_name":"Hotel Arc La Rambla Blog","article_published_time":"2024-04-07T10:46:00+00:00","article_modified_time":"2026-03-11T12:05:58+00:00","og_image":[{"width":980,"height":654,"url":"https:\/\/hotelarclarambla.com\/agenda\/wp-content\/uploads\/2024\/04\/hotel-arc-la-rambla-blog-sostenibilidad-la-copa-america-de-vela-navega-sostenibilidad-1.webp","type":"image\/webp"}],"author":"admin","twitter_card":"summary_large_image","twitter_misc":{"Escrito por":"admin","Tiempo de lectura":"3 minutos"},"schema":{"@context":"https:\/\/schema.org","@graph":[{"@type":"Article","@id":"https:\/\/hotelarclarambla.com\/agenda\/sostenibilidad\/la-copa-america-de-vela-muestra-su-compromiso-con-la-sostenibilidad\/#article","isPartOf":{"@id":"https:\/\/hotelarclarambla.com\/agenda\/sostenibilidad\/la-copa-america-de-vela-muestra-su-compromiso-con-la-sostenibilidad\/"},"author":{"name":"admin","@id":"https:\/\/hotelarclarambla.com\/agenda\/#\/schema\/person\/b40fb00e3d10940d7ffb6848593b8d04"},"headline":"La Copa Am\u00e9rica de vela muestra su compromiso con la sostenibilidad","datePublished":"2024-04-07T10:46:00+00:00","dateModified":"2026-03-11T12:05:58+00:00","mainEntityOfPage":{"@id":"https:\/\/hotelarclarambla.com\/agenda\/sostenibilidad\/la-copa-america-de-vela-muestra-su-compromiso-con-la-sostenibilidad\/"},"wordCount":493,"image":{"@id":"https:\/\/hotelarclarambla.com\/agenda\/sostenibilidad\/la-copa-america-de-vela-muestra-su-compromiso-con-la-sostenibilidad\/#primaryimage"},"thumbnailUrl":"https:\/\/hotelarclarambla.com\/agenda\/wp-content\/uploads\/2024\/04\/hotel-arc-la-rambla-blog-sostenibilidad-la-copa-america-de-vela-navega-sostenibilidad-1.webp","articleSection":["Sostenibilidad"],"inLanguage":"es"},{"@type":"WebPage","@id":"https:\/\/hotelarclarambla.com\/agenda\/sostenibilidad\/la-copa-america-de-vela-muestra-su-compromiso-con-la-sostenibilidad\/","url":"https:\/\/hotelarclarambla.com\/agenda\/sostenibilidad\/la-copa-america-de-vela-muestra-su-compromiso-con-la-sostenibilidad\/","name":"La Copa Am\u00e9rica y la sostenibilidad marina | Hotel Arc La Rambla","isPartOf":{"@id":"https:\/\/hotelarclarambla.com\/agenda\/#website"},"primaryImageOfPage":{"@id":"https:\/\/hotelarclarambla.com\/agenda\/sostenibilidad\/la-copa-america-de-vela-muestra-su-compromiso-con-la-sostenibilidad\/#primaryimage"},"image":{"@id":"https:\/\/hotelarclarambla.com\/agenda\/sostenibilidad\/la-copa-america-de-vela-muestra-su-compromiso-con-la-sostenibilidad\/#primaryimage"},"thumbnailUrl":"https:\/\/hotelarclarambla.com\/agenda\/wp-content\/uploads\/2024\/04\/hotel-arc-la-rambla-blog-sostenibilidad-la-copa-america-de-vela-navega-sostenibilidad-1.webp","datePublished":"2024-04-07T10:46:00+00:00","dateModified":"2026-03-11T12:05:58+00:00","author":{"@id":"https:\/\/hotelarclarambla.com\/agenda\/#\/schema\/person\/b40fb00e3d10940d7ffb6848593b8d04"},"description":"Los equipos de la Copa Am\u00e9rica muestran su compromiso con la sostenibilidad marina.","breadcrumb":{"@id":"https:\/\/hotelarclarambla.com\/agenda\/sostenibilidad\/la-copa-america-de-vela-muestra-su-compromiso-con-la-sostenibilidad\/#breadcrumb"},"inLanguage":"es","potentialAction":[{"@type":"ReadAction","target":["https:\/\/hotelarclarambla.com\/agenda\/sostenibilidad\/la-copa-america-de-vela-muestra-su-compromiso-con-la-sostenibilidad\/"]}]},{"@type":"ImageObject","inLanguage":"es","@id":"https:\/\/hotelarclarambla.com\/agenda\/sostenibilidad\/la-copa-america-de-vela-muestra-su-compromiso-con-la-sostenibilidad\/#primaryimage","url":"https:\/\/hotelarclarambla.com\/agenda\/wp-content\/uploads\/2024\/04\/hotel-arc-la-rambla-blog-sostenibilidad-la-copa-america-de-vela-navega-sostenibilidad-1.webp","contentUrl":"https:\/\/hotelarclarambla.com\/agenda\/wp-content\/uploads\/2024\/04\/hotel-arc-la-rambla-blog-sostenibilidad-la-copa-america-de-vela-navega-sostenibilidad-1.webp","width":980,"height":654,"caption":"La Copa Am\u00e9rica de vela muestra su compromiso con la sostenibilidad"},{"@type":"BreadcrumbList","@id":"https:\/\/hotelarclarambla.com\/agenda\/sostenibilidad\/la-copa-america-de-vela-muestra-su-compromiso-con-la-sostenibilidad\/#breadcrumb","itemListElement":[{"@type":"ListItem","position":1,"name":"Portada","item":"https:\/\/hotelarclarambla.com\/agenda\/"},{"@type":"ListItem","position":2,"name":"La Copa Am\u00e9rica de vela muestra su compromiso con la sostenibilidad"}]},{"@type":"WebSite","@id":"https:\/\/hotelarclarambla.com\/agenda\/#website","url":"https:\/\/hotelarclarambla.com\/agenda\/","name":"Hotel Arc La Rambla Blog","description":"El blog de Hotel Arc","potentialAction":[{"@type":"SearchAction","target":{"@type":"EntryPoint","urlTemplate":"https:\/\/hotelarclarambla.com\/agenda\/?s={search_term_string}"},"query-input":{"@type":"PropertyValueSpecification","valueRequired":true,"valueName":"search_term_string"}}],"inLanguage":"es"},{"@type":"Person","@id":"https:\/\/hotelarclarambla.com\/agenda\/#\/schema\/person\/b40fb00e3d10940d7ffb6848593b8d04","name":"admin","image":{"@type":"ImageObject","inLanguage":"es","@id":"https:\/\/secure.gravatar.com\/avatar\/e7d2a513cc006a0531b1545b92475922773d5049debd5d662a4049cc030a89aa?s=96&d=mm&r=g","url":"https:\/\/secure.gravatar.com\/avatar\/e7d2a513cc006a0531b1545b92475922773d5049debd5d662a4049cc030a89aa?s=96&d=mm&r=g","contentUrl":"https:\/\/secure.gravatar.com\/avatar\/e7d2a513cc006a0531b1545b92475922773d5049debd5d662a4049cc030a89aa?s=96&d=mm&r=g","caption":"admin"},"url":"https:\/\/hotelarclarambla.com\/agenda\/author\/admin\/"}]}},"_links":{"self":[{"href":"https:\/\/hotelarclarambla.com\/agenda\/wp-json\/wp\/v2\/posts\/239755","targetHints":{"allow":["GET"]}}],"collection":[{"href":"https:\/\/hotelarclarambla.com\/agenda\/wp-json\/wp\/v2\/posts"}],"about":[{"href":"https:\/\/hotelarclarambla.com\/agenda\/wp-json\/wp\/v2\/types\/post"}],"author":[{"embeddable":true,"href":"https:\/\/hotelarclarambla.com\/agenda\/wp-json\/wp\/v2\/users\/1"}],"replies":[{"embeddable":true,"href":"https:\/\/hotelarclarambla.com\/agenda\/wp-json\/wp\/v2\/comments?post=239755"}],"version-history":[{"count":6,"href":"https:\/\/hotelarclarambla.com\/agenda\/wp-json\/wp\/v2\/posts\/239755\/revisions"}],"predecessor-version":[{"id":240993,"href":"https:\/\/hotelarclarambla.com\/agenda\/wp-json\/wp\/v2\/posts\/239755\/revisions\/240993"}],"wp:featuredmedia":[{"embeddable":true,"href":"https:\/\/hotelarclarambla.com\/agenda\/wp-json\/wp\/v2\/media\/239770"}],"wp:attachment":[{"href":"https:\/\/hotelarclarambla.com\/agenda\/wp-json\/wp\/v2\/media?parent=239755"}],"wp:term":[{"taxonomy":"category","embeddable":true,"href":"https:\/\/hotelarclarambla.com\/agenda\/wp-json\/wp\/v2\/categories?post=239755"},{"taxonomy":"post_tag","embeddable":true,"href":"https:\/\/hotelarclarambla.com\/agenda\/wp-json\/wp\/v2\/tags?post=239755"}],"curies":[{"name":"wp","href":"https:\/\/api.w.org\/{rel}","templated":true}]}}