{"id":239372,"date":"2023-09-21T17:00:20","date_gmt":"2023-09-21T15:00:20","guid":{"rendered":"https:\/\/hotelarclarambla.com\/agenda\/?p=239372"},"modified":"2023-09-22T11:36:20","modified_gmt":"2023-09-22T09:36:20","slug":"la-merce-2023-fiesta-mas-importante-barcelona","status":"publish","type":"post","link":"https:\/\/hotelarclarambla.com\/agenda\/cultura\/la-merce-2023-fiesta-mas-importante-barcelona\/","title":{"rendered":"La Merc\u00e8 2023: la fiesta m\u00e1s importante de Barcelona"},"content":{"rendered":"\n<div style=\"height:21px\" aria-hidden=\"true\" class=\"wp-block-spacer\"><\/div>\n\n\n\n<p>Desde<strong> <\/strong><a href=\"https:\/\/hotelarclarambla.com\/\"><strong>Hotel Arc La Rambla<\/strong><\/a> hemos preparado una gu\u00eda completa sobre <strong>La Merc\u00e8 2023: la fiesta m\u00e1s importante de Barcelona<\/strong>. Las fiestas se llevar\u00e1n a cabo del 22 al 25 de septiembre y durante cuatro d\u00edas la ciudad se transforma en un escenario con actividades para todas las edades y gustos, desde conciertos hasta exposiciones.<br><\/p>\n\n\n\n<p>Sigue leyendo este art\u00edculo de <a href=\"https:\/\/hotelarclarambla.com\/agenda\/\">nuestro blog<\/a> para conocer la historia, el programa y los actos que rinden homenaje a la patrona de la ciudad,<strong> La Merc\u00e8.<\/strong><\/p>\n\n\n\n<div style=\"height:35px\" aria-hidden=\"true\" class=\"wp-block-spacer\"><\/div>\n\n\n\n<h2 class=\"wp-block-heading\"><strong><strong><strong><strong>La Merc\u00e8 2023: La Fiesta Mayor de Barcelona<\/strong><\/strong><\/strong><\/strong><\/h2>\n\n\n\n<div style=\"height:21px\" aria-hidden=\"true\" class=\"wp-block-spacer\"><\/div>\n\n\n\n<p>Las<strong> fiestas de La Merc\u00e8<\/strong> son la m\u00e1xima expresi\u00f3n de la identidad y la cultura barcelonesa. Este evento anual rinde homenaje a la <a href=\"https:\/\/es.wikipedia.org\/wiki\/Virgen_de_la_Merced\" target=\"_blank\" rel=\"noreferrer noopener\">Mare de D\u00e9u de la Merc\u00e8<\/a>, una de las dos patronas de la ciudad que representa la protecci\u00f3n y la unidad de sus habitantes.\u00a0<\/p>\n\n\n\n<p>Aunque cada a\u00f1o hay novedades, hay algunas actos oficiales que se repiten cada a\u00f1o y que son imperdibles para cualquier barcelon\u00e9s:<\/p>\n\n\n\n<div style=\"height:35px\" aria-hidden=\"true\" class=\"wp-block-spacer\"><\/div>\n\n\n\n<h3 class=\"wp-block-heading\"><em>Preg\u00f3n Festes de La Merc\u00e8 2023<\/em><\/h3>\n\n\n\n<div style=\"height:21px\" aria-hidden=\"true\" class=\"wp-block-spacer\"><\/div>\n\n\n\n<div class=\"wp-block-media-text is-stacked-on-mobile is-vertically-aligned-center\" style=\"grid-template-columns:40% auto\"><figure class=\"wp-block-media-text__media\"><img loading=\"lazy\" decoding=\"async\" width=\"980\" height=\"677\" src=\"https:\/\/hotelarclarambla.com\/agenda\/wp-content\/uploads\/2023\/09\/hotel-arc-rambla-barcelona-blog-culture-la-merce-festival-2023-ajuntament.webp\" alt=\"preg\u00f3n de La Merc\u00e8\" class=\"wp-image-239383 size-medium\" srcset=\"https:\/\/hotelarclarambla.com\/agenda\/wp-content\/uploads\/2023\/09\/hotel-arc-rambla-barcelona-blog-culture-la-merce-festival-2023-ajuntament.webp 980w, https:\/\/hotelarclarambla.com\/agenda\/wp-content\/uploads\/2023\/09\/hotel-arc-rambla-barcelona-blog-culture-la-merce-festival-2023-ajuntament-480x332.webp 480w\" sizes=\"(min-width: 0px) and (max-width: 480px) 480px, (min-width: 481px) 980px, 100vw\" \/><\/figure><div class=\"wp-block-media-text__content\">\n<p>El <strong><a href=\"https:\/\/www.barcelona.cat\/lamerce\/es\/pregon-de-la-merce-2023-en-el-salo-de-cent\" target=\"_blank\" rel=\"noreferrer noopener\">preg\u00f3n de La Merc\u00e8<\/a> <\/strong>marca el inicio oficial de las fiestas. Un personaje destacado de la cultura catalana toma la palabra en el Ayuntamiento de Barcelona. Este a\u00f1o ser\u00e1 pronunciado por la escritora <strong>Najat El Hachmi<\/strong>, el viernes 22 en el Ayuntamiento de Barcelona.<\/p>\n<\/div><\/div>\n\n\n\n<div style=\"height:35px\" aria-hidden=\"true\" class=\"wp-block-spacer\"><\/div>\n\n\n\n<h3 class=\"wp-block-heading\"><em>El Cartel de La Merc\u00e8 2023<\/em><\/h3>\n\n\n\n<div style=\"height:21px\" aria-hidden=\"true\" class=\"wp-block-spacer\"><\/div>\n\n\n\n<p>El\u00a0 <a href=\"https:\/\/offloadmedia.feverup.com\/barcelonasecreta.com\/wp-content\/uploads\/2023\/07\/08082543\/la-merce-2023-e1690292851119.jpg\" target=\"_blank\" rel=\"noreferrer noopener\"><strong>cartel de La Merc\u00e8 2023<\/strong><\/a> ha sido dise\u00f1ado por el ilustrador barcelon\u00e9s, Chamo San. Su obra captura la esencia de la festividad al combinar elementos tradicionales con una visi\u00f3n contempor\u00e1nea. La obra en blanco y negro refleja un <em>castell <\/em>de personas de Barcelona, resaltando la importancia de preservar las ra\u00edces culturales mientras se abraza la modernidad.<\/p>\n\n\n\n<div style=\"height:35px\" aria-hidden=\"true\" class=\"wp-block-spacer\"><\/div>\n\n\n\n<h3 class=\"wp-block-heading\"><em>Piromusical de La Merc\u00e8 2023<\/em><\/h3>\n\n\n\n<div style=\"height:21px\" aria-hidden=\"true\" class=\"wp-block-spacer\"><\/div>\n\n\n\n<p>El impresionante <strong>piromusical de La Merc\u00e8<\/strong> es uno de los momentos m\u00e1s esperados y el que marca el fin de la fiesta. Se llevar\u00e1 a cabo el lunes 25 por la noche, en la <a href=\"https:\/\/maps.app.goo.gl\/UbkkSJqVRLFyKUGK7\" target=\"_blank\" rel=\"noreferrer noopener nofollow\">Avenida Mar\u00eda Cristina<\/a>, donde miles de personas se reunir\u00e1n para presenciar el espect\u00e1culo de fuegos artificiales sincronizados con una banda sonora emocionante.<\/p>\n\n\n\n<div class=\"wp-block-media-text is-stacked-on-mobile is-vertically-aligned-center\" style=\"grid-template-columns:40% auto\"><figure class=\"wp-block-media-text__media\"><img loading=\"lazy\" decoding=\"async\" width=\"980\" height=\"677\" src=\"https:\/\/hotelarclarambla.com\/agenda\/wp-content\/uploads\/2023\/09\/hotel-arc-rambla-barcelona-blog-culture-merce-festival-2023-piromusical.webp\" alt=\"La Merc\u00e8 2023 en Barcelona\" class=\"wp-image-239374 size-medium\" srcset=\"https:\/\/hotelarclarambla.com\/agenda\/wp-content\/uploads\/2023\/09\/hotel-arc-rambla-barcelona-blog-culture-merce-festival-2023-piromusical.webp 980w, https:\/\/hotelarclarambla.com\/agenda\/wp-content\/uploads\/2023\/09\/hotel-arc-rambla-barcelona-blog-culture-merce-festival-2023-piromusical-480x332.webp 480w\" sizes=\"(min-width: 0px) and (max-width: 480px) 480px, (min-width: 481px) 980px, 100vw\" \/><\/figure><div class=\"wp-block-media-text__content\">\n<p>Este a\u00f1o la m\u00fasica la pondr\u00e1 el<strong> <\/strong><a href=\"https:\/\/sonar.es\/\" target=\"_blank\" rel=\"noreferrer noopener nofollow\"><strong>Festival S\u00f3nar<\/strong><\/a>, uno de los m\u00e1s arraigados a la ciudad y que este a\u00f1o celebra su 30 aniversario.<\/p>\n<\/div><\/div>\n\n\n\n<div style=\"height:35px\" aria-hidden=\"true\" class=\"wp-block-spacer\"><\/div>\n\n\n\n<h2 class=\"wp-block-heading\"><strong><strong>Programa de La Merc\u00e8 2023\u00a0<\/strong><\/strong><\/h2>\n\n\n\n<div style=\"height:21px\" aria-hidden=\"true\" class=\"wp-block-spacer\"><\/div>\n\n\n\n<p>Para que no te pierdas ni un solo detalle, te recomendamos que descargues el programa oficial en formato PDF <a href=\"https:\/\/www.barcelona.cat\/lamerce\/es\/programa\">aqu\u00ed<\/a>. Este documento detalla todas las actividades, horarios y ubicaciones para que planifiques tu visita de manera \u00f3ptima.\u00a0<br>Sin embargo, aqu\u00ed te dejamos un resumen con los <strong>imprescindibles de La Merc\u00e8<\/strong>:<\/p>\n\n\n\n<div style=\"height:35px\" aria-hidden=\"true\" class=\"wp-block-spacer\"><\/div>\n\n\n\n<h3 class=\"wp-block-heading\"><em>Conciertos de La Merc\u00e8 2023<\/em><\/h3>\n\n\n\n<div style=\"height:21px\" aria-hidden=\"true\" class=\"wp-block-spacer\"><\/div>\n\n\n\n<div class=\"wp-block-media-text is-stacked-on-mobile is-vertically-aligned-center\" style=\"grid-template-columns:40% auto\"><figure class=\"wp-block-media-text__media\"><img loading=\"lazy\" decoding=\"async\" width=\"980\" height=\"677\" src=\"https:\/\/hotelarclarambla.com\/agenda\/wp-content\/uploads\/2023\/09\/hotel-arc-rambla-barcelona-blog-culture-la-merce-festival-2023-concerts.webp\" alt=\"conciertos gratis La Merc\u00e8 2023\" class=\"wp-image-239380 size-medium\" srcset=\"https:\/\/hotelarclarambla.com\/agenda\/wp-content\/uploads\/2023\/09\/hotel-arc-rambla-barcelona-blog-culture-la-merce-festival-2023-concerts.webp 980w, https:\/\/hotelarclarambla.com\/agenda\/wp-content\/uploads\/2023\/09\/hotel-arc-rambla-barcelona-blog-culture-la-merce-festival-2023-concerts-480x332.webp 480w\" sizes=\"(min-width: 0px) and (max-width: 480px) 480px, (min-width: 481px) 980px, 100vw\" \/><\/figure><div class=\"wp-block-media-text__content\">\n<p class=\"has-text-align-left\">La m\u00fasica es el coraz\u00f3n de <strong>La Merc\u00e8<\/strong> y este a\u00f1o no ser\u00e1 la excepci\u00f3n. Desde artistas locales emergentes hasta bandas internacionales, el <a href=\"https:\/\/metropoliabierta.elespanol.com\/vivir-en-barcelona\/merce-2023-todos-conciertos-gratuitos-barcelona_78397_102.html\" target=\"_blank\" rel=\"noreferrer noopener\">programa de conciertos<\/a> promete una experiencia sonora inolvidable. Adem\u00e1s todas estas actuaciones son gratis. <\/p>\n<\/div><\/div>\n\n\n\n<div style=\"height:35px\" aria-hidden=\"true\" class=\"wp-block-spacer\"><\/div>\n\n\n\n<h3 class=\"wp-block-heading\"><em><em>Cultura Popular: gigantes, castellers y sardanas <\/em><\/em><\/h3>\n\n\n\n<div style=\"height:21px\" aria-hidden=\"true\" class=\"wp-block-spacer\"><\/div>\n\n\n\n<p>La tradici\u00f3n de los \u00ab<strong>gegants<\/strong>\u00bb es una parte esencial de La Merc\u00e8. Estas gigantes figuras de cart\u00f3n piedra desfilan por las calles, representando personajes hist\u00f3ricos y m\u00edticos.<\/p>\n\n\n\n<div class=\"wp-block-media-text has-media-on-the-right is-stacked-on-mobile is-vertically-aligned-center\" style=\"grid-template-columns:auto 40%\"><div class=\"wp-block-media-text__content\">\n<p class=\"has-text-align-right\">Adem\u00e1s, las demostraciones de <strong>cultura popular<\/strong> c\u00f3mo los <strong>correfocs<\/strong>, los <strong>castellers <\/strong>o las sardanas, te permiten adentrarte en las ra\u00edces de Barcelona y descubrir sus tradiciones m\u00e1s arraigadas.<\/p>\n<\/div><figure class=\"wp-block-media-text__media\"><img loading=\"lazy\" decoding=\"async\" width=\"980\" height=\"677\" src=\"https:\/\/hotelarclarambla.com\/agenda\/wp-content\/uploads\/2023\/09\/hotel-arc-rambla-barcelona-blog-culture-la-merce-festival-2023-castellers.webp\" alt=\"castellers en La Merc\u00e8\" class=\"wp-image-239377 size-medium\" srcset=\"https:\/\/hotelarclarambla.com\/agenda\/wp-content\/uploads\/2023\/09\/hotel-arc-rambla-barcelona-blog-culture-la-merce-festival-2023-castellers.webp 980w, https:\/\/hotelarclarambla.com\/agenda\/wp-content\/uploads\/2023\/09\/hotel-arc-rambla-barcelona-blog-culture-la-merce-festival-2023-castellers-480x332.webp 480w\" sizes=\"(min-width: 0px) and (max-width: 480px) 480px, (min-width: 481px) 980px, 100vw\" \/><\/figure><\/div>\n\n\n\n<div style=\"height:35px\" aria-hidden=\"true\" class=\"wp-block-spacer\"><\/div>\n\n\n\n<h3 class=\"wp-block-heading\"><em><em><em>Puertas abiertas por La Merc\u00e8 a Barcelona<\/em><\/em><\/em><\/h3>\n\n\n\n<div style=\"height:21px\" aria-hidden=\"true\" class=\"wp-block-spacer\"><\/div>\n\n\n\n<p>Durante <strong>La Merc\u00e8<\/strong>, varios espacios emblem\u00e1ticos de <a href=\"https:\/\/ajuntament.barcelona.cat\/castelldemontjuic\/es\/activitats\/noticies\/puertas-abiertas-para-las-fiestas-de-la-merce-2023#:~:text=El%20domingo%2024%20y%20lunes,puertas%20abiertas%20y%20actividades%20especiales!\" target=\"_blank\" rel=\"noreferrer noopener\">Barcelona abren sus puertas de manera gratuita<\/a>. Desde museos hasta edificios hist\u00f3ricos, esta es una oportunidad \u00fanica para explorar la riqueza cultural de la ciudad sin costo alguno.<\/p>\n\n\n\n<div style=\"height:35px\" aria-hidden=\"true\" class=\"wp-block-spacer\"><\/div>\n\n\n\n<h2 class=\"wp-block-heading\"><strong><strong><strong>Novedades de La Merc\u00e8 2023<\/strong><\/strong><\/strong><\/h2>\n\n\n\n<div style=\"height:21px\" aria-hidden=\"true\" class=\"wp-block-spacer\"><\/div>\n\n\n\n<p>Este a\u00f1o, <strong>La Merc\u00e8<\/strong> viene cargada de novedades emocionantes. Destacan espect\u00e1culos itinerantes que llevar\u00e1n la fiesta a cada rinc\u00f3n de la ciudad y una mayor integraci\u00f3n de la tecnolog\u00eda. El Ayuntamiento ha creado una <a href=\"https:\/\/ajuntament.barcelona.cat\/apps\/es\/la-merce-fiesta-mayor-de-barcelona\" target=\"_blank\" rel=\"noreferrer noopener\">app de la Fiesta Mayor de Barcelona<\/a> para enriquecer la experiencia de los asistentes.<\/p>\n\n\n\n<div style=\"height:35px\" aria-hidden=\"true\" class=\"wp-block-spacer\"><\/div>\n\n\n\n<h3 class=\"wp-block-heading\"><strong><em><strong><em><strong><em>Espacios y escenarios <\/em><\/strong><\/em><\/strong><\/em><\/strong><em><em><em>Merc\u00e8 <\/em><\/em><\/em><strong><em><strong><em><strong><em>2023<\/em><\/strong><\/em><\/strong><\/em><\/strong><\/h3>\n\n\n\n<div style=\"height:21px\" aria-hidden=\"true\" class=\"wp-block-spacer\"><\/div>\n\n\n\n<p>Los conciertos y actividades se repartir\u00e1n en distintas zonas de la ciudad, cada una con su propia atm\u00f3sfera y encanto. Se recuperan escenarios m\u00edticos\u00a0 como el de la <strong>plaza Reial<\/strong>, muy cerca del <a href=\"https:\/\/maps.app.goo.gl\/xtfV68HDqTcPEno39\" target=\"_blank\" rel=\"noreferrer noopener\">hotel<\/a> y se modifican ubicaciones c\u00f3mo:<\/p>\n\n\n\n<div style=\"height:21px\" aria-hidden=\"true\" class=\"wp-block-spacer\"><\/div>\n\n\n\n<div class=\"wp-block-group is-layout-constrained wp-block-group-is-layout-constrained\">\n<ul class=\"wp-block-list\">\n<li>Parc de l\u2019Estaci\u00f3 del Nord y superilla de Consell de Cent: acoger\u00e1 el <strong>Merc\u00e8 Arts de Carrer (MAC)<\/strong> y las artes en la calle.&nbsp;<\/li>\n\n\n\n<li>Avenida Maria Cristina: tendr\u00e1 lugar el piromusical, pero se eliminan los macroconciertos que se trasladan al barrio de las Corts.&nbsp;<\/li>\n\n\n\n<li><a href=\"https:\/\/maps.app.goo.gl\/GFxZJfCwWnMoiaPG9\" target=\"_blank\" rel=\"noreferrer noopener\">Parc de la Ciutadella<\/a>: albergar\u00e1 una feria de alimentaci\u00f3n y actividades familiares.\u00a0<\/li>\n\n\n\n<li><a href=\"https:\/\/maps.app.goo.gl\/1mDGryWRujDti8T46\" target=\"_blank\" rel=\"noreferrer noopener\">Pla\u00e7a Sant Jaume<\/a>: epicentro de muchas celebraciones oficiales.<\/li>\n<\/ul>\n<\/div>\n\n\n\n<div style=\"height:35px\" aria-hidden=\"true\" class=\"wp-block-spacer\"><\/div>\n\n\n\n<hr class=\"wp-block-separator has-alpha-channel-opacity\"\/>\n\n\n\n<div style=\"height:22px\" aria-hidden=\"true\" class=\"wp-block-spacer\"><\/div>\n\n\n\n<p>No olvides seguirnos en <a href=\"https:\/\/www.instagram.com\/arclarambla\/\" target=\"_blank\" rel=\"noreferrer noopener\">nuestras redes sociales<\/a> para mantenerte al tanto de m\u00e1s <strong>planes y actividades en Barcelona<\/strong>. Si deseas disfrutar al m\u00e1ximo de <strong>La Merc\u00e8 2023<\/strong>, te invitamos a <a href=\"https:\/\/reservation.mirai.com\/XMAS\/reservation\/miraiFrontDispatcher.htm?idtokenprovider=10760133&amp;lang=es\" target=\"_blank\" rel=\"noreferrer noopener\">reservar tu habitaci\u00f3n<\/a> en nuestro hotel ubicado en el coraz\u00f3n de la ciudad.<\/p>\n\n\n\n<div style=\"height:21px\" aria-hidden=\"true\" class=\"wp-block-spacer\"><\/div>\n\n\n\n<p>\u00a1Esperamos que esta gu\u00eda te haya entusiasmado tanto como a nosotros! <strong>La Merc\u00e8 2023<\/strong> promete ser una celebraci\u00f3n inolvidable que te sumergir\u00e1 en la aut\u00e9ntica esencia de Barcelona. \u00a1No te lo pierdas!<\/p>\n\n\n\n<div style=\"height:21px\" aria-hidden=\"true\" class=\"wp-block-spacer\"><\/div>\n\n\n\n<p>\u00bfQuieres conocer m\u00e1s planes para disfrutar de tu <strong>estancia en Barcelona<\/strong>?<\/p>\n\n\n\n<div style=\"height:21px\" aria-hidden=\"true\" class=\"wp-block-spacer\"><\/div>\n\n\n\n<div style=\"height:38px\" aria-hidden=\"true\" class=\"wp-block-spacer\"><\/div>\n\n\n\n<div style=\"height:19px\" aria-hidden=\"true\" class=\"wp-block-spacer\"><\/div>\n\n\n\n<div class=\"wp-block-buttons is-horizontal is-content-justification-center is-layout-flex wp-container-core-buttons-is-layout-d68eae28 wp-block-buttons-is-layout-flex\">\n<div class=\"wp-block-button has-custom-width wp-block-button__width-25 has-custom-font-size is-style-fill has-small-font-size\"><a class=\"wp-block-button__link has-black-color has-luminous-vivid-amber-background-color has-text-color has-background has-text-align-center wp-element-button\" href=\"https:\/\/www.instagram.com\/arclarambla\/\" target=\"_blank\" rel=\"noreferrer noopener\">\u00a1S\u00edguenos en Instagram!<\/a><\/div>\n<\/div>\n\n\n\n<div style=\"height:58px\" aria-hidden=\"true\" class=\"wp-block-spacer\"><\/div>\n","protected":false},"excerpt":{"rendered":"<p>Hoy en el blog del Hotel Arc La Rambla descubre la programaci\u00f3n de La Merc\u00e8 2023, la fiesta m\u00e1s importante de Barcelona. <\/p>\n<p>Sigue leyendo el art\u00edculo para conocer actividades, actos y conciertos. <\/p>\n","protected":false},"author":1,"featured_media":239374,"comment_status":"closed","ping_status":"closed","sticky":false,"template":"","format":"standard","meta":{"_acf_changed":false,"_et_pb_use_builder":"","_et_pb_old_content":"","_et_gb_content_width":"","inline_featured_image":false,"footnotes":""},"categories":[5951],"tags":[],"class_list":["post-239372","post","type-post","status-publish","format-standard","has-post-thumbnail","hentry","category-cultura"],"acf":[],"yoast_head":"<!-- This site is optimized with the Yoast SEO plugin v27.4 - https:\/\/yoast.com\/product\/yoast-seo-wordpress\/ -->\n<title>La Merc\u00e8 2023: Fiesta Mayor de Barcelona | Hotel Arc La Rambla<\/title>\n<meta name=\"description\" content=\"Hoy en el blog de Hotel Arc La Rambla descubre la programaci\u00f3n de La Merc\u00e8 2023, la fiesta m\u00e1s importante de Barcelona.\" \/>\n<meta name=\"robots\" content=\"index, follow, max-snippet:-1, max-image-preview:large, max-video-preview:-1\" \/>\n<link rel=\"canonical\" href=\"https:\/\/hotelarclarambla.com\/agenda\/cultura\/la-merce-2023-fiesta-mas-importante-barcelona\/\" \/>\n<meta property=\"og:locale\" content=\"es_ES\" \/>\n<meta property=\"og:type\" content=\"article\" \/>\n<meta property=\"og:title\" content=\"La Merc\u00e8 2023: Fiesta Mayor de Barcelona | Hotel Arc La Rambla\" \/>\n<meta property=\"og:description\" content=\"Hoy en el blog de Hotel Arc La Rambla descubre la programaci\u00f3n de La Merc\u00e8 2023, la fiesta m\u00e1s importante de Barcelona.\" \/>\n<meta property=\"og:url\" content=\"https:\/\/hotelarclarambla.com\/agenda\/cultura\/la-merce-2023-fiesta-mas-importante-barcelona\/\" \/>\n<meta property=\"og:site_name\" content=\"Hotel Arc La Rambla Blog\" \/>\n<meta property=\"article:published_time\" content=\"2023-09-21T15:00:20+00:00\" \/>\n<meta property=\"article:modified_time\" content=\"2023-09-22T09:36:20+00:00\" \/>\n<meta property=\"og:image\" content=\"https:\/\/hotelarclarambla.com\/agenda\/wp-content\/uploads\/2023\/09\/hotel-arc-rambla-barcelona-blog-culture-merce-festival-2023-piromusical.webp\" \/>\n\t<meta property=\"og:image:width\" content=\"980\" \/>\n\t<meta property=\"og:image:height\" content=\"677\" \/>\n\t<meta property=\"og:image:type\" content=\"image\/webp\" \/>\n<meta name=\"author\" content=\"admin\" \/>\n<meta name=\"twitter:card\" content=\"summary_large_image\" \/>\n<meta name=\"twitter:label1\" content=\"Escrito por\" \/>\n\t<meta name=\"twitter:data1\" content=\"admin\" \/>\n\t<meta name=\"twitter:label2\" content=\"Tiempo de lectura\" \/>\n\t<meta name=\"twitter:data2\" content=\"5 minutos\" \/>\n<script type=\"application\/ld+json\" class=\"yoast-schema-graph\">{\"@context\":\"https:\\\/\\\/schema.org\",\"@graph\":[{\"@type\":\"Article\",\"@id\":\"https:\\\/\\\/hotelarclarambla.com\\\/agenda\\\/cultura\\\/la-merce-2023-fiesta-mas-importante-barcelona\\\/#article\",\"isPartOf\":{\"@id\":\"https:\\\/\\\/hotelarclarambla.com\\\/agenda\\\/cultura\\\/la-merce-2023-fiesta-mas-importante-barcelona\\\/\"},\"author\":{\"name\":\"admin\",\"@id\":\"https:\\\/\\\/hotelarclarambla.com\\\/agenda\\\/#\\\/schema\\\/person\\\/b40fb00e3d10940d7ffb6848593b8d04\"},\"headline\":\"La Merc\u00e8 2023: la fiesta m\u00e1s importante de Barcelona\",\"datePublished\":\"2023-09-21T15:00:20+00:00\",\"dateModified\":\"2023-09-22T09:36:20+00:00\",\"mainEntityOfPage\":{\"@id\":\"https:\\\/\\\/hotelarclarambla.com\\\/agenda\\\/cultura\\\/la-merce-2023-fiesta-mas-importante-barcelona\\\/\"},\"wordCount\":868,\"image\":{\"@id\":\"https:\\\/\\\/hotelarclarambla.com\\\/agenda\\\/cultura\\\/la-merce-2023-fiesta-mas-importante-barcelona\\\/#primaryimage\"},\"thumbnailUrl\":\"https:\\\/\\\/hotelarclarambla.com\\\/agenda\\\/wp-content\\\/uploads\\\/2023\\\/09\\\/hotel-arc-rambla-barcelona-blog-culture-merce-festival-2023-piromusical.webp\",\"articleSection\":[\"Cultura\"],\"inLanguage\":\"es\"},{\"@type\":\"WebPage\",\"@id\":\"https:\\\/\\\/hotelarclarambla.com\\\/agenda\\\/cultura\\\/la-merce-2023-fiesta-mas-importante-barcelona\\\/\",\"url\":\"https:\\\/\\\/hotelarclarambla.com\\\/agenda\\\/cultura\\\/la-merce-2023-fiesta-mas-importante-barcelona\\\/\",\"name\":\"La Merc\u00e8 2023: Fiesta Mayor de Barcelona | Hotel Arc La Rambla\",\"isPartOf\":{\"@id\":\"https:\\\/\\\/hotelarclarambla.com\\\/agenda\\\/#website\"},\"primaryImageOfPage\":{\"@id\":\"https:\\\/\\\/hotelarclarambla.com\\\/agenda\\\/cultura\\\/la-merce-2023-fiesta-mas-importante-barcelona\\\/#primaryimage\"},\"image\":{\"@id\":\"https:\\\/\\\/hotelarclarambla.com\\\/agenda\\\/cultura\\\/la-merce-2023-fiesta-mas-importante-barcelona\\\/#primaryimage\"},\"thumbnailUrl\":\"https:\\\/\\\/hotelarclarambla.com\\\/agenda\\\/wp-content\\\/uploads\\\/2023\\\/09\\\/hotel-arc-rambla-barcelona-blog-culture-merce-festival-2023-piromusical.webp\",\"datePublished\":\"2023-09-21T15:00:20+00:00\",\"dateModified\":\"2023-09-22T09:36:20+00:00\",\"author\":{\"@id\":\"https:\\\/\\\/hotelarclarambla.com\\\/agenda\\\/#\\\/schema\\\/person\\\/b40fb00e3d10940d7ffb6848593b8d04\"},\"description\":\"Hoy en el blog de Hotel Arc La Rambla descubre la programaci\u00f3n de La Merc\u00e8 2023, la fiesta m\u00e1s importante de Barcelona.\",\"breadcrumb\":{\"@id\":\"https:\\\/\\\/hotelarclarambla.com\\\/agenda\\\/cultura\\\/la-merce-2023-fiesta-mas-importante-barcelona\\\/#breadcrumb\"},\"inLanguage\":\"es\",\"potentialAction\":[{\"@type\":\"ReadAction\",\"target\":[\"https:\\\/\\\/hotelarclarambla.com\\\/agenda\\\/cultura\\\/la-merce-2023-fiesta-mas-importante-barcelona\\\/\"]}]},{\"@type\":\"ImageObject\",\"inLanguage\":\"es\",\"@id\":\"https:\\\/\\\/hotelarclarambla.com\\\/agenda\\\/cultura\\\/la-merce-2023-fiesta-mas-importante-barcelona\\\/#primaryimage\",\"url\":\"https:\\\/\\\/hotelarclarambla.com\\\/agenda\\\/wp-content\\\/uploads\\\/2023\\\/09\\\/hotel-arc-rambla-barcelona-blog-culture-merce-festival-2023-piromusical.webp\",\"contentUrl\":\"https:\\\/\\\/hotelarclarambla.com\\\/agenda\\\/wp-content\\\/uploads\\\/2023\\\/09\\\/hotel-arc-rambla-barcelona-blog-culture-merce-festival-2023-piromusical.webp\",\"width\":980,\"height\":677,\"caption\":\"La Merc\u00e8 2023 en Barcelona\"},{\"@type\":\"BreadcrumbList\",\"@id\":\"https:\\\/\\\/hotelarclarambla.com\\\/agenda\\\/cultura\\\/la-merce-2023-fiesta-mas-importante-barcelona\\\/#breadcrumb\",\"itemListElement\":[{\"@type\":\"ListItem\",\"position\":1,\"name\":\"Portada\",\"item\":\"https:\\\/\\\/hotelarclarambla.com\\\/agenda\\\/\"},{\"@type\":\"ListItem\",\"position\":2,\"name\":\"La Merc\u00e8 2023: la fiesta m\u00e1s importante de Barcelona\"}]},{\"@type\":\"WebSite\",\"@id\":\"https:\\\/\\\/hotelarclarambla.com\\\/agenda\\\/#website\",\"url\":\"https:\\\/\\\/hotelarclarambla.com\\\/agenda\\\/\",\"name\":\"Hotel Arc La Rambla Blog\",\"description\":\"El blog de Hotel Arc\",\"potentialAction\":[{\"@type\":\"SearchAction\",\"target\":{\"@type\":\"EntryPoint\",\"urlTemplate\":\"https:\\\/\\\/hotelarclarambla.com\\\/agenda\\\/?s={search_term_string}\"},\"query-input\":{\"@type\":\"PropertyValueSpecification\",\"valueRequired\":true,\"valueName\":\"search_term_string\"}}],\"inLanguage\":\"es\"},{\"@type\":\"Person\",\"@id\":\"https:\\\/\\\/hotelarclarambla.com\\\/agenda\\\/#\\\/schema\\\/person\\\/b40fb00e3d10940d7ffb6848593b8d04\",\"name\":\"admin\",\"image\":{\"@type\":\"ImageObject\",\"inLanguage\":\"es\",\"@id\":\"https:\\\/\\\/secure.gravatar.com\\\/avatar\\\/e7d2a513cc006a0531b1545b92475922773d5049debd5d662a4049cc030a89aa?s=96&d=mm&r=g\",\"url\":\"https:\\\/\\\/secure.gravatar.com\\\/avatar\\\/e7d2a513cc006a0531b1545b92475922773d5049debd5d662a4049cc030a89aa?s=96&d=mm&r=g\",\"contentUrl\":\"https:\\\/\\\/secure.gravatar.com\\\/avatar\\\/e7d2a513cc006a0531b1545b92475922773d5049debd5d662a4049cc030a89aa?s=96&d=mm&r=g\",\"caption\":\"admin\"},\"url\":\"https:\\\/\\\/hotelarclarambla.com\\\/agenda\\\/author\\\/admin\\\/\"}]}<\/script>\n<!-- \/ Yoast SEO plugin. -->","yoast_head_json":{"title":"La Merc\u00e8 2023: Fiesta Mayor de Barcelona | Hotel Arc La Rambla","description":"Hoy en el blog de Hotel Arc La Rambla descubre la programaci\u00f3n de La Merc\u00e8 2023, la fiesta m\u00e1s importante de Barcelona.","robots":{"index":"index","follow":"follow","max-snippet":"max-snippet:-1","max-image-preview":"max-image-preview:large","max-video-preview":"max-video-preview:-1"},"canonical":"https:\/\/hotelarclarambla.com\/agenda\/cultura\/la-merce-2023-fiesta-mas-importante-barcelona\/","og_locale":"es_ES","og_type":"article","og_title":"La Merc\u00e8 2023: Fiesta Mayor de Barcelona | Hotel Arc La Rambla","og_description":"Hoy en el blog de Hotel Arc La Rambla descubre la programaci\u00f3n de La Merc\u00e8 2023, la fiesta m\u00e1s importante de Barcelona.","og_url":"https:\/\/hotelarclarambla.com\/agenda\/cultura\/la-merce-2023-fiesta-mas-importante-barcelona\/","og_site_name":"Hotel Arc La Rambla Blog","article_published_time":"2023-09-21T15:00:20+00:00","article_modified_time":"2023-09-22T09:36:20+00:00","og_image":[{"width":980,"height":677,"url":"https:\/\/hotelarclarambla.com\/agenda\/wp-content\/uploads\/2023\/09\/hotel-arc-rambla-barcelona-blog-culture-merce-festival-2023-piromusical.webp","type":"image\/webp"}],"author":"admin","twitter_card":"summary_large_image","twitter_misc":{"Escrito por":"admin","Tiempo de lectura":"5 minutos"},"schema":{"@context":"https:\/\/schema.org","@graph":[{"@type":"Article","@id":"https:\/\/hotelarclarambla.com\/agenda\/cultura\/la-merce-2023-fiesta-mas-importante-barcelona\/#article","isPartOf":{"@id":"https:\/\/hotelarclarambla.com\/agenda\/cultura\/la-merce-2023-fiesta-mas-importante-barcelona\/"},"author":{"name":"admin","@id":"https:\/\/hotelarclarambla.com\/agenda\/#\/schema\/person\/b40fb00e3d10940d7ffb6848593b8d04"},"headline":"La Merc\u00e8 2023: la fiesta m\u00e1s importante de Barcelona","datePublished":"2023-09-21T15:00:20+00:00","dateModified":"2023-09-22T09:36:20+00:00","mainEntityOfPage":{"@id":"https:\/\/hotelarclarambla.com\/agenda\/cultura\/la-merce-2023-fiesta-mas-importante-barcelona\/"},"wordCount":868,"image":{"@id":"https:\/\/hotelarclarambla.com\/agenda\/cultura\/la-merce-2023-fiesta-mas-importante-barcelona\/#primaryimage"},"thumbnailUrl":"https:\/\/hotelarclarambla.com\/agenda\/wp-content\/uploads\/2023\/09\/hotel-arc-rambla-barcelona-blog-culture-merce-festival-2023-piromusical.webp","articleSection":["Cultura"],"inLanguage":"es"},{"@type":"WebPage","@id":"https:\/\/hotelarclarambla.com\/agenda\/cultura\/la-merce-2023-fiesta-mas-importante-barcelona\/","url":"https:\/\/hotelarclarambla.com\/agenda\/cultura\/la-merce-2023-fiesta-mas-importante-barcelona\/","name":"La Merc\u00e8 2023: Fiesta Mayor de Barcelona | Hotel Arc La Rambla","isPartOf":{"@id":"https:\/\/hotelarclarambla.com\/agenda\/#website"},"primaryImageOfPage":{"@id":"https:\/\/hotelarclarambla.com\/agenda\/cultura\/la-merce-2023-fiesta-mas-importante-barcelona\/#primaryimage"},"image":{"@id":"https:\/\/hotelarclarambla.com\/agenda\/cultura\/la-merce-2023-fiesta-mas-importante-barcelona\/#primaryimage"},"thumbnailUrl":"https:\/\/hotelarclarambla.com\/agenda\/wp-content\/uploads\/2023\/09\/hotel-arc-rambla-barcelona-blog-culture-merce-festival-2023-piromusical.webp","datePublished":"2023-09-21T15:00:20+00:00","dateModified":"2023-09-22T09:36:20+00:00","author":{"@id":"https:\/\/hotelarclarambla.com\/agenda\/#\/schema\/person\/b40fb00e3d10940d7ffb6848593b8d04"},"description":"Hoy en el blog de Hotel Arc La Rambla descubre la programaci\u00f3n de La Merc\u00e8 2023, la fiesta m\u00e1s importante de Barcelona.","breadcrumb":{"@id":"https:\/\/hotelarclarambla.com\/agenda\/cultura\/la-merce-2023-fiesta-mas-importante-barcelona\/#breadcrumb"},"inLanguage":"es","potentialAction":[{"@type":"ReadAction","target":["https:\/\/hotelarclarambla.com\/agenda\/cultura\/la-merce-2023-fiesta-mas-importante-barcelona\/"]}]},{"@type":"ImageObject","inLanguage":"es","@id":"https:\/\/hotelarclarambla.com\/agenda\/cultura\/la-merce-2023-fiesta-mas-importante-barcelona\/#primaryimage","url":"https:\/\/hotelarclarambla.com\/agenda\/wp-content\/uploads\/2023\/09\/hotel-arc-rambla-barcelona-blog-culture-merce-festival-2023-piromusical.webp","contentUrl":"https:\/\/hotelarclarambla.com\/agenda\/wp-content\/uploads\/2023\/09\/hotel-arc-rambla-barcelona-blog-culture-merce-festival-2023-piromusical.webp","width":980,"height":677,"caption":"La Merc\u00e8 2023 en Barcelona"},{"@type":"BreadcrumbList","@id":"https:\/\/hotelarclarambla.com\/agenda\/cultura\/la-merce-2023-fiesta-mas-importante-barcelona\/#breadcrumb","itemListElement":[{"@type":"ListItem","position":1,"name":"Portada","item":"https:\/\/hotelarclarambla.com\/agenda\/"},{"@type":"ListItem","position":2,"name":"La Merc\u00e8 2023: la fiesta m\u00e1s importante de Barcelona"}]},{"@type":"WebSite","@id":"https:\/\/hotelarclarambla.com\/agenda\/#website","url":"https:\/\/hotelarclarambla.com\/agenda\/","name":"Hotel Arc La Rambla Blog","description":"El blog de Hotel Arc","potentialAction":[{"@type":"SearchAction","target":{"@type":"EntryPoint","urlTemplate":"https:\/\/hotelarclarambla.com\/agenda\/?s={search_term_string}"},"query-input":{"@type":"PropertyValueSpecification","valueRequired":true,"valueName":"search_term_string"}}],"inLanguage":"es"},{"@type":"Person","@id":"https:\/\/hotelarclarambla.com\/agenda\/#\/schema\/person\/b40fb00e3d10940d7ffb6848593b8d04","name":"admin","image":{"@type":"ImageObject","inLanguage":"es","@id":"https:\/\/secure.gravatar.com\/avatar\/e7d2a513cc006a0531b1545b92475922773d5049debd5d662a4049cc030a89aa?s=96&d=mm&r=g","url":"https:\/\/secure.gravatar.com\/avatar\/e7d2a513cc006a0531b1545b92475922773d5049debd5d662a4049cc030a89aa?s=96&d=mm&r=g","contentUrl":"https:\/\/secure.gravatar.com\/avatar\/e7d2a513cc006a0531b1545b92475922773d5049debd5d662a4049cc030a89aa?s=96&d=mm&r=g","caption":"admin"},"url":"https:\/\/hotelarclarambla.com\/agenda\/author\/admin\/"}]}},"_links":{"self":[{"href":"https:\/\/hotelarclarambla.com\/agenda\/wp-json\/wp\/v2\/posts\/239372","targetHints":{"allow":["GET"]}}],"collection":[{"href":"https:\/\/hotelarclarambla.com\/agenda\/wp-json\/wp\/v2\/posts"}],"about":[{"href":"https:\/\/hotelarclarambla.com\/agenda\/wp-json\/wp\/v2\/types\/post"}],"author":[{"embeddable":true,"href":"https:\/\/hotelarclarambla.com\/agenda\/wp-json\/wp\/v2\/users\/1"}],"replies":[{"embeddable":true,"href":"https:\/\/hotelarclarambla.com\/agenda\/wp-json\/wp\/v2\/comments?post=239372"}],"version-history":[{"count":3,"href":"https:\/\/hotelarclarambla.com\/agenda\/wp-json\/wp\/v2\/posts\/239372\/revisions"}],"predecessor-version":[{"id":239387,"href":"https:\/\/hotelarclarambla.com\/agenda\/wp-json\/wp\/v2\/posts\/239372\/revisions\/239387"}],"wp:featuredmedia":[{"embeddable":true,"href":"https:\/\/hotelarclarambla.com\/agenda\/wp-json\/wp\/v2\/media\/239374"}],"wp:attachment":[{"href":"https:\/\/hotelarclarambla.com\/agenda\/wp-json\/wp\/v2\/media?parent=239372"}],"wp:term":[{"taxonomy":"category","embeddable":true,"href":"https:\/\/hotelarclarambla.com\/agenda\/wp-json\/wp\/v2\/categories?post=239372"},{"taxonomy":"post_tag","embeddable":true,"href":"https:\/\/hotelarclarambla.com\/agenda\/wp-json\/wp\/v2\/tags?post=239372"}],"curies":[{"name":"wp","href":"https:\/\/api.w.org\/{rel}","templated":true}]}}