{"id":239308,"date":"2023-08-10T16:11:55","date_gmt":"2023-08-10T14:11:55","guid":{"rendered":"https:\/\/hotelarclarambla.com\/agenda\/?p=239308"},"modified":"2023-09-22T11:40:06","modified_gmt":"2023-09-22T09:40:06","slug":"la-merce-2016-vive-la-fiesta-grande-de-barcelona-2","status":"publish","type":"post","link":"https:\/\/hotelarclarambla.com\/agenda\/cultura\/la-merce-2016-vive-la-fiesta-grande-de-barcelona-2\/","title":{"rendered":"La Merc\u00e8 2016, vive la fiesta grande de Barcelona"},"content":{"rendered":"\n<p>Como cada&nbsp;<a href=\"http:\/\/hotelarc.local\/la-merce-is-tradition-2015-here-we-go-again\/\" target=\"_blank\" rel=\"noreferrer noopener\">a\u00f1o<\/a>,&nbsp;<strong>Barcelona<\/strong>&nbsp;despide el verano celebrando las Fiestas de&nbsp;<strong><a href=\"http:\/\/lameva.barcelona.cat\/merce\/en\/\" target=\"_blank\" rel=\"noreferrer noopener\">\u201cLa Merc\u00e8\u201d<\/a><\/strong>, dedicadas a la patrona de la ciudad. Cuatro intensos d\u00edas (del 22 al 25 de septiembre) cargados de tradici\u00f3n,&nbsp;<strong>cultura<\/strong>, conciertos, eventos gastron\u00f3micos, fuegos artificiales y un gran ambiente en las calles de toda la ciudad. Te ofrecemos una gu\u00eda para que vivas al m\u00e1ximo la&nbsp;<strong>fiesta<\/strong>&nbsp;grande de Barcelona, que este a\u00f1o llevar\u00e1 sus&nbsp;<strong>espect\u00e1culos<\/strong>&nbsp;y actividades a m\u00e1s barrios que nunca y que tendr\u00e1 aroma franc\u00e9s al ser Par\u00eds la ciudad invitada.<\/p>\n\n\n\n<p><strong>M\u00fasica para todos los p\u00fablicos<\/strong><\/p>\n\n\n\n<p><strong>\u201cLa Merc\u00e8\u201d&nbsp;&nbsp;<\/strong>es un festival de&nbsp;<a href=\"http:\/\/hotelarc.local\/barcelona-presents-its-festivals\/\" target=\"_blank\" rel=\"noreferrer noopener\">festivales<\/a>&nbsp;y dos de los m\u00e1s importantes son el&nbsp;<a href=\"http:\/\/lameva.barcelona.cat\/bam\/ca\/\" target=\"_blank\" rel=\"noreferrer noopener\">BAM (Barcelona Acci\u00f3 Musical)<\/a>&nbsp;y el Merc\u00e8 M\u00fasica, que incluyen un amplio cat\u00e1logo de conciertos gratuitos al aire libre de artistas de renombre nacional e internacional. La avenida de la Catedral, el Parc del F\u00f2rum, la playa de Bogatell o la avenida Reina Mar\u00eda Cristina, entre otros escenarios, acoger\u00e1n un total de 88 conciertos ofrecidos por m\u00e1s de 70 grupos y solistas. Una propuesta ecl\u00e9ctica que convertir\u00e1 a Barcelona en un gran escaparate sonoro en el que brillar\u00e1n artistas como Love of Lesbian , Bebe, Manu Chao , Fangoria, Lloys Cole, Juan Magan, Kiko Veneno o la Gran Pegatina.&nbsp;<strong>Tradici\u00f3n y tecnolog\u00eda<\/strong>&nbsp;Otro de los pilares fundamentales de La Merc\u00e8 es la exaltaci\u00f3n de la cultura popular&nbsp;<strong>catalana<\/strong>. Los espect\u00e1culos de<a href=\"http:\/\/hotelarc.local\/castellers-one-of-the-top-catalan-traditions\/\" target=\"_blank\" rel=\"noreferrer noopener\">&nbsp;castellers&nbsp;<\/a>(torres humanas), correfocs , gegants, sardanes o trabucaires combinan arte y tradici\u00f3n&nbsp; y suponen una oportunidad ideal para conocer la idiosincrasia de la ciudad y sus habitantes. Enlazando pasado y futuro, la Merc\u00e8 de 2016 apuesta fuerte por la innovaci\u00f3n y las nuevas tecnolog\u00edas a trav\u00e9s de proyecciones y espect\u00e1culos audiovisuales en edificios emblem\u00e1ticos de la ciudad. En este sentido, la F\u00e1brica de Fabra i Coats, el Parque de la Ciudadela y el CCCB estar\u00e1n&nbsp;conectados virtualmente, como si fuesen un solo espacio, de manera que las actividades que se generen en cada edificio se podr\u00e1n vivir simult\u00e1neamente como un \u00fanico espect\u00e1culo completo.<\/p>\n\n\n\n<p><strong>Teatro y circo en las calles<\/strong><\/p>\n\n\n\n<p>Por su parte, la&nbsp; Merc\u00e8 Arts de Carrer (MAC) cuenta con una propuesta art\u00edstica que engloba el teatro de calle, danza, circo, charangas y espect\u00e1culos itinerantes. El&nbsp;castillo&nbsp;de Montju\u00efc y el Parque de la Ciutadella (en el que actuar\u00e1n m\u00e1s de 40 compa\u00f1\u00edas) son dos&nbsp;<strong>&nbsp;<\/strong>de los principales escenarios del MAC, en el que destaca la propuesta \u201cDes B\u00e2tisses Soeurs aux Villes \u00c9ph\u00e9m\u00e8res\u201d de Olivier Grosset\u00eate, una original y participativa puesta en escena en la que el p\u00fablico ayuda a construir con cajas de cart\u00f3n&nbsp;puentes y torres de hasta 23 metros. Adem\u00e1s, el paseo de la Circunvalaci\u00f3 (cerca del zoo) se convertir\u00e1 en un enorme lienzo que artistas urbanos de Barcelona y otros lugares llenar\u00e1n de color con sus graffittis. Completando la oferta cultural el Museo Picasso, el Mar\u00edtimo, el Museo de Arte Contempor\u00e1neo o el Virreina, entre otros, abrir\u00e1n sus puertas de forma gratuita en diferentes jornadas de la festividad.<\/p>\n\n\n\n<p><strong>Fuegos artificiales como fin de fiesta<\/strong><\/p>\n\n\n\n<p>El&nbsp;fuego ser\u00e1 otro elemento imprescindible de las celebraciones. Adem\u00e1s de los emocionantes correfocs, que te pueden sorprender en cualquier punto de la ciudad, el Festival Pirot\u00e9cnico Internacional inundar\u00e1 el cielo de Barcelona de luz y belleza. Adem\u00e1s, como en cada edici\u00f3n, el Piromusical de la avenida de Mar\u00eda Cristina cerrar\u00e1 las celebraciones en uno de los momentos m\u00e1s emotivos de las&nbsp;<strong>Fiestas de La Merc\u00e8<\/strong>. Un espect\u00e1culo grandioso que este a\u00f1o rendir\u00e1 homenaje a dos iconos de la m\u00fasica pop del siglo XX fallecidos recientemente, Prince y David Bowie, y que correr\u00e1 a cargo de la Pirotecnia Igual, encargada de los fuegos artificiales de las ceremonias de los Juegos Ol\u00edmpicos de R\u00edo 2016. &nbsp; S\u00famate a los dos millones de personas que se espera que participen en La Merc\u00e8 y vive la fiesta grande de la ciudad como un barcelon\u00e9s m\u00e1s. Consulta el<a href=\"http:\/\/lameva.barcelona.cat\/merce\/en\/programa-per-dia\" target=\"_blank\" rel=\"noreferrer noopener\">&nbsp;programa completo&nbsp;<\/a>&nbsp;y !no dudes en preguntar a nuestro staff!&nbsp;&nbsp;<\/p>\n","protected":false},"excerpt":{"rendered":"<p>Como cada&nbsp;a\u00f1o,&nbsp;Barcelona&nbsp;despide el verano celebrando las Fiestas de&nbsp;\u201cLa Merc\u00e8\u201d, dedicadas a la patrona de la ciudad. Cuatro intensos d\u00edas (del 22 al 25 de septiembre) cargados de tradici\u00f3n,&nbsp;cultura, conciertos, eventos gastron\u00f3micos, fuegos artificiales y un gran ambiente en las calles de toda la ciudad. Te ofrecemos una gu\u00eda para que vivas al m\u00e1ximo la&nbsp;fiesta&nbsp;grande de [&hellip;]<\/p>\n","protected":false},"author":1,"featured_media":235108,"comment_status":"closed","ping_status":"closed","sticky":false,"template":"","format":"standard","meta":{"_acf_changed":false,"_et_pb_use_builder":"off","_et_pb_old_content":"","_et_gb_content_width":"","inline_featured_image":false,"footnotes":""},"categories":[5951],"tags":[],"class_list":["post-239308","post","type-post","status-publish","format-standard","has-post-thumbnail","hentry","category-cultura"],"acf":[],"yoast_head":"<!-- This site is optimized with the Yoast SEO plugin v27.4 - https:\/\/yoast.com\/product\/yoast-seo-wordpress\/ -->\n<title>La Merc\u00e8 2016, vive la fiesta grande de Barcelona - Hotel Arc La Rambla Blog<\/title>\n<meta name=\"robots\" content=\"index, follow, max-snippet:-1, max-image-preview:large, max-video-preview:-1\" \/>\n<link rel=\"canonical\" href=\"https:\/\/hotelarclarambla.com\/agenda\/cultura\/la-merce-2016-vive-la-fiesta-grande-de-barcelona-2\/\" \/>\n<meta property=\"og:locale\" content=\"es_ES\" \/>\n<meta property=\"og:type\" content=\"article\" \/>\n<meta property=\"og:title\" content=\"La Merc\u00e8 2016, vive la fiesta grande de Barcelona - Hotel Arc La Rambla Blog\" \/>\n<meta property=\"og:description\" content=\"Como cada&nbsp;a\u00f1o,&nbsp;Barcelona&nbsp;despide el verano celebrando las Fiestas de&nbsp;\u201cLa Merc\u00e8\u201d, dedicadas a la patrona de la ciudad. Cuatro intensos d\u00edas (del 22 al 25 de septiembre) cargados de tradici\u00f3n,&nbsp;cultura, conciertos, eventos gastron\u00f3micos, fuegos artificiales y un gran ambiente en las calles de toda la ciudad. Te ofrecemos una gu\u00eda para que vivas al m\u00e1ximo la&nbsp;fiesta&nbsp;grande de [&hellip;]\" \/>\n<meta property=\"og:url\" content=\"https:\/\/hotelarclarambla.com\/agenda\/cultura\/la-merce-2016-vive-la-fiesta-grande-de-barcelona-2\/\" \/>\n<meta property=\"og:site_name\" content=\"Hotel Arc La Rambla Blog\" \/>\n<meta property=\"article:published_time\" content=\"2023-08-10T14:11:55+00:00\" \/>\n<meta property=\"article:modified_time\" content=\"2023-09-22T09:40:06+00:00\" \/>\n<meta property=\"og:image\" content=\"https:\/\/hotelarclarambla.com\/agenda\/wp-content\/uploads\/2023\/05\/hotel-arc-rambla-barcelona-blog-culture-piromusical-la-merce.webp\" \/>\n\t<meta property=\"og:image:width\" content=\"700\" \/>\n\t<meta property=\"og:image:height\" content=\"441\" \/>\n\t<meta property=\"og:image:type\" content=\"image\/webp\" \/>\n<meta name=\"author\" content=\"admin\" \/>\n<meta name=\"twitter:card\" content=\"summary_large_image\" \/>\n<meta name=\"twitter:label1\" content=\"Escrito por\" \/>\n\t<meta name=\"twitter:data1\" content=\"admin\" \/>\n\t<meta name=\"twitter:label2\" content=\"Tiempo de lectura\" \/>\n\t<meta name=\"twitter:data2\" content=\"3 minutos\" \/>\n<script type=\"application\/ld+json\" class=\"yoast-schema-graph\">{\"@context\":\"https:\\\/\\\/schema.org\",\"@graph\":[{\"@type\":\"Article\",\"@id\":\"https:\\\/\\\/hotelarclarambla.com\\\/agenda\\\/cultura\\\/la-merce-2016-vive-la-fiesta-grande-de-barcelona-2\\\/#article\",\"isPartOf\":{\"@id\":\"https:\\\/\\\/hotelarclarambla.com\\\/agenda\\\/cultura\\\/la-merce-2016-vive-la-fiesta-grande-de-barcelona-2\\\/\"},\"author\":{\"name\":\"admin\",\"@id\":\"https:\\\/\\\/hotelarclarambla.com\\\/agenda\\\/#\\\/schema\\\/person\\\/b40fb00e3d10940d7ffb6848593b8d04\"},\"headline\":\"La Merc\u00e8 2016, vive la fiesta grande de Barcelona\",\"datePublished\":\"2023-08-10T14:11:55+00:00\",\"dateModified\":\"2023-09-22T09:40:06+00:00\",\"mainEntityOfPage\":{\"@id\":\"https:\\\/\\\/hotelarclarambla.com\\\/agenda\\\/cultura\\\/la-merce-2016-vive-la-fiesta-grande-de-barcelona-2\\\/\"},\"wordCount\":751,\"image\":{\"@id\":\"https:\\\/\\\/hotelarclarambla.com\\\/agenda\\\/cultura\\\/la-merce-2016-vive-la-fiesta-grande-de-barcelona-2\\\/#primaryimage\"},\"thumbnailUrl\":\"https:\\\/\\\/hotelarclarambla.com\\\/agenda\\\/wp-content\\\/uploads\\\/2023\\\/05\\\/hotel-arc-rambla-barcelona-blog-culture-piromusical-la-merce.webp\",\"articleSection\":[\"Cultura\"],\"inLanguage\":\"es\"},{\"@type\":\"WebPage\",\"@id\":\"https:\\\/\\\/hotelarclarambla.com\\\/agenda\\\/cultura\\\/la-merce-2016-vive-la-fiesta-grande-de-barcelona-2\\\/\",\"url\":\"https:\\\/\\\/hotelarclarambla.com\\\/agenda\\\/cultura\\\/la-merce-2016-vive-la-fiesta-grande-de-barcelona-2\\\/\",\"name\":\"La Merc\u00e8 2016, vive la fiesta grande de Barcelona - Hotel Arc La Rambla Blog\",\"isPartOf\":{\"@id\":\"https:\\\/\\\/hotelarclarambla.com\\\/agenda\\\/#website\"},\"primaryImageOfPage\":{\"@id\":\"https:\\\/\\\/hotelarclarambla.com\\\/agenda\\\/cultura\\\/la-merce-2016-vive-la-fiesta-grande-de-barcelona-2\\\/#primaryimage\"},\"image\":{\"@id\":\"https:\\\/\\\/hotelarclarambla.com\\\/agenda\\\/cultura\\\/la-merce-2016-vive-la-fiesta-grande-de-barcelona-2\\\/#primaryimage\"},\"thumbnailUrl\":\"https:\\\/\\\/hotelarclarambla.com\\\/agenda\\\/wp-content\\\/uploads\\\/2023\\\/05\\\/hotel-arc-rambla-barcelona-blog-culture-piromusical-la-merce.webp\",\"datePublished\":\"2023-08-10T14:11:55+00:00\",\"dateModified\":\"2023-09-22T09:40:06+00:00\",\"author\":{\"@id\":\"https:\\\/\\\/hotelarclarambla.com\\\/agenda\\\/#\\\/schema\\\/person\\\/b40fb00e3d10940d7ffb6848593b8d04\"},\"breadcrumb\":{\"@id\":\"https:\\\/\\\/hotelarclarambla.com\\\/agenda\\\/cultura\\\/la-merce-2016-vive-la-fiesta-grande-de-barcelona-2\\\/#breadcrumb\"},\"inLanguage\":\"es\",\"potentialAction\":[{\"@type\":\"ReadAction\",\"target\":[\"https:\\\/\\\/hotelarclarambla.com\\\/agenda\\\/cultura\\\/la-merce-2016-vive-la-fiesta-grande-de-barcelona-2\\\/\"]}]},{\"@type\":\"ImageObject\",\"inLanguage\":\"es\",\"@id\":\"https:\\\/\\\/hotelarclarambla.com\\\/agenda\\\/cultura\\\/la-merce-2016-vive-la-fiesta-grande-de-barcelona-2\\\/#primaryimage\",\"url\":\"https:\\\/\\\/hotelarclarambla.com\\\/agenda\\\/wp-content\\\/uploads\\\/2023\\\/05\\\/hotel-arc-rambla-barcelona-blog-culture-piromusical-la-merce.webp\",\"contentUrl\":\"https:\\\/\\\/hotelarclarambla.com\\\/agenda\\\/wp-content\\\/uploads\\\/2023\\\/05\\\/hotel-arc-rambla-barcelona-blog-culture-piromusical-la-merce.webp\",\"width\":700,\"height\":441},{\"@type\":\"BreadcrumbList\",\"@id\":\"https:\\\/\\\/hotelarclarambla.com\\\/agenda\\\/cultura\\\/la-merce-2016-vive-la-fiesta-grande-de-barcelona-2\\\/#breadcrumb\",\"itemListElement\":[{\"@type\":\"ListItem\",\"position\":1,\"name\":\"Portada\",\"item\":\"https:\\\/\\\/hotelarclarambla.com\\\/agenda\\\/\"},{\"@type\":\"ListItem\",\"position\":2,\"name\":\"La Merc\u00e8 2016, vive la fiesta grande de Barcelona\"}]},{\"@type\":\"WebSite\",\"@id\":\"https:\\\/\\\/hotelarclarambla.com\\\/agenda\\\/#website\",\"url\":\"https:\\\/\\\/hotelarclarambla.com\\\/agenda\\\/\",\"name\":\"Hotel Arc La Rambla Blog\",\"description\":\"El blog de Hotel Arc\",\"potentialAction\":[{\"@type\":\"SearchAction\",\"target\":{\"@type\":\"EntryPoint\",\"urlTemplate\":\"https:\\\/\\\/hotelarclarambla.com\\\/agenda\\\/?s={search_term_string}\"},\"query-input\":{\"@type\":\"PropertyValueSpecification\",\"valueRequired\":true,\"valueName\":\"search_term_string\"}}],\"inLanguage\":\"es\"},{\"@type\":\"Person\",\"@id\":\"https:\\\/\\\/hotelarclarambla.com\\\/agenda\\\/#\\\/schema\\\/person\\\/b40fb00e3d10940d7ffb6848593b8d04\",\"name\":\"admin\",\"image\":{\"@type\":\"ImageObject\",\"inLanguage\":\"es\",\"@id\":\"https:\\\/\\\/secure.gravatar.com\\\/avatar\\\/e7d2a513cc006a0531b1545b92475922773d5049debd5d662a4049cc030a89aa?s=96&d=mm&r=g\",\"url\":\"https:\\\/\\\/secure.gravatar.com\\\/avatar\\\/e7d2a513cc006a0531b1545b92475922773d5049debd5d662a4049cc030a89aa?s=96&d=mm&r=g\",\"contentUrl\":\"https:\\\/\\\/secure.gravatar.com\\\/avatar\\\/e7d2a513cc006a0531b1545b92475922773d5049debd5d662a4049cc030a89aa?s=96&d=mm&r=g\",\"caption\":\"admin\"},\"url\":\"https:\\\/\\\/hotelarclarambla.com\\\/agenda\\\/author\\\/admin\\\/\"}]}<\/script>\n<!-- \/ Yoast SEO plugin. -->","yoast_head_json":{"title":"La Merc\u00e8 2016, vive la fiesta grande de Barcelona - Hotel Arc La Rambla Blog","robots":{"index":"index","follow":"follow","max-snippet":"max-snippet:-1","max-image-preview":"max-image-preview:large","max-video-preview":"max-video-preview:-1"},"canonical":"https:\/\/hotelarclarambla.com\/agenda\/cultura\/la-merce-2016-vive-la-fiesta-grande-de-barcelona-2\/","og_locale":"es_ES","og_type":"article","og_title":"La Merc\u00e8 2016, vive la fiesta grande de Barcelona - Hotel Arc La Rambla Blog","og_description":"Como cada&nbsp;a\u00f1o,&nbsp;Barcelona&nbsp;despide el verano celebrando las Fiestas de&nbsp;\u201cLa Merc\u00e8\u201d, dedicadas a la patrona de la ciudad. Cuatro intensos d\u00edas (del 22 al 25 de septiembre) cargados de tradici\u00f3n,&nbsp;cultura, conciertos, eventos gastron\u00f3micos, fuegos artificiales y un gran ambiente en las calles de toda la ciudad. Te ofrecemos una gu\u00eda para que vivas al m\u00e1ximo la&nbsp;fiesta&nbsp;grande de [&hellip;]","og_url":"https:\/\/hotelarclarambla.com\/agenda\/cultura\/la-merce-2016-vive-la-fiesta-grande-de-barcelona-2\/","og_site_name":"Hotel Arc La Rambla Blog","article_published_time":"2023-08-10T14:11:55+00:00","article_modified_time":"2023-09-22T09:40:06+00:00","og_image":[{"width":700,"height":441,"url":"https:\/\/hotelarclarambla.com\/agenda\/wp-content\/uploads\/2023\/05\/hotel-arc-rambla-barcelona-blog-culture-piromusical-la-merce.webp","type":"image\/webp"}],"author":"admin","twitter_card":"summary_large_image","twitter_misc":{"Escrito por":"admin","Tiempo de lectura":"3 minutos"},"schema":{"@context":"https:\/\/schema.org","@graph":[{"@type":"Article","@id":"https:\/\/hotelarclarambla.com\/agenda\/cultura\/la-merce-2016-vive-la-fiesta-grande-de-barcelona-2\/#article","isPartOf":{"@id":"https:\/\/hotelarclarambla.com\/agenda\/cultura\/la-merce-2016-vive-la-fiesta-grande-de-barcelona-2\/"},"author":{"name":"admin","@id":"https:\/\/hotelarclarambla.com\/agenda\/#\/schema\/person\/b40fb00e3d10940d7ffb6848593b8d04"},"headline":"La Merc\u00e8 2016, vive la fiesta grande de Barcelona","datePublished":"2023-08-10T14:11:55+00:00","dateModified":"2023-09-22T09:40:06+00:00","mainEntityOfPage":{"@id":"https:\/\/hotelarclarambla.com\/agenda\/cultura\/la-merce-2016-vive-la-fiesta-grande-de-barcelona-2\/"},"wordCount":751,"image":{"@id":"https:\/\/hotelarclarambla.com\/agenda\/cultura\/la-merce-2016-vive-la-fiesta-grande-de-barcelona-2\/#primaryimage"},"thumbnailUrl":"https:\/\/hotelarclarambla.com\/agenda\/wp-content\/uploads\/2023\/05\/hotel-arc-rambla-barcelona-blog-culture-piromusical-la-merce.webp","articleSection":["Cultura"],"inLanguage":"es"},{"@type":"WebPage","@id":"https:\/\/hotelarclarambla.com\/agenda\/cultura\/la-merce-2016-vive-la-fiesta-grande-de-barcelona-2\/","url":"https:\/\/hotelarclarambla.com\/agenda\/cultura\/la-merce-2016-vive-la-fiesta-grande-de-barcelona-2\/","name":"La Merc\u00e8 2016, vive la fiesta grande de Barcelona - Hotel Arc La Rambla Blog","isPartOf":{"@id":"https:\/\/hotelarclarambla.com\/agenda\/#website"},"primaryImageOfPage":{"@id":"https:\/\/hotelarclarambla.com\/agenda\/cultura\/la-merce-2016-vive-la-fiesta-grande-de-barcelona-2\/#primaryimage"},"image":{"@id":"https:\/\/hotelarclarambla.com\/agenda\/cultura\/la-merce-2016-vive-la-fiesta-grande-de-barcelona-2\/#primaryimage"},"thumbnailUrl":"https:\/\/hotelarclarambla.com\/agenda\/wp-content\/uploads\/2023\/05\/hotel-arc-rambla-barcelona-blog-culture-piromusical-la-merce.webp","datePublished":"2023-08-10T14:11:55+00:00","dateModified":"2023-09-22T09:40:06+00:00","author":{"@id":"https:\/\/hotelarclarambla.com\/agenda\/#\/schema\/person\/b40fb00e3d10940d7ffb6848593b8d04"},"breadcrumb":{"@id":"https:\/\/hotelarclarambla.com\/agenda\/cultura\/la-merce-2016-vive-la-fiesta-grande-de-barcelona-2\/#breadcrumb"},"inLanguage":"es","potentialAction":[{"@type":"ReadAction","target":["https:\/\/hotelarclarambla.com\/agenda\/cultura\/la-merce-2016-vive-la-fiesta-grande-de-barcelona-2\/"]}]},{"@type":"ImageObject","inLanguage":"es","@id":"https:\/\/hotelarclarambla.com\/agenda\/cultura\/la-merce-2016-vive-la-fiesta-grande-de-barcelona-2\/#primaryimage","url":"https:\/\/hotelarclarambla.com\/agenda\/wp-content\/uploads\/2023\/05\/hotel-arc-rambla-barcelona-blog-culture-piromusical-la-merce.webp","contentUrl":"https:\/\/hotelarclarambla.com\/agenda\/wp-content\/uploads\/2023\/05\/hotel-arc-rambla-barcelona-blog-culture-piromusical-la-merce.webp","width":700,"height":441},{"@type":"BreadcrumbList","@id":"https:\/\/hotelarclarambla.com\/agenda\/cultura\/la-merce-2016-vive-la-fiesta-grande-de-barcelona-2\/#breadcrumb","itemListElement":[{"@type":"ListItem","position":1,"name":"Portada","item":"https:\/\/hotelarclarambla.com\/agenda\/"},{"@type":"ListItem","position":2,"name":"La Merc\u00e8 2016, vive la fiesta grande de Barcelona"}]},{"@type":"WebSite","@id":"https:\/\/hotelarclarambla.com\/agenda\/#website","url":"https:\/\/hotelarclarambla.com\/agenda\/","name":"Hotel Arc La Rambla Blog","description":"El blog de Hotel Arc","potentialAction":[{"@type":"SearchAction","target":{"@type":"EntryPoint","urlTemplate":"https:\/\/hotelarclarambla.com\/agenda\/?s={search_term_string}"},"query-input":{"@type":"PropertyValueSpecification","valueRequired":true,"valueName":"search_term_string"}}],"inLanguage":"es"},{"@type":"Person","@id":"https:\/\/hotelarclarambla.com\/agenda\/#\/schema\/person\/b40fb00e3d10940d7ffb6848593b8d04","name":"admin","image":{"@type":"ImageObject","inLanguage":"es","@id":"https:\/\/secure.gravatar.com\/avatar\/e7d2a513cc006a0531b1545b92475922773d5049debd5d662a4049cc030a89aa?s=96&d=mm&r=g","url":"https:\/\/secure.gravatar.com\/avatar\/e7d2a513cc006a0531b1545b92475922773d5049debd5d662a4049cc030a89aa?s=96&d=mm&r=g","contentUrl":"https:\/\/secure.gravatar.com\/avatar\/e7d2a513cc006a0531b1545b92475922773d5049debd5d662a4049cc030a89aa?s=96&d=mm&r=g","caption":"admin"},"url":"https:\/\/hotelarclarambla.com\/agenda\/author\/admin\/"}]}},"_links":{"self":[{"href":"https:\/\/hotelarclarambla.com\/agenda\/wp-json\/wp\/v2\/posts\/239308","targetHints":{"allow":["GET"]}}],"collection":[{"href":"https:\/\/hotelarclarambla.com\/agenda\/wp-json\/wp\/v2\/posts"}],"about":[{"href":"https:\/\/hotelarclarambla.com\/agenda\/wp-json\/wp\/v2\/types\/post"}],"author":[{"embeddable":true,"href":"https:\/\/hotelarclarambla.com\/agenda\/wp-json\/wp\/v2\/users\/1"}],"replies":[{"embeddable":true,"href":"https:\/\/hotelarclarambla.com\/agenda\/wp-json\/wp\/v2\/comments?post=239308"}],"version-history":[{"count":1,"href":"https:\/\/hotelarclarambla.com\/agenda\/wp-json\/wp\/v2\/posts\/239308\/revisions"}],"predecessor-version":[{"id":239309,"href":"https:\/\/hotelarclarambla.com\/agenda\/wp-json\/wp\/v2\/posts\/239308\/revisions\/239309"}],"wp:featuredmedia":[{"embeddable":true,"href":"https:\/\/hotelarclarambla.com\/agenda\/wp-json\/wp\/v2\/media\/235108"}],"wp:attachment":[{"href":"https:\/\/hotelarclarambla.com\/agenda\/wp-json\/wp\/v2\/media?parent=239308"}],"wp:term":[{"taxonomy":"category","embeddable":true,"href":"https:\/\/hotelarclarambla.com\/agenda\/wp-json\/wp\/v2\/categories?post=239308"},{"taxonomy":"post_tag","embeddable":true,"href":"https:\/\/hotelarclarambla.com\/agenda\/wp-json\/wp\/v2\/tags?post=239308"}],"curies":[{"name":"wp","href":"https:\/\/api.w.org\/{rel}","templated":true}]}}