{"id":241459,"date":"2026-03-26T10:52:30","date_gmt":"2026-03-26T09:52:30","guid":{"rendered":"https:\/\/hotelarclarambla.com\/agenda\/?p=241459"},"modified":"2026-04-10T13:10:09","modified_gmt":"2026-04-10T11:10:09","slug":"grand-depart-tour-de-france-2026-barcelone-hotel","status":"publish","type":"post","link":"https:\/\/hotelarclarambla.com\/agenda\/fr\/evenements-sportifs\/grand-depart-tour-de-france-2026-barcelone-hotel\/","title":{"rendered":"Tour de France 2026 \u00e0 Barcelone"},"content":{"rendered":"\n<p>En juillet 2026, Barcelone se transformera en la capitale mondiale du cyclisme en accueillant le Grand D\u00e9part de la 113\u1d49 \u00e9dition du Tour de France. Cet \u00e9v\u00e9nement historique marque la troisi\u00e8me fois que la Grande Boucle d\u00e9bute en Espagne (apr\u00e8s Saint-S\u00e9bastien en 1992 et Bilbao en 2023), consolidant la ville catalane comme une r\u00e9f\u00e9rence sportive mondiale apr\u00e8s le succ\u00e8s des JO de 1992 et de la Coupe de l\u2019America 2024.<\/p>\n\n\n\n<blockquote class=\"instagram-media\" data-instgrm-permalink=\"https:\/\/www.instagram.com\/p\/DQJfNtsjXBQ\/?utm_source=ig_embed&amp;utm_campaign=loading\" data-instgrm-version=\"14\" style=\" background:#FFF; border:0; border-radius:3px; box-shadow:0 0 1px 0 rgba(0,0,0,0.5),0 1px 10px 0 rgba(0,0,0,0.15); margin: 1px; max-width:540px; min-width:326px; padding:0; width:99.375%; width:-webkit-calc(100% - 2px); width:calc(100% - 2px);\"><div style=\"padding:16px;\"> <a href=\"https:\/\/www.instagram.com\/p\/DQJfNtsjXBQ\/?utm_source=ig_embed&amp;utm_campaign=loading\" style=\" background:#FFFFFF; line-height:0; padding:0 0; text-align:center; text-decoration:none; width:100%;\" target=\"_blank\"> <div style=\" display: flex; flex-direction: row; align-items: center;\"> <div style=\"background-color: #F4F4F4; border-radius: 50%; flex-grow: 0; height: 40px; margin-right: 14px; width: 40px;\"><\/div> <div style=\"display: flex; flex-direction: column; flex-grow: 1; justify-content: center;\"> <div style=\" background-color: #F4F4F4; border-radius: 4px; flex-grow: 0; height: 14px; margin-bottom: 6px; width: 100px;\"><\/div> <div style=\" background-color: #F4F4F4; border-radius: 4px; flex-grow: 0; height: 14px; width: 60px;\"><\/div><\/div><\/div><div style=\"padding: 19% 0;\"><\/div> <div style=\"display:block; height:50px; margin:0 auto 12px; width:50px;\"><svg width=\"50px\" height=\"50px\" viewBox=\"0 0 60 60\" version=\"1.1\" xmlns=\"https:\/\/www.w3.org\/2000\/svg\" xmlns:xlink=\"https:\/\/www.w3.org\/1999\/xlink\"><g stroke=\"none\" stroke-width=\"1\" fill=\"none\" fill-rule=\"evenodd\"><g transform=\"translate(-511.000000, -20.000000)\" fill=\"#000000\"><g><path d=\"M556.869,30.41 C554.814,30.41 553.148,32.076 553.148,34.131 C553.148,36.186 554.814,37.852 556.869,37.852 C558.924,37.852 560.59,36.186 560.59,34.131 C560.59,32.076 558.924,30.41 556.869,30.41 M541,60.657 C535.114,60.657 530.342,55.887 530.342,50 C530.342,44.114 535.114,39.342 541,39.342 C546.887,39.342 551.658,44.114 551.658,50 C551.658,55.887 546.887,60.657 541,60.657 M541,33.886 C532.1,33.886 524.886,41.1 524.886,50 C524.886,58.899 532.1,66.113 541,66.113 C549.9,66.113 557.115,58.899 557.115,50 C557.115,41.1 549.9,33.886 541,33.886 M565.378,62.101 C565.244,65.022 564.756,66.606 564.346,67.663 C563.803,69.06 563.154,70.057 562.106,71.106 C561.058,72.155 560.06,72.803 558.662,73.347 C557.607,73.757 556.021,74.244 553.102,74.378 C549.944,74.521 548.997,74.552 541,74.552 C533.003,74.552 532.056,74.521 528.898,74.378 C525.979,74.244 524.393,73.757 523.338,73.347 C521.94,72.803 520.942,72.155 519.894,71.106 C518.846,70.057 518.197,69.06 517.654,67.663 C517.244,66.606 516.755,65.022 516.623,62.101 C516.479,58.943 516.448,57.996 516.448,50 C516.448,42.003 516.479,41.056 516.623,37.899 C516.755,34.978 517.244,33.391 517.654,32.338 C518.197,30.938 518.846,29.942 519.894,28.894 C520.942,27.846 521.94,27.196 523.338,26.654 C524.393,26.244 525.979,25.756 528.898,25.623 C532.057,25.479 533.004,25.448 541,25.448 C548.997,25.448 549.943,25.479 553.102,25.623 C556.021,25.756 557.607,26.244 558.662,26.654 C560.06,27.196 561.058,27.846 562.106,28.894 C563.154,29.942 563.803,30.938 564.346,32.338 C564.756,33.391 565.244,34.978 565.378,37.899 C565.522,41.056 565.552,42.003 565.552,50 C565.552,57.996 565.522,58.943 565.378,62.101 M570.82,37.631 C570.674,34.438 570.167,32.258 569.425,30.349 C568.659,28.377 567.633,26.702 565.965,25.035 C564.297,23.368 562.623,22.342 560.652,21.575 C558.743,20.834 556.562,20.326 553.369,20.18 C550.169,20.033 549.148,20 541,20 C532.853,20 531.831,20.033 528.631,20.18 C525.438,20.326 523.257,20.834 521.349,21.575 C519.376,22.342 517.703,23.368 516.035,25.035 C514.368,26.702 513.342,28.377 512.574,30.349 C511.834,32.258 511.326,34.438 511.181,37.631 C511.035,40.831 511,41.851 511,50 C511,58.147 511.035,59.17 511.181,62.369 C511.326,65.562 511.834,67.743 512.574,69.651 C513.342,71.625 514.368,73.296 516.035,74.965 C517.703,76.634 519.376,77.658 521.349,78.425 C523.257,79.167 525.438,79.673 528.631,79.82 C531.831,79.965 532.853,80.001 541,80.001 C549.148,80.001 550.169,79.965 553.369,79.82 C556.562,79.673 558.743,79.167 560.652,78.425 C562.623,77.658 564.297,76.634 565.965,74.965 C567.633,73.296 568.659,71.625 569.425,69.651 C570.167,67.743 570.674,65.562 570.82,62.369 C570.966,59.17 571,58.147 571,50 C571,41.851 570.966,40.831 570.82,37.631\"><\/path><\/g><\/g><\/g><\/svg><\/div><div style=\"padding-top: 8px;\"> <div style=\" color:#3897f0; font-family:Arial,sans-serif; font-size:14px; font-style:normal; font-weight:550; line-height:18px;\">Ver esta publicaci\u00f3n en Instagram<\/div><\/div><div style=\"padding: 12.5% 0;\"><\/div> <div style=\"display: flex; flex-direction: row; margin-bottom: 14px; align-items: center;\"><div> <div style=\"background-color: #F4F4F4; border-radius: 50%; height: 12.5px; width: 12.5px; transform: translateX(0px) translateY(7px);\"><\/div> <div style=\"background-color: #F4F4F4; height: 12.5px; transform: rotate(-45deg) translateX(3px) translateY(1px); width: 12.5px; flex-grow: 0; margin-right: 14px; margin-left: 2px;\"><\/div> <div style=\"background-color: #F4F4F4; border-radius: 50%; height: 12.5px; width: 12.5px; transform: translateX(9px) translateY(-18px);\"><\/div><\/div><div style=\"margin-left: 8px;\"> <div style=\" background-color: #F4F4F4; border-radius: 50%; flex-grow: 0; height: 20px; width: 20px;\"><\/div> <div style=\" width: 0; height: 0; border-top: 2px solid transparent; border-left: 6px solid #f4f4f4; border-bottom: 2px solid transparent; transform: translateX(16px) translateY(-4px) rotate(30deg)\"><\/div><\/div><div style=\"margin-left: auto;\"> <div style=\" width: 0px; border-top: 8px solid #F4F4F4; border-right: 8px solid transparent; transform: translateY(16px);\"><\/div> <div style=\" background-color: #F4F4F4; flex-grow: 0; height: 12px; width: 16px; transform: translateY(-4px);\"><\/div> <div style=\" width: 0; height: 0; border-top: 8px solid #F4F4F4; border-left: 8px solid transparent; transform: translateY(-4px) translateX(8px);\"><\/div><\/div><\/div> <div style=\"display: flex; flex-direction: column; flex-grow: 1; justify-content: center; margin-bottom: 24px;\"> <div style=\" background-color: #F4F4F4; border-radius: 4px; flex-grow: 0; height: 14px; margin-bottom: 6px; width: 224px;\"><\/div> <div style=\" background-color: #F4F4F4; border-radius: 4px; flex-grow: 0; height: 14px; width: 144px;\"><\/div><\/div><\/a><p style=\" color:#c9c8cd; font-family:Arial,sans-serif; font-size:14px; line-height:17px; margin-bottom:0; margin-top:8px; overflow:hidden; padding:8px 0 7px; text-align:center; text-overflow:ellipsis; white-space:nowrap;\"><a href=\"https:\/\/www.instagram.com\/p\/DQJfNtsjXBQ\/?utm_source=ig_embed&amp;utm_campaign=loading\" style=\" color:#c9c8cd; font-family:Arial,sans-serif; font-size:14px; font-style:normal; font-weight:normal; line-height:17px; text-decoration:none;\" target=\"_blank\">Una publicaci\u00f3n compartida de Tour de France\u2122 (@letourdefrance)<\/a><\/p><\/div><\/blockquote>\n<script async src=\"\/\/www.instagram.com\/embed.js\"><\/script>\n\n\n\n<h2 class=\"wp-block-heading\">Tour de France \u00e0 Barcelone<\/h2>\n\n\n\n<p>Le Tour 2026 d\u00e9butera \u00e0 Barcelone par un contre-la-montre par \u00e9quipes de 19 km. Cela ne s\u2019\u00e9tait pas produit depuis 1971, il y a 55 ans.<\/p>\n\n\n\n<h2 class=\"wp-block-heading\">Parcours des premi\u00e8res \u00e9tapes du Tour de France 2026 \u00e0 Barcelone<\/h2>\n\n\n\n<h3 class=\"wp-block-heading\">\u00c9tape 1 : Contre-la-montre par \u00e9quipes (4 juillet)<\/h3>\n\n\n\n<figure class=\"wp-block-embed is-type-video is-provider-youtube wp-block-embed-youtube wp-embed-aspect-16-9 wp-has-aspect-ratio\"><div class=\"wp-block-embed__wrapper\">\n<iframe loading=\"lazy\" title=\"Etapa 1 Tour de France\u2122\ufe0f 2026\" width=\"1080\" height=\"608\" src=\"https:\/\/www.youtube.com\/embed\/wsjeCu22zys?feature=oembed&#038;enablejsapi=1&#038;origin=https:\/\/hotelarclarambla.com\"  allow=\"accelerometer; autoplay; clipboard-write; encrypted-media; gyroscope; picture-in-picture; web-share\" referrerpolicy=\"strict-origin-when-cross-origin\" allowfullscreen><\/iframe>\n<\/div><\/figure>\n\n\n\n<ul class=\"wp-block-list\">\n<li><strong>Parcours :<\/strong> Barcelone &gt; Barcelone (19,7 km)<\/li>\n\n\n\n<li><strong>Points forts :<\/strong> Un chrono technique le long du littoral barcelonais, passant \u00e0 proximit\u00e9 de la Sagrada Fam\u00edlia. L\u2019arriv\u00e9e sera \u00e9pique avec une double mont\u00e9e \u00e0 Montju\u00efc, se terminant devant le Stade Olympique Llu\u00eds Companys.<\/li>\n\n\n\n<li><strong>Fait historique :<\/strong> C\u2019est la premi\u00e8re fois en 55 ans (depuis 1971) que le Tour commence par un contre-la-montre par \u00e9quipes.<\/li>\n<\/ul>\n\n\n\n<blockquote class=\"twitter-tweet\" data-media-max-width=\"560\"><p lang=\"en\" dir=\"ltr\">\ud83d\udc9b <a href=\"https:\/\/twitter.com\/hashtag\/TDF2026?src=hash&amp;ref_src=twsrc%5Etfw\">#TDF2026<\/a> Stage 1 <br>\ud83d\uddd3\ufe0f July 4. 2026<br><br>\ud83d\udea9 Barcelone &#8211; Barcelone \ud83c\udfc1<br>\ud83d\udccf 19.7km <br><br>\u23f1\ufe0f The team time trial returns to the Tour! And it will be in the same format as at <a href=\"https:\/\/twitter.com\/hashtag\/ParisNice?src=hash&amp;ref_src=twsrc%5Etfw\">#ParisNice<\/a> for the last 3 years: stage classification based on the first rider in each team, but individual time\u2026 <a href=\"https:\/\/t.co\/BDcus1dWj9\">pic.twitter.com\/BDcus1dWj9<\/a><\/p>&mdash; Tour de France\u2122 (@LeTour) <a href=\"https:\/\/twitter.com\/LeTour\/status\/1894459830368182404?ref_src=twsrc%5Etfw\">February 25, 2025<\/a><\/blockquote> <script async src=\"https:\/\/platform.twitter.com\/widgets.js\" charset=\"utf-8\"><\/script>\n\n\n\n<h4 class=\"wp-block-heading\"><strong>Parcours d\u00e9taill\u00e9 : \u00c9tape 1 (4 juillet 2026)<\/strong><\/h4>\n\n\n\n<ul class=\"wp-block-list\">\n<li><strong>Point de d\u00e9part :<\/strong> Parc del F\u00f2rum. Les \u00e9quipes partiront de cet espace avant-gardiste au bord de la mer, servant de zone technique et d\u2019\u00e9chauffement.<\/li>\n\n\n\n<li><strong>Fa\u00e7ade maritime et Port Olympique :<\/strong> Le peloton roulera \u00e0 grande vitesse le long du littoral, traversant le r\u00e9nov\u00e9 Port Olympique, une section plate et tr\u00e8s rapide id\u00e9ale pour les sp\u00e9cialistes.<\/li>\n\n\n\n<li><strong>Incursion dans l\u2019Eixample :<\/strong> La course p\u00e9n\u00e9trera dans la grille de Cerd\u00e0, offrant l\u2019une des images les plus recherch\u00e9es du Tour.<\/li>\n\n\n\n<li><strong>Passage par la Sagrada Fam\u00edlia :<\/strong> Le parcours contourne le temple de Gaud\u00ed (dont la tour centrale devrait \u00eatre achev\u00e9e en 2026), point d\u2019int\u00e9r\u00eat visuel majeur pour la t\u00e9l\u00e9vision internationale.<\/li>\n\n\n\n<li><strong>Passeig de Gr\u00e0cia :<\/strong> Les cyclistes passeront devant la Casa Batll\u00f3 et la Casa Mil\u00e0 (La Pedrera), reliant le modernisme \u00e0 la comp\u00e9tition d\u2019\u00e9lite.<\/li>\n\n\n\n<li><strong>Avinguda Diagonal et Pla\u00e7a Espanya :<\/strong> Approche finale de la mont\u00e9e, o\u00f9 la vitesse diminuera pour pr\u00e9parer l\u2019ascension.<\/li>\n\n\n\n<li><strong>Mont\u00e9e de Montju\u00efc :<\/strong> Section d\u00e9cisive de l\u2019\u00e9tape, avec une mont\u00e9e technique d\u2019environ 1,1 km \u00e0 5 % de pente moyenne.<\/li>\n\n\n\n<li><strong>Arriv\u00e9e :<\/strong> Stade Olympique Llu\u00eds Companys. Apr\u00e8s un dernier effort de 800 m \u00e0 7 %, l\u2019\u00e9tape couronnera son premier vainqueur devant le site mythique des JO de 1992.<\/li>\n<\/ul>\n\n\n\n<h3 class=\"wp-block-heading\">\u00c9tape 2 : De Tarragone \u00e0 Barcelone (5 juillet)<\/h3>\n\n\n\n<figure class=\"wp-block-embed is-type-video is-provider-youtube wp-block-embed-youtube wp-embed-aspect-16-9 wp-has-aspect-ratio\"><div class=\"wp-block-embed__wrapper\">\n<iframe loading=\"lazy\" title=\"Etapa 2 Tour de France\u2122\ufe0f 2026\" width=\"1080\" height=\"608\" src=\"https:\/\/www.youtube.com\/embed\/WA4W-w5KFb8?feature=oembed&#038;enablejsapi=1&#038;origin=https:\/\/hotelarclarambla.com\"  allow=\"accelerometer; autoplay; clipboard-write; encrypted-media; gyroscope; picture-in-picture; web-share\" referrerpolicy=\"strict-origin-when-cross-origin\" allowfullscreen><\/iframe>\n<\/div><\/figure>\n\n\n\n<ul class=\"wp-block-list\">\n<li><strong>Parcours :<\/strong> Tarragone &gt; Barcelone (178,4 km)<\/li>\n\n\n\n<li><strong>Le d\u00e9fi :<\/strong> Apr\u00e8s avoir quitt\u00e9 l\u2019Imp\u00e9riale Tarraco, le peloton traversera la c\u00f4te du Garraf et Sitges pour entrer \u00e0 Barcelone. Le circuit final comprend trois ascensions du Ch\u00e2teau de Montju\u00efc, avec des pentes allant jusqu\u2019\u00e0 13 %, garantissant un spectacle pour les attaquants.<\/li>\n<\/ul>\n\n\n\n<h4 class=\"wp-block-heading\"><strong>Itin\u00e9raire d\u00e9taill\u00e9 : \u00c9tape 2 (Tarragone &gt; Barcelone)<\/strong><\/h4>\n\n\n\n<ul class=\"wp-block-list\">\n<li><strong>D\u00e9part :<\/strong> Tarragone (Patrimoine mondial de l\u2019UNESCO). D\u00e9part au pied de l\u2019Amphith\u00e9\u00e2tre romain, un d\u00e9part spectaculaire m\u00ealant histoire et sport.<\/li>\n\n\n\n<li><strong>C\u00f4te du Garraf :<\/strong> La course avance le long du littoral m\u00e9diterran\u00e9en, traversant des localit\u00e9s embl\u00e9matiques comme El Vendrell, Calafell et la toujours photog\u00e9nique Sitges.<\/li>\n\n\n\n<li><strong>C\u00f4tes du Garraf (section technique) :<\/strong> Une portion sinueuse le long des falaises mettra \u00e0 l\u2019\u00e9preuve le contr\u00f4le du peloton avant l\u2019entr\u00e9e dans l\u2019aire m\u00e9tropolitaine.<\/li>\n\n\n\n<li><strong>Entr\u00e9e \u00e0 Barcelone par la Gran Via :<\/strong> Apr\u00e8s Castelldefels et L\u2019Hospitalet, les cyclistes entreront dans la ville par la Gran Via de les Corts Catalanes, en direction de la montagne magique.<\/li>\n\n\n\n<li><strong>Circuit final \u00e0 Montju\u00efc (\u00ab le Mur \u00bb) :<\/strong> Ici, l\u2019\u00e9tape devient \u00e9pique. Le peloton doit compl\u00e9ter un circuit exigeant comprenant 3 mont\u00e9es cons\u00e9cutives du Ch\u00e2teau de Montju\u00efc.<\/li>\n\n\n\n<li><strong>Passage par le Stade Olympique :<\/strong> \u00c0 chaque tour, les coureurs passeront par la zone de l\u2019Anneau Olympique, permettant aux spectateurs de voir leurs idoles plusieurs fois.<\/li>\n\n\n\n<li><strong>Pentes de 13 % :<\/strong> L\u2019ascension du Ch\u00e2teau est courte mais brutale, avec des pentes maximales de 13 % o\u00f9 les favoris lanceront leurs attaques d\u00e9cisives.<\/li>\n\n\n\n<li><strong>Arriv\u00e9e :<\/strong> Ch\u00e2teau de Montju\u00efc. Le vainqueur sera couronn\u00e9 au sommet, avec la meilleure vue panoramique de Barcelone en arri\u00e8re-plan.<\/li>\n<\/ul>\n\n\n\n<h3 class=\"wp-block-heading\">\u00c9tape 3 : D\u00e9part de Granollers (6 juillet)<\/h3>\n\n\n\n<figure class=\"wp-block-embed is-type-video is-provider-youtube wp-block-embed-youtube wp-embed-aspect-16-9 wp-has-aspect-ratio\"><div class=\"wp-block-embed__wrapper\">\n<iframe loading=\"lazy\" title=\"Etapa 3 Tour de France\u2122\ufe0f 2026\" width=\"1080\" height=\"608\" src=\"https:\/\/www.youtube.com\/embed\/1QCrZChbKRc?feature=oembed&#038;enablejsapi=1&#038;origin=https:\/\/hotelarclarambla.com\"  allow=\"accelerometer; autoplay; clipboard-write; encrypted-media; gyroscope; picture-in-picture; web-share\" referrerpolicy=\"strict-origin-when-cross-origin\" allowfullscreen><\/iframe>\n<\/div><\/figure>\n\n\n\n<p>Le cort\u00e8ge du Tour quittera la province de Barcelone depuis Granollers vers le nord, compl\u00e9tant un d\u00e9part 100 % catalan.<\/p>\n\n\n\n<h2 class=\"wp-block-heading\">Calendrier des \u00e9v\u00e9nements : planifiez votre s\u00e9jour \u00e0 Barcelone<\/h2>\n\n\n\n<p>Planifiez votre s\u00e9jour \u00e0 Barcelone et profitez de l\u2019un des \u00e9v\u00e9nements sportifs les plus excitants de l\u2019ann\u00e9e en s\u00e9journant dans notre h\u00f4tel.<\/p>\n\n\n\n<figure class=\"wp-block-table\"><table class=\"has-fixed-layout\"><thead><tr><th>Date<\/th><th>\u00c9v\u00e9nement<\/th><th>Description courte<\/th><\/tr><\/thead><tbody><tr><td>2 juillet<\/td><td>Pr\u00e9sentation des \u00e9quipes<\/td><td>Rencontre avec les cyclistes et \u00e9quipes participantes<\/td><\/tr><tr><td>4 juillet<\/td><td>\u00c9tape 1 \u2013 Barcelone<\/td><td>D\u00e9part du Tour dans la ville<\/td><\/tr><tr><td>5 juillet<\/td><td>\u00c9tape 2 \u2013 Tarragone &gt; Barcelone<\/td><td>Parcours spectaculaire jusqu\u2019\u00e0 Barcelone<\/td><\/tr><tr><td>6 juillet<\/td><td>D\u00e9part vers Granollers<\/td><td>Suite du Tour vers la prochaine \u00e9tape<\/td><\/tr><\/tbody><\/table><\/figure>\n\n\n\n<p>Si vous \u00eates passionn\u00e9 de cyclisme ou souhaitez simplement vivre un \u00e9v\u00e9nement unique, c\u2019est le moment id\u00e9al pour visiter Barcelone.<\/p>\n\n\n\n<h2 class=\"wp-block-heading\">R\u00e9servez votre h\u00f4tel \u00e0 Barcelone pour le Tour de France avec 15 % de r\u00e9duction<\/h2>\n\n\n\n<figure class=\"wp-block-image size-full\"><a href=\"https:\/\/hotelarclarambla.com\/bookingstep1?clientCode=ARCBLOG&amp;locale=fr-FR\" target=\"_blank\" rel=\" noreferrer noopener\"><img loading=\"lazy\" decoding=\"async\" width=\"1200\" height=\"400\" src=\"https:\/\/hotelarclarambla.com\/agenda\/wp-content\/uploads\/2026\/03\/BANNER-ARCBLOG-DISCOUNT-15-EN.webp\" alt=\"\" class=\"wp-image-241300\" srcset=\"https:\/\/hotelarclarambla.com\/agenda\/wp-content\/uploads\/2026\/03\/BANNER-ARCBLOG-DISCOUNT-15-EN.webp 1200w, https:\/\/hotelarclarambla.com\/agenda\/wp-content\/uploads\/2026\/03\/BANNER-ARCBLOG-DISCOUNT-15-EN-980x327.webp 980w, https:\/\/hotelarclarambla.com\/agenda\/wp-content\/uploads\/2026\/03\/BANNER-ARCBLOG-DISCOUNT-15-EN-480x160.webp 480w\" sizes=\"(min-width: 0px) and (max-width: 480px) 480px, (min-width: 481px) and (max-width: 980px) 980px, (min-width: 981px) 1200px, 100vw\" \/><\/a><figcaption class=\"wp-element-caption\"><a href=\"https:\/\/hotelarclarambla.com\/bookingstep1?idtokenprovider=10760133&amp;lang=fr&amp;clientCode=ARCBLOG\"><strong>Code promotionnel: ARCBLOG<\/strong><\/a><\/figcaption><\/figure>\n\n\n\n<h2 class=\"wp-block-heading\">S\u00e9journez \u00e0 l\u2019Hotel Arc la Rambla, votre base pour le Tour de France \u00e0 Barcelone<\/h2>\n\n\n\n<p>Si vous cherchez un<a href=\"https:\/\/hotelarclarambla.com\/fr\"> h\u00f4tel pour le Tour de France 2026 \u00e0 Barcelone<\/a>, l&#8217;emplacement est le facteur le plus important. L\u2019Hotel Arc la Rambla est strat\u00e9giquement situ\u00e9 au c\u0153ur de l\u2019\u00e9v\u00e9nement :<\/p>\n\n\n\n<ul class=\"wp-block-list\">\n<li><strong>Emplacement premium :<\/strong> Situ\u00e9 sur Las Ramblas, \u00e0 deux pas du Passeig de Col\u00f3n (zone de passage de l\u2019\u00c9tape 1) et avec un acc\u00e8s direct \u00e0 Montju\u00efc.<\/li>\n\n\n\n<li><strong>Logistique pour cyclistes et fans :<\/strong> Connexion rapide aux transports en commun pour suivre les diff\u00e9rents points de la course.<\/li>\n\n\n\n<li><strong>Vivez l\u2019ambiance :<\/strong> Entour\u00e9 de fan zones et de l\u2019atmosph\u00e8re festive qui envahira le centre-ville.<\/li>\n<\/ul>\n\n\n\n<figure class=\"wp-block-gallery has-nested-images columns-default is-cropped wp-block-gallery-1 is-layout-flex wp-block-gallery-is-layout-flex\">\n<figure class=\"wp-block-image size-large\"><a href=\"https:\/\/hotelarclarambla.com\/bookingstep1?clientCode=ARCBLOG&amp;locale=fr-FR\" target=\"_blank\" rel=\" noreferrer noopener\"><img loading=\"lazy\" decoding=\"async\" width=\"1024\" height=\"536\" data-id=\"241442\" src=\"https:\/\/hotelarclarambla.com\/agenda\/wp-content\/uploads\/2026\/03\/hotel-barcelona-hotel-arc-la-rambla-1024x536.webp\" alt=\"\" class=\"wp-image-241442\" srcset=\"https:\/\/hotelarclarambla.com\/agenda\/wp-content\/uploads\/2026\/03\/hotel-barcelona-hotel-arc-la-rambla-1024x536.webp 1024w, https:\/\/hotelarclarambla.com\/agenda\/wp-content\/uploads\/2026\/03\/hotel-barcelona-hotel-arc-la-rambla-980x513.webp 980w, https:\/\/hotelarclarambla.com\/agenda\/wp-content\/uploads\/2026\/03\/hotel-barcelona-hotel-arc-la-rambla-480x251.webp 480w\" sizes=\"(min-width: 0px) and (max-width: 480px) 480px, (min-width: 481px) and (max-width: 980px) 980px, (min-width: 981px) 1024px, 100vw\" \/><\/a><\/figure>\n\n\n\n<figure class=\"wp-block-image size-large\"><a href=\"https:\/\/hotelarclarambla.com\/bookingstep1?clientCode=ARCBLOG&amp;locale=fr-FR\" target=\"_blank\" rel=\" noreferrer noopener\"><img loading=\"lazy\" decoding=\"async\" width=\"1024\" height=\"536\" data-id=\"241436\" src=\"https:\/\/hotelarclarambla.com\/agenda\/wp-content\/uploads\/2026\/03\/hotel-en-el-gotic-1024x536.webp\" alt=\"\" class=\"wp-image-241436\" srcset=\"https:\/\/hotelarclarambla.com\/agenda\/wp-content\/uploads\/2026\/03\/hotel-en-el-gotic-1024x536.webp 1024w, https:\/\/hotelarclarambla.com\/agenda\/wp-content\/uploads\/2026\/03\/hotel-en-el-gotic-980x513.webp 980w, https:\/\/hotelarclarambla.com\/agenda\/wp-content\/uploads\/2026\/03\/hotel-en-el-gotic-480x251.webp 480w\" sizes=\"(min-width: 0px) and (max-width: 480px) 480px, (min-width: 481px) and (max-width: 980px) 980px, (min-width: 981px) 1024px, 100vw\" \/><\/a><\/figure>\n\n\n\n<figure class=\"wp-block-image size-large\"><a href=\"https:\/\/hotelarclarambla.com\/bookingstep1?clientCode=ARCBLOG&amp;locale=fr-FR\" target=\"_blank\" rel=\" noreferrer noopener\"><img loading=\"lazy\" decoding=\"async\" width=\"1024\" height=\"536\" data-id=\"241430\" src=\"https:\/\/hotelarclarambla.com\/agenda\/wp-content\/uploads\/2026\/03\/hotel-en-la-rambla-de-barcelona-1024x536.webp\" alt=\"\" class=\"wp-image-241430\" srcset=\"https:\/\/hotelarclarambla.com\/agenda\/wp-content\/uploads\/2026\/03\/hotel-en-la-rambla-de-barcelona-1024x536.webp 1024w, https:\/\/hotelarclarambla.com\/agenda\/wp-content\/uploads\/2026\/03\/hotel-en-la-rambla-de-barcelona-980x513.webp 980w, https:\/\/hotelarclarambla.com\/agenda\/wp-content\/uploads\/2026\/03\/hotel-en-la-rambla-de-barcelona-480x251.webp 480w\" sizes=\"(min-width: 0px) and (max-width: 480px) 480px, (min-width: 481px) and (max-width: 980px) 980px, (min-width: 981px) 1024px, 100vw\" \/><\/a><\/figure>\n\n\n\n<figure class=\"wp-block-image size-large\"><a href=\"https:\/\/hotelarclarambla.com\/bookingstep1?clientCode=ARCBLOG&amp;locale=fr-FR\" target=\"_blank\" rel=\" noreferrer noopener\"><img loading=\"lazy\" decoding=\"async\" width=\"1024\" height=\"536\" data-id=\"241424\" src=\"https:\/\/hotelarclarambla.com\/agenda\/wp-content\/uploads\/2026\/03\/terraza-de-hotel-en-la-rambla-1024x536.webp\" alt=\"\" class=\"wp-image-241424\" srcset=\"https:\/\/hotelarclarambla.com\/agenda\/wp-content\/uploads\/2026\/03\/terraza-de-hotel-en-la-rambla-1024x536.webp 1024w, https:\/\/hotelarclarambla.com\/agenda\/wp-content\/uploads\/2026\/03\/terraza-de-hotel-en-la-rambla-980x513.webp 980w, https:\/\/hotelarclarambla.com\/agenda\/wp-content\/uploads\/2026\/03\/terraza-de-hotel-en-la-rambla-480x251.webp 480w\" sizes=\"(min-width: 0px) and (max-width: 480px) 480px, (min-width: 481px) and (max-width: 980px) 980px, (min-width: 981px) 1024px, 100vw\" \/><\/a><\/figure>\n\n\n\n<figure class=\"wp-block-image size-large\"><a href=\"https:\/\/hotelarclarambla.com\/bookingstep1?clientCode=ARCBLOG&amp;locale=fr-FR\" target=\"_blank\" rel=\" noreferrer noopener\"><img loading=\"lazy\" decoding=\"async\" width=\"1024\" height=\"536\" data-id=\"241418\" src=\"https:\/\/hotelarclarambla.com\/agenda\/wp-content\/uploads\/2026\/03\/habitacion-de-hotel-en-barcelona-1024x536.webp\" alt=\"\" class=\"wp-image-241418\" srcset=\"https:\/\/hotelarclarambla.com\/agenda\/wp-content\/uploads\/2026\/03\/habitacion-de-hotel-en-barcelona-1024x536.webp 1024w, https:\/\/hotelarclarambla.com\/agenda\/wp-content\/uploads\/2026\/03\/habitacion-de-hotel-en-barcelona-980x513.webp 980w, https:\/\/hotelarclarambla.com\/agenda\/wp-content\/uploads\/2026\/03\/habitacion-de-hotel-en-barcelona-480x251.webp 480w\" sizes=\"(min-width: 0px) and (max-width: 480px) 480px, (min-width: 481px) and (max-width: 980px) 980px, (min-width: 981px) 1024px, 100vw\" \/><\/a><\/figure>\n<\/figure>\n\n\n\n<p>Pour plus de d\u00e9tails sur l\u2019\u00e9dition 2026, consultez le <a href=\"https:\/\/www.letour.barcelona\/fr\">site officiel du Grand D\u00e9part Barcelone<\/a> ou le site g\u00e9n\u00e9ral de <a href=\"https:\/\/www.letour.fr\/\" target=\"_blank\" rel=\"noreferrer noopener nofollow\">Le Tour de France<\/a>.<\/p>\n\n\n\n<h2 class=\"wp-block-heading\">Comment s\u2019inscrire comme b\u00e9n\u00e9vole pour le Tour de France \u00e0 Barcelone ?<\/h2>\n\n\n\n<p>L\u2019inscription se fait exclusivement en ligne via le portail officiel <a href=\"https:\/\/letour.barcelona\" target=\"_blank\" rel=\"noreferrer noopener nofollow\">letour.barcelona<\/a>. Il suffit de remplir le formulaire avec vos informations personnelles, vos disponibilit\u00e9s (4, 5 ou 6 juillet) et vos zones de pr\u00e9f\u00e9rence (Barcelone ville, Tarragone ou Granollers).<\/p>\n\n\n\n<script type=\"application\/ld+json\">\n{\n  \"@context\": \"https:\/\/schema.org\",\n  \"@type\": \"SportsEvent\",\n  \"name\": \"Grand D\u00e9part Tour de France 2026 \u00e0 Barcelone\",\n  \"startDate\": \"2026-07-04\",\n  \"endDate\": \"2026-07-06\",\n  \"eventStatus\": \"https:\/\/schema.org\/EventScheduled\",\n  \"eventAttendanceMode\": \"https:\/\/schema.org\/OfflineEventAttendanceMode\",\n  \"location\": {\n    \"@type\": \"Place\",\n    \"name\": \"Barcelone\",\n    \"address\": {\n      \"@type\": \"PostalAddress\",\n      \"addressLocality\": \"Barcelone\",\n      \"addressRegion\": \"Catalogne\",\n      \"addressCountry\": \"FR\"\n    }\n  },\n  \"description\": \"En juillet 2026, Barcelone accueille le Grand D\u00e9part de la 113\u00e8me \u00e9dition du Tour de France, avec des premi\u00e8res \u00e9tapes incluant un contre-la-montre par \u00e9quipes et des circuits historiques dans la ville.\",\n  \"image\": \"https:\/\/example.com\/images\/tour-de-france-barcelone-2026.jpg\",\n  \"organizer\": {\n    \"@type\": \"Organization\",\n    \"name\": \"Le Tour de France\",\n    \"url\": \"https:\/\/www.letour.fr\"\n  },\n  \"subEvent\": [\n    {\n      \"@type\": \"SportsEvent\",\n      \"name\": \"\u00c9tape 1 \u2013 Contre-la-montre par \u00e9quipes\",\n      \"startDate\": \"2026-07-04T09:00\",\n      \"endDate\": \"2026-07-04T15:00\",\n      \"location\": {\n        \"@type\": \"Place\",\n        \"name\": \"Parc del F\u00f2rum - Stade Olympique Llu\u00eds Companys\",\n        \"address\": {\n          \"@type\": \"PostalAddress\",\n          \"streetAddress\": \"Parc del F\u00f2rum\",\n          \"addressLocality\": \"Barcelone\",\n          \"addressRegion\": \"Catalogne\",\n          \"addressCountry\": \"FR\"\n        }\n      },\n      \"description\": \"Parcours technique de 19,7 km \u00e0 travers Barcelone avec arriv\u00e9e \u00e0 Montju\u00efc, passant par la Sagrada Fam\u00edlia et le Passeig de Gr\u00e0cia.\"\n    },\n    {\n      \"@type\": \"SportsEvent\",\n      \"name\": \"\u00c9tape 2 \u2013 Tarragone \u00e0 Barcelone\",\n      \"startDate\": \"2026-07-05T09:00\",\n      \"endDate\": \"2026-07-05T17:00\",\n      \"location\": {\n        \"@type\": \"Place\",\n        \"name\": \"Tarragone > Barcelone\",\n        \"address\": {\n          \"@type\": \"PostalAddress\",\n          \"addressLocality\": \"Tarragone \/ Barcelone\",\n          \"addressRegion\": \"Catalogne\",\n          \"addressCountry\": \"FR\"\n        }\n      },\n      \"description\": \"\u00c9tape de 178,4 km au d\u00e9part de l'Amphith\u00e9\u00e2tre Romain de Tarragone, longeant la c\u00f4te du Garraf et arrivant au Ch\u00e2teau de Montju\u00efc \u00e0 Barcelone.\"\n    },\n    {\n      \"@type\": \"SportsEvent\",\n      \"name\": \"\u00c9tape 3 \u2013 D\u00e9part de Granollers vers le nord\",\n      \"startDate\": \"2026-07-06T09:00\",\n      \"endDate\": \"2026-07-06T15:00\",\n      \"location\": {\n        \"@type\": \"Place\",\n        \"name\": \"Granollers\",\n        \"address\": {\n          \"@type\": \"PostalAddress\",\n          \"addressLocality\": \"Granollers\",\n          \"addressRegion\": \"Catalogne\",\n          \"addressCountry\": \"FR\"\n        }\n      },\n      \"description\": \"D\u00e9part de Granollers, poursuivant le d\u00e9but du Tour de France \u00e0 travers la province de Barcelone.\"\n    }\n  ],\n  \"offers\": {\n    \"@type\": \"Offer\",\n    \"url\": \"https:\/\/letour.barcelona\",\n    \"availability\": \"https:\/\/schema.org\/InStock\",\n    \"price\": \"0\",\n    \"priceCurrency\": \"EUR\"\n  }\n}\n<\/script>\n","protected":false},"excerpt":{"rendered":"<p>En juillet 2026, Barcelone se transformera en la capitale mondiale du cyclisme en accueillant le Grand D\u00e9part de la 113\u1d49 \u00e9dition du Tour de France. Cet \u00e9v\u00e9nement historique marque la troisi\u00e8me fois que la Grande Boucle d\u00e9bute en Espagne (apr\u00e8s Saint-S\u00e9bastien en 1992 et Bilbao en 2023), consolidant la ville catalane comme une r\u00e9f\u00e9rence sportive [&hellip;]<\/p>\n","protected":false},"author":7,"featured_media":241452,"comment_status":"closed","ping_status":"closed","sticky":false,"template":"","format":"standard","meta":{"_acf_changed":false,"_et_pb_use_builder":"off","_et_pb_old_content":"","_et_gb_content_width":"","inline_featured_image":false,"footnotes":""},"categories":[6441],"tags":[],"class_list":["post-241459","post","type-post","status-publish","format-standard","has-post-thumbnail","hentry","category-evenements-sportifs"],"acf":[],"yoast_head":"<!-- This site is optimized with the Yoast SEO plugin v27.3 - https:\/\/yoast.com\/product\/yoast-seo-wordpress\/ -->\n<title>Tour de France 2026 \u00e0 Barcelone | H\u00f4tel avec 15 % de r\u00e9duction<\/title>\n<meta name=\"description\" content=\"Venez vivre le Grand D\u00e9part du Tour de France 2026 \u00e0 Barcelone depuis l&#039;h\u00f4tel Arc la Rambla, situ\u00e9 \u00e0 proximit\u00e9 du centre-ville et des \u00e9tapes.\" \/>\n<meta name=\"robots\" content=\"index, follow, max-snippet:-1, max-image-preview:large, max-video-preview:-1\" \/>\n<link rel=\"canonical\" href=\"https:\/\/hotelarclarambla.com\/agenda\/eventos-deportivos\/grand-depart-tour-de-france-2026-en-barcelona\/\" \/>\n<meta property=\"og:locale\" content=\"fr_FR\" \/>\n<meta property=\"og:type\" content=\"article\" \/>\n<meta property=\"og:title\" content=\"Tour de France 2026 \u00e0 Barcelone | H\u00f4tel avec 15 % de r\u00e9duction\" \/>\n<meta property=\"og:description\" content=\"Venez vivre le Grand D\u00e9part du Tour de France 2026 \u00e0 Barcelone depuis l&#039;h\u00f4tel Arc la Rambla, situ\u00e9 \u00e0 proximit\u00e9 du centre-ville et des \u00e9tapes.\" \/>\n<meta property=\"og:url\" content=\"https:\/\/hotelarclarambla.com\/agenda\/eventos-deportivos\/grand-depart-tour-de-france-2026-en-barcelona\/\" \/>\n<meta property=\"og:site_name\" content=\"Hotel Arc La Rambla Blog\" \/>\n<meta property=\"article:published_time\" content=\"2026-03-26T09:52:30+00:00\" \/>\n<meta property=\"article:modified_time\" content=\"2026-04-10T11:10:09+00:00\" \/>\n<meta property=\"og:image\" content=\"https:\/\/hotelarclarambla.com\/agenda\/wp-content\/uploads\/2026\/03\/grand-depart-tour-de-france-barcelone-2026.webp\" \/>\n\t<meta property=\"og:image:width\" content=\"1200\" \/>\n\t<meta property=\"og:image:height\" content=\"628\" \/>\n\t<meta property=\"og:image:type\" content=\"image\/webp\" \/>\n<meta name=\"author\" content=\"admin-blog\" \/>\n<meta name=\"twitter:card\" content=\"summary_large_image\" \/>\n<meta name=\"twitter:label1\" content=\"\u00c9crit par\" \/>\n\t<meta name=\"twitter:data1\" content=\"admin-blog\" \/>\n\t<meta name=\"twitter:label2\" content=\"Dur\u00e9e de lecture estim\u00e9e\" \/>\n\t<meta name=\"twitter:data2\" content=\"6 minutes\" \/>\n<script type=\"application\/ld+json\" class=\"yoast-schema-graph\">{\"@context\":\"https:\\\/\\\/schema.org\",\"@graph\":[{\"@type\":\"Article\",\"@id\":\"https:\\\/\\\/hotelarclarambla.com\\\/agenda\\\/eventos-deportivos\\\/grand-depart-tour-de-france-2026-en-barcelona\\\/#article\",\"isPartOf\":{\"@id\":\"https:\\\/\\\/hotelarclarambla.com\\\/agenda\\\/eventos-deportivos\\\/grand-depart-tour-de-france-2026-en-barcelona\\\/\"},\"author\":{\"name\":\"admin-blog\",\"@id\":\"https:\\\/\\\/hotelarclarambla.com\\\/agenda\\\/#\\\/schema\\\/person\\\/d8f3a3360be85a78d724ebd6c3120a76\"},\"headline\":\"Tour de France 2026 \u00e0 Barcelone\",\"datePublished\":\"2026-03-26T09:52:30+00:00\",\"dateModified\":\"2026-04-10T11:10:09+00:00\",\"mainEntityOfPage\":{\"@id\":\"https:\\\/\\\/hotelarclarambla.com\\\/agenda\\\/eventos-deportivos\\\/grand-depart-tour-de-france-2026-en-barcelona\\\/\"},\"wordCount\":1133,\"image\":{\"@id\":\"https:\\\/\\\/hotelarclarambla.com\\\/agenda\\\/eventos-deportivos\\\/grand-depart-tour-de-france-2026-en-barcelona\\\/#primaryimage\"},\"thumbnailUrl\":\"https:\\\/\\\/hotelarclarambla.com\\\/agenda\\\/wp-content\\\/uploads\\\/2026\\\/03\\\/grand-depart-tour-de-france-barcelone-2026.webp\",\"articleSection\":[\"\u00c9v\u00e9nements sportifs\"],\"inLanguage\":\"fr-FR\"},{\"@type\":\"WebPage\",\"@id\":\"https:\\\/\\\/hotelarclarambla.com\\\/agenda\\\/eventos-deportivos\\\/grand-depart-tour-de-france-2026-en-barcelona\\\/\",\"url\":\"https:\\\/\\\/hotelarclarambla.com\\\/agenda\\\/eventos-deportivos\\\/grand-depart-tour-de-france-2026-en-barcelona\\\/\",\"name\":\"Tour de France 2026 \u00e0 Barcelone | H\u00f4tel avec 15 % de r\u00e9duction\",\"isPartOf\":{\"@id\":\"https:\\\/\\\/hotelarclarambla.com\\\/agenda\\\/#website\"},\"primaryImageOfPage\":{\"@id\":\"https:\\\/\\\/hotelarclarambla.com\\\/agenda\\\/eventos-deportivos\\\/grand-depart-tour-de-france-2026-en-barcelona\\\/#primaryimage\"},\"image\":{\"@id\":\"https:\\\/\\\/hotelarclarambla.com\\\/agenda\\\/eventos-deportivos\\\/grand-depart-tour-de-france-2026-en-barcelona\\\/#primaryimage\"},\"thumbnailUrl\":\"https:\\\/\\\/hotelarclarambla.com\\\/agenda\\\/wp-content\\\/uploads\\\/2026\\\/03\\\/grand-depart-tour-de-france-barcelone-2026.webp\",\"datePublished\":\"2026-03-26T09:52:30+00:00\",\"dateModified\":\"2026-04-10T11:10:09+00:00\",\"author\":{\"@id\":\"https:\\\/\\\/hotelarclarambla.com\\\/agenda\\\/#\\\/schema\\\/person\\\/d8f3a3360be85a78d724ebd6c3120a76\"},\"description\":\"Venez vivre le Grand D\u00e9part du Tour de France 2026 \u00e0 Barcelone depuis l'h\u00f4tel Arc la Rambla, situ\u00e9 \u00e0 proximit\u00e9 du centre-ville et des \u00e9tapes.\",\"breadcrumb\":{\"@id\":\"https:\\\/\\\/hotelarclarambla.com\\\/agenda\\\/eventos-deportivos\\\/grand-depart-tour-de-france-2026-en-barcelona\\\/#breadcrumb\"},\"inLanguage\":\"fr-FR\",\"potentialAction\":[{\"@type\":\"ReadAction\",\"target\":[\"https:\\\/\\\/hotelarclarambla.com\\\/agenda\\\/eventos-deportivos\\\/grand-depart-tour-de-france-2026-en-barcelona\\\/\"]}]},{\"@type\":\"ImageObject\",\"inLanguage\":\"fr-FR\",\"@id\":\"https:\\\/\\\/hotelarclarambla.com\\\/agenda\\\/eventos-deportivos\\\/grand-depart-tour-de-france-2026-en-barcelona\\\/#primaryimage\",\"url\":\"https:\\\/\\\/hotelarclarambla.com\\\/agenda\\\/wp-content\\\/uploads\\\/2026\\\/03\\\/grand-depart-tour-de-france-barcelone-2026.webp\",\"contentUrl\":\"https:\\\/\\\/hotelarclarambla.com\\\/agenda\\\/wp-content\\\/uploads\\\/2026\\\/03\\\/grand-depart-tour-de-france-barcelone-2026.webp\",\"width\":1200,\"height\":628,\"caption\":\"Grand D\u00e9part Tour de France \u00e0 Barcelone 2026\"},{\"@type\":\"BreadcrumbList\",\"@id\":\"https:\\\/\\\/hotelarclarambla.com\\\/agenda\\\/eventos-deportivos\\\/grand-depart-tour-de-france-2026-en-barcelona\\\/#breadcrumb\",\"itemListElement\":[{\"@type\":\"ListItem\",\"position\":1,\"name\":\"Portada\",\"item\":\"https:\\\/\\\/hotelarclarambla.com\\\/agenda\\\/\"},{\"@type\":\"ListItem\",\"position\":2,\"name\":\"Tour de France 2026 \u00e0 Barcelone\"}]},{\"@type\":\"WebSite\",\"@id\":\"https:\\\/\\\/hotelarclarambla.com\\\/agenda\\\/#website\",\"url\":\"https:\\\/\\\/hotelarclarambla.com\\\/agenda\\\/\",\"name\":\"Hotel Arc La Rambla Blog\",\"description\":\"El blog de Hotel Arc\",\"potentialAction\":[{\"@type\":\"SearchAction\",\"target\":{\"@type\":\"EntryPoint\",\"urlTemplate\":\"https:\\\/\\\/hotelarclarambla.com\\\/agenda\\\/?s={search_term_string}\"},\"query-input\":{\"@type\":\"PropertyValueSpecification\",\"valueRequired\":true,\"valueName\":\"search_term_string\"}}],\"inLanguage\":\"fr-FR\"},{\"@type\":\"Person\",\"@id\":\"https:\\\/\\\/hotelarclarambla.com\\\/agenda\\\/#\\\/schema\\\/person\\\/d8f3a3360be85a78d724ebd6c3120a76\",\"name\":\"admin-blog\",\"image\":{\"@type\":\"ImageObject\",\"inLanguage\":\"fr-FR\",\"@id\":\"https:\\\/\\\/secure.gravatar.com\\\/avatar\\\/3db8ac15c57c75a545efde96140dbaf40237bf4b8e1a3c97b6ff05eb84998daa?s=96&d=mm&r=g\",\"url\":\"https:\\\/\\\/secure.gravatar.com\\\/avatar\\\/3db8ac15c57c75a545efde96140dbaf40237bf4b8e1a3c97b6ff05eb84998daa?s=96&d=mm&r=g\",\"contentUrl\":\"https:\\\/\\\/secure.gravatar.com\\\/avatar\\\/3db8ac15c57c75a545efde96140dbaf40237bf4b8e1a3c97b6ff05eb84998daa?s=96&d=mm&r=g\",\"caption\":\"admin-blog\"},\"url\":\"https:\\\/\\\/hotelarclarambla.com\\\/agenda\\\/fr\\\/author\\\/admin-blog\\\/\"}]}<\/script>\n<!-- \/ Yoast SEO plugin. -->","yoast_head_json":{"title":"Tour de France 2026 \u00e0 Barcelone | H\u00f4tel avec 15 % de r\u00e9duction","description":"Venez vivre le Grand D\u00e9part du Tour de France 2026 \u00e0 Barcelone depuis l'h\u00f4tel Arc la Rambla, situ\u00e9 \u00e0 proximit\u00e9 du centre-ville et des \u00e9tapes.","robots":{"index":"index","follow":"follow","max-snippet":"max-snippet:-1","max-image-preview":"max-image-preview:large","max-video-preview":"max-video-preview:-1"},"canonical":"https:\/\/hotelarclarambla.com\/agenda\/eventos-deportivos\/grand-depart-tour-de-france-2026-en-barcelona\/","og_locale":"fr_FR","og_type":"article","og_title":"Tour de France 2026 \u00e0 Barcelone | H\u00f4tel avec 15 % de r\u00e9duction","og_description":"Venez vivre le Grand D\u00e9part du Tour de France 2026 \u00e0 Barcelone depuis l'h\u00f4tel Arc la Rambla, situ\u00e9 \u00e0 proximit\u00e9 du centre-ville et des \u00e9tapes.","og_url":"https:\/\/hotelarclarambla.com\/agenda\/eventos-deportivos\/grand-depart-tour-de-france-2026-en-barcelona\/","og_site_name":"Hotel Arc La Rambla Blog","article_published_time":"2026-03-26T09:52:30+00:00","article_modified_time":"2026-04-10T11:10:09+00:00","og_image":[{"width":1200,"height":628,"url":"https:\/\/hotelarclarambla.com\/agenda\/wp-content\/uploads\/2026\/03\/grand-depart-tour-de-france-barcelone-2026.webp","type":"image\/webp"}],"author":"admin-blog","twitter_card":"summary_large_image","twitter_misc":{"\u00c9crit par":"admin-blog","Dur\u00e9e de lecture estim\u00e9e":"6 minutes"},"schema":{"@context":"https:\/\/schema.org","@graph":[{"@type":"Article","@id":"https:\/\/hotelarclarambla.com\/agenda\/eventos-deportivos\/grand-depart-tour-de-france-2026-en-barcelona\/#article","isPartOf":{"@id":"https:\/\/hotelarclarambla.com\/agenda\/eventos-deportivos\/grand-depart-tour-de-france-2026-en-barcelona\/"},"author":{"name":"admin-blog","@id":"https:\/\/hotelarclarambla.com\/agenda\/#\/schema\/person\/d8f3a3360be85a78d724ebd6c3120a76"},"headline":"Tour de France 2026 \u00e0 Barcelone","datePublished":"2026-03-26T09:52:30+00:00","dateModified":"2026-04-10T11:10:09+00:00","mainEntityOfPage":{"@id":"https:\/\/hotelarclarambla.com\/agenda\/eventos-deportivos\/grand-depart-tour-de-france-2026-en-barcelona\/"},"wordCount":1133,"image":{"@id":"https:\/\/hotelarclarambla.com\/agenda\/eventos-deportivos\/grand-depart-tour-de-france-2026-en-barcelona\/#primaryimage"},"thumbnailUrl":"https:\/\/hotelarclarambla.com\/agenda\/wp-content\/uploads\/2026\/03\/grand-depart-tour-de-france-barcelone-2026.webp","articleSection":["\u00c9v\u00e9nements sportifs"],"inLanguage":"fr-FR"},{"@type":"WebPage","@id":"https:\/\/hotelarclarambla.com\/agenda\/eventos-deportivos\/grand-depart-tour-de-france-2026-en-barcelona\/","url":"https:\/\/hotelarclarambla.com\/agenda\/eventos-deportivos\/grand-depart-tour-de-france-2026-en-barcelona\/","name":"Tour de France 2026 \u00e0 Barcelone | H\u00f4tel avec 15 % de r\u00e9duction","isPartOf":{"@id":"https:\/\/hotelarclarambla.com\/agenda\/#website"},"primaryImageOfPage":{"@id":"https:\/\/hotelarclarambla.com\/agenda\/eventos-deportivos\/grand-depart-tour-de-france-2026-en-barcelona\/#primaryimage"},"image":{"@id":"https:\/\/hotelarclarambla.com\/agenda\/eventos-deportivos\/grand-depart-tour-de-france-2026-en-barcelona\/#primaryimage"},"thumbnailUrl":"https:\/\/hotelarclarambla.com\/agenda\/wp-content\/uploads\/2026\/03\/grand-depart-tour-de-france-barcelone-2026.webp","datePublished":"2026-03-26T09:52:30+00:00","dateModified":"2026-04-10T11:10:09+00:00","author":{"@id":"https:\/\/hotelarclarambla.com\/agenda\/#\/schema\/person\/d8f3a3360be85a78d724ebd6c3120a76"},"description":"Venez vivre le Grand D\u00e9part du Tour de France 2026 \u00e0 Barcelone depuis l'h\u00f4tel Arc la Rambla, situ\u00e9 \u00e0 proximit\u00e9 du centre-ville et des \u00e9tapes.","breadcrumb":{"@id":"https:\/\/hotelarclarambla.com\/agenda\/eventos-deportivos\/grand-depart-tour-de-france-2026-en-barcelona\/#breadcrumb"},"inLanguage":"fr-FR","potentialAction":[{"@type":"ReadAction","target":["https:\/\/hotelarclarambla.com\/agenda\/eventos-deportivos\/grand-depart-tour-de-france-2026-en-barcelona\/"]}]},{"@type":"ImageObject","inLanguage":"fr-FR","@id":"https:\/\/hotelarclarambla.com\/agenda\/eventos-deportivos\/grand-depart-tour-de-france-2026-en-barcelona\/#primaryimage","url":"https:\/\/hotelarclarambla.com\/agenda\/wp-content\/uploads\/2026\/03\/grand-depart-tour-de-france-barcelone-2026.webp","contentUrl":"https:\/\/hotelarclarambla.com\/agenda\/wp-content\/uploads\/2026\/03\/grand-depart-tour-de-france-barcelone-2026.webp","width":1200,"height":628,"caption":"Grand D\u00e9part Tour de France \u00e0 Barcelone 2026"},{"@type":"BreadcrumbList","@id":"https:\/\/hotelarclarambla.com\/agenda\/eventos-deportivos\/grand-depart-tour-de-france-2026-en-barcelona\/#breadcrumb","itemListElement":[{"@type":"ListItem","position":1,"name":"Portada","item":"https:\/\/hotelarclarambla.com\/agenda\/"},{"@type":"ListItem","position":2,"name":"Tour de France 2026 \u00e0 Barcelone"}]},{"@type":"WebSite","@id":"https:\/\/hotelarclarambla.com\/agenda\/#website","url":"https:\/\/hotelarclarambla.com\/agenda\/","name":"Hotel Arc La Rambla Blog","description":"El blog de Hotel Arc","potentialAction":[{"@type":"SearchAction","target":{"@type":"EntryPoint","urlTemplate":"https:\/\/hotelarclarambla.com\/agenda\/?s={search_term_string}"},"query-input":{"@type":"PropertyValueSpecification","valueRequired":true,"valueName":"search_term_string"}}],"inLanguage":"fr-FR"},{"@type":"Person","@id":"https:\/\/hotelarclarambla.com\/agenda\/#\/schema\/person\/d8f3a3360be85a78d724ebd6c3120a76","name":"admin-blog","image":{"@type":"ImageObject","inLanguage":"fr-FR","@id":"https:\/\/secure.gravatar.com\/avatar\/3db8ac15c57c75a545efde96140dbaf40237bf4b8e1a3c97b6ff05eb84998daa?s=96&d=mm&r=g","url":"https:\/\/secure.gravatar.com\/avatar\/3db8ac15c57c75a545efde96140dbaf40237bf4b8e1a3c97b6ff05eb84998daa?s=96&d=mm&r=g","contentUrl":"https:\/\/secure.gravatar.com\/avatar\/3db8ac15c57c75a545efde96140dbaf40237bf4b8e1a3c97b6ff05eb84998daa?s=96&d=mm&r=g","caption":"admin-blog"},"url":"https:\/\/hotelarclarambla.com\/agenda\/fr\/author\/admin-blog\/"}]}},"_links":{"self":[{"href":"https:\/\/hotelarclarambla.com\/agenda\/fr\/wp-json\/wp\/v2\/posts\/241459","targetHints":{"allow":["GET"]}}],"collection":[{"href":"https:\/\/hotelarclarambla.com\/agenda\/fr\/wp-json\/wp\/v2\/posts"}],"about":[{"href":"https:\/\/hotelarclarambla.com\/agenda\/fr\/wp-json\/wp\/v2\/types\/post"}],"author":[{"embeddable":true,"href":"https:\/\/hotelarclarambla.com\/agenda\/fr\/wp-json\/wp\/v2\/users\/7"}],"replies":[{"embeddable":true,"href":"https:\/\/hotelarclarambla.com\/agenda\/fr\/wp-json\/wp\/v2\/comments?post=241459"}],"version-history":[{"count":5,"href":"https:\/\/hotelarclarambla.com\/agenda\/fr\/wp-json\/wp\/v2\/posts\/241459\/revisions"}],"predecessor-version":[{"id":241602,"href":"https:\/\/hotelarclarambla.com\/agenda\/fr\/wp-json\/wp\/v2\/posts\/241459\/revisions\/241602"}],"wp:featuredmedia":[{"embeddable":true,"href":"https:\/\/hotelarclarambla.com\/agenda\/fr\/wp-json\/wp\/v2\/media\/241452"}],"wp:attachment":[{"href":"https:\/\/hotelarclarambla.com\/agenda\/fr\/wp-json\/wp\/v2\/media?parent=241459"}],"wp:term":[{"taxonomy":"category","embeddable":true,"href":"https:\/\/hotelarclarambla.com\/agenda\/fr\/wp-json\/wp\/v2\/categories?post=241459"},{"taxonomy":"post_tag","embeddable":true,"href":"https:\/\/hotelarclarambla.com\/agenda\/fr\/wp-json\/wp\/v2\/tags?post=241459"}],"curies":[{"name":"wp","href":"https:\/\/api.w.org\/{rel}","templated":true}]}}