{"id":59262,"date":"2023-05-04T14:55:21","date_gmt":"2023-05-04T12:55:21","guid":{"rendered":"https:\/\/hotelarc.welovewebs.es\/sin-categorizar\/merce-2017-how-to-enjoy-festa-major-barcelona\/"},"modified":"2023-06-23T09:36:45","modified_gmt":"2023-06-23T07:36:45","slug":"merce-2017-how-to-enjoy-festa-major-barcelona","status":"publish","type":"post","link":"https:\/\/hotelarclarambla.com\/agenda\/en\/culture\/merce-2017-how-to-enjoy-festa-major-barcelona\/","title":{"rendered":"La Merc\u00e8 2017, how to enjoy the Festa Major of Barcelona"},"content":{"rendered":"<p><strong>If you scroll down you&#8217;ll find the main events of La Merc\u00e8 2017 so that you can fully enjoy the Festa Major of Barcelona<\/strong><\/p>\n<p>La Merc\u00e8 2017 spreads all around the city&#8230; literally. The Festa Major of the city, which will be held from 22 to 25 September, will bring this year the celebrations to more neighbourhoods than ever to become one of the most intense and participative festivities in the history.<\/p>\n<p>Four days full of concerts, fireworks, popular meals, casteller shows, correfocs and much more in a program that brings together tradition, culture, entertainment and a lot of festivities.<\/p>\n<p>So that you can <strong>fully enjoy La Merc\u00e8 like a local<\/strong>, we offer you a guide with the main events of a festival that this year will have Reykjav\u00edk as a guest city.<\/p>\n<h2>Main events of La Merc\u00e8 2017<\/h2>\n<h3>Music for every taste<\/h3>\n<p>Music is one of the main attractions of La Merc\u00e8. The two music festivals of the Festa Major: <a href=\"http:\/\/lameva.barcelona.cat\/bam\/es\/programme\/day\" target=\"_blank\" rel=\"noopener noreferrer\">BAM (Barcelona Acci\u00f3 Musical)<\/a>&nbsp;and Merc\u00e8 M\u00fasica, will include a wide catalogue of free concerts by renowned national and international artists.<\/p>\n<h4>Rumba on the beach with Merc\u00e8 M\u00fasica<\/h4>\n<p>Bogatell beach, Parc del F\u00f3rum and Moll de Fusta will be the epicenters of the festival Merc\u00e8 M\u00fasica, that has chosen this year rumba as main genre in a festive and varied programme.<\/p>\n<p>Among the main artists are Manel, Txarango, Mishima, Sopa de Cabra or the legendary Los Manolos, who will play some of the songs that made the whole world dance during the celebration of the Barcelona Olympic Games in 92.<\/p>\n<h4>Indie&#8217; sounds in the BAM<\/h4>\n<div class=\"video-container\"><iframe loading=\"lazy\" src=\"https:\/\/www.youtube.com\/embed\/01agz3kN6lU\" width=\"560\" height=\"315\" frameborder=\"0\" allowfullscreen=\"allowfullscreen\"><\/iframe><\/div>\n<p>For its part, BAM will bring together 45 pop, rock, hip hop and electronic music groups in the Raval neighbourhood, including Shanique Marie, Bala, the tr\u00edo de Corea del Sur Idiotape, Bejo, Ray BLK or the Jamaican Equiknoxx Feat.<\/p>\n<p>On Sunday night, Reykjav\u00edkvik&#8217;s music will invade the stages of Pla\u00e7a dels \u00c0ngels and Joan Coromines along with JFDR, Samaris, Reyjav\u00edkurdaetur, Kiasmos, Emmsj\u00e9 Gauti, Ol\u00f6f Arnalds, Glowie and Gr\u00edsalappal\u00edsa.<\/p>\n<p>The avenida de la Catedral and avenida Reina Mar\u00eda Cristina are 2 out of the 12 stages that will host concerts of around 130 groups and soloists, in an eclectic proposal that will suite all tastes.<\/p>\n<h3>Tradition and modernity in La Merc\u00e8<\/h3>\n<p>The dissemination of the Catalan culture is another of Merc\u00e8&#8217;s fundamental pillars. An exhibition of dragons and beasts of fire, the shows of <a href=\"http:\/\/hotelarc.local\/castellers-one-of-the-top-catalan-traditions\/\" target=\"_blank\" rel=\"noopener noreferrer\">castellers (human towers)<\/a> , correfocs, gegants, sardanes or trabucaires combine art and tradition and represent an ideal opportunity to know the true essence of the city and its inhabitants.<\/p>\n\n\n<figure class=\"wp-block-image size-full\"><a href=\"https:\/\/hotelarclarambla.com\/agenda\/wp-content\/uploads\/hotel-arc-rambla-barcelona-blog-culture-castellers\"><img loading=\"lazy\" decoding=\"async\" class=\"wp-image-235109\" src=\"https:\/\/hotelarclarambla.com\/agenda\/wp-content\/uploads\/hotel-arc-rambla-barcelona-blog-culture-castellers\" alt=\"\" width=\"449\" height=\"252\" \/><\/a><\/figure>\nLinking past and future, La Merc\u00e8 2017 once again bets on innovation and new technologies through screenings and audiovisual shows in emblematic buildings of the city.\n\n<figure class=\"wp-block-image size-full\"><a href=\"https:\/\/hotelarclarambla.com\/agenda\/wp-content\/uploads\/2023\/05\/hotel-arc-rambla-barcelona-blog-culture-gegants-merce-2017.webp\"><img loading=\"lazy\" decoding=\"async\" class=\"wp-image-235085\" src=\"https:\/\/hotelarclarambla.com\/agenda\/wp-content\/uploads\/2023\/05\/hotel-arc-rambla-barcelona-blog-culture-gegants-merce-2017.webp\" alt=\"\" width=\"447\" height=\"251\" \/><\/a><\/figure>\n\n<h3>Theatre and circus in the streets<\/h3>\nMerc\u00e8 Arts de Carrer (MAC) has an artistic proposal that includes street theatre, dance, circus, charangas and travelling shows (small musical band).\nParc de Sant Mart\u00ed, Parc de la Ciutadella, Passeig de Llu\u00eds Companys, Palacete Alb\u00e9niz or the Montju\u00efc castle are some of the main stages of the festival MAC, whose shows are spread practically all over the city.\nIn addition, this year the Plaza Real (very close to the <a href=\"http:\/\/hotelarc.local\/\" target=\"_blank\" rel=\"noopener noreferrer\">Hotel Arc la Rambla<\/a>) will have a stage, where <a href=\"http:\/\/hotelarc.local\/en\/the-habaneras-catalan-or-cuban-tradition\/\" target=\"_blank\" rel=\"noopener noreferrer\">habaneras<\/a> concerts (Catalan version of the contradanse) will be held.\n<h3>Open days in museums and historic buildings<\/h3>\nSome of the most important buildings and cultural centres join the festival with open days. The City Council of Barcelona, the Palau de la Generalitat and <a href=\"http:\/\/hotelarc.local\/museos-imprescindibles-barcelona\/\" target=\"_blank\" rel=\"noopener noreferrer\">museums<\/a> such as the Picasso Musseum, the Museu Nacional d&#8217; Art de Catalunya (MNAC), the <a href=\"http:\/\/www.cccb.org\/en\" target=\"_blank\" rel=\"noopener noreferrer\">CCCB<\/a> and the Museu Mar\u00edtim are some of the buildings that can be visited free of charge during La Merc\u00e8 on different days and times.\n<h3>Fireworks as the culmination of La Merc\u00e8<\/h3>\n\n<figure class=\"wp-block-image size-full\"><a href=\"https:\/\/hotelarclarambla.com\/agenda\/wp-content\/uploads\/2023\/05\/hotel-arc-rambla-barcelona-blog-culture-piromusical-la-merce.webp\"><img loading=\"lazy\" decoding=\"async\" class=\"wp-image-235101\" src=\"https:\/\/hotelarclarambla.com\/agenda\/wp-content\/uploads\/2023\/05\/hotel-arc-rambla-barcelona-blog-culture-piromusical-la-merce.webp\" alt=\"\" width=\"465\" height=\"293\" \/><\/a><\/figure>\n\nFire is a very present element in La Merc\u00e8 with the spectacular correfocs (one of the main symbols of the Catalan tradition) and the International Pyrotechnic Festival, which will flood the sky of Barcelona with light and beauty.\nIn addition, as in each edition, the Piromusical will close the celebrations in one of the most emotional moments of the festival.\nThis massive event will begin this year with a minute of silence in tribute to the victims of the Barcelona and Cambrills attacks. Then the song Imagine, by John Lennon, will be played as the audience waves flares that will bring colour to Mar\u00eda Cristina Avenue. Simultaneously, the symbol of peace will be projected on the <a href=\"http:\/\/www.museunacional.cat\/en\" target=\"_blank\" rel=\"noopener noreferrer\">MNAC<\/a> \u00a0fa\u00e7ade. The 25th anniversary of the Olympic Games will also be remembered, the first manifestation for LGTB rights and the composer Enric Granados.\n<a href=\"http:\/\/lameva.barcelona.cat\/merce\/en\" target=\"_blank\" rel=\"noopener noreferrer\">Check here the complete programme of La Merc\u00e8 2017<\/a> \u00a0and don&#8217;t hesitate to ask our staff if you have any doubt!\n","protected":false},"excerpt":{"rendered":"<p>Know the main events of the Merc\u00e8 2017 so that you can fully enjoy the Festa Major of Barcelona.<\/p>\n","protected":false},"author":6,"featured_media":235093,"comment_status":"closed","ping_status":"closed","sticky":false,"template":"","format":"standard","meta":{"_acf_changed":false,"_et_pb_use_builder":"","_et_pb_old_content":"","_et_gb_content_width":"","inline_featured_image":false,"footnotes":""},"categories":[5950],"tags":[],"class_list":["post-59262","post","type-post","status-publish","format-standard","has-post-thumbnail","hentry","category-culture"],"acf":[],"yoast_head":"<!-- This site is optimized with the Yoast SEO plugin v27.4 - https:\/\/yoast.com\/product\/yoast-seo-wordpress\/ -->\n<title>La Merc\u00e8 2017, how to enjoy the Festa Major of Barcelona | Hotel Arc La Rambla Barcelona<\/title>\n<meta name=\"description\" content=\"La Merc\u00e8 2017, how to enjoy the Festa Major of Barcelona, If you scroll down you&#039;ll find the main events of La Merc\u00e8 2017.\" \/>\n<meta name=\"robots\" content=\"index, follow, max-snippet:-1, max-image-preview:large, max-video-preview:-1\" \/>\n<link rel=\"canonical\" href=\"https:\/\/hotelarclarambla.com\/agenda\/en\/culture\/merce-2017-how-to-enjoy-festa-major-barcelona\/\" \/>\n<meta property=\"og:locale\" content=\"en_US\" \/>\n<meta property=\"og:type\" content=\"article\" \/>\n<meta property=\"og:title\" content=\"La Merc\u00e8 2017, how to enjoy the Festa Major of Barcelona | Hotel Arc La Rambla Barcelona\" \/>\n<meta property=\"og:description\" content=\"La Merc\u00e8 2017, how to enjoy the Festa Major of Barcelona, If you scroll down you&#039;ll find the main events of La Merc\u00e8 2017.\" \/>\n<meta property=\"og:url\" content=\"https:\/\/hotelarclarambla.com\/agenda\/en\/culture\/merce-2017-how-to-enjoy-festa-major-barcelona\/\" \/>\n<meta property=\"og:site_name\" content=\"Hotel Arc La Rambla Blog\" \/>\n<meta property=\"article:published_time\" content=\"2023-05-04T12:55:21+00:00\" \/>\n<meta property=\"article:modified_time\" content=\"2023-06-23T07:36:45+00:00\" \/>\n<meta property=\"og:image\" content=\"https:\/\/hotelarclarambla.com\/agenda\/wp-content\/uploads\/2023\/05\/hotel-arc-rambla-barcelona-blog-culture-merce-2017.webp\" \/>\n\t<meta property=\"og:image:width\" content=\"980\" \/>\n\t<meta property=\"og:image:height\" content=\"653\" \/>\n\t<meta property=\"og:image:type\" content=\"image\/webp\" \/>\n<meta name=\"author\" content=\"Hotel Arc La Rambla\" \/>\n<meta name=\"twitter:card\" content=\"summary_large_image\" \/>\n<meta name=\"twitter:label1\" content=\"Written by\" \/>\n\t<meta name=\"twitter:data1\" content=\"Hotel Arc La Rambla\" \/>\n\t<meta name=\"twitter:label2\" content=\"Est. reading time\" \/>\n\t<meta name=\"twitter:data2\" content=\"5 minutes\" \/>\n<script type=\"application\/ld+json\" class=\"yoast-schema-graph\">{\"@context\":\"https:\\\/\\\/schema.org\",\"@graph\":[{\"@type\":\"Article\",\"@id\":\"https:\\\/\\\/hotelarclarambla.com\\\/agenda\\\/en\\\/culture\\\/merce-2017-how-to-enjoy-festa-major-barcelona\\\/#article\",\"isPartOf\":{\"@id\":\"https:\\\/\\\/hotelarclarambla.com\\\/agenda\\\/en\\\/culture\\\/merce-2017-how-to-enjoy-festa-major-barcelona\\\/\"},\"author\":{\"name\":\"Hotel Arc La Rambla\",\"@id\":\"https:\\\/\\\/hotelarclarambla.com\\\/agenda\\\/#\\\/schema\\\/person\\\/96fc858617d3ad4c54fe32d67fad87fd\"},\"headline\":\"La Merc\u00e8 2017, how to enjoy the Festa Major of Barcelona\",\"datePublished\":\"2023-05-04T12:55:21+00:00\",\"dateModified\":\"2023-06-23T07:36:45+00:00\",\"mainEntityOfPage\":{\"@id\":\"https:\\\/\\\/hotelarclarambla.com\\\/agenda\\\/en\\\/culture\\\/merce-2017-how-to-enjoy-festa-major-barcelona\\\/\"},\"wordCount\":808,\"image\":{\"@id\":\"https:\\\/\\\/hotelarclarambla.com\\\/agenda\\\/en\\\/culture\\\/merce-2017-how-to-enjoy-festa-major-barcelona\\\/#primaryimage\"},\"thumbnailUrl\":\"https:\\\/\\\/hotelarclarambla.com\\\/agenda\\\/wp-content\\\/uploads\\\/2023\\\/05\\\/hotel-arc-rambla-barcelona-blog-culture-merce-2017.webp\",\"articleSection\":[\"Culture\"],\"inLanguage\":\"en-US\"},{\"@type\":\"WebPage\",\"@id\":\"https:\\\/\\\/hotelarclarambla.com\\\/agenda\\\/en\\\/culture\\\/merce-2017-how-to-enjoy-festa-major-barcelona\\\/\",\"url\":\"https:\\\/\\\/hotelarclarambla.com\\\/agenda\\\/en\\\/culture\\\/merce-2017-how-to-enjoy-festa-major-barcelona\\\/\",\"name\":\"La Merc\u00e8 2017, how to enjoy the Festa Major of Barcelona | Hotel Arc La Rambla Barcelona\",\"isPartOf\":{\"@id\":\"https:\\\/\\\/hotelarclarambla.com\\\/agenda\\\/#website\"},\"primaryImageOfPage\":{\"@id\":\"https:\\\/\\\/hotelarclarambla.com\\\/agenda\\\/en\\\/culture\\\/merce-2017-how-to-enjoy-festa-major-barcelona\\\/#primaryimage\"},\"image\":{\"@id\":\"https:\\\/\\\/hotelarclarambla.com\\\/agenda\\\/en\\\/culture\\\/merce-2017-how-to-enjoy-festa-major-barcelona\\\/#primaryimage\"},\"thumbnailUrl\":\"https:\\\/\\\/hotelarclarambla.com\\\/agenda\\\/wp-content\\\/uploads\\\/2023\\\/05\\\/hotel-arc-rambla-barcelona-blog-culture-merce-2017.webp\",\"datePublished\":\"2023-05-04T12:55:21+00:00\",\"dateModified\":\"2023-06-23T07:36:45+00:00\",\"author\":{\"@id\":\"https:\\\/\\\/hotelarclarambla.com\\\/agenda\\\/#\\\/schema\\\/person\\\/96fc858617d3ad4c54fe32d67fad87fd\"},\"description\":\"La Merc\u00e8 2017, how to enjoy the Festa Major of Barcelona, If you scroll down you'll find the main events of La Merc\u00e8 2017.\",\"breadcrumb\":{\"@id\":\"https:\\\/\\\/hotelarclarambla.com\\\/agenda\\\/en\\\/culture\\\/merce-2017-how-to-enjoy-festa-major-barcelona\\\/#breadcrumb\"},\"inLanguage\":\"en-US\",\"potentialAction\":[{\"@type\":\"ReadAction\",\"target\":[\"https:\\\/\\\/hotelarclarambla.com\\\/agenda\\\/en\\\/culture\\\/merce-2017-how-to-enjoy-festa-major-barcelona\\\/\"]}]},{\"@type\":\"ImageObject\",\"inLanguage\":\"en-US\",\"@id\":\"https:\\\/\\\/hotelarclarambla.com\\\/agenda\\\/en\\\/culture\\\/merce-2017-how-to-enjoy-festa-major-barcelona\\\/#primaryimage\",\"url\":\"https:\\\/\\\/hotelarclarambla.com\\\/agenda\\\/wp-content\\\/uploads\\\/2023\\\/05\\\/hotel-arc-rambla-barcelona-blog-culture-merce-2017.webp\",\"contentUrl\":\"https:\\\/\\\/hotelarclarambla.com\\\/agenda\\\/wp-content\\\/uploads\\\/2023\\\/05\\\/hotel-arc-rambla-barcelona-blog-culture-merce-2017.webp\",\"width\":980,\"height\":653},{\"@type\":\"BreadcrumbList\",\"@id\":\"https:\\\/\\\/hotelarclarambla.com\\\/agenda\\\/en\\\/culture\\\/merce-2017-how-to-enjoy-festa-major-barcelona\\\/#breadcrumb\",\"itemListElement\":[{\"@type\":\"ListItem\",\"position\":1,\"name\":\"Portada\",\"item\":\"https:\\\/\\\/hotelarclarambla.com\\\/agenda\\\/\"},{\"@type\":\"ListItem\",\"position\":2,\"name\":\"La Merc\u00e8 2017, how to enjoy the Festa Major of Barcelona\"}]},{\"@type\":\"WebSite\",\"@id\":\"https:\\\/\\\/hotelarclarambla.com\\\/agenda\\\/#website\",\"url\":\"https:\\\/\\\/hotelarclarambla.com\\\/agenda\\\/\",\"name\":\"Hotel Arc La Rambla Blog\",\"description\":\"El blog de Hotel Arc\",\"potentialAction\":[{\"@type\":\"SearchAction\",\"target\":{\"@type\":\"EntryPoint\",\"urlTemplate\":\"https:\\\/\\\/hotelarclarambla.com\\\/agenda\\\/?s={search_term_string}\"},\"query-input\":{\"@type\":\"PropertyValueSpecification\",\"valueRequired\":true,\"valueName\":\"search_term_string\"}}],\"inLanguage\":\"en-US\"},{\"@type\":\"Person\",\"@id\":\"https:\\\/\\\/hotelarclarambla.com\\\/agenda\\\/#\\\/schema\\\/person\\\/96fc858617d3ad4c54fe32d67fad87fd\",\"name\":\"Hotel Arc La Rambla\",\"image\":{\"@type\":\"ImageObject\",\"inLanguage\":\"en-US\",\"@id\":\"https:\\\/\\\/secure.gravatar.com\\\/avatar\\\/9d9abe731057a6740ba070541e750e98b5a7e266df10aa555405439d4f98c659?s=96&d=mm&r=g\",\"url\":\"https:\\\/\\\/secure.gravatar.com\\\/avatar\\\/9d9abe731057a6740ba070541e750e98b5a7e266df10aa555405439d4f98c659?s=96&d=mm&r=g\",\"contentUrl\":\"https:\\\/\\\/secure.gravatar.com\\\/avatar\\\/9d9abe731057a6740ba070541e750e98b5a7e266df10aa555405439d4f98c659?s=96&d=mm&r=g\",\"caption\":\"Hotel Arc La Rambla\"},\"url\":\"https:\\\/\\\/hotelarclarambla.com\\\/agenda\\\/en\\\/author\\\/hotelarc-editor\\\/\"}]}<\/script>\n<!-- \/ Yoast SEO plugin. -->","yoast_head_json":{"title":"La Merc\u00e8 2017, how to enjoy the Festa Major of Barcelona | Hotel Arc La Rambla Barcelona","description":"La Merc\u00e8 2017, how to enjoy the Festa Major of Barcelona, If you scroll down you'll find the main events of La Merc\u00e8 2017.","robots":{"index":"index","follow":"follow","max-snippet":"max-snippet:-1","max-image-preview":"max-image-preview:large","max-video-preview":"max-video-preview:-1"},"canonical":"https:\/\/hotelarclarambla.com\/agenda\/en\/culture\/merce-2017-how-to-enjoy-festa-major-barcelona\/","og_locale":"en_US","og_type":"article","og_title":"La Merc\u00e8 2017, how to enjoy the Festa Major of Barcelona | Hotel Arc La Rambla Barcelona","og_description":"La Merc\u00e8 2017, how to enjoy the Festa Major of Barcelona, If you scroll down you'll find the main events of La Merc\u00e8 2017.","og_url":"https:\/\/hotelarclarambla.com\/agenda\/en\/culture\/merce-2017-how-to-enjoy-festa-major-barcelona\/","og_site_name":"Hotel Arc La Rambla Blog","article_published_time":"2023-05-04T12:55:21+00:00","article_modified_time":"2023-06-23T07:36:45+00:00","og_image":[{"width":980,"height":653,"url":"https:\/\/hotelarclarambla.com\/agenda\/wp-content\/uploads\/2023\/05\/hotel-arc-rambla-barcelona-blog-culture-merce-2017.webp","type":"image\/webp"}],"author":"Hotel Arc La Rambla","twitter_card":"summary_large_image","twitter_misc":{"Written by":"Hotel Arc La Rambla","Est. reading time":"5 minutes"},"schema":{"@context":"https:\/\/schema.org","@graph":[{"@type":"Article","@id":"https:\/\/hotelarclarambla.com\/agenda\/en\/culture\/merce-2017-how-to-enjoy-festa-major-barcelona\/#article","isPartOf":{"@id":"https:\/\/hotelarclarambla.com\/agenda\/en\/culture\/merce-2017-how-to-enjoy-festa-major-barcelona\/"},"author":{"name":"Hotel Arc La Rambla","@id":"https:\/\/hotelarclarambla.com\/agenda\/#\/schema\/person\/96fc858617d3ad4c54fe32d67fad87fd"},"headline":"La Merc\u00e8 2017, how to enjoy the Festa Major of Barcelona","datePublished":"2023-05-04T12:55:21+00:00","dateModified":"2023-06-23T07:36:45+00:00","mainEntityOfPage":{"@id":"https:\/\/hotelarclarambla.com\/agenda\/en\/culture\/merce-2017-how-to-enjoy-festa-major-barcelona\/"},"wordCount":808,"image":{"@id":"https:\/\/hotelarclarambla.com\/agenda\/en\/culture\/merce-2017-how-to-enjoy-festa-major-barcelona\/#primaryimage"},"thumbnailUrl":"https:\/\/hotelarclarambla.com\/agenda\/wp-content\/uploads\/2023\/05\/hotel-arc-rambla-barcelona-blog-culture-merce-2017.webp","articleSection":["Culture"],"inLanguage":"en-US"},{"@type":"WebPage","@id":"https:\/\/hotelarclarambla.com\/agenda\/en\/culture\/merce-2017-how-to-enjoy-festa-major-barcelona\/","url":"https:\/\/hotelarclarambla.com\/agenda\/en\/culture\/merce-2017-how-to-enjoy-festa-major-barcelona\/","name":"La Merc\u00e8 2017, how to enjoy the Festa Major of Barcelona | Hotel Arc La Rambla Barcelona","isPartOf":{"@id":"https:\/\/hotelarclarambla.com\/agenda\/#website"},"primaryImageOfPage":{"@id":"https:\/\/hotelarclarambla.com\/agenda\/en\/culture\/merce-2017-how-to-enjoy-festa-major-barcelona\/#primaryimage"},"image":{"@id":"https:\/\/hotelarclarambla.com\/agenda\/en\/culture\/merce-2017-how-to-enjoy-festa-major-barcelona\/#primaryimage"},"thumbnailUrl":"https:\/\/hotelarclarambla.com\/agenda\/wp-content\/uploads\/2023\/05\/hotel-arc-rambla-barcelona-blog-culture-merce-2017.webp","datePublished":"2023-05-04T12:55:21+00:00","dateModified":"2023-06-23T07:36:45+00:00","author":{"@id":"https:\/\/hotelarclarambla.com\/agenda\/#\/schema\/person\/96fc858617d3ad4c54fe32d67fad87fd"},"description":"La Merc\u00e8 2017, how to enjoy the Festa Major of Barcelona, If you scroll down you'll find the main events of La Merc\u00e8 2017.","breadcrumb":{"@id":"https:\/\/hotelarclarambla.com\/agenda\/en\/culture\/merce-2017-how-to-enjoy-festa-major-barcelona\/#breadcrumb"},"inLanguage":"en-US","potentialAction":[{"@type":"ReadAction","target":["https:\/\/hotelarclarambla.com\/agenda\/en\/culture\/merce-2017-how-to-enjoy-festa-major-barcelona\/"]}]},{"@type":"ImageObject","inLanguage":"en-US","@id":"https:\/\/hotelarclarambla.com\/agenda\/en\/culture\/merce-2017-how-to-enjoy-festa-major-barcelona\/#primaryimage","url":"https:\/\/hotelarclarambla.com\/agenda\/wp-content\/uploads\/2023\/05\/hotel-arc-rambla-barcelona-blog-culture-merce-2017.webp","contentUrl":"https:\/\/hotelarclarambla.com\/agenda\/wp-content\/uploads\/2023\/05\/hotel-arc-rambla-barcelona-blog-culture-merce-2017.webp","width":980,"height":653},{"@type":"BreadcrumbList","@id":"https:\/\/hotelarclarambla.com\/agenda\/en\/culture\/merce-2017-how-to-enjoy-festa-major-barcelona\/#breadcrumb","itemListElement":[{"@type":"ListItem","position":1,"name":"Portada","item":"https:\/\/hotelarclarambla.com\/agenda\/"},{"@type":"ListItem","position":2,"name":"La Merc\u00e8 2017, how to enjoy the Festa Major of Barcelona"}]},{"@type":"WebSite","@id":"https:\/\/hotelarclarambla.com\/agenda\/#website","url":"https:\/\/hotelarclarambla.com\/agenda\/","name":"Hotel Arc La Rambla Blog","description":"El blog de Hotel Arc","potentialAction":[{"@type":"SearchAction","target":{"@type":"EntryPoint","urlTemplate":"https:\/\/hotelarclarambla.com\/agenda\/?s={search_term_string}"},"query-input":{"@type":"PropertyValueSpecification","valueRequired":true,"valueName":"search_term_string"}}],"inLanguage":"en-US"},{"@type":"Person","@id":"https:\/\/hotelarclarambla.com\/agenda\/#\/schema\/person\/96fc858617d3ad4c54fe32d67fad87fd","name":"Hotel Arc La Rambla","image":{"@type":"ImageObject","inLanguage":"en-US","@id":"https:\/\/secure.gravatar.com\/avatar\/9d9abe731057a6740ba070541e750e98b5a7e266df10aa555405439d4f98c659?s=96&d=mm&r=g","url":"https:\/\/secure.gravatar.com\/avatar\/9d9abe731057a6740ba070541e750e98b5a7e266df10aa555405439d4f98c659?s=96&d=mm&r=g","contentUrl":"https:\/\/secure.gravatar.com\/avatar\/9d9abe731057a6740ba070541e750e98b5a7e266df10aa555405439d4f98c659?s=96&d=mm&r=g","caption":"Hotel Arc La Rambla"},"url":"https:\/\/hotelarclarambla.com\/agenda\/en\/author\/hotelarc-editor\/"}]}},"_links":{"self":[{"href":"https:\/\/hotelarclarambla.com\/agenda\/en\/wp-json\/wp\/v2\/posts\/59262","targetHints":{"allow":["GET"]}}],"collection":[{"href":"https:\/\/hotelarclarambla.com\/agenda\/en\/wp-json\/wp\/v2\/posts"}],"about":[{"href":"https:\/\/hotelarclarambla.com\/agenda\/en\/wp-json\/wp\/v2\/types\/post"}],"author":[{"embeddable":true,"href":"https:\/\/hotelarclarambla.com\/agenda\/en\/wp-json\/wp\/v2\/users\/6"}],"replies":[{"embeddable":true,"href":"https:\/\/hotelarclarambla.com\/agenda\/en\/wp-json\/wp\/v2\/comments?post=59262"}],"version-history":[{"count":16,"href":"https:\/\/hotelarclarambla.com\/agenda\/en\/wp-json\/wp\/v2\/posts\/59262\/revisions"}],"predecessor-version":[{"id":238999,"href":"https:\/\/hotelarclarambla.com\/agenda\/en\/wp-json\/wp\/v2\/posts\/59262\/revisions\/238999"}],"wp:featuredmedia":[{"embeddable":true,"href":"https:\/\/hotelarclarambla.com\/agenda\/en\/wp-json\/wp\/v2\/media\/235093"}],"wp:attachment":[{"href":"https:\/\/hotelarclarambla.com\/agenda\/en\/wp-json\/wp\/v2\/media?parent=59262"}],"wp:term":[{"taxonomy":"category","embeddable":true,"href":"https:\/\/hotelarclarambla.com\/agenda\/en\/wp-json\/wp\/v2\/categories?post=59262"},{"taxonomy":"post_tag","embeddable":true,"href":"https:\/\/hotelarclarambla.com\/agenda\/en\/wp-json\/wp\/v2\/tags?post=59262"}],"curies":[{"name":"wp","href":"https:\/\/api.w.org\/{rel}","templated":true}]}}