{"id":241464,"date":"2026-03-26T10:52:30","date_gmt":"2026-03-26T09:52:30","guid":{"rendered":"https:\/\/hotelarclarambla.com\/agenda\/?p=241464"},"modified":"2026-04-10T13:08:32","modified_gmt":"2026-04-10T11:08:32","slug":"grand-tour-de-france-2026-in-barcelona","status":"publish","type":"post","link":"https:\/\/hotelarclarambla.com\/agenda\/en\/sports-events\/grand-tour-de-france-2026-in-barcelona\/","title":{"rendered":"Tour de France 2026 in Barcelona"},"content":{"rendered":"\n<p>In July 2026, Barcelona will transform into the world capital of cycling by hosting the Grand D\u00e9part of the 113th edition of the Tour de France. This historic event marks the third time the Grande Boucle starts in Spain (after San Sebasti\u00e1n in 1992 and Bilbao in 2023), establishing the Catalan city as a global sports hub following the success of the 1992 Olympics and the 2024 America\u2019s Cup.<\/p>\n\n\n\n<blockquote class=\"instagram-media\" data-instgrm-permalink=\"https:\/\/www.instagram.com\/p\/DQJfNtsjXBQ\/?utm_source=ig_embed&amp;utm_campaign=loading\" data-instgrm-version=\"14\" style=\" background:#FFF; border:0; border-radius:3px; box-shadow:0 0 1px 0 rgba(0,0,0,0.5),0 1px 10px 0 rgba(0,0,0,0.15); margin: 1px; max-width:540px; min-width:326px; padding:0; width:99.375%; width:-webkit-calc(100% - 2px); width:calc(100% - 2px);\"><div style=\"padding:16px;\"> <a href=\"https:\/\/www.instagram.com\/p\/DQJfNtsjXBQ\/?utm_source=ig_embed&amp;utm_campaign=loading\" style=\" background:#FFFFFF; line-height:0; padding:0 0; text-align:center; text-decoration:none; width:100%;\" target=\"_blank\"> <div style=\" display: flex; flex-direction: row; align-items: center;\"> <div style=\"background-color: #F4F4F4; border-radius: 50%; flex-grow: 0; height: 40px; margin-right: 14px; width: 40px;\"><\/div> <div style=\"display: flex; flex-direction: column; flex-grow: 1; justify-content: center;\"> <div style=\" background-color: #F4F4F4; border-radius: 4px; flex-grow: 0; height: 14px; margin-bottom: 6px; width: 100px;\"><\/div> <div style=\" background-color: #F4F4F4; border-radius: 4px; flex-grow: 0; height: 14px; width: 60px;\"><\/div><\/div><\/div><div style=\"padding: 19% 0;\"><\/div> <div style=\"display:block; height:50px; margin:0 auto 12px; width:50px;\"><svg width=\"50px\" height=\"50px\" viewBox=\"0 0 60 60\" version=\"1.1\" xmlns=\"https:\/\/www.w3.org\/2000\/svg\" xmlns:xlink=\"https:\/\/www.w3.org\/1999\/xlink\"><g stroke=\"none\" stroke-width=\"1\" fill=\"none\" fill-rule=\"evenodd\"><g transform=\"translate(-511.000000, -20.000000)\" fill=\"#000000\"><g><path d=\"M556.869,30.41 C554.814,30.41 553.148,32.076 553.148,34.131 C553.148,36.186 554.814,37.852 556.869,37.852 C558.924,37.852 560.59,36.186 560.59,34.131 C560.59,32.076 558.924,30.41 556.869,30.41 M541,60.657 C535.114,60.657 530.342,55.887 530.342,50 C530.342,44.114 535.114,39.342 541,39.342 C546.887,39.342 551.658,44.114 551.658,50 C551.658,55.887 546.887,60.657 541,60.657 M541,33.886 C532.1,33.886 524.886,41.1 524.886,50 C524.886,58.899 532.1,66.113 541,66.113 C549.9,66.113 557.115,58.899 557.115,50 C557.115,41.1 549.9,33.886 541,33.886 M565.378,62.101 C565.244,65.022 564.756,66.606 564.346,67.663 C563.803,69.06 563.154,70.057 562.106,71.106 C561.058,72.155 560.06,72.803 558.662,73.347 C557.607,73.757 556.021,74.244 553.102,74.378 C549.944,74.521 548.997,74.552 541,74.552 C533.003,74.552 532.056,74.521 528.898,74.378 C525.979,74.244 524.393,73.757 523.338,73.347 C521.94,72.803 520.942,72.155 519.894,71.106 C518.846,70.057 518.197,69.06 517.654,67.663 C517.244,66.606 516.755,65.022 516.623,62.101 C516.479,58.943 516.448,57.996 516.448,50 C516.448,42.003 516.479,41.056 516.623,37.899 C516.755,34.978 517.244,33.391 517.654,32.338 C518.197,30.938 518.846,29.942 519.894,28.894 C520.942,27.846 521.94,27.196 523.338,26.654 C524.393,26.244 525.979,25.756 528.898,25.623 C532.057,25.479 533.004,25.448 541,25.448 C548.997,25.448 549.943,25.479 553.102,25.623 C556.021,25.756 557.607,26.244 558.662,26.654 C560.06,27.196 561.058,27.846 562.106,28.894 C563.154,29.942 563.803,30.938 564.346,32.338 C564.756,33.391 565.244,34.978 565.378,37.899 C565.522,41.056 565.552,42.003 565.552,50 C565.552,57.996 565.522,58.943 565.378,62.101 M570.82,37.631 C570.674,34.438 570.167,32.258 569.425,30.349 C568.659,28.377 567.633,26.702 565.965,25.035 C564.297,23.368 562.623,22.342 560.652,21.575 C558.743,20.834 556.562,20.326 553.369,20.18 C550.169,20.033 549.148,20 541,20 C532.853,20 531.831,20.033 528.631,20.18 C525.438,20.326 523.257,20.834 521.349,21.575 C519.376,22.342 517.703,23.368 516.035,25.035 C514.368,26.702 513.342,28.377 512.574,30.349 C511.834,32.258 511.326,34.438 511.181,37.631 C511.035,40.831 511,41.851 511,50 C511,58.147 511.035,59.17 511.181,62.369 C511.326,65.562 511.834,67.743 512.574,69.651 C513.342,71.625 514.368,73.296 516.035,74.965 C517.703,76.634 519.376,77.658 521.349,78.425 C523.257,79.167 525.438,79.673 528.631,79.82 C531.831,79.965 532.853,80.001 541,80.001 C549.148,80.001 550.169,79.965 553.369,79.82 C556.562,79.673 558.743,79.167 560.652,78.425 C562.623,77.658 564.297,76.634 565.965,74.965 C567.633,73.296 568.659,71.625 569.425,69.651 C570.167,67.743 570.674,65.562 570.82,62.369 C570.966,59.17 571,58.147 571,50 C571,41.851 570.966,40.831 570.82,37.631\"><\/path><\/g><\/g><\/g><\/svg><\/div><div style=\"padding-top: 8px;\"> <div style=\" color:#3897f0; font-family:Arial,sans-serif; font-size:14px; font-style:normal; font-weight:550; line-height:18px;\">Ver esta publicaci\u00f3n en Instagram<\/div><\/div><div style=\"padding: 12.5% 0;\"><\/div> <div style=\"display: flex; flex-direction: row; margin-bottom: 14px; align-items: center;\"><div> <div style=\"background-color: #F4F4F4; border-radius: 50%; height: 12.5px; width: 12.5px; transform: translateX(0px) translateY(7px);\"><\/div> <div style=\"background-color: #F4F4F4; height: 12.5px; transform: rotate(-45deg) translateX(3px) translateY(1px); width: 12.5px; flex-grow: 0; margin-right: 14px; margin-left: 2px;\"><\/div> <div style=\"background-color: #F4F4F4; border-radius: 50%; height: 12.5px; width: 12.5px; transform: translateX(9px) translateY(-18px);\"><\/div><\/div><div style=\"margin-left: 8px;\"> <div style=\" background-color: #F4F4F4; border-radius: 50%; flex-grow: 0; height: 20px; width: 20px;\"><\/div> <div style=\" width: 0; height: 0; border-top: 2px solid transparent; border-left: 6px solid #f4f4f4; border-bottom: 2px solid transparent; transform: translateX(16px) translateY(-4px) rotate(30deg)\"><\/div><\/div><div style=\"margin-left: auto;\"> <div style=\" width: 0px; border-top: 8px solid #F4F4F4; border-right: 8px solid transparent; transform: translateY(16px);\"><\/div> <div style=\" background-color: #F4F4F4; flex-grow: 0; height: 12px; width: 16px; transform: translateY(-4px);\"><\/div> <div style=\" width: 0; height: 0; border-top: 8px solid #F4F4F4; border-left: 8px solid transparent; transform: translateY(-4px) translateX(8px);\"><\/div><\/div><\/div> <div style=\"display: flex; flex-direction: column; flex-grow: 1; justify-content: center; margin-bottom: 24px;\"> <div style=\" background-color: #F4F4F4; border-radius: 4px; flex-grow: 0; height: 14px; margin-bottom: 6px; width: 224px;\"><\/div> <div style=\" background-color: #F4F4F4; border-radius: 4px; flex-grow: 0; height: 14px; width: 144px;\"><\/div><\/div><\/a><p style=\" color:#c9c8cd; font-family:Arial,sans-serif; font-size:14px; line-height:17px; margin-bottom:0; margin-top:8px; overflow:hidden; padding:8px 0 7px; text-align:center; text-overflow:ellipsis; white-space:nowrap;\"><a href=\"https:\/\/www.instagram.com\/p\/DQJfNtsjXBQ\/?utm_source=ig_embed&amp;utm_campaign=loading\" style=\" color:#c9c8cd; font-family:Arial,sans-serif; font-size:14px; font-style:normal; font-weight:normal; line-height:17px; text-decoration:none;\" target=\"_blank\">Una publicaci\u00f3n compartida de Tour de France\u2122 (@letourdefrance)<\/a><\/p><\/div><\/blockquote>\n<script async src=\"\/\/www.instagram.com\/embed.js\"><\/script>\n\n\n\n<h2 class=\"wp-block-heading\">Tour de France in Barcelona<\/h2>\n\n\n\n<p>The 2026 Tour will start in Barcelona with a 19 km team time trial. This hasn\u2019t happened since 1971, 55 years ago.<\/p>\n\n\n\n<h2 class=\"wp-block-heading\">Route of the first stages of the 2026 Tour de France in Barcelona<\/h2>\n\n\n\n<h3 class=\"wp-block-heading\">Stage 1: Team Time Trial (July 4)<\/h3>\n\n\n\n<figure class=\"wp-block-embed is-type-video is-provider-youtube wp-block-embed-youtube wp-embed-aspect-16-9 wp-has-aspect-ratio\"><div class=\"wp-block-embed__wrapper\">\n<iframe loading=\"lazy\" title=\"Etapa 1 Tour de France\u2122\ufe0f 2026\" width=\"1080\" height=\"608\" src=\"https:\/\/www.youtube.com\/embed\/wsjeCu22zys?feature=oembed&#038;enablejsapi=1&#038;origin=https:\/\/hotelarclarambla.com\"  allow=\"accelerometer; autoplay; clipboard-write; encrypted-media; gyroscope; picture-in-picture; web-share\" referrerpolicy=\"strict-origin-when-cross-origin\" allowfullscreen><\/iframe>\n<\/div><\/figure>\n\n\n\n<ul class=\"wp-block-list\">\n<li><strong>Route:<\/strong> Barcelona &gt; Barcelona (19.7 km)<\/li>\n\n\n\n<li><strong>Highlights:<\/strong> A technical time trial along Barcelona\u2019s coastline, passing by the Sagrada Fam\u00edlia. The finish will be epic with a double climb up Montju\u00efc, ending in front of the Llu\u00eds Companys Olympic Stadium.<\/li>\n\n\n\n<li><strong>Historical fact:<\/strong> It\u2019s the first time in 55 years (since 1971) that the Tour starts with a team time trial.<\/li>\n<\/ul>\n\n\n\n<blockquote class=\"twitter-tweet\" data-media-max-width=\"560\"><p lang=\"en\" dir=\"ltr\">\ud83d\udc9b <a href=\"https:\/\/twitter.com\/hashtag\/TDF2026?src=hash&amp;ref_src=twsrc%5Etfw\">#TDF2026<\/a> Stage 1 <br>\ud83d\uddd3\ufe0f July 4. 2026<br><br>\ud83d\udea9 Barcelone &#8211; Barcelone \ud83c\udfc1<br>\ud83d\udccf 19.7km <br><br>\u23f1\ufe0f The team time trial returns to the Tour! And it will be in the same format as at <a href=\"https:\/\/twitter.com\/hashtag\/ParisNice?src=hash&amp;ref_src=twsrc%5Etfw\">#ParisNice<\/a> for the last 3 years: stage classification based on the first rider in each team, but individual time\u2026 <a href=\"https:\/\/t.co\/BDcus1dWj9\">pic.twitter.com\/BDcus1dWj9<\/a><\/p>&mdash; Tour de France\u2122 (@LeTour) <a href=\"https:\/\/twitter.com\/LeTour\/status\/1894459830368182404?ref_src=twsrc%5Etfw\">February 25, 2025<\/a><\/blockquote> <script async src=\"https:\/\/platform.twitter.com\/widgets.js\" charset=\"utf-8\"><\/script>\n\n\n\n<p><strong>Detailed Route: Stage 1 (July 4, 2026)<\/strong><\/p>\n\n\n\n<ul class=\"wp-block-list\">\n<li><strong>Start point:<\/strong> Parc del F\u00f2rum. Teams will depart from this modern seaside space, serving as a technical and warm-up zone.<\/li>\n\n\n\n<li><strong>Seafront and Olympic Port:<\/strong> The peloton will ride at high speed along the coast, passing the renovated Olympic Port, a flat and fast section ideal for specialists.<\/li>\n\n\n\n<li><strong>Through L\u2019Eixample:<\/strong> The race will enter Cerd\u00e0\u2019s grid, providing one of the most iconic images of the Tour.<\/li>\n\n\n\n<li><strong>Passing the Sagrada Fam\u00edlia:<\/strong> The route circles Gaud\u00ed\u2019s temple (whose central tower is expected to be completed in 2026), a major visual highlight for international TV.<\/li>\n\n\n\n<li><strong>Passeig de Gr\u00e0cia:<\/strong> Riders pass by Casa Batll\u00f3 and Casa Mil\u00e0 (La Pedrera), connecting modernist architecture with elite competition.<\/li>\n\n\n\n<li><strong>Avinguda Diagonal and Pla\u00e7a Espanya:<\/strong> The final approach to the climb, where speed decreases in preparation for the ascent.<\/li>\n\n\n\n<li><strong>Montju\u00efc climb:<\/strong> The decisive section of the stage, a technical 1.1 km climb averaging 5% gradient.<\/li>\n\n\n\n<li><strong>Finish:<\/strong> Llu\u00eds Companys Olympic Stadium. After a final 800 m effort at 7%, the first stage winner will be crowned in front of the iconic 1992 Olympics venue.<\/li>\n<\/ul>\n\n\n\n<h3 class=\"wp-block-heading\">Stage 2: Tarragona to Barcelona (July 5)<\/h3>\n\n\n\n<figure class=\"wp-block-embed is-type-video is-provider-youtube wp-block-embed-youtube wp-embed-aspect-16-9 wp-has-aspect-ratio\"><div class=\"wp-block-embed__wrapper\">\n<iframe loading=\"lazy\" title=\"Etapa 2 Tour de France\u2122\ufe0f 2026\" width=\"1080\" height=\"608\" src=\"https:\/\/www.youtube.com\/embed\/WA4W-w5KFb8?feature=oembed&#038;enablejsapi=1&#038;origin=https:\/\/hotelarclarambla.com\"  allow=\"accelerometer; autoplay; clipboard-write; encrypted-media; gyroscope; picture-in-picture; web-share\" referrerpolicy=\"strict-origin-when-cross-origin\" allowfullscreen><\/iframe>\n<\/div><\/figure>\n\n\n\n<ul class=\"wp-block-list\">\n<li><strong>Route:<\/strong> Tarragona &gt; Barcelona (178.4 km)<\/li>\n\n\n\n<li><strong>The challenge:<\/strong> After leaving Imperial Tarraco, the peloton will cross the Garraf coast and Sitges to enter Barcelona. The final circuit includes three climbs to Montju\u00efc Castle, with gradients up to 13%, guaranteeing an exciting spectacle for attackers.<\/li>\n<\/ul>\n\n\n\n<p><strong>Detailed Itinerary: Stage 2 (Tarragona &gt; Barcelona)<\/strong><\/p>\n\n\n\n<ul class=\"wp-block-list\">\n<li><strong>Start:<\/strong> Tarragona (UNESCO World Heritage Site). Departure by the Roman Amphitheatre, a spectacular start combining history and sport.<\/li>\n\n\n\n<li><strong>Garraf Coast:<\/strong> The race moves along the Mediterranean coast, passing iconic towns like El Vendrell, Calafell, and the photogenic Sitges.<\/li>\n\n\n\n<li><strong>Garraf Coastal technical section:<\/strong> A twisty section along the cliffs testing peloton control before entering the metropolitan area.<\/li>\n\n\n\n<li><strong>Entering Barcelona via Gran Via:<\/strong> After Castelldefels and L\u2019Hospitalet, riders enter the city via Gran Via de les Corts Catalanes, heading directly to the \u201cmagic mountain.\u201d<\/li>\n\n\n\n<li><strong>Final Circuit at Montju\u00efc (\u201cThe Wall\u201d):<\/strong> The stage becomes epic here. Riders complete a demanding circuit with 3 consecutive climbs to Montju\u00efc Castle.<\/li>\n\n\n\n<li><strong>Passing the Olympic Stadium:<\/strong> On each lap, riders pass the Olympic Ring, allowing spectators to see their favorites multiple times.<\/li>\n\n\n\n<li><strong>13% gradients:<\/strong> The castle climb is short but brutal, with max gradients of 13%, where favorites are expected to launch decisive attacks.<\/li>\n\n\n\n<li><strong>Finish:<\/strong> Montju\u00efc Castle. The winner is crowned at the top, with the best panoramic views of Barcelona as the backdrop.<\/li>\n<\/ul>\n\n\n\n<h3 class=\"wp-block-heading\">Stage 3: Departure from Granollers (July 6)<\/h3>\n\n\n\n<figure class=\"wp-block-embed is-type-video is-provider-youtube wp-block-embed-youtube wp-embed-aspect-16-9 wp-has-aspect-ratio\"><div class=\"wp-block-embed__wrapper\">\n<iframe loading=\"lazy\" title=\"Etapa 3 Tour de France\u2122\ufe0f 2026\" width=\"1080\" height=\"608\" src=\"https:\/\/www.youtube.com\/embed\/1QCrZChbKRc?feature=oembed&#038;enablejsapi=1&#038;origin=https:\/\/hotelarclarambla.com\"  allow=\"accelerometer; autoplay; clipboard-write; encrypted-media; gyroscope; picture-in-picture; web-share\" referrerpolicy=\"strict-origin-when-cross-origin\" allowfullscreen><\/iframe>\n<\/div><\/figure>\n\n\n\n<p><br>The Tour caravan will leave the province of Barcelona from Granollers heading north, completing a 100% Catalan start.<\/p>\n\n\n\n<h2 class=\"wp-block-heading\">Event Calendar: Plan Your Stay in Barcelona<\/h2>\n\n\n\n<p>Plan your stay in Barcelona and enjoy one of the most exciting sporting events of the year by staying at our hotel.<\/p>\n\n\n\n<figure class=\"wp-block-table\"><table class=\"has-fixed-layout\"><thead><tr><th>Date<\/th><th>Event<\/th><th>Short Description<\/th><\/tr><\/thead><tbody><tr><td>July 2<\/td><td>Team Presentation<\/td><td>Meet the cyclists and participating teams<\/td><\/tr><tr><td>July 4<\/td><td>Stage 1 \u2013 Barcelona<\/td><td>Tour start in the city<\/td><\/tr><tr><td>July 5<\/td><td>Stage 2 \u2013 Tarragona &gt; Barcelona<\/td><td>Spectacular ride into Barcelona<\/td><\/tr><tr><td>July 6<\/td><td>Departure to Granollers<\/td><td>Tour continues to the next stage<\/td><\/tr><\/tbody><\/table><\/figure>\n\n\n\n<p>Whether you are a cycling fan or just want to experience a unique event, this is the perfect time to visit Barcelona.<\/p>\n\n\n\n<h2 class=\"wp-block-heading\">Book your hotel in Barcelona for the Tour de France with a 15% discount<\/h2>\n\n\n\n<figure class=\"wp-block-image size-full\"><a href=\"https:\/\/hotelarclarambla.com\/bookingstep1?clientCode=ARCBLOG&amp;idtokenprovider=10760133&amp;checkin=26%2F03%2F2026&amp;nights=1&amp;parties=W3siYWR1bHRzIjoyLCJjaGlsZHJlbiI6W119XQ%3D%3D&amp;lang=en&amp;locale=en-GB\" target=\"_blank\" rel=\" noreferrer noopener\"><img loading=\"lazy\" decoding=\"async\" width=\"1200\" height=\"400\" src=\"https:\/\/hotelarclarambla.com\/agenda\/wp-content\/uploads\/2026\/03\/BANNER-ARCBLOG-DISCOUNT-15-EN.webp\" alt=\"\" class=\"wp-image-241298\" srcset=\"https:\/\/hotelarclarambla.com\/agenda\/wp-content\/uploads\/2026\/03\/BANNER-ARCBLOG-DISCOUNT-15-EN.webp 1200w, https:\/\/hotelarclarambla.com\/agenda\/wp-content\/uploads\/2026\/03\/BANNER-ARCBLOG-DISCOUNT-15-EN-980x327.webp 980w, https:\/\/hotelarclarambla.com\/agenda\/wp-content\/uploads\/2026\/03\/BANNER-ARCBLOG-DISCOUNT-15-EN-480x160.webp 480w\" sizes=\"(min-width: 0px) and (max-width: 480px) 480px, (min-width: 481px) and (max-width: 980px) 980px, (min-width: 981px) 1200px, 100vw\" \/><\/a><figcaption class=\"wp-element-caption\"><a href=\"https:\/\/hotelarclarambla.com\/bookingstep1?idtokenprovider=10760133&amp;lang=en&amp;clientCode=ARCBLOG\"><strong>Promotional code: ARCBLOG<\/strong><\/a><\/figcaption><\/figure>\n\n\n\n<h2 class=\"wp-block-heading\">Stay at Hotel Arc la Rambla, Your Base for the Tour de France in Barcelona<\/h2>\n\n\n\n<p><a href=\"https:\/\/hotelarclarambla.com\/en\">For the 2026 Tour in Barcelona, location is key. Hotel Arc la Rambla is strategically placed at the heart of the event<\/a>:<\/p>\n\n\n\n<ul class=\"wp-block-list\">\n<li><strong>Premium Location:<\/strong> Located on Las Ramblas, just steps from Passeig de Col\u00f3n (Stage 1 route) with direct access to Montju\u00efc.<\/li>\n\n\n\n<li><strong>Cyclist &amp; Fan Logistics:<\/strong> Quick connections to public transport to follow the race at different points.<\/li>\n\n\n\n<li><strong>Experience the Atmosphere:<\/strong> Surrounded by fan zones and the festive vibe filling the city center.<\/li>\n<\/ul>\n\n\n\n<figure class=\"wp-block-gallery has-nested-images columns-default is-cropped wp-block-gallery-1 is-layout-flex wp-block-gallery-is-layout-flex\">\n<figure class=\"wp-block-image size-large\"><a href=\"https:\/\/hotelarclarambla.com\/bookingstep1?clientCode=ARCBLOG&amp;idtokenprovider=10760133&amp;checkin=26%2F03%2F2026&amp;nights=1&amp;parties=W3siYWR1bHRzIjoyLCJjaGlsZHJlbiI6W119XQ%3D%3D&amp;lang=en&amp;locale=en-GB\" target=\"_blank\" rel=\" noreferrer noopener\"><img loading=\"lazy\" decoding=\"async\" width=\"1024\" height=\"536\" data-id=\"241415\" src=\"https:\/\/hotelarclarambla.com\/agenda\/wp-content\/uploads\/2026\/03\/habitacion-de-hotel-en-barcelona-1024x536.webp\" alt=\"\" class=\"wp-image-241415\" srcset=\"https:\/\/hotelarclarambla.com\/agenda\/wp-content\/uploads\/2026\/03\/habitacion-de-hotel-en-barcelona-1024x536.webp 1024w, https:\/\/hotelarclarambla.com\/agenda\/wp-content\/uploads\/2026\/03\/habitacion-de-hotel-en-barcelona-980x513.webp 980w, https:\/\/hotelarclarambla.com\/agenda\/wp-content\/uploads\/2026\/03\/habitacion-de-hotel-en-barcelona-480x251.webp 480w\" sizes=\"(min-width: 0px) and (max-width: 480px) 480px, (min-width: 481px) and (max-width: 980px) 980px, (min-width: 981px) 1024px, 100vw\" \/><\/a><\/figure>\n\n\n\n<figure class=\"wp-block-image size-large\"><a href=\"https:\/\/hotelarclarambla.com\/bookingstep1?clientCode=ARCBLOG&amp;idtokenprovider=10760133&amp;checkin=26%2F03%2F2026&amp;nights=1&amp;parties=W3siYWR1bHRzIjoyLCJjaGlsZHJlbiI6W119XQ%3D%3D&amp;lang=en&amp;locale=en-GB\" target=\"_blank\" rel=\" noreferrer noopener\"><img loading=\"lazy\" decoding=\"async\" width=\"1024\" height=\"536\" data-id=\"241427\" src=\"https:\/\/hotelarclarambla.com\/agenda\/wp-content\/uploads\/2026\/03\/hotel-en-la-rambla-de-barcelona-1024x536.webp\" alt=\"\" class=\"wp-image-241427\" srcset=\"https:\/\/hotelarclarambla.com\/agenda\/wp-content\/uploads\/2026\/03\/hotel-en-la-rambla-de-barcelona-1024x536.webp 1024w, https:\/\/hotelarclarambla.com\/agenda\/wp-content\/uploads\/2026\/03\/hotel-en-la-rambla-de-barcelona-980x513.webp 980w, https:\/\/hotelarclarambla.com\/agenda\/wp-content\/uploads\/2026\/03\/hotel-en-la-rambla-de-barcelona-480x251.webp 480w\" sizes=\"(min-width: 0px) and (max-width: 480px) 480px, (min-width: 481px) and (max-width: 980px) 980px, (min-width: 981px) 1024px, 100vw\" \/><\/a><\/figure>\n\n\n\n<figure class=\"wp-block-image size-large\"><a href=\"https:\/\/hotelarclarambla.com\/bookingstep1?clientCode=ARCBLOG&amp;idtokenprovider=10760133&amp;checkin=26%2F03%2F2026&amp;nights=1&amp;parties=W3siYWR1bHRzIjoyLCJjaGlsZHJlbiI6W119XQ%3D%3D&amp;lang=en&amp;locale=en-GB\" target=\"_blank\" rel=\" noreferrer noopener\"><img loading=\"lazy\" decoding=\"async\" width=\"1024\" height=\"536\" data-id=\"241433\" src=\"https:\/\/hotelarclarambla.com\/agenda\/wp-content\/uploads\/2026\/03\/hotel-en-el-gotic-1024x536.webp\" alt=\"\" class=\"wp-image-241433\" srcset=\"https:\/\/hotelarclarambla.com\/agenda\/wp-content\/uploads\/2026\/03\/hotel-en-el-gotic-1024x536.webp 1024w, https:\/\/hotelarclarambla.com\/agenda\/wp-content\/uploads\/2026\/03\/hotel-en-el-gotic-980x513.webp 980w, https:\/\/hotelarclarambla.com\/agenda\/wp-content\/uploads\/2026\/03\/hotel-en-el-gotic-480x251.webp 480w\" sizes=\"(min-width: 0px) and (max-width: 480px) 480px, (min-width: 481px) and (max-width: 980px) 980px, (min-width: 981px) 1024px, 100vw\" \/><\/a><\/figure>\n\n\n\n<figure class=\"wp-block-image size-large\"><a href=\"https:\/\/hotelarclarambla.com\/bookingstep1?clientCode=ARCBLOG&amp;idtokenprovider=10760133&amp;checkin=26%2F03%2F2026&amp;nights=1&amp;parties=W3siYWR1bHRzIjoyLCJjaGlsZHJlbiI6W119XQ%3D%3D&amp;lang=en&amp;locale=en-GB\" target=\"_blank\" rel=\" noreferrer noopener\"><img loading=\"lazy\" decoding=\"async\" width=\"1024\" height=\"536\" data-id=\"241439\" src=\"https:\/\/hotelarclarambla.com\/agenda\/wp-content\/uploads\/2026\/03\/hotel-barcelona-hotel-arc-la-rambla-1024x536.webp\" alt=\"\" class=\"wp-image-241439\" srcset=\"https:\/\/hotelarclarambla.com\/agenda\/wp-content\/uploads\/2026\/03\/hotel-barcelona-hotel-arc-la-rambla-1024x536.webp 1024w, https:\/\/hotelarclarambla.com\/agenda\/wp-content\/uploads\/2026\/03\/hotel-barcelona-hotel-arc-la-rambla-980x513.webp 980w, https:\/\/hotelarclarambla.com\/agenda\/wp-content\/uploads\/2026\/03\/hotel-barcelona-hotel-arc-la-rambla-480x251.webp 480w\" sizes=\"(min-width: 0px) and (max-width: 480px) 480px, (min-width: 481px) and (max-width: 980px) 980px, (min-width: 981px) 1024px, 100vw\" \/><\/a><\/figure>\n\n\n\n<figure class=\"wp-block-image size-large\"><a href=\"https:\/\/hotelarclarambla.com\/bookingstep1?clientCode=ARCBLOG&amp;idtokenprovider=10760133&amp;checkin=26%2F03%2F2026&amp;nights=1&amp;parties=W3siYWR1bHRzIjoyLCJjaGlsZHJlbiI6W119XQ%3D%3D&amp;lang=en&amp;locale=en-GB\" target=\"_blank\" rel=\" noreferrer noopener\"><img loading=\"lazy\" decoding=\"async\" width=\"1024\" height=\"536\" data-id=\"241421\" src=\"https:\/\/hotelarclarambla.com\/agenda\/wp-content\/uploads\/2026\/03\/terraza-de-hotel-en-la-rambla-1024x536.webp\" alt=\"\" class=\"wp-image-241421\" srcset=\"https:\/\/hotelarclarambla.com\/agenda\/wp-content\/uploads\/2026\/03\/terraza-de-hotel-en-la-rambla-1024x536.webp 1024w, https:\/\/hotelarclarambla.com\/agenda\/wp-content\/uploads\/2026\/03\/terraza-de-hotel-en-la-rambla-980x513.webp 980w, https:\/\/hotelarclarambla.com\/agenda\/wp-content\/uploads\/2026\/03\/terraza-de-hotel-en-la-rambla-480x251.webp 480w\" sizes=\"(min-width: 0px) and (max-width: 480px) 480px, (min-width: 481px) and (max-width: 980px) 980px, (min-width: 981px) 1024px, 100vw\" \/><\/a><\/figure>\n<\/figure>\n\n\n\n<p>For more details on the 2026 edition, check the <a href=\"https:\/\/www.letour.barcelona\/en\">official Grand D\u00e9part Barcelona website<\/a> or the general <a href=\"https:\/\/www.letour.fr\/en\" target=\"_blank\" rel=\"noreferrer noopener nofollow\">Le Tour de France site<\/a>.<\/p>\n\n\n\n<h2 class=\"wp-block-heading\">How to Sign Up as a Volunteer for the Tour de France in Barcelona<\/h2>\n\n\n\n<p>Registration is exclusively online via the official portal <a href=\"https:\/\/letour.barcelona\" target=\"_blank\" rel=\"noreferrer noopener nofollow\">letour.barcelona<\/a>. Fill out the form with your personal information, available dates (July 4, 5, or 6), and preferred zones (Barcelona city, Tarragona, or Granollers).<\/p>\n\n\n\n<script type=\"application\/ld+json\">\n{\n  \"@context\": \"https:\/\/schema.org\",\n  \"@type\": \"SportsEvent\",\n  \"name\": \"Grand D\u00e9part Tour de France 2026 in Barcelona\",\n  \"startDate\": \"2026-07-04\",\n  \"endDate\": \"2026-07-06\",\n  \"eventStatus\": \"https:\/\/schema.org\/EventScheduled\",\n  \"eventAttendanceMode\": \"https:\/\/schema.org\/OfflineEventAttendanceMode\",\n  \"location\": {\n    \"@type\": \"Place\",\n    \"name\": \"Barcelona\",\n    \"address\": {\n      \"@type\": \"PostalAddress\",\n      \"addressLocality\": \"Barcelona\",\n      \"addressRegion\": \"Catalonia\",\n      \"addressCountry\": \"ES\"\n    }\n  },\n  \"description\": \"In July 2026, Barcelona will host the Grand D\u00e9part of the 113th edition of the Tour de France, featuring initial stages including a team time trial and historic city circuits.\",\n  \"image\": \"https:\/\/example.com\/images\/tour-de-france-barcelona-2026.jpg\",\n  \"organizer\": {\n    \"@type\": \"Organization\",\n    \"name\": \"Le Tour de France\",\n    \"url\": \"https:\/\/www.letour.fr\"\n  },\n  \"subEvent\": [\n    {\n      \"@type\": \"SportsEvent\",\n      \"name\": \"Stage 1 \u2013 Team Time Trial\",\n      \"startDate\": \"2026-07-04T09:00\",\n      \"endDate\": \"2026-07-04T15:00\",\n      \"location\": {\n        \"@type\": \"Place\",\n        \"name\": \"Parc del F\u00f2rum - Estadi Ol\u00edmpic Llu\u00eds Companys\",\n        \"address\": {\n          \"@type\": \"PostalAddress\",\n          \"streetAddress\": \"Parc del F\u00f2rum\",\n          \"addressLocality\": \"Barcelona\",\n          \"addressRegion\": \"Catalonia\",\n          \"addressCountry\": \"ES\"\n        }\n      },\n      \"description\": \"Technical 19.7 km route through Barcelona finishing at Montju\u00efc, passing the Sagrada Fam\u00edlia and Passeig de Gr\u00e0cia.\"\n    },\n    {\n      \"@type\": \"SportsEvent\",\n      \"name\": \"Stage 2 \u2013 Tarragona to Barcelona\",\n      \"startDate\": \"2026-07-05T09:00\",\n      \"endDate\": \"2026-07-05T17:00\",\n      \"location\": {\n        \"@type\": \"Place\",\n        \"name\": \"Tarragona > Barcelona\",\n        \"address\": {\n          \"@type\": \"PostalAddress\",\n          \"addressLocality\": \"Tarragona \/ Barcelona\",\n          \"addressRegion\": \"Catalonia\",\n          \"addressCountry\": \"ES\"\n        }\n      },\n      \"description\": \"178.4 km stage starting at the Roman Amphitheatre in Tarragona, along the Garraf coast, finishing at Montju\u00efc Castle in Barcelona.\"\n    },\n    {\n      \"@type\": \"SportsEvent\",\n      \"name\": \"Stage 3 \u2013 Departure from Granollers northwards\",\n      \"startDate\": \"2026-07-06T09:00\",\n      \"endDate\": \"2026-07-06T15:00\",\n      \"location\": {\n        \"@type\": \"Place\",\n        \"name\": \"Granollers\",\n        \"address\": {\n          \"@type\": \"PostalAddress\",\n          \"addressLocality\": \"Granollers\",\n          \"addressRegion\": \"Catalonia\",\n          \"addressCountry\": \"ES\"\n        }\n      },\n      \"description\": \"Departure from Granollers, continuing the Tour de France\u2019s initial route through the province of Barcelona.\"\n    }\n  ],\n  \"offers\": {\n    \"@type\": \"Offer\",\n    \"url\": \"https:\/\/letour.barcelona\",\n    \"availability\": \"https:\/\/schema.org\/InStock\",\n    \"price\": \"0\",\n    \"priceCurrency\": \"EUR\"\n  }\n}\n<\/script>\n","protected":false},"excerpt":{"rendered":"<p>In July 2026, Barcelona will transform into the world capital of cycling by hosting the Grand D\u00e9part of the 113th edition of the Tour de France. This historic event marks the third time the Grande Boucle starts in Spain (after San Sebasti\u00e1n in 1992 and Bilbao in 2023), establishing the Catalan city as a global [&hellip;]<\/p>\n","protected":false},"author":7,"featured_media":241451,"comment_status":"closed","ping_status":"closed","sticky":false,"template":"","format":"standard","meta":{"_acf_changed":false,"_et_pb_use_builder":"off","_et_pb_old_content":"","_et_gb_content_width":"","inline_featured_image":false,"footnotes":""},"categories":[6439],"tags":[],"class_list":["post-241464","post","type-post","status-publish","format-standard","has-post-thumbnail","hentry","category-sports-events"],"acf":[],"yoast_head":"<!-- This site is optimized with the Yoast SEO plugin v27.4 - https:\/\/yoast.com\/product\/yoast-seo-wordpress\/ -->\n<title>Tour de France 2026 in Barcelona | Hotel 15% discount<\/title>\n<meta name=\"description\" content=\"Experience the 2026 Tour de France Grand D\u00e9part in Barcelona from Hotel Arc la Rambla, close to the city center and race stages.\" \/>\n<meta name=\"robots\" content=\"index, follow, max-snippet:-1, max-image-preview:large, max-video-preview:-1\" \/>\n<link rel=\"canonical\" href=\"https:\/\/hotelarclarambla.com\/agenda\/en\/sports-events\/grand-tour-de-france-2026-in-barcelona\/\" \/>\n<meta property=\"og:locale\" content=\"en_US\" \/>\n<meta property=\"og:type\" content=\"article\" \/>\n<meta property=\"og:title\" content=\"Tour de France 2026 in Barcelona | Hotel 15% discount\" \/>\n<meta property=\"og:description\" content=\"Experience the 2026 Tour de France Grand D\u00e9part in Barcelona from Hotel Arc la Rambla, close to the city center and race stages.\" \/>\n<meta property=\"og:url\" content=\"https:\/\/hotelarclarambla.com\/agenda\/en\/sports-events\/grand-tour-de-france-2026-in-barcelona\/\" \/>\n<meta property=\"og:site_name\" content=\"Hotel Arc La Rambla Blog\" \/>\n<meta property=\"article:published_time\" content=\"2026-03-26T09:52:30+00:00\" \/>\n<meta property=\"article:modified_time\" content=\"2026-04-10T11:08:32+00:00\" \/>\n<meta property=\"og:image\" content=\"https:\/\/hotelarclarambla.com\/agenda\/wp-content\/uploads\/2026\/03\/grand-depart-tour-de-france-barcelone-2026.webp\" \/>\n\t<meta property=\"og:image:width\" content=\"1200\" \/>\n\t<meta property=\"og:image:height\" content=\"628\" \/>\n\t<meta property=\"og:image:type\" content=\"image\/webp\" \/>\n<meta name=\"author\" content=\"admin-blog\" \/>\n<meta name=\"twitter:card\" content=\"summary_large_image\" \/>\n<meta name=\"twitter:label1\" content=\"Written by\" \/>\n\t<meta name=\"twitter:data1\" content=\"admin-blog\" \/>\n\t<meta name=\"twitter:label2\" content=\"Est. reading time\" \/>\n\t<meta name=\"twitter:data2\" content=\"6 minutes\" \/>\n<script type=\"application\/ld+json\" class=\"yoast-schema-graph\">{\"@context\":\"https:\\\/\\\/schema.org\",\"@graph\":[{\"@type\":\"Article\",\"@id\":\"https:\\\/\\\/hotelarclarambla.com\\\/agenda\\\/en\\\/sports-events\\\/grand-tour-de-france-2026-in-barcelona\\\/#article\",\"isPartOf\":{\"@id\":\"https:\\\/\\\/hotelarclarambla.com\\\/agenda\\\/en\\\/sports-events\\\/grand-tour-de-france-2026-in-barcelona\\\/\"},\"author\":{\"name\":\"admin-blog\",\"@id\":\"https:\\\/\\\/hotelarclarambla.com\\\/agenda\\\/#\\\/schema\\\/person\\\/d8f3a3360be85a78d724ebd6c3120a76\"},\"headline\":\"Tour de France 2026 in Barcelona\",\"datePublished\":\"2026-03-26T09:52:30+00:00\",\"dateModified\":\"2026-04-10T11:08:32+00:00\",\"mainEntityOfPage\":{\"@id\":\"https:\\\/\\\/hotelarclarambla.com\\\/agenda\\\/en\\\/sports-events\\\/grand-tour-de-france-2026-in-barcelona\\\/\"},\"wordCount\":952,\"image\":{\"@id\":\"https:\\\/\\\/hotelarclarambla.com\\\/agenda\\\/en\\\/sports-events\\\/grand-tour-de-france-2026-in-barcelona\\\/#primaryimage\"},\"thumbnailUrl\":\"https:\\\/\\\/hotelarclarambla.com\\\/agenda\\\/wp-content\\\/uploads\\\/2026\\\/03\\\/grand-depart-tour-de-france-barcelone-2026.webp\",\"articleSection\":[\"Sports events\"],\"inLanguage\":\"en-US\"},{\"@type\":\"WebPage\",\"@id\":\"https:\\\/\\\/hotelarclarambla.com\\\/agenda\\\/en\\\/sports-events\\\/grand-tour-de-france-2026-in-barcelona\\\/\",\"url\":\"https:\\\/\\\/hotelarclarambla.com\\\/agenda\\\/en\\\/sports-events\\\/grand-tour-de-france-2026-in-barcelona\\\/\",\"name\":\"Tour de France 2026 in Barcelona | Hotel 15% discount\",\"isPartOf\":{\"@id\":\"https:\\\/\\\/hotelarclarambla.com\\\/agenda\\\/#website\"},\"primaryImageOfPage\":{\"@id\":\"https:\\\/\\\/hotelarclarambla.com\\\/agenda\\\/en\\\/sports-events\\\/grand-tour-de-france-2026-in-barcelona\\\/#primaryimage\"},\"image\":{\"@id\":\"https:\\\/\\\/hotelarclarambla.com\\\/agenda\\\/en\\\/sports-events\\\/grand-tour-de-france-2026-in-barcelona\\\/#primaryimage\"},\"thumbnailUrl\":\"https:\\\/\\\/hotelarclarambla.com\\\/agenda\\\/wp-content\\\/uploads\\\/2026\\\/03\\\/grand-depart-tour-de-france-barcelone-2026.webp\",\"datePublished\":\"2026-03-26T09:52:30+00:00\",\"dateModified\":\"2026-04-10T11:08:32+00:00\",\"author\":{\"@id\":\"https:\\\/\\\/hotelarclarambla.com\\\/agenda\\\/#\\\/schema\\\/person\\\/d8f3a3360be85a78d724ebd6c3120a76\"},\"description\":\"Experience the 2026 Tour de France Grand D\u00e9part in Barcelona from Hotel Arc la Rambla, close to the city center and race stages.\",\"breadcrumb\":{\"@id\":\"https:\\\/\\\/hotelarclarambla.com\\\/agenda\\\/en\\\/sports-events\\\/grand-tour-de-france-2026-in-barcelona\\\/#breadcrumb\"},\"inLanguage\":\"en-US\",\"potentialAction\":[{\"@type\":\"ReadAction\",\"target\":[\"https:\\\/\\\/hotelarclarambla.com\\\/agenda\\\/en\\\/sports-events\\\/grand-tour-de-france-2026-in-barcelona\\\/\"]}]},{\"@type\":\"ImageObject\",\"inLanguage\":\"en-US\",\"@id\":\"https:\\\/\\\/hotelarclarambla.com\\\/agenda\\\/en\\\/sports-events\\\/grand-tour-de-france-2026-in-barcelona\\\/#primaryimage\",\"url\":\"https:\\\/\\\/hotelarclarambla.com\\\/agenda\\\/wp-content\\\/uploads\\\/2026\\\/03\\\/grand-depart-tour-de-france-barcelone-2026.webp\",\"contentUrl\":\"https:\\\/\\\/hotelarclarambla.com\\\/agenda\\\/wp-content\\\/uploads\\\/2026\\\/03\\\/grand-depart-tour-de-france-barcelone-2026.webp\",\"width\":1200,\"height\":628,\"caption\":\"Grand D\u00e9part Tour de France \u00e0 Barcelone 2026\"},{\"@type\":\"BreadcrumbList\",\"@id\":\"https:\\\/\\\/hotelarclarambla.com\\\/agenda\\\/en\\\/sports-events\\\/grand-tour-de-france-2026-in-barcelona\\\/#breadcrumb\",\"itemListElement\":[{\"@type\":\"ListItem\",\"position\":1,\"name\":\"Portada\",\"item\":\"https:\\\/\\\/hotelarclarambla.com\\\/agenda\\\/\"},{\"@type\":\"ListItem\",\"position\":2,\"name\":\"Tour de France 2026 in Barcelona\"}]},{\"@type\":\"WebSite\",\"@id\":\"https:\\\/\\\/hotelarclarambla.com\\\/agenda\\\/#website\",\"url\":\"https:\\\/\\\/hotelarclarambla.com\\\/agenda\\\/\",\"name\":\"Hotel Arc La Rambla Blog\",\"description\":\"El blog de Hotel Arc\",\"potentialAction\":[{\"@type\":\"SearchAction\",\"target\":{\"@type\":\"EntryPoint\",\"urlTemplate\":\"https:\\\/\\\/hotelarclarambla.com\\\/agenda\\\/?s={search_term_string}\"},\"query-input\":{\"@type\":\"PropertyValueSpecification\",\"valueRequired\":true,\"valueName\":\"search_term_string\"}}],\"inLanguage\":\"en-US\"},{\"@type\":\"Person\",\"@id\":\"https:\\\/\\\/hotelarclarambla.com\\\/agenda\\\/#\\\/schema\\\/person\\\/d8f3a3360be85a78d724ebd6c3120a76\",\"name\":\"admin-blog\",\"image\":{\"@type\":\"ImageObject\",\"inLanguage\":\"en-US\",\"@id\":\"https:\\\/\\\/secure.gravatar.com\\\/avatar\\\/3db8ac15c57c75a545efde96140dbaf40237bf4b8e1a3c97b6ff05eb84998daa?s=96&d=mm&r=g\",\"url\":\"https:\\\/\\\/secure.gravatar.com\\\/avatar\\\/3db8ac15c57c75a545efde96140dbaf40237bf4b8e1a3c97b6ff05eb84998daa?s=96&d=mm&r=g\",\"contentUrl\":\"https:\\\/\\\/secure.gravatar.com\\\/avatar\\\/3db8ac15c57c75a545efde96140dbaf40237bf4b8e1a3c97b6ff05eb84998daa?s=96&d=mm&r=g\",\"caption\":\"admin-blog\"},\"url\":\"https:\\\/\\\/hotelarclarambla.com\\\/agenda\\\/en\\\/author\\\/admin-blog\\\/\"}]}<\/script>\n<!-- \/ Yoast SEO plugin. -->","yoast_head_json":{"title":"Tour de France 2026 in Barcelona | Hotel 15% discount","description":"Experience the 2026 Tour de France Grand D\u00e9part in Barcelona from Hotel Arc la Rambla, close to the city center and race stages.","robots":{"index":"index","follow":"follow","max-snippet":"max-snippet:-1","max-image-preview":"max-image-preview:large","max-video-preview":"max-video-preview:-1"},"canonical":"https:\/\/hotelarclarambla.com\/agenda\/en\/sports-events\/grand-tour-de-france-2026-in-barcelona\/","og_locale":"en_US","og_type":"article","og_title":"Tour de France 2026 in Barcelona | Hotel 15% discount","og_description":"Experience the 2026 Tour de France Grand D\u00e9part in Barcelona from Hotel Arc la Rambla, close to the city center and race stages.","og_url":"https:\/\/hotelarclarambla.com\/agenda\/en\/sports-events\/grand-tour-de-france-2026-in-barcelona\/","og_site_name":"Hotel Arc La Rambla Blog","article_published_time":"2026-03-26T09:52:30+00:00","article_modified_time":"2026-04-10T11:08:32+00:00","og_image":[{"width":1200,"height":628,"url":"https:\/\/hotelarclarambla.com\/agenda\/wp-content\/uploads\/2026\/03\/grand-depart-tour-de-france-barcelone-2026.webp","type":"image\/webp"}],"author":"admin-blog","twitter_card":"summary_large_image","twitter_misc":{"Written by":"admin-blog","Est. reading time":"6 minutes"},"schema":{"@context":"https:\/\/schema.org","@graph":[{"@type":"Article","@id":"https:\/\/hotelarclarambla.com\/agenda\/en\/sports-events\/grand-tour-de-france-2026-in-barcelona\/#article","isPartOf":{"@id":"https:\/\/hotelarclarambla.com\/agenda\/en\/sports-events\/grand-tour-de-france-2026-in-barcelona\/"},"author":{"name":"admin-blog","@id":"https:\/\/hotelarclarambla.com\/agenda\/#\/schema\/person\/d8f3a3360be85a78d724ebd6c3120a76"},"headline":"Tour de France 2026 in Barcelona","datePublished":"2026-03-26T09:52:30+00:00","dateModified":"2026-04-10T11:08:32+00:00","mainEntityOfPage":{"@id":"https:\/\/hotelarclarambla.com\/agenda\/en\/sports-events\/grand-tour-de-france-2026-in-barcelona\/"},"wordCount":952,"image":{"@id":"https:\/\/hotelarclarambla.com\/agenda\/en\/sports-events\/grand-tour-de-france-2026-in-barcelona\/#primaryimage"},"thumbnailUrl":"https:\/\/hotelarclarambla.com\/agenda\/wp-content\/uploads\/2026\/03\/grand-depart-tour-de-france-barcelone-2026.webp","articleSection":["Sports events"],"inLanguage":"en-US"},{"@type":"WebPage","@id":"https:\/\/hotelarclarambla.com\/agenda\/en\/sports-events\/grand-tour-de-france-2026-in-barcelona\/","url":"https:\/\/hotelarclarambla.com\/agenda\/en\/sports-events\/grand-tour-de-france-2026-in-barcelona\/","name":"Tour de France 2026 in Barcelona | Hotel 15% discount","isPartOf":{"@id":"https:\/\/hotelarclarambla.com\/agenda\/#website"},"primaryImageOfPage":{"@id":"https:\/\/hotelarclarambla.com\/agenda\/en\/sports-events\/grand-tour-de-france-2026-in-barcelona\/#primaryimage"},"image":{"@id":"https:\/\/hotelarclarambla.com\/agenda\/en\/sports-events\/grand-tour-de-france-2026-in-barcelona\/#primaryimage"},"thumbnailUrl":"https:\/\/hotelarclarambla.com\/agenda\/wp-content\/uploads\/2026\/03\/grand-depart-tour-de-france-barcelone-2026.webp","datePublished":"2026-03-26T09:52:30+00:00","dateModified":"2026-04-10T11:08:32+00:00","author":{"@id":"https:\/\/hotelarclarambla.com\/agenda\/#\/schema\/person\/d8f3a3360be85a78d724ebd6c3120a76"},"description":"Experience the 2026 Tour de France Grand D\u00e9part in Barcelona from Hotel Arc la Rambla, close to the city center and race stages.","breadcrumb":{"@id":"https:\/\/hotelarclarambla.com\/agenda\/en\/sports-events\/grand-tour-de-france-2026-in-barcelona\/#breadcrumb"},"inLanguage":"en-US","potentialAction":[{"@type":"ReadAction","target":["https:\/\/hotelarclarambla.com\/agenda\/en\/sports-events\/grand-tour-de-france-2026-in-barcelona\/"]}]},{"@type":"ImageObject","inLanguage":"en-US","@id":"https:\/\/hotelarclarambla.com\/agenda\/en\/sports-events\/grand-tour-de-france-2026-in-barcelona\/#primaryimage","url":"https:\/\/hotelarclarambla.com\/agenda\/wp-content\/uploads\/2026\/03\/grand-depart-tour-de-france-barcelone-2026.webp","contentUrl":"https:\/\/hotelarclarambla.com\/agenda\/wp-content\/uploads\/2026\/03\/grand-depart-tour-de-france-barcelone-2026.webp","width":1200,"height":628,"caption":"Grand D\u00e9part Tour de France \u00e0 Barcelone 2026"},{"@type":"BreadcrumbList","@id":"https:\/\/hotelarclarambla.com\/agenda\/en\/sports-events\/grand-tour-de-france-2026-in-barcelona\/#breadcrumb","itemListElement":[{"@type":"ListItem","position":1,"name":"Portada","item":"https:\/\/hotelarclarambla.com\/agenda\/"},{"@type":"ListItem","position":2,"name":"Tour de France 2026 in Barcelona"}]},{"@type":"WebSite","@id":"https:\/\/hotelarclarambla.com\/agenda\/#website","url":"https:\/\/hotelarclarambla.com\/agenda\/","name":"Hotel Arc La Rambla Blog","description":"El blog de Hotel Arc","potentialAction":[{"@type":"SearchAction","target":{"@type":"EntryPoint","urlTemplate":"https:\/\/hotelarclarambla.com\/agenda\/?s={search_term_string}"},"query-input":{"@type":"PropertyValueSpecification","valueRequired":true,"valueName":"search_term_string"}}],"inLanguage":"en-US"},{"@type":"Person","@id":"https:\/\/hotelarclarambla.com\/agenda\/#\/schema\/person\/d8f3a3360be85a78d724ebd6c3120a76","name":"admin-blog","image":{"@type":"ImageObject","inLanguage":"en-US","@id":"https:\/\/secure.gravatar.com\/avatar\/3db8ac15c57c75a545efde96140dbaf40237bf4b8e1a3c97b6ff05eb84998daa?s=96&d=mm&r=g","url":"https:\/\/secure.gravatar.com\/avatar\/3db8ac15c57c75a545efde96140dbaf40237bf4b8e1a3c97b6ff05eb84998daa?s=96&d=mm&r=g","contentUrl":"https:\/\/secure.gravatar.com\/avatar\/3db8ac15c57c75a545efde96140dbaf40237bf4b8e1a3c97b6ff05eb84998daa?s=96&d=mm&r=g","caption":"admin-blog"},"url":"https:\/\/hotelarclarambla.com\/agenda\/en\/author\/admin-blog\/"}]}},"_links":{"self":[{"href":"https:\/\/hotelarclarambla.com\/agenda\/en\/wp-json\/wp\/v2\/posts\/241464","targetHints":{"allow":["GET"]}}],"collection":[{"href":"https:\/\/hotelarclarambla.com\/agenda\/en\/wp-json\/wp\/v2\/posts"}],"about":[{"href":"https:\/\/hotelarclarambla.com\/agenda\/en\/wp-json\/wp\/v2\/types\/post"}],"author":[{"embeddable":true,"href":"https:\/\/hotelarclarambla.com\/agenda\/en\/wp-json\/wp\/v2\/users\/7"}],"replies":[{"embeddable":true,"href":"https:\/\/hotelarclarambla.com\/agenda\/en\/wp-json\/wp\/v2\/comments?post=241464"}],"version-history":[{"count":7,"href":"https:\/\/hotelarclarambla.com\/agenda\/en\/wp-json\/wp\/v2\/posts\/241464\/revisions"}],"predecessor-version":[{"id":241600,"href":"https:\/\/hotelarclarambla.com\/agenda\/en\/wp-json\/wp\/v2\/posts\/241464\/revisions\/241600"}],"wp:featuredmedia":[{"embeddable":true,"href":"https:\/\/hotelarclarambla.com\/agenda\/en\/wp-json\/wp\/v2\/media\/241451"}],"wp:attachment":[{"href":"https:\/\/hotelarclarambla.com\/agenda\/en\/wp-json\/wp\/v2\/media?parent=241464"}],"wp:term":[{"taxonomy":"category","embeddable":true,"href":"https:\/\/hotelarclarambla.com\/agenda\/en\/wp-json\/wp\/v2\/categories?post=241464"},{"taxonomy":"post_tag","embeddable":true,"href":"https:\/\/hotelarclarambla.com\/agenda\/en\/wp-json\/wp\/v2\/tags?post=241464"}],"curies":[{"name":"wp","href":"https:\/\/api.w.org\/{rel}","templated":true}]}}