{"id":239964,"date":"2024-08-02T09:37:53","date_gmt":"2024-08-02T07:37:53","guid":{"rendered":"https:\/\/hotelarclarambla.com\/agenda\/sin-categorizar\/catalan-modernism-a-journey-through-the-history-of-bcn\/"},"modified":"2024-08-02T09:57:38","modified_gmt":"2024-08-02T07:57:38","slug":"catalan-modernism-a-journey-through-the-history-of-bcn","status":"publish","type":"post","link":"https:\/\/hotelarclarambla.com\/agenda\/en\/things-to-see-in-barcelona-en\/catalan-modernism-a-journey-through-the-history-of-bcn\/","title":{"rendered":"Catalan Modernism: a journey through the history of BCN"},"content":{"rendered":"\n<p>Modernism is closely linked to the modern history of Barcelona. This artistic movement, which flourished at the end of the 19th century and the beginning of the 20th century, transformed the appearance of the city and left a lasting mark on its architecture.&#13;\n<\/p>\n\n<h2 class=\"wp-block-heading\">Catalan Modernism: The artistic revolution of Barcelona<\/h2>\n\n<p><p>Modernism was a cultural and artistic current that emerged in Europe at the end of the 19th century, influenced by the advances of the second industrial revolution. This movement, known in different countries as art nouveau in France or Modern Style in England, found a unique and vibrant expression in Catalonia. Through Modernism, the aim was to <strong>modernize Catalan society<\/strong>, and its maximum expression occurred in architecture, <strong>transforming the urban landscape of Barcelona between 1885 and 1920<\/strong>.<\/p><\/p>\n\n<h2 class=\"wp-block-heading\">Historical context of Modernism<\/h2>\n\n<p><p>During the second half of the 19th century, Barcelona experienced <strong>a series of significant urban and social changes<\/strong>. The demolition of the walls that surrounded the city allowed the expansion of its limits and the development of land outside the walls. In this context, the Eixample neighborhood was born, one of the most emblematic areas of the city. The celebration of the Universal Exposition of 1888 marked a turning point, showing the world the modernity and progress of Barcelona.<\/p><\/p>\n\n<p><p>With these changes, a <strong>new industrial bourgeoisie emerged<\/strong>, wealthy and with a desire to express its status and modernity. Passeig de Gr\u00e0cia, the main artery of Eixample, became the favorite place to build their residences. This bourgeoisie not only sought luxury, but also distinction, which led to an unprecedented architectural effervescence. Modernist houses became status symbols and a means to stand out in social circles. The most prominent architects of the time, such as <strong>Antoni Gaud\u00ed, Llu\u00eds Dom\u00e8nech i Montaner and Josep Puig i Cadafalch<\/strong>, found patrons in these clients who allowed them to develop their most audacious ideas.<\/p><\/p>\n\n<figure class=\"wp-block-image size-large is-resized\"><a href=\"https:\/\/hotelarclarambla.com\/agenda\/wp-content\/uploads\/2024\/08\/arc-la-rambla-blog-cultura-modernismo-catalan-historia-barcelona-.webp\"><img loading=\"lazy\" decoding=\"async\" src=\"https:\/\/hotelarclarambla.com\/agenda\/wp-content\/uploads\/2024\/08\/arc-la-rambla-blog-cultura-modernismo-catalan-historia-barcelona--1024x1024.webp\" alt=\"\" class=\"wp-image-239958\" width=\"798\" height=\"798\"\/><\/a><\/figure>\n\n<h2 class=\"wp-block-heading\">Characteristics of architectural modernism<\/h2>\n\n<p><p>Catalan Modernism was a diverse and heterogeneous movement, in which each artist developed a unique style. However, they shared a number of common characteristics. Firstly, there was a clear <strong>rejection of the traditional architectural styles<\/strong> and industrialism of the first half of the 20th century. Modernist architects sought to create <strong>new forms and break with academicism.<\/strong><\/p><\/p>\n\n<p><p><strong>Inspired by nature, organic shapes and vibrant colors,<\/strong> modernist buildings feature a profusion of decorative details and symbolism. <strong>Curved and asymmetrical lines<\/strong>, as well as the innovative use of materials such as <strong>iron<\/strong>, are combined with <strong>traditional artisanal techniques<\/strong>, such as <strong>ceramics<\/strong>, <strong>glass<\/strong> and <strong>wrought iron<\/strong>. Antoni Gaud\u00ed&#8217;s phrase, &#8220;originality consists of returning to the origin; therefore, original is what returns to the simplicity of the first solutions&#8221;, summarizes the essence of the movement: a search for authenticity and simplicity through creativity.<\/p><\/p>\n\n<h2 class=\"wp-block-heading\">World Heritage<\/h2>\n\n<p><p>The legacy of Modernism in Barcelona is impressive, with more than <strong>100 buildings<\/strong> that stand out for their uniqueness and beauty. Works such as the Palace of Catalan Music and the Hospital de Sant Pau, Dom\u00e8nech i Montaner, or the Palau G\u00fcell, Park G\u00fcell, and the Sagrada Familia by Antoni Gaud\u00ed, have been declared <strong>World Heritage Sites<\/strong> by UNESCO. These buildings not only represent the pinnacle of Catalan Modernism, but are also an integral part of the city&#8217;s identity.<\/p><\/p>\n\n<h2 class=\"wp-block-heading\">Modernist curiosities: The Golden Square and the Apple of Discord<\/h2>\n\n<p><p>The Eixample, particularly the Golden Square, is the epicenter of modernist architecture. This area, bounded by some of the city&#8217;s main streets, includes numerous iconic buildings. In this setting is the famous &#8216;<strong>Manzana de la Discordia&#8217;<\/strong>, a stretch of Paseo de Gracia where there are three masterpieces: <strong>the Casa Amatller by Puig and Cadafalch, the Casa Le\u00f3n Morera by Dom\u00e8nech and Montaner, and the Casa Batll\u00f3 by Gaud\u00ed.<\/strong> This concentration of styles and architectural genius reflects the rivalry and diversity of Modernism.<\/p>&#13;\n<p><span style=\"font-weight: 400;\">Modernism was not only an architectural style, but a cultural expression that marked a time of change and innovation in Barcelona. Today, Catalan Modernism remains an essential part of Barcelona&#8217;s urban landscape.\u00a0<\/span><\/p>&#13;\n<p><span style=\"font-weight: 400;\">If you want to learn more about Catalan Modernism, <strong>check at reception<\/strong> for the range of tours and circuits organized in the city to discover these wonderful buildings and appreciate the genius of the architects who shaped one of the most splendid periods in history. from the city.<\/span><\/p><\/p>\n\n<p>&#8212;<\/p>\n\n<p><p>Our clients are clear about it\u2026 and you? If you are looking for hotels in Barcelona with the best location, look no further and <a href=\"https:\/\/hotelarclarambla.com\/bookingstep1?idtokenprovider=10760133&amp;lang=es&amp;nights=1&amp;checkin=15%2F12%2F2023&amp;step=1&amp;home=https%3A%2F%2Fhotelarclarambla.com%2F&amp;currency=EUR\">book your room <\/a> at our hotel located in the heart of the city.<\/p>&#13;\n<p>\u00a0<\/p><\/p>\n\n<p><p>If you also want to know more plans to enjoy your stay in Barcelona, \u200b\u200bcontinue exploring <a href=\"https:\/\/hotelarclarambla.com\/en\/agenda\/\"> our blog<\/a> and stay informed.<\/p><\/p>\n\n<p><p>You can also find out more about events and activities by following us on our <a href=\"https:\/\/www.instagram.com\/arclarambla\/\">social networks<\/a>.<\/p><\/p>\n","protected":false},"excerpt":{"rendered":"<p>Modernism in Barcelona, \u200b\u200b\u200b\u200ban artistic movement that transformed the city with masterpieces by Gaud\u00ed, Dom\u00e8nech y Montaner and Puig i Cadafalch.<\/p>\n","protected":false},"author":1,"featured_media":239957,"comment_status":"closed","ping_status":"closed","sticky":false,"template":"","format":"standard","meta":{"_acf_changed":false,"_et_pb_use_builder":"off","_et_pb_old_content":"","_et_gb_content_width":"","inline_featured_image":false,"footnotes":""},"categories":[5729],"tags":[],"class_list":["post-239964","post","type-post","status-publish","format-standard","has-post-thumbnail","hentry","category-things-to-see-in-barcelona-en"],"acf":[],"yoast_head":"<!-- This site is optimized with the Yoast SEO plugin v27.4 - https:\/\/yoast.com\/product\/yoast-seo-wordpress\/ -->\n<title>Catalan Modernism: a journey through the history of BCN | Hotel Arc La Rambla<\/title>\n<meta name=\"description\" content=\"Modernism in Barcelona, \u200b\u200b\u200b\u200ban artistic movement that transformed the city with masterpieces by Gaud\u00ed, Dom\u00e8nech y Montaner and Puig i Cadafalch.\" \/>\n<meta name=\"robots\" content=\"index, follow, max-snippet:-1, max-image-preview:large, max-video-preview:-1\" \/>\n<link rel=\"canonical\" href=\"https:\/\/hotelarclarambla.com\/agenda\/en\/things-to-see-in-barcelona-en\/catalan-modernism-a-journey-through-the-history-of-bcn\/\" \/>\n<meta property=\"og:locale\" content=\"en_US\" \/>\n<meta property=\"og:type\" content=\"article\" \/>\n<meta property=\"og:title\" content=\"Catalan Modernism: a journey through the history of BCN | Hotel Arc La Rambla\" \/>\n<meta property=\"og:description\" content=\"Modernism in Barcelona, \u200b\u200b\u200b\u200ban artistic movement that transformed the city with masterpieces by Gaud\u00ed, Dom\u00e8nech y Montaner and Puig i Cadafalch.\" \/>\n<meta property=\"og:url\" content=\"https:\/\/hotelarclarambla.com\/agenda\/en\/things-to-see-in-barcelona-en\/catalan-modernism-a-journey-through-the-history-of-bcn\/\" \/>\n<meta property=\"og:site_name\" content=\"Hotel Arc La Rambla Blog\" \/>\n<meta property=\"article:published_time\" content=\"2024-08-02T07:37:53+00:00\" \/>\n<meta property=\"article:modified_time\" content=\"2024-08-02T07:57:38+00:00\" \/>\n<meta property=\"og:image\" content=\"https:\/\/hotelarclarambla.com\/agenda\/wp-content\/uploads\/2024\/08\/arc-la-rambla-blog-cultura-modernismo-catalan-historia-barcelona.webp\" \/>\n\t<meta property=\"og:image:width\" content=\"980\" \/>\n\t<meta property=\"og:image:height\" content=\"654\" \/>\n\t<meta property=\"og:image:type\" content=\"image\/webp\" \/>\n<meta name=\"author\" content=\"admin\" \/>\n<meta name=\"twitter:card\" content=\"summary_large_image\" \/>\n<meta name=\"twitter:label1\" content=\"Written by\" \/>\n\t<meta name=\"twitter:data1\" content=\"admin\" \/>\n\t<meta name=\"twitter:label2\" content=\"Est. reading time\" \/>\n\t<meta name=\"twitter:data2\" content=\"4 minutes\" \/>\n<script type=\"application\/ld+json\" class=\"yoast-schema-graph\">{\"@context\":\"https:\\\/\\\/schema.org\",\"@graph\":[{\"@type\":\"Article\",\"@id\":\"https:\\\/\\\/hotelarclarambla.com\\\/agenda\\\/en\\\/things-to-see-in-barcelona-en\\\/catalan-modernism-a-journey-through-the-history-of-bcn\\\/#article\",\"isPartOf\":{\"@id\":\"https:\\\/\\\/hotelarclarambla.com\\\/agenda\\\/en\\\/things-to-see-in-barcelona-en\\\/catalan-modernism-a-journey-through-the-history-of-bcn\\\/\"},\"author\":{\"name\":\"admin\",\"@id\":\"https:\\\/\\\/hotelarclarambla.com\\\/agenda\\\/#\\\/schema\\\/person\\\/b40fb00e3d10940d7ffb6848593b8d04\"},\"headline\":\"Catalan Modernism: a journey through the history of BCN\",\"datePublished\":\"2024-08-02T07:37:53+00:00\",\"dateModified\":\"2024-08-02T07:57:38+00:00\",\"mainEntityOfPage\":{\"@id\":\"https:\\\/\\\/hotelarclarambla.com\\\/agenda\\\/en\\\/things-to-see-in-barcelona-en\\\/catalan-modernism-a-journey-through-the-history-of-bcn\\\/\"},\"wordCount\":794,\"image\":{\"@id\":\"https:\\\/\\\/hotelarclarambla.com\\\/agenda\\\/en\\\/things-to-see-in-barcelona-en\\\/catalan-modernism-a-journey-through-the-history-of-bcn\\\/#primaryimage\"},\"thumbnailUrl\":\"https:\\\/\\\/hotelarclarambla.com\\\/agenda\\\/wp-content\\\/uploads\\\/2024\\\/08\\\/arc-la-rambla-blog-cultura-modernismo-catalan-historia-barcelona.webp\",\"articleSection\":[\"Things to see in Barcelona\"],\"inLanguage\":\"en-US\"},{\"@type\":\"WebPage\",\"@id\":\"https:\\\/\\\/hotelarclarambla.com\\\/agenda\\\/en\\\/things-to-see-in-barcelona-en\\\/catalan-modernism-a-journey-through-the-history-of-bcn\\\/\",\"url\":\"https:\\\/\\\/hotelarclarambla.com\\\/agenda\\\/en\\\/things-to-see-in-barcelona-en\\\/catalan-modernism-a-journey-through-the-history-of-bcn\\\/\",\"name\":\"Catalan Modernism: a journey through the history of BCN | Hotel Arc La Rambla\",\"isPartOf\":{\"@id\":\"https:\\\/\\\/hotelarclarambla.com\\\/agenda\\\/#website\"},\"primaryImageOfPage\":{\"@id\":\"https:\\\/\\\/hotelarclarambla.com\\\/agenda\\\/en\\\/things-to-see-in-barcelona-en\\\/catalan-modernism-a-journey-through-the-history-of-bcn\\\/#primaryimage\"},\"image\":{\"@id\":\"https:\\\/\\\/hotelarclarambla.com\\\/agenda\\\/en\\\/things-to-see-in-barcelona-en\\\/catalan-modernism-a-journey-through-the-history-of-bcn\\\/#primaryimage\"},\"thumbnailUrl\":\"https:\\\/\\\/hotelarclarambla.com\\\/agenda\\\/wp-content\\\/uploads\\\/2024\\\/08\\\/arc-la-rambla-blog-cultura-modernismo-catalan-historia-barcelona.webp\",\"datePublished\":\"2024-08-02T07:37:53+00:00\",\"dateModified\":\"2024-08-02T07:57:38+00:00\",\"author\":{\"@id\":\"https:\\\/\\\/hotelarclarambla.com\\\/agenda\\\/#\\\/schema\\\/person\\\/b40fb00e3d10940d7ffb6848593b8d04\"},\"description\":\"Modernism in Barcelona, \u200b\u200b\u200b\u200ban artistic movement that transformed the city with masterpieces by Gaud\u00ed, Dom\u00e8nech y Montaner and Puig i Cadafalch.\",\"breadcrumb\":{\"@id\":\"https:\\\/\\\/hotelarclarambla.com\\\/agenda\\\/en\\\/things-to-see-in-barcelona-en\\\/catalan-modernism-a-journey-through-the-history-of-bcn\\\/#breadcrumb\"},\"inLanguage\":\"en-US\",\"potentialAction\":[{\"@type\":\"ReadAction\",\"target\":[\"https:\\\/\\\/hotelarclarambla.com\\\/agenda\\\/en\\\/things-to-see-in-barcelona-en\\\/catalan-modernism-a-journey-through-the-history-of-bcn\\\/\"]}]},{\"@type\":\"ImageObject\",\"inLanguage\":\"en-US\",\"@id\":\"https:\\\/\\\/hotelarclarambla.com\\\/agenda\\\/en\\\/things-to-see-in-barcelona-en\\\/catalan-modernism-a-journey-through-the-history-of-bcn\\\/#primaryimage\",\"url\":\"https:\\\/\\\/hotelarclarambla.com\\\/agenda\\\/wp-content\\\/uploads\\\/2024\\\/08\\\/arc-la-rambla-blog-cultura-modernismo-catalan-historia-barcelona.webp\",\"contentUrl\":\"https:\\\/\\\/hotelarclarambla.com\\\/agenda\\\/wp-content\\\/uploads\\\/2024\\\/08\\\/arc-la-rambla-blog-cultura-modernismo-catalan-historia-barcelona.webp\",\"width\":980,\"height\":654},{\"@type\":\"BreadcrumbList\",\"@id\":\"https:\\\/\\\/hotelarclarambla.com\\\/agenda\\\/en\\\/things-to-see-in-barcelona-en\\\/catalan-modernism-a-journey-through-the-history-of-bcn\\\/#breadcrumb\",\"itemListElement\":[{\"@type\":\"ListItem\",\"position\":1,\"name\":\"Portada\",\"item\":\"https:\\\/\\\/hotelarclarambla.com\\\/agenda\\\/\"},{\"@type\":\"ListItem\",\"position\":2,\"name\":\"Catalan Modernism: a journey through the history of BCN\"}]},{\"@type\":\"WebSite\",\"@id\":\"https:\\\/\\\/hotelarclarambla.com\\\/agenda\\\/#website\",\"url\":\"https:\\\/\\\/hotelarclarambla.com\\\/agenda\\\/\",\"name\":\"Hotel Arc La Rambla Blog\",\"description\":\"El blog de Hotel Arc\",\"potentialAction\":[{\"@type\":\"SearchAction\",\"target\":{\"@type\":\"EntryPoint\",\"urlTemplate\":\"https:\\\/\\\/hotelarclarambla.com\\\/agenda\\\/?s={search_term_string}\"},\"query-input\":{\"@type\":\"PropertyValueSpecification\",\"valueRequired\":true,\"valueName\":\"search_term_string\"}}],\"inLanguage\":\"en-US\"},{\"@type\":\"Person\",\"@id\":\"https:\\\/\\\/hotelarclarambla.com\\\/agenda\\\/#\\\/schema\\\/person\\\/b40fb00e3d10940d7ffb6848593b8d04\",\"name\":\"admin\",\"image\":{\"@type\":\"ImageObject\",\"inLanguage\":\"en-US\",\"@id\":\"https:\\\/\\\/secure.gravatar.com\\\/avatar\\\/e7d2a513cc006a0531b1545b92475922773d5049debd5d662a4049cc030a89aa?s=96&d=mm&r=g\",\"url\":\"https:\\\/\\\/secure.gravatar.com\\\/avatar\\\/e7d2a513cc006a0531b1545b92475922773d5049debd5d662a4049cc030a89aa?s=96&d=mm&r=g\",\"contentUrl\":\"https:\\\/\\\/secure.gravatar.com\\\/avatar\\\/e7d2a513cc006a0531b1545b92475922773d5049debd5d662a4049cc030a89aa?s=96&d=mm&r=g\",\"caption\":\"admin\"},\"url\":\"https:\\\/\\\/hotelarclarambla.com\\\/agenda\\\/en\\\/author\\\/admin\\\/\"}]}<\/script>\n<!-- \/ Yoast SEO plugin. -->","yoast_head_json":{"title":"Catalan Modernism: a journey through the history of BCN | Hotel Arc La Rambla","description":"Modernism in Barcelona, \u200b\u200b\u200b\u200ban artistic movement that transformed the city with masterpieces by Gaud\u00ed, Dom\u00e8nech y Montaner and Puig i Cadafalch.","robots":{"index":"index","follow":"follow","max-snippet":"max-snippet:-1","max-image-preview":"max-image-preview:large","max-video-preview":"max-video-preview:-1"},"canonical":"https:\/\/hotelarclarambla.com\/agenda\/en\/things-to-see-in-barcelona-en\/catalan-modernism-a-journey-through-the-history-of-bcn\/","og_locale":"en_US","og_type":"article","og_title":"Catalan Modernism: a journey through the history of BCN | Hotel Arc La Rambla","og_description":"Modernism in Barcelona, \u200b\u200b\u200b\u200ban artistic movement that transformed the city with masterpieces by Gaud\u00ed, Dom\u00e8nech y Montaner and Puig i Cadafalch.","og_url":"https:\/\/hotelarclarambla.com\/agenda\/en\/things-to-see-in-barcelona-en\/catalan-modernism-a-journey-through-the-history-of-bcn\/","og_site_name":"Hotel Arc La Rambla Blog","article_published_time":"2024-08-02T07:37:53+00:00","article_modified_time":"2024-08-02T07:57:38+00:00","og_image":[{"width":980,"height":654,"url":"https:\/\/hotelarclarambla.com\/agenda\/wp-content\/uploads\/2024\/08\/arc-la-rambla-blog-cultura-modernismo-catalan-historia-barcelona.webp","type":"image\/webp"}],"author":"admin","twitter_card":"summary_large_image","twitter_misc":{"Written by":"admin","Est. reading time":"4 minutes"},"schema":{"@context":"https:\/\/schema.org","@graph":[{"@type":"Article","@id":"https:\/\/hotelarclarambla.com\/agenda\/en\/things-to-see-in-barcelona-en\/catalan-modernism-a-journey-through-the-history-of-bcn\/#article","isPartOf":{"@id":"https:\/\/hotelarclarambla.com\/agenda\/en\/things-to-see-in-barcelona-en\/catalan-modernism-a-journey-through-the-history-of-bcn\/"},"author":{"name":"admin","@id":"https:\/\/hotelarclarambla.com\/agenda\/#\/schema\/person\/b40fb00e3d10940d7ffb6848593b8d04"},"headline":"Catalan Modernism: a journey through the history of BCN","datePublished":"2024-08-02T07:37:53+00:00","dateModified":"2024-08-02T07:57:38+00:00","mainEntityOfPage":{"@id":"https:\/\/hotelarclarambla.com\/agenda\/en\/things-to-see-in-barcelona-en\/catalan-modernism-a-journey-through-the-history-of-bcn\/"},"wordCount":794,"image":{"@id":"https:\/\/hotelarclarambla.com\/agenda\/en\/things-to-see-in-barcelona-en\/catalan-modernism-a-journey-through-the-history-of-bcn\/#primaryimage"},"thumbnailUrl":"https:\/\/hotelarclarambla.com\/agenda\/wp-content\/uploads\/2024\/08\/arc-la-rambla-blog-cultura-modernismo-catalan-historia-barcelona.webp","articleSection":["Things to see in Barcelona"],"inLanguage":"en-US"},{"@type":"WebPage","@id":"https:\/\/hotelarclarambla.com\/agenda\/en\/things-to-see-in-barcelona-en\/catalan-modernism-a-journey-through-the-history-of-bcn\/","url":"https:\/\/hotelarclarambla.com\/agenda\/en\/things-to-see-in-barcelona-en\/catalan-modernism-a-journey-through-the-history-of-bcn\/","name":"Catalan Modernism: a journey through the history of BCN | Hotel Arc La Rambla","isPartOf":{"@id":"https:\/\/hotelarclarambla.com\/agenda\/#website"},"primaryImageOfPage":{"@id":"https:\/\/hotelarclarambla.com\/agenda\/en\/things-to-see-in-barcelona-en\/catalan-modernism-a-journey-through-the-history-of-bcn\/#primaryimage"},"image":{"@id":"https:\/\/hotelarclarambla.com\/agenda\/en\/things-to-see-in-barcelona-en\/catalan-modernism-a-journey-through-the-history-of-bcn\/#primaryimage"},"thumbnailUrl":"https:\/\/hotelarclarambla.com\/agenda\/wp-content\/uploads\/2024\/08\/arc-la-rambla-blog-cultura-modernismo-catalan-historia-barcelona.webp","datePublished":"2024-08-02T07:37:53+00:00","dateModified":"2024-08-02T07:57:38+00:00","author":{"@id":"https:\/\/hotelarclarambla.com\/agenda\/#\/schema\/person\/b40fb00e3d10940d7ffb6848593b8d04"},"description":"Modernism in Barcelona, \u200b\u200b\u200b\u200ban artistic movement that transformed the city with masterpieces by Gaud\u00ed, Dom\u00e8nech y Montaner and Puig i Cadafalch.","breadcrumb":{"@id":"https:\/\/hotelarclarambla.com\/agenda\/en\/things-to-see-in-barcelona-en\/catalan-modernism-a-journey-through-the-history-of-bcn\/#breadcrumb"},"inLanguage":"en-US","potentialAction":[{"@type":"ReadAction","target":["https:\/\/hotelarclarambla.com\/agenda\/en\/things-to-see-in-barcelona-en\/catalan-modernism-a-journey-through-the-history-of-bcn\/"]}]},{"@type":"ImageObject","inLanguage":"en-US","@id":"https:\/\/hotelarclarambla.com\/agenda\/en\/things-to-see-in-barcelona-en\/catalan-modernism-a-journey-through-the-history-of-bcn\/#primaryimage","url":"https:\/\/hotelarclarambla.com\/agenda\/wp-content\/uploads\/2024\/08\/arc-la-rambla-blog-cultura-modernismo-catalan-historia-barcelona.webp","contentUrl":"https:\/\/hotelarclarambla.com\/agenda\/wp-content\/uploads\/2024\/08\/arc-la-rambla-blog-cultura-modernismo-catalan-historia-barcelona.webp","width":980,"height":654},{"@type":"BreadcrumbList","@id":"https:\/\/hotelarclarambla.com\/agenda\/en\/things-to-see-in-barcelona-en\/catalan-modernism-a-journey-through-the-history-of-bcn\/#breadcrumb","itemListElement":[{"@type":"ListItem","position":1,"name":"Portada","item":"https:\/\/hotelarclarambla.com\/agenda\/"},{"@type":"ListItem","position":2,"name":"Catalan Modernism: a journey through the history of BCN"}]},{"@type":"WebSite","@id":"https:\/\/hotelarclarambla.com\/agenda\/#website","url":"https:\/\/hotelarclarambla.com\/agenda\/","name":"Hotel Arc La Rambla Blog","description":"El blog de Hotel Arc","potentialAction":[{"@type":"SearchAction","target":{"@type":"EntryPoint","urlTemplate":"https:\/\/hotelarclarambla.com\/agenda\/?s={search_term_string}"},"query-input":{"@type":"PropertyValueSpecification","valueRequired":true,"valueName":"search_term_string"}}],"inLanguage":"en-US"},{"@type":"Person","@id":"https:\/\/hotelarclarambla.com\/agenda\/#\/schema\/person\/b40fb00e3d10940d7ffb6848593b8d04","name":"admin","image":{"@type":"ImageObject","inLanguage":"en-US","@id":"https:\/\/secure.gravatar.com\/avatar\/e7d2a513cc006a0531b1545b92475922773d5049debd5d662a4049cc030a89aa?s=96&d=mm&r=g","url":"https:\/\/secure.gravatar.com\/avatar\/e7d2a513cc006a0531b1545b92475922773d5049debd5d662a4049cc030a89aa?s=96&d=mm&r=g","contentUrl":"https:\/\/secure.gravatar.com\/avatar\/e7d2a513cc006a0531b1545b92475922773d5049debd5d662a4049cc030a89aa?s=96&d=mm&r=g","caption":"admin"},"url":"https:\/\/hotelarclarambla.com\/agenda\/en\/author\/admin\/"}]}},"_links":{"self":[{"href":"https:\/\/hotelarclarambla.com\/agenda\/en\/wp-json\/wp\/v2\/posts\/239964","targetHints":{"allow":["GET"]}}],"collection":[{"href":"https:\/\/hotelarclarambla.com\/agenda\/en\/wp-json\/wp\/v2\/posts"}],"about":[{"href":"https:\/\/hotelarclarambla.com\/agenda\/en\/wp-json\/wp\/v2\/types\/post"}],"author":[{"embeddable":true,"href":"https:\/\/hotelarclarambla.com\/agenda\/en\/wp-json\/wp\/v2\/users\/1"}],"replies":[{"embeddable":true,"href":"https:\/\/hotelarclarambla.com\/agenda\/en\/wp-json\/wp\/v2\/comments?post=239964"}],"version-history":[{"count":1,"href":"https:\/\/hotelarclarambla.com\/agenda\/en\/wp-json\/wp\/v2\/posts\/239964\/revisions"}],"predecessor-version":[{"id":239965,"href":"https:\/\/hotelarclarambla.com\/agenda\/en\/wp-json\/wp\/v2\/posts\/239964\/revisions\/239965"}],"wp:featuredmedia":[{"embeddable":true,"href":"https:\/\/hotelarclarambla.com\/agenda\/en\/wp-json\/wp\/v2\/media\/239957"}],"wp:attachment":[{"href":"https:\/\/hotelarclarambla.com\/agenda\/en\/wp-json\/wp\/v2\/media?parent=239964"}],"wp:term":[{"taxonomy":"category","embeddable":true,"href":"https:\/\/hotelarclarambla.com\/agenda\/en\/wp-json\/wp\/v2\/categories?post=239964"},{"taxonomy":"post_tag","embeddable":true,"href":"https:\/\/hotelarclarambla.com\/agenda\/en\/wp-json\/wp\/v2\/tags?post=239964"}],"curies":[{"name":"wp","href":"https:\/\/api.w.org\/{rel}","templated":true}]}}