{"id":240823,"date":"2026-03-05T00:00:00","date_gmt":"2026-03-04T23:00:00","guid":{"rendered":"https:\/\/hotelarclarambla.com\/agenda\/?p=240823"},"modified":"2026-03-03T09:36:01","modified_gmt":"2026-03-03T08:36:01","slug":"barcelona-capital-mundial-arquitectura-activitats-culturals","status":"publish","type":"post","link":"https:\/\/hotelarclarambla.com\/agenda\/ca\/sostenibilitat\/barcelona-capital-mundial-arquitectura-activitats-culturals\/","title":{"rendered":"Arquitectura i sostenibilitat: activitats de la XEAB a la Barcelona Capital Mundial de l\u2019Arquitectura"},"content":{"rendered":"\n<p>Barcelona ha estat reconeguda com a <strong>Capital Mundial de l\u2019Arquitectura<\/strong> per la UNESCO-UIA, una fita que converteix la ciutat en un gran espai de divulgaci\u00f3 urbana, cultural i sostenible. Aquest reconeixement coincideix amb la celebraci\u00f3 del Congr\u00e9s Mundial d\u2019Arquitectes de la Uni\u00f3 Internacional d\u2019Arquitectes i situa l\u2019arquitectura al centre de la vida ciutadana.<\/p>\n\n\n\n<p>Durant deu mesos, entre mitjan febrer i mitjan desembre, la ciutat desplega una programaci\u00f3 cont\u00ednua que recorre els deu districtes, de Santa Eul\u00e0lia a Santa Ll\u00facia, apropant l\u2019arquitectura a tots els p\u00fablics a trav\u00e9s de visites, itineraris, tallers i activitats divulgatives.<\/p>\n\n\n\n<h2 class=\"wp-block-heading\"><strong>El cicle anual d\u2019activitats de la XEAB<\/strong><\/h2>\n\n\n\n<p>Dins d\u2019aquesta programaci\u00f3 global, la <strong>Xarxa d\u2019Equipaments Ambientals de Barcelona<\/strong> (XEAB) s\u2019hi suma amb un cicle anual d\u2019activitats que connecta arquitectura, sostenibilitat i educaci\u00f3 ambiental.<\/p>\n\n\n\n<p>Les propostes de la XEAB estan pensades per a totes les edats i es desenvolupen als diferents districtes de <strong>Barcelona<\/strong>, refor\u00e7ant la idea d\u2019una arquitectura propera, comprensible i vinculada al dia a dia de la ciutadania.<\/p>\n\n\n\n<p><strong>Activitats d\u2019arquitectura als districtes de Barcelona<\/strong><\/p>\n\n\n\n<p>El programa de la capitalitat t\u00e9 pres\u00e8ncia a tots els districtes de la ciutat:<\/p>\n\n\n\n<ul class=\"wp-block-list\">\n<li>Ciutat Vella<\/li>\n\n\n\n<li>L\u2019Eixample<\/li>\n\n\n\n<li>Sants &#8211; Montju\u00efc<\/li>\n\n\n\n<li>Les Corts<\/li>\n\n\n\n<li>Sarri\u00e0 &#8211; Sant Gervasi<\/li>\n\n\n\n<li>Gr\u00e0cia<\/li>\n\n\n\n<li>Horta &#8211; Guinard\u00f3<\/li>\n\n\n\n<li>Nou Barris<\/li>\n\n\n\n<li>Sant Andreu<\/li>\n\n\n\n<li>Sant Mart\u00ed<br><\/li>\n<\/ul>\n\n\n\n<p>Cadascun ofereix activitats adaptades a la seva realitat urbana, patrimonial i social, que permeten descobrir Barcelona des de m\u00faltiples mirades arquitect\u00f2niques.<\/p>\n\n\n\n<h2 class=\"wp-block-heading\"><strong>Ciutat Vella: arquitectura, hist\u00f2ria i sostenibilitat<\/strong><\/h2>\n\n\n\n<p>Ciutat Vella, nucli hist\u00f2ric de la ciutat i entorn immediat de l&#8217;Hotel Arc La Rambla, acull algunes de les activitats m\u00e9s destacades del cicle de la XEAB. El seu valor patrimonial i la seva transformaci\u00f3 urbana constant la converteixen en un escenari ideal per reflexionar sobre l\u2019arquitectura d\u2019ahir, d\u2019avui i de dem\u00e0.<\/p>\n\n\n\n<h3 class=\"wp-block-heading\"><strong>El primer parc p\u00fablic de la ciutat<\/strong><\/h3>\n\n\n\n<p>Dia i hora: dimecres 25 de mar\u00e7, a les 16 h<\/p>\n\n\n\n<p>Una activitat per descobrir l\u2019origen dels espais verds p\u00fablics i la seva import\u00e0ncia en l\u2019evoluci\u00f3 urbana de Barcelona.<\/p>\n\n\n\n<h3 class=\"wp-block-heading\"><strong>Camins d\u2019aigua: Parc de la Ciutadella<\/strong><\/h3>\n\n\n\n<p>Dia i hora: dimecres 2 de desembre, a les 10 h<\/p>\n\n\n\n<p>Un recorregut que posa en valor la relaci\u00f3 entre l\u2019aigua, el paisatge i l\u2019arquitectura en un dels parcs m\u00e9s emblem\u00e0tics de la ciutat.<\/p>\n\n\n\n<h3 class=\"wp-block-heading\"><strong>La F\u00e0brica del Sol, pam a pam<\/strong><\/h3>\n\n\n\n<p>Dia i hora: dimarts 15 de desembre, a les 12 h<\/p>\n\n\n\n<p>Una visita detallada a un equipament de refer\u00e8ncia en arquitectura sostenible i educaci\u00f3 ambiental.<\/p>\n\n\n\n<h2 class=\"wp-block-heading\"><strong>Allotjar-se al centre per viure l\u2019arquitectura de Barcelona<\/strong><\/h2>\n\n\n\n<p>Gr\u00e0cies a la seva ubicaci\u00f3 privilegiada a la Rambla, <a href=\"https:\/\/hotelarclarambla.com\/ca\/\">l&#8217;<strong>Hotel Arc La Rambla<\/strong><\/a> \u00e9s el punt de partida ideal per gaudir de les activitats de Barcelona capital mundial de l\u2019arquitectura. Des de l&#8217;Hotel Arc La Rambla podr\u00e0 accedir f\u00e0cilment a Ciutat Vella a peu i despla\u00e7ar-se c\u00f2modament a la resta de districtes on es desenvolupen les propostes del programa.<\/p>\n\n\n\n<p>Allotjar-se al centre hist\u00f2ric permet combinar cultura, arquitectura i vida urbana sense renunciar al descans i a la comoditat d\u2019un hotel al cor de la ciutat.<\/p>\n\n\n\n<h2 class=\"wp-block-heading\"><strong>Reservi la seva estada i descobreixi Barcelona amb una altra mirada<\/strong><\/h2>\n\n\n\n<p>Si vol viure Barcelona des de l\u2019arquitectura i la sostenibilitat, el convidem a planificar la seva escapada cultural a l&#8217;Hotel Arc La Rambla.<\/p>\n\n\n\n<p>Reservi la seva estada amb el <strong>codi exclusiu ARCBLOG<\/strong> i gaudeixi d\u2019un descompte especial per ser lector de la nostra agenda.Segueixi\u2019ns a <a href=\"https:\/\/www.instagram.com\/arclarambla\/\">Instagram <\/a> i a <a href=\"https:\/\/www.facebook.com\/HotelArcLaRambla\/\">Facebook<\/a> per descobrir m\u00e9s activitats culturals i plans a Barcelona.<\/p>\n","protected":false},"excerpt":{"rendered":"<p>Barcelona celebra el seu nomenament com a capital mundial de l\u2019arquitectura amb un ampli programa d\u2019activitats a tota la ciutat. Ciutat Vella concentra algunes de les propostes m\u00e9s significatives, molt a prop de l&#8217;Hotel Arc La Rambla.<\/p>\n","protected":false},"author":1,"featured_media":240814,"comment_status":"closed","ping_status":"closed","sticky":false,"template":"","format":"standard","meta":{"_acf_changed":false,"_et_pb_use_builder":"off","_et_pb_old_content":"","_et_gb_content_width":"","inline_featured_image":false,"footnotes":""},"categories":[6177],"tags":[],"class_list":["post-240823","post","type-post","status-publish","format-standard","has-post-thumbnail","hentry","category-sostenibilitat"],"acf":[],"yoast_head":"<!-- This site is optimized with the Yoast SEO plugin v27.4 - https:\/\/yoast.com\/product\/yoast-seo-wordpress\/ -->\n<title>Barcelona capital mundial de l\u2019arquitectura: activitats culturals<\/title>\n<meta name=\"description\" content=\"Descobreixi les activitats de Barcelona, capital mundial de l\u2019arquitectura, amb propostes arreu de la ciutat i plans destacats a Ciutat Vella.\" \/>\n<meta name=\"robots\" content=\"index, follow, max-snippet:-1, max-image-preview:large, max-video-preview:-1\" \/>\n<link rel=\"canonical\" href=\"https:\/\/hotelarclarambla.com\/agenda\/sostenibilidad\/barcelona-capital-mundial-arquitectura-actividades-culturales\/\" \/>\n<meta property=\"og:locale\" content=\"ca_ES\" \/>\n<meta property=\"og:type\" content=\"article\" \/>\n<meta property=\"og:title\" content=\"Barcelona capital mundial de l\u2019arquitectura: activitats culturals\" \/>\n<meta property=\"og:description\" content=\"Descobreixi les activitats de Barcelona, capital mundial de l\u2019arquitectura, amb propostes arreu de la ciutat i plans destacats a Ciutat Vella.\" \/>\n<meta property=\"og:url\" content=\"https:\/\/hotelarclarambla.com\/agenda\/sostenibilidad\/barcelona-capital-mundial-arquitectura-actividades-culturales\/\" \/>\n<meta property=\"og:site_name\" content=\"Hotel Arc La Rambla Blog\" \/>\n<meta property=\"article:published_time\" content=\"2026-03-04T23:00:00+00:00\" \/>\n<meta property=\"og:image\" content=\"https:\/\/hotelarclarambla.com\/agenda\/wp-content\/uploads\/2026\/03\/hotel-arc-la-rambla-barcelona-capital-mundial-arquitectura-actividades-culturales.webp\" \/>\n\t<meta property=\"og:image:width\" content=\"1366\" \/>\n\t<meta property=\"og:image:height\" content=\"768\" \/>\n\t<meta property=\"og:image:type\" content=\"image\/webp\" \/>\n<meta name=\"author\" content=\"admin\" \/>\n<meta name=\"twitter:card\" content=\"summary_large_image\" \/>\n<meta name=\"twitter:label1\" content=\"Escrit per\" \/>\n\t<meta name=\"twitter:data1\" content=\"admin\" \/>\n\t<meta name=\"twitter:label2\" content=\"Temps estimat de lectura\" \/>\n\t<meta name=\"twitter:data2\" content=\"3 minuts\" \/>\n<script type=\"application\/ld+json\" class=\"yoast-schema-graph\">{\"@context\":\"https:\\\/\\\/schema.org\",\"@graph\":[{\"@type\":\"Article\",\"@id\":\"https:\\\/\\\/hotelarclarambla.com\\\/agenda\\\/sostenibilidad\\\/barcelona-capital-mundial-arquitectura-actividades-culturales\\\/#article\",\"isPartOf\":{\"@id\":\"https:\\\/\\\/hotelarclarambla.com\\\/agenda\\\/sostenibilidad\\\/barcelona-capital-mundial-arquitectura-actividades-culturales\\\/\"},\"author\":{\"name\":\"admin\",\"@id\":\"https:\\\/\\\/hotelarclarambla.com\\\/agenda\\\/#\\\/schema\\\/person\\\/b40fb00e3d10940d7ffb6848593b8d04\"},\"headline\":\"Arquitectura i sostenibilitat: activitats de la XEAB a la Barcelona Capital Mundial de l\u2019Arquitectura\",\"datePublished\":\"2026-03-04T23:00:00+00:00\",\"mainEntityOfPage\":{\"@id\":\"https:\\\/\\\/hotelarclarambla.com\\\/agenda\\\/sostenibilidad\\\/barcelona-capital-mundial-arquitectura-actividades-culturales\\\/\"},\"wordCount\":618,\"image\":{\"@id\":\"https:\\\/\\\/hotelarclarambla.com\\\/agenda\\\/sostenibilidad\\\/barcelona-capital-mundial-arquitectura-actividades-culturales\\\/#primaryimage\"},\"thumbnailUrl\":\"https:\\\/\\\/hotelarclarambla.com\\\/agenda\\\/wp-content\\\/uploads\\\/2026\\\/03\\\/hotel-arc-la-rambla-barcelona-capital-mundial-arquitectura-actividades-culturales.webp\",\"articleSection\":[\"Sostenibilitat\"],\"inLanguage\":\"ca\"},{\"@type\":\"WebPage\",\"@id\":\"https:\\\/\\\/hotelarclarambla.com\\\/agenda\\\/sostenibilidad\\\/barcelona-capital-mundial-arquitectura-actividades-culturales\\\/\",\"url\":\"https:\\\/\\\/hotelarclarambla.com\\\/agenda\\\/sostenibilidad\\\/barcelona-capital-mundial-arquitectura-actividades-culturales\\\/\",\"name\":\"Barcelona capital mundial de l\u2019arquitectura: activitats culturals\",\"isPartOf\":{\"@id\":\"https:\\\/\\\/hotelarclarambla.com\\\/agenda\\\/#website\"},\"primaryImageOfPage\":{\"@id\":\"https:\\\/\\\/hotelarclarambla.com\\\/agenda\\\/sostenibilidad\\\/barcelona-capital-mundial-arquitectura-actividades-culturales\\\/#primaryimage\"},\"image\":{\"@id\":\"https:\\\/\\\/hotelarclarambla.com\\\/agenda\\\/sostenibilidad\\\/barcelona-capital-mundial-arquitectura-actividades-culturales\\\/#primaryimage\"},\"thumbnailUrl\":\"https:\\\/\\\/hotelarclarambla.com\\\/agenda\\\/wp-content\\\/uploads\\\/2026\\\/03\\\/hotel-arc-la-rambla-barcelona-capital-mundial-arquitectura-actividades-culturales.webp\",\"datePublished\":\"2026-03-04T23:00:00+00:00\",\"author\":{\"@id\":\"https:\\\/\\\/hotelarclarambla.com\\\/agenda\\\/#\\\/schema\\\/person\\\/b40fb00e3d10940d7ffb6848593b8d04\"},\"description\":\"Descobreixi les activitats de Barcelona, capital mundial de l\u2019arquitectura, amb propostes arreu de la ciutat i plans destacats a Ciutat Vella.\",\"breadcrumb\":{\"@id\":\"https:\\\/\\\/hotelarclarambla.com\\\/agenda\\\/sostenibilidad\\\/barcelona-capital-mundial-arquitectura-actividades-culturales\\\/#breadcrumb\"},\"inLanguage\":\"ca\",\"potentialAction\":[{\"@type\":\"ReadAction\",\"target\":[\"https:\\\/\\\/hotelarclarambla.com\\\/agenda\\\/sostenibilidad\\\/barcelona-capital-mundial-arquitectura-actividades-culturales\\\/\"]}]},{\"@type\":\"ImageObject\",\"inLanguage\":\"ca\",\"@id\":\"https:\\\/\\\/hotelarclarambla.com\\\/agenda\\\/sostenibilidad\\\/barcelona-capital-mundial-arquitectura-actividades-culturales\\\/#primaryimage\",\"url\":\"https:\\\/\\\/hotelarclarambla.com\\\/agenda\\\/wp-content\\\/uploads\\\/2026\\\/03\\\/hotel-arc-la-rambla-barcelona-capital-mundial-arquitectura-actividades-culturales.webp\",\"contentUrl\":\"https:\\\/\\\/hotelarclarambla.com\\\/agenda\\\/wp-content\\\/uploads\\\/2026\\\/03\\\/hotel-arc-la-rambla-barcelona-capital-mundial-arquitectura-actividades-culturales.webp\",\"width\":1366,\"height\":768,\"caption\":\"Hotel Arc La Rambla | Blog | Barcelona capital mundial de la arquitectura\"},{\"@type\":\"BreadcrumbList\",\"@id\":\"https:\\\/\\\/hotelarclarambla.com\\\/agenda\\\/sostenibilidad\\\/barcelona-capital-mundial-arquitectura-actividades-culturales\\\/#breadcrumb\",\"itemListElement\":[{\"@type\":\"ListItem\",\"position\":1,\"name\":\"Portada\",\"item\":\"https:\\\/\\\/hotelarclarambla.com\\\/agenda\\\/\"},{\"@type\":\"ListItem\",\"position\":2,\"name\":\"Arquitectura i sostenibilitat: activitats de la XEAB a la Barcelona Capital Mundial de l\u2019Arquitectura\"}]},{\"@type\":\"WebSite\",\"@id\":\"https:\\\/\\\/hotelarclarambla.com\\\/agenda\\\/#website\",\"url\":\"https:\\\/\\\/hotelarclarambla.com\\\/agenda\\\/\",\"name\":\"Hotel Arc La Rambla Blog\",\"description\":\"El blog de Hotel Arc\",\"potentialAction\":[{\"@type\":\"SearchAction\",\"target\":{\"@type\":\"EntryPoint\",\"urlTemplate\":\"https:\\\/\\\/hotelarclarambla.com\\\/agenda\\\/?s={search_term_string}\"},\"query-input\":{\"@type\":\"PropertyValueSpecification\",\"valueRequired\":true,\"valueName\":\"search_term_string\"}}],\"inLanguage\":\"ca\"},{\"@type\":\"Person\",\"@id\":\"https:\\\/\\\/hotelarclarambla.com\\\/agenda\\\/#\\\/schema\\\/person\\\/b40fb00e3d10940d7ffb6848593b8d04\",\"name\":\"admin\",\"image\":{\"@type\":\"ImageObject\",\"inLanguage\":\"ca\",\"@id\":\"https:\\\/\\\/secure.gravatar.com\\\/avatar\\\/e7d2a513cc006a0531b1545b92475922773d5049debd5d662a4049cc030a89aa?s=96&d=mm&r=g\",\"url\":\"https:\\\/\\\/secure.gravatar.com\\\/avatar\\\/e7d2a513cc006a0531b1545b92475922773d5049debd5d662a4049cc030a89aa?s=96&d=mm&r=g\",\"contentUrl\":\"https:\\\/\\\/secure.gravatar.com\\\/avatar\\\/e7d2a513cc006a0531b1545b92475922773d5049debd5d662a4049cc030a89aa?s=96&d=mm&r=g\",\"caption\":\"admin\"},\"url\":\"https:\\\/\\\/hotelarclarambla.com\\\/agenda\\\/ca\\\/author\\\/admin\\\/\"}]}<\/script>\n<!-- \/ Yoast SEO plugin. -->","yoast_head_json":{"title":"Barcelona capital mundial de l\u2019arquitectura: activitats culturals","description":"Descobreixi les activitats de Barcelona, capital mundial de l\u2019arquitectura, amb propostes arreu de la ciutat i plans destacats a Ciutat Vella.","robots":{"index":"index","follow":"follow","max-snippet":"max-snippet:-1","max-image-preview":"max-image-preview:large","max-video-preview":"max-video-preview:-1"},"canonical":"https:\/\/hotelarclarambla.com\/agenda\/sostenibilidad\/barcelona-capital-mundial-arquitectura-actividades-culturales\/","og_locale":"ca_ES","og_type":"article","og_title":"Barcelona capital mundial de l\u2019arquitectura: activitats culturals","og_description":"Descobreixi les activitats de Barcelona, capital mundial de l\u2019arquitectura, amb propostes arreu de la ciutat i plans destacats a Ciutat Vella.","og_url":"https:\/\/hotelarclarambla.com\/agenda\/sostenibilidad\/barcelona-capital-mundial-arquitectura-actividades-culturales\/","og_site_name":"Hotel Arc La Rambla Blog","article_published_time":"2026-03-04T23:00:00+00:00","og_image":[{"width":1366,"height":768,"url":"https:\/\/hotelarclarambla.com\/agenda\/wp-content\/uploads\/2026\/03\/hotel-arc-la-rambla-barcelona-capital-mundial-arquitectura-actividades-culturales.webp","type":"image\/webp"}],"author":"admin","twitter_card":"summary_large_image","twitter_misc":{"Escrit per":"admin","Temps estimat de lectura":"3 minuts"},"schema":{"@context":"https:\/\/schema.org","@graph":[{"@type":"Article","@id":"https:\/\/hotelarclarambla.com\/agenda\/sostenibilidad\/barcelona-capital-mundial-arquitectura-actividades-culturales\/#article","isPartOf":{"@id":"https:\/\/hotelarclarambla.com\/agenda\/sostenibilidad\/barcelona-capital-mundial-arquitectura-actividades-culturales\/"},"author":{"name":"admin","@id":"https:\/\/hotelarclarambla.com\/agenda\/#\/schema\/person\/b40fb00e3d10940d7ffb6848593b8d04"},"headline":"Arquitectura i sostenibilitat: activitats de la XEAB a la Barcelona Capital Mundial de l\u2019Arquitectura","datePublished":"2026-03-04T23:00:00+00:00","mainEntityOfPage":{"@id":"https:\/\/hotelarclarambla.com\/agenda\/sostenibilidad\/barcelona-capital-mundial-arquitectura-actividades-culturales\/"},"wordCount":618,"image":{"@id":"https:\/\/hotelarclarambla.com\/agenda\/sostenibilidad\/barcelona-capital-mundial-arquitectura-actividades-culturales\/#primaryimage"},"thumbnailUrl":"https:\/\/hotelarclarambla.com\/agenda\/wp-content\/uploads\/2026\/03\/hotel-arc-la-rambla-barcelona-capital-mundial-arquitectura-actividades-culturales.webp","articleSection":["Sostenibilitat"],"inLanguage":"ca"},{"@type":"WebPage","@id":"https:\/\/hotelarclarambla.com\/agenda\/sostenibilidad\/barcelona-capital-mundial-arquitectura-actividades-culturales\/","url":"https:\/\/hotelarclarambla.com\/agenda\/sostenibilidad\/barcelona-capital-mundial-arquitectura-actividades-culturales\/","name":"Barcelona capital mundial de l\u2019arquitectura: activitats culturals","isPartOf":{"@id":"https:\/\/hotelarclarambla.com\/agenda\/#website"},"primaryImageOfPage":{"@id":"https:\/\/hotelarclarambla.com\/agenda\/sostenibilidad\/barcelona-capital-mundial-arquitectura-actividades-culturales\/#primaryimage"},"image":{"@id":"https:\/\/hotelarclarambla.com\/agenda\/sostenibilidad\/barcelona-capital-mundial-arquitectura-actividades-culturales\/#primaryimage"},"thumbnailUrl":"https:\/\/hotelarclarambla.com\/agenda\/wp-content\/uploads\/2026\/03\/hotel-arc-la-rambla-barcelona-capital-mundial-arquitectura-actividades-culturales.webp","datePublished":"2026-03-04T23:00:00+00:00","author":{"@id":"https:\/\/hotelarclarambla.com\/agenda\/#\/schema\/person\/b40fb00e3d10940d7ffb6848593b8d04"},"description":"Descobreixi les activitats de Barcelona, capital mundial de l\u2019arquitectura, amb propostes arreu de la ciutat i plans destacats a Ciutat Vella.","breadcrumb":{"@id":"https:\/\/hotelarclarambla.com\/agenda\/sostenibilidad\/barcelona-capital-mundial-arquitectura-actividades-culturales\/#breadcrumb"},"inLanguage":"ca","potentialAction":[{"@type":"ReadAction","target":["https:\/\/hotelarclarambla.com\/agenda\/sostenibilidad\/barcelona-capital-mundial-arquitectura-actividades-culturales\/"]}]},{"@type":"ImageObject","inLanguage":"ca","@id":"https:\/\/hotelarclarambla.com\/agenda\/sostenibilidad\/barcelona-capital-mundial-arquitectura-actividades-culturales\/#primaryimage","url":"https:\/\/hotelarclarambla.com\/agenda\/wp-content\/uploads\/2026\/03\/hotel-arc-la-rambla-barcelona-capital-mundial-arquitectura-actividades-culturales.webp","contentUrl":"https:\/\/hotelarclarambla.com\/agenda\/wp-content\/uploads\/2026\/03\/hotel-arc-la-rambla-barcelona-capital-mundial-arquitectura-actividades-culturales.webp","width":1366,"height":768,"caption":"Hotel Arc La Rambla | Blog | Barcelona capital mundial de la arquitectura"},{"@type":"BreadcrumbList","@id":"https:\/\/hotelarclarambla.com\/agenda\/sostenibilidad\/barcelona-capital-mundial-arquitectura-actividades-culturales\/#breadcrumb","itemListElement":[{"@type":"ListItem","position":1,"name":"Portada","item":"https:\/\/hotelarclarambla.com\/agenda\/"},{"@type":"ListItem","position":2,"name":"Arquitectura i sostenibilitat: activitats de la XEAB a la Barcelona Capital Mundial de l\u2019Arquitectura"}]},{"@type":"WebSite","@id":"https:\/\/hotelarclarambla.com\/agenda\/#website","url":"https:\/\/hotelarclarambla.com\/agenda\/","name":"Hotel Arc La Rambla Blog","description":"El blog de Hotel Arc","potentialAction":[{"@type":"SearchAction","target":{"@type":"EntryPoint","urlTemplate":"https:\/\/hotelarclarambla.com\/agenda\/?s={search_term_string}"},"query-input":{"@type":"PropertyValueSpecification","valueRequired":true,"valueName":"search_term_string"}}],"inLanguage":"ca"},{"@type":"Person","@id":"https:\/\/hotelarclarambla.com\/agenda\/#\/schema\/person\/b40fb00e3d10940d7ffb6848593b8d04","name":"admin","image":{"@type":"ImageObject","inLanguage":"ca","@id":"https:\/\/secure.gravatar.com\/avatar\/e7d2a513cc006a0531b1545b92475922773d5049debd5d662a4049cc030a89aa?s=96&d=mm&r=g","url":"https:\/\/secure.gravatar.com\/avatar\/e7d2a513cc006a0531b1545b92475922773d5049debd5d662a4049cc030a89aa?s=96&d=mm&r=g","contentUrl":"https:\/\/secure.gravatar.com\/avatar\/e7d2a513cc006a0531b1545b92475922773d5049debd5d662a4049cc030a89aa?s=96&d=mm&r=g","caption":"admin"},"url":"https:\/\/hotelarclarambla.com\/agenda\/ca\/author\/admin\/"}]}},"_links":{"self":[{"href":"https:\/\/hotelarclarambla.com\/agenda\/ca\/wp-json\/wp\/v2\/posts\/240823","targetHints":{"allow":["GET"]}}],"collection":[{"href":"https:\/\/hotelarclarambla.com\/agenda\/ca\/wp-json\/wp\/v2\/posts"}],"about":[{"href":"https:\/\/hotelarclarambla.com\/agenda\/ca\/wp-json\/wp\/v2\/types\/post"}],"author":[{"embeddable":true,"href":"https:\/\/hotelarclarambla.com\/agenda\/ca\/wp-json\/wp\/v2\/users\/1"}],"replies":[{"embeddable":true,"href":"https:\/\/hotelarclarambla.com\/agenda\/ca\/wp-json\/wp\/v2\/comments?post=240823"}],"version-history":[{"count":1,"href":"https:\/\/hotelarclarambla.com\/agenda\/ca\/wp-json\/wp\/v2\/posts\/240823\/revisions"}],"predecessor-version":[{"id":240824,"href":"https:\/\/hotelarclarambla.com\/agenda\/ca\/wp-json\/wp\/v2\/posts\/240823\/revisions\/240824"}],"wp:featuredmedia":[{"embeddable":true,"href":"https:\/\/hotelarclarambla.com\/agenda\/ca\/wp-json\/wp\/v2\/media\/240814"}],"wp:attachment":[{"href":"https:\/\/hotelarclarambla.com\/agenda\/ca\/wp-json\/wp\/v2\/media?parent=240823"}],"wp:term":[{"taxonomy":"category","embeddable":true,"href":"https:\/\/hotelarclarambla.com\/agenda\/ca\/wp-json\/wp\/v2\/categories?post=240823"},{"taxonomy":"post_tag","embeddable":true,"href":"https:\/\/hotelarclarambla.com\/agenda\/ca\/wp-json\/wp\/v2\/tags?post=240823"}],"curies":[{"name":"wp","href":"https:\/\/api.w.org\/{rel}","templated":true}]}}