{"id":240687,"date":"2026-02-12T08:00:00","date_gmt":"2026-02-12T07:00:00","guid":{"rendered":"https:\/\/hotelarclarambla.com\/agenda\/?p=240687"},"modified":"2026-02-02T12:21:50","modified_gmt":"2026-02-02T11:21:50","slug":"calcots-a-barcelona","status":"publish","type":"post","link":"https:\/\/hotelarclarambla.com\/agenda\/ca\/gastronomia-ca\/calcots-a-barcelona\/","title":{"rendered":"Cal\u00e7ots a Barcelona: tradici\u00f3 i on menjar-ne"},"content":{"rendered":"\n<p>Cada any, entre gener i abril, Catalunya celebra una de les seves festes gastron\u00f2miques m\u00e9s estimades: <strong>la temporada de cal\u00e7ots<\/strong>. Aquest producte t\u00edpic de l\u2019hivern \u00e9s molt m\u00e9s que una ceba allargada; \u00e9s l\u2019excusa perfecta per reunir-se, compartir taula a l\u2019aire lliure i gaudir del sabor aut\u00e8ntic de la tradici\u00f3.<\/p>\n\n\n\n<p>Si es troba de visita o t\u00e9 previst venir a la ciutat, en aquest article li expliquem tot el que necessita saber sobre <strong>els cal\u00e7ots a Barcelona<\/strong> i on viure una aut\u00e8ntica <strong>cal\u00e7otada<\/strong>.<\/p>\n\n\n\n<h2 class=\"wp-block-heading\"><strong>Qu\u00e8 s\u00f3n els cal\u00e7ots?<\/strong><\/h2>\n\n\n\n<p>Els cal\u00e7ots s\u00f3n una varietat de ceba tendra, cultivada i cuinada d\u2019una manera molt particular. Es rosteixen a la brasa, directament sobre les flames, i se serveixen ennegrits per fora per\u00f2 tendres per dins. El ritual inclou pelar-los amb les mans, sucar-los en salsa romesco i menjar-los aixecant-los enlaire.<\/p>\n\n\n\n<p>Es tracta d\u2019un <strong>plat tradicional catal\u00e0<\/strong>, especialment popular a la zona de Valls, per\u00f2 que tamb\u00e9 es pot gaudir en molts restaurants de Barcelona durant els mesos freds.<\/p>\n\n\n\n<h2 class=\"wp-block-heading\"><strong>Una tradici\u00f3 que va m\u00e9s enll\u00e0 del menjar<\/strong><\/h2>\n\n\n\n<p>La <strong>cal\u00e7otada<\/strong> \u00e9s m\u00e9s que un \u00e0pat: \u00e9s una celebraci\u00f3. Reunions amb amics, fam\u00edlia o companys de feina al voltant d\u2019una taula a l\u2019aire lliure, amb brases enceses, graelles i, per descomptat, vi o cava.<\/p>\n\n\n\n<p>En molts casos, despr\u00e9s dels cal\u00e7ots es serveixen carns a la brasa, pa amb tom\u00e0quet, postres tradicionals i caf\u00e8s. Una experi\u00e8ncia culin\u00e0ria completa, en clau catalana.<\/p>\n\n\n\n<h2 class=\"wp-block-heading\"><strong>On menjar cal\u00e7ots a Barcelona?<\/strong><\/h2>\n\n\n\n<p>Afortunadament, no cal sortir de la ciutat per gaudir d\u2019aquesta tradici\u00f3. Li recomanem alguns r<strong>estaurants a Barcelona on pot degustar una bona cal\u00e7otad<\/strong>a:<\/p>\n\n\n\n<h3 class=\"wp-block-heading\"><strong>1. Can Vador \u2013 Diputaci\u00f3<\/strong><\/h3>\n\n\n\n<p>Ambient r\u00fastic i men\u00fa especial de cal\u00e7otada amb productes de temporada..<br>\u00d3n: Carrer de la Diputaci\u00f3, 367<br>Web: <a href=\"https:\/\/canvador.com\">\u00a0<\/a><a href=\"http:\/\/canvador.com\" target=\"_blank\" rel=\"noreferrer noopener nofollow\">canvador.com<\/a><\/p>\n\n\n\n<h3 class=\"wp-block-heading\"><strong>2. El Jard\u00ed de l\u2019Abadessa<\/strong><\/h3>\n\n\n\n<p>Un restaurant amb terrassa exterior ideal per a una cal\u00e7otada elegant.<br>\u00d3n: Carrer de l&#8217;Abadessa Olzet, 26<br>Web:\u00a0 <a href=\"http:\/\/www.jardiabadessa.com\" target=\"_blank\" rel=\"noreferrer noopener nofollow\">www.jardiabadessa.com<\/a><\/p>\n\n\n\n<h3 class=\"wp-block-heading\"><strong>3. Masia Can Cortada<\/strong><\/h3>\n\n\n\n<p>Ideal si desitja una experi\u00e8ncia m\u00e9s rural sense sortir de Barcelona.<br>\u00d3n: Avinguda de l&#8217;Estatut de Catalunya, s\/n<br>Web:\u00a0 <a href=\"http:\/\/gruptravi.com\" target=\"_blank\" rel=\"noreferrer noopener nofollow\">gruptravi.com<\/a>\u00a0<\/p>\n\n\n\n<p><strong>4. Bodega Joan &#8211; Eixampl<\/strong><strong>e<\/strong><\/p>\n\n\n\n<p>Amb m\u00e9s de vuit d\u00e8cades d\u2019hist\u00f2ria, Bodega Joan \u00e9s un local emblem\u00e0tic de l\u2019Eixample.<br>\u00d3n: Carrer del Rossell\u00f3, 164<br>Web: <a href=\"http:\/\/bodegajoan.com\" target=\"_blank\" rel=\"noreferrer noopener nofollow\">bodegajoan.com<\/a>\u00a0<\/p>\n\n\n\n<p><strong>5. Nou Can Mart\u00ed &#8211; Collserola<\/strong><\/p>\n\n\n\n<p>Situat a la muntanya de Collserola, Nou Can Mart\u00ed destaca per les seves vistes espectaculars sobre Barcelona.<br>\u00d3n: Passatge de la Font del Mont, 4<br>Web: <a href=\"http:\/\/noucanmarti.com\" target=\"_blank\" rel=\"noreferrer noopener nofollow\">noucanmarti.com<\/a>\u00a0<\/p>\n\n\n\n<h2 class=\"wp-block-heading\"><strong>Allotgi&#8217;s a prop i visqui la ciutat des del cor<\/strong><\/h2>\n\n\n\n<p>Gaudir d\u2019una cal\u00e7otada \u00e9s encara millor quan s\u2019allotja en un lloc c\u00e8ntric, ben connectat i amb encant local. <strong><a href=\"https:\/\/hotelarclarambla.com\/ca\/\">Hotel Arc La Rambla<\/a><\/strong> li ofereix una ubicaci\u00f3 privilegiada <strong>a la Rambla de Barcelona<\/strong>, des d\u2019on podr\u00e0 despla\u00e7ar-se f\u00e0cilment als millors restaurants de la ciutat, explorar la seva oferta cultural i tornar a descansar despr\u00e9s d\u2019un \u00e0pat memorable.<\/p>\n\n\n\n<p>M\u00e9s informaci\u00f3 i reserves: <a href=\"https:\/\/hotelarclarambla.com\/ca\/\">https:\/\/hotelarclarambla.com\/ca\/<\/a>&nbsp;<\/p>\n\n\n\n<h2 class=\"wp-block-heading\"><strong>Reservi la seva escapada gastron\u00f2mica amb avantatges exclusius<\/strong><\/h2>\n\n\n\n<p>Vingui a descobrir els cal\u00e7ots a Barcelona i allotgi\u2019s al centre, amb la comoditat i el tracte acollidor d\u2019Hotel Arc La Rambla.<\/p>\n\n\n\n<p><strong>Utilitzi el codi ARCBLOG i obtingui un descompte especial per ser lector del nostre blog.<\/strong><\/p>\n\n\n\n<p>Reservi ara a: <a href=\"https:\/\/hotelarclarambla.com\/\">https:\/\/hotelarclarambla.com\/<\/a><\/p>\n\n\n\n<p>Segueixi&#8217;ns per m\u00e9s recomanacions gastron\u00f2miques i culturals a Barcelona:<\/p>\n\n\n\n<ul class=\"wp-block-list\">\n<li>Instagram:<a href=\"https:\/\/www.instagram.com\/arclarambla\/\" target=\"_blank\" rel=\"noreferrer noopener nofollow\"> @arclarambla<\/a><\/li>\n\n\n\n<li>Facebook:<a href=\"https:\/\/www.facebook.com\/HotelArcLaRambla\/\" target=\"_blank\" rel=\"noreferrer noopener nofollow\"> Hotel Arc La Rambla<\/a><\/li>\n<\/ul>\n","protected":false},"excerpt":{"rendered":"<p>Els cal\u00e7ots s\u00f3n una joia de la gastronomia catalana. Li expliquem el seu origen, com es mengen i els millors llocs per tastar-los a Barcelona.<\/p>\n","protected":false},"author":7,"featured_media":240683,"comment_status":"closed","ping_status":"closed","sticky":false,"template":"","format":"standard","meta":{"_acf_changed":false,"_et_pb_use_builder":"off","_et_pb_old_content":"","_et_gb_content_width":"","inline_featured_image":false,"footnotes":""},"categories":[5756],"tags":[],"class_list":["post-240687","post","type-post","status-publish","format-standard","has-post-thumbnail","hentry","category-gastronomia-ca"],"acf":[],"yoast_head":"<!-- This site is optimized with the Yoast SEO plugin v27.4 - https:\/\/yoast.com\/product\/yoast-seo-wordpress\/ -->\n<title>Cal\u00e7ots a Barcelona: tradici\u00f3 i on menjar-ne<\/title>\n<meta name=\"description\" content=\"Descobreixi la tradici\u00f3 dels cal\u00e7ots a Barcelona i on gaudir d\u2019una aut\u00e8ntica cal\u00e7otada aquesta temporada.\" \/>\n<meta name=\"robots\" content=\"index, follow, max-snippet:-1, max-image-preview:large, max-video-preview:-1\" \/>\n<link rel=\"canonical\" href=\"https:\/\/hotelarclarambla.com\/agenda\/gastronomia\/calcots-en-barcelona\/\" \/>\n<meta property=\"og:locale\" content=\"ca_ES\" \/>\n<meta property=\"og:type\" content=\"article\" \/>\n<meta property=\"og:title\" content=\"Cal\u00e7ots a Barcelona: tradici\u00f3 i on menjar-ne\" \/>\n<meta property=\"og:description\" content=\"Descobreixi la tradici\u00f3 dels cal\u00e7ots a Barcelona i on gaudir d\u2019una aut\u00e8ntica cal\u00e7otada aquesta temporada.\" \/>\n<meta property=\"og:url\" content=\"https:\/\/hotelarclarambla.com\/agenda\/gastronomia\/calcots-en-barcelona\/\" \/>\n<meta property=\"og:site_name\" content=\"Hotel Arc La Rambla Blog\" \/>\n<meta property=\"article:published_time\" content=\"2026-02-12T07:00:00+00:00\" \/>\n<meta property=\"og:image\" content=\"https:\/\/hotelarclarambla.com\/agenda\/wp-content\/uploads\/2026\/02\/epoca-de-calcots-barcelona.webp\" \/>\n\t<meta property=\"og:image:width\" content=\"1366\" \/>\n\t<meta property=\"og:image:height\" content=\"768\" \/>\n\t<meta property=\"og:image:type\" content=\"image\/webp\" \/>\n<meta name=\"author\" content=\"admin-blog\" \/>\n<meta name=\"twitter:card\" content=\"summary_large_image\" \/>\n<meta name=\"twitter:label1\" content=\"Escrit per\" \/>\n\t<meta name=\"twitter:data1\" content=\"admin-blog\" \/>\n\t<meta name=\"twitter:label2\" content=\"Temps estimat de lectura\" \/>\n\t<meta name=\"twitter:data2\" content=\"3 minuts\" \/>\n<script type=\"application\/ld+json\" class=\"yoast-schema-graph\">{\"@context\":\"https:\\\/\\\/schema.org\",\"@graph\":[{\"@type\":\"Article\",\"@id\":\"https:\\\/\\\/hotelarclarambla.com\\\/agenda\\\/gastronomia\\\/calcots-en-barcelona\\\/#article\",\"isPartOf\":{\"@id\":\"https:\\\/\\\/hotelarclarambla.com\\\/agenda\\\/gastronomia\\\/calcots-en-barcelona\\\/\"},\"author\":{\"name\":\"admin-blog\",\"@id\":\"https:\\\/\\\/hotelarclarambla.com\\\/agenda\\\/#\\\/schema\\\/person\\\/d8f3a3360be85a78d724ebd6c3120a76\"},\"headline\":\"Cal\u00e7ots a Barcelona: tradici\u00f3 i on menjar-ne\",\"datePublished\":\"2026-02-12T07:00:00+00:00\",\"mainEntityOfPage\":{\"@id\":\"https:\\\/\\\/hotelarclarambla.com\\\/agenda\\\/gastronomia\\\/calcots-en-barcelona\\\/\"},\"wordCount\":600,\"image\":{\"@id\":\"https:\\\/\\\/hotelarclarambla.com\\\/agenda\\\/gastronomia\\\/calcots-en-barcelona\\\/#primaryimage\"},\"thumbnailUrl\":\"https:\\\/\\\/hotelarclarambla.com\\\/agenda\\\/wp-content\\\/uploads\\\/2026\\\/02\\\/epoca-de-calcots-barcelona.webp\",\"articleSection\":[\"Gastronomia\"],\"inLanguage\":\"ca\"},{\"@type\":\"WebPage\",\"@id\":\"https:\\\/\\\/hotelarclarambla.com\\\/agenda\\\/gastronomia\\\/calcots-en-barcelona\\\/\",\"url\":\"https:\\\/\\\/hotelarclarambla.com\\\/agenda\\\/gastronomia\\\/calcots-en-barcelona\\\/\",\"name\":\"Cal\u00e7ots a Barcelona: tradici\u00f3 i on menjar-ne\",\"isPartOf\":{\"@id\":\"https:\\\/\\\/hotelarclarambla.com\\\/agenda\\\/#website\"},\"primaryImageOfPage\":{\"@id\":\"https:\\\/\\\/hotelarclarambla.com\\\/agenda\\\/gastronomia\\\/calcots-en-barcelona\\\/#primaryimage\"},\"image\":{\"@id\":\"https:\\\/\\\/hotelarclarambla.com\\\/agenda\\\/gastronomia\\\/calcots-en-barcelona\\\/#primaryimage\"},\"thumbnailUrl\":\"https:\\\/\\\/hotelarclarambla.com\\\/agenda\\\/wp-content\\\/uploads\\\/2026\\\/02\\\/epoca-de-calcots-barcelona.webp\",\"datePublished\":\"2026-02-12T07:00:00+00:00\",\"author\":{\"@id\":\"https:\\\/\\\/hotelarclarambla.com\\\/agenda\\\/#\\\/schema\\\/person\\\/d8f3a3360be85a78d724ebd6c3120a76\"},\"description\":\"Descobreixi la tradici\u00f3 dels cal\u00e7ots a Barcelona i on gaudir d\u2019una aut\u00e8ntica cal\u00e7otada aquesta temporada.\",\"breadcrumb\":{\"@id\":\"https:\\\/\\\/hotelarclarambla.com\\\/agenda\\\/gastronomia\\\/calcots-en-barcelona\\\/#breadcrumb\"},\"inLanguage\":\"ca\",\"potentialAction\":[{\"@type\":\"ReadAction\",\"target\":[\"https:\\\/\\\/hotelarclarambla.com\\\/agenda\\\/gastronomia\\\/calcots-en-barcelona\\\/\"]}]},{\"@type\":\"ImageObject\",\"inLanguage\":\"ca\",\"@id\":\"https:\\\/\\\/hotelarclarambla.com\\\/agenda\\\/gastronomia\\\/calcots-en-barcelona\\\/#primaryimage\",\"url\":\"https:\\\/\\\/hotelarclarambla.com\\\/agenda\\\/wp-content\\\/uploads\\\/2026\\\/02\\\/epoca-de-calcots-barcelona.webp\",\"contentUrl\":\"https:\\\/\\\/hotelarclarambla.com\\\/agenda\\\/wp-content\\\/uploads\\\/2026\\\/02\\\/epoca-de-calcots-barcelona.webp\",\"width\":1366,\"height\":768,\"caption\":\"Epoca de cal\u00e7ots\"},{\"@type\":\"BreadcrumbList\",\"@id\":\"https:\\\/\\\/hotelarclarambla.com\\\/agenda\\\/gastronomia\\\/calcots-en-barcelona\\\/#breadcrumb\",\"itemListElement\":[{\"@type\":\"ListItem\",\"position\":1,\"name\":\"Portada\",\"item\":\"https:\\\/\\\/hotelarclarambla.com\\\/agenda\\\/\"},{\"@type\":\"ListItem\",\"position\":2,\"name\":\"Cal\u00e7ots a Barcelona: tradici\u00f3 i on menjar-ne\"}]},{\"@type\":\"WebSite\",\"@id\":\"https:\\\/\\\/hotelarclarambla.com\\\/agenda\\\/#website\",\"url\":\"https:\\\/\\\/hotelarclarambla.com\\\/agenda\\\/\",\"name\":\"Hotel Arc La Rambla Blog\",\"description\":\"El blog de Hotel Arc\",\"potentialAction\":[{\"@type\":\"SearchAction\",\"target\":{\"@type\":\"EntryPoint\",\"urlTemplate\":\"https:\\\/\\\/hotelarclarambla.com\\\/agenda\\\/?s={search_term_string}\"},\"query-input\":{\"@type\":\"PropertyValueSpecification\",\"valueRequired\":true,\"valueName\":\"search_term_string\"}}],\"inLanguage\":\"ca\"},{\"@type\":\"Person\",\"@id\":\"https:\\\/\\\/hotelarclarambla.com\\\/agenda\\\/#\\\/schema\\\/person\\\/d8f3a3360be85a78d724ebd6c3120a76\",\"name\":\"admin-blog\",\"image\":{\"@type\":\"ImageObject\",\"inLanguage\":\"ca\",\"@id\":\"https:\\\/\\\/secure.gravatar.com\\\/avatar\\\/3db8ac15c57c75a545efde96140dbaf40237bf4b8e1a3c97b6ff05eb84998daa?s=96&d=mm&r=g\",\"url\":\"https:\\\/\\\/secure.gravatar.com\\\/avatar\\\/3db8ac15c57c75a545efde96140dbaf40237bf4b8e1a3c97b6ff05eb84998daa?s=96&d=mm&r=g\",\"contentUrl\":\"https:\\\/\\\/secure.gravatar.com\\\/avatar\\\/3db8ac15c57c75a545efde96140dbaf40237bf4b8e1a3c97b6ff05eb84998daa?s=96&d=mm&r=g\",\"caption\":\"admin-blog\"},\"url\":\"https:\\\/\\\/hotelarclarambla.com\\\/agenda\\\/ca\\\/author\\\/admin-blog\\\/\"}]}<\/script>\n<!-- \/ Yoast SEO plugin. -->","yoast_head_json":{"title":"Cal\u00e7ots a Barcelona: tradici\u00f3 i on menjar-ne","description":"Descobreixi la tradici\u00f3 dels cal\u00e7ots a Barcelona i on gaudir d\u2019una aut\u00e8ntica cal\u00e7otada aquesta temporada.","robots":{"index":"index","follow":"follow","max-snippet":"max-snippet:-1","max-image-preview":"max-image-preview:large","max-video-preview":"max-video-preview:-1"},"canonical":"https:\/\/hotelarclarambla.com\/agenda\/gastronomia\/calcots-en-barcelona\/","og_locale":"ca_ES","og_type":"article","og_title":"Cal\u00e7ots a Barcelona: tradici\u00f3 i on menjar-ne","og_description":"Descobreixi la tradici\u00f3 dels cal\u00e7ots a Barcelona i on gaudir d\u2019una aut\u00e8ntica cal\u00e7otada aquesta temporada.","og_url":"https:\/\/hotelarclarambla.com\/agenda\/gastronomia\/calcots-en-barcelona\/","og_site_name":"Hotel Arc La Rambla Blog","article_published_time":"2026-02-12T07:00:00+00:00","og_image":[{"width":1366,"height":768,"url":"https:\/\/hotelarclarambla.com\/agenda\/wp-content\/uploads\/2026\/02\/epoca-de-calcots-barcelona.webp","type":"image\/webp"}],"author":"admin-blog","twitter_card":"summary_large_image","twitter_misc":{"Escrit per":"admin-blog","Temps estimat de lectura":"3 minuts"},"schema":{"@context":"https:\/\/schema.org","@graph":[{"@type":"Article","@id":"https:\/\/hotelarclarambla.com\/agenda\/gastronomia\/calcots-en-barcelona\/#article","isPartOf":{"@id":"https:\/\/hotelarclarambla.com\/agenda\/gastronomia\/calcots-en-barcelona\/"},"author":{"name":"admin-blog","@id":"https:\/\/hotelarclarambla.com\/agenda\/#\/schema\/person\/d8f3a3360be85a78d724ebd6c3120a76"},"headline":"Cal\u00e7ots a Barcelona: tradici\u00f3 i on menjar-ne","datePublished":"2026-02-12T07:00:00+00:00","mainEntityOfPage":{"@id":"https:\/\/hotelarclarambla.com\/agenda\/gastronomia\/calcots-en-barcelona\/"},"wordCount":600,"image":{"@id":"https:\/\/hotelarclarambla.com\/agenda\/gastronomia\/calcots-en-barcelona\/#primaryimage"},"thumbnailUrl":"https:\/\/hotelarclarambla.com\/agenda\/wp-content\/uploads\/2026\/02\/epoca-de-calcots-barcelona.webp","articleSection":["Gastronomia"],"inLanguage":"ca"},{"@type":"WebPage","@id":"https:\/\/hotelarclarambla.com\/agenda\/gastronomia\/calcots-en-barcelona\/","url":"https:\/\/hotelarclarambla.com\/agenda\/gastronomia\/calcots-en-barcelona\/","name":"Cal\u00e7ots a Barcelona: tradici\u00f3 i on menjar-ne","isPartOf":{"@id":"https:\/\/hotelarclarambla.com\/agenda\/#website"},"primaryImageOfPage":{"@id":"https:\/\/hotelarclarambla.com\/agenda\/gastronomia\/calcots-en-barcelona\/#primaryimage"},"image":{"@id":"https:\/\/hotelarclarambla.com\/agenda\/gastronomia\/calcots-en-barcelona\/#primaryimage"},"thumbnailUrl":"https:\/\/hotelarclarambla.com\/agenda\/wp-content\/uploads\/2026\/02\/epoca-de-calcots-barcelona.webp","datePublished":"2026-02-12T07:00:00+00:00","author":{"@id":"https:\/\/hotelarclarambla.com\/agenda\/#\/schema\/person\/d8f3a3360be85a78d724ebd6c3120a76"},"description":"Descobreixi la tradici\u00f3 dels cal\u00e7ots a Barcelona i on gaudir d\u2019una aut\u00e8ntica cal\u00e7otada aquesta temporada.","breadcrumb":{"@id":"https:\/\/hotelarclarambla.com\/agenda\/gastronomia\/calcots-en-barcelona\/#breadcrumb"},"inLanguage":"ca","potentialAction":[{"@type":"ReadAction","target":["https:\/\/hotelarclarambla.com\/agenda\/gastronomia\/calcots-en-barcelona\/"]}]},{"@type":"ImageObject","inLanguage":"ca","@id":"https:\/\/hotelarclarambla.com\/agenda\/gastronomia\/calcots-en-barcelona\/#primaryimage","url":"https:\/\/hotelarclarambla.com\/agenda\/wp-content\/uploads\/2026\/02\/epoca-de-calcots-barcelona.webp","contentUrl":"https:\/\/hotelarclarambla.com\/agenda\/wp-content\/uploads\/2026\/02\/epoca-de-calcots-barcelona.webp","width":1366,"height":768,"caption":"Epoca de cal\u00e7ots"},{"@type":"BreadcrumbList","@id":"https:\/\/hotelarclarambla.com\/agenda\/gastronomia\/calcots-en-barcelona\/#breadcrumb","itemListElement":[{"@type":"ListItem","position":1,"name":"Portada","item":"https:\/\/hotelarclarambla.com\/agenda\/"},{"@type":"ListItem","position":2,"name":"Cal\u00e7ots a Barcelona: tradici\u00f3 i on menjar-ne"}]},{"@type":"WebSite","@id":"https:\/\/hotelarclarambla.com\/agenda\/#website","url":"https:\/\/hotelarclarambla.com\/agenda\/","name":"Hotel Arc La Rambla Blog","description":"El blog de Hotel Arc","potentialAction":[{"@type":"SearchAction","target":{"@type":"EntryPoint","urlTemplate":"https:\/\/hotelarclarambla.com\/agenda\/?s={search_term_string}"},"query-input":{"@type":"PropertyValueSpecification","valueRequired":true,"valueName":"search_term_string"}}],"inLanguage":"ca"},{"@type":"Person","@id":"https:\/\/hotelarclarambla.com\/agenda\/#\/schema\/person\/d8f3a3360be85a78d724ebd6c3120a76","name":"admin-blog","image":{"@type":"ImageObject","inLanguage":"ca","@id":"https:\/\/secure.gravatar.com\/avatar\/3db8ac15c57c75a545efde96140dbaf40237bf4b8e1a3c97b6ff05eb84998daa?s=96&d=mm&r=g","url":"https:\/\/secure.gravatar.com\/avatar\/3db8ac15c57c75a545efde96140dbaf40237bf4b8e1a3c97b6ff05eb84998daa?s=96&d=mm&r=g","contentUrl":"https:\/\/secure.gravatar.com\/avatar\/3db8ac15c57c75a545efde96140dbaf40237bf4b8e1a3c97b6ff05eb84998daa?s=96&d=mm&r=g","caption":"admin-blog"},"url":"https:\/\/hotelarclarambla.com\/agenda\/ca\/author\/admin-blog\/"}]}},"_links":{"self":[{"href":"https:\/\/hotelarclarambla.com\/agenda\/ca\/wp-json\/wp\/v2\/posts\/240687","targetHints":{"allow":["GET"]}}],"collection":[{"href":"https:\/\/hotelarclarambla.com\/agenda\/ca\/wp-json\/wp\/v2\/posts"}],"about":[{"href":"https:\/\/hotelarclarambla.com\/agenda\/ca\/wp-json\/wp\/v2\/types\/post"}],"author":[{"embeddable":true,"href":"https:\/\/hotelarclarambla.com\/agenda\/ca\/wp-json\/wp\/v2\/users\/7"}],"replies":[{"embeddable":true,"href":"https:\/\/hotelarclarambla.com\/agenda\/ca\/wp-json\/wp\/v2\/comments?post=240687"}],"version-history":[{"count":3,"href":"https:\/\/hotelarclarambla.com\/agenda\/ca\/wp-json\/wp\/v2\/posts\/240687\/revisions"}],"predecessor-version":[{"id":240694,"href":"https:\/\/hotelarclarambla.com\/agenda\/ca\/wp-json\/wp\/v2\/posts\/240687\/revisions\/240694"}],"wp:featuredmedia":[{"embeddable":true,"href":"https:\/\/hotelarclarambla.com\/agenda\/ca\/wp-json\/wp\/v2\/media\/240683"}],"wp:attachment":[{"href":"https:\/\/hotelarclarambla.com\/agenda\/ca\/wp-json\/wp\/v2\/media?parent=240687"}],"wp:term":[{"taxonomy":"category","embeddable":true,"href":"https:\/\/hotelarclarambla.com\/agenda\/ca\/wp-json\/wp\/v2\/categories?post=240687"},{"taxonomy":"post_tag","embeddable":true,"href":"https:\/\/hotelarclarambla.com\/agenda\/ca\/wp-json\/wp\/v2\/tags?post=240687"}],"curies":[{"name":"wp","href":"https:\/\/api.w.org\/{rel}","templated":true}]}}