{"id":240422,"date":"2025-08-20T09:00:00","date_gmt":"2025-08-20T07:00:00","guid":{"rendered":"https:\/\/hotelarclarambla.com\/agenda\/?p=240422"},"modified":"2025-08-04T09:56:10","modified_gmt":"2025-08-04T07:56:10","slug":"coves-del-salnitre-inspiracio-gaudi","status":"publish","type":"post","link":"https:\/\/hotelarclarambla.com\/agenda\/ca\/que-veure-a-barcelona\/coves-del-salnitre-inspiracio-gaudi\/","title":{"rendered":"Les Coves del Salnitre: el santuari subterrani que va inspirar Gaud\u00ed"},"content":{"rendered":"\n<p>Situades als peus del mass\u00eds de Montserrat, les <strong>Coves del Salnitre<\/strong> amaguen molt m\u00e9s que formes espectaculars: al seu interior s\u2019hi conserva una hist\u00f2ria que s\u2019est\u00e9n al llarg de milers d\u2019anys. Des dels primers assentaments humans fins a servir d\u2019inspiraci\u00f3 per al mateix Gaud\u00ed, aquestes coves s\u00f3n un dels tresors m\u00e9s desconeguts \u2014i fascinants\u2014 de Catalunya.<\/p>\n\n\n\n<h2 class=\"wp-block-heading\"><strong>Geologia, llegenda i meravella natural<\/strong><\/h2>\n\n\n\n<p>Les coves es van formar fa m\u00e9s de 36 milions d\u2019anys per l&#8217;erosi\u00f3 de l\u2019aigua sobre les roques calc\u00e0ries de Montserrat. El seu nom prov\u00e9 del \u201csalnitre\u201d, un nitrat que s\u2019extreia del seu interior per elaborar p\u00f3lvora. M\u00e9s enll\u00e0 de les seves dimensions espectaculars, els passadissos naturals han donat lloc a sales amb noms tan evocadors com <strong>la Catedral, la Boca de l\u2019Infern <\/strong>o<strong> la Sala dels Elefants<\/strong>.<\/p>\n\n\n\n<h2 class=\"wp-block-heading\"><strong>Testimonis de la hist\u00f2ria: de la prehist\u00f2ria al segle XX<\/strong><\/h2>\n\n\n\n<h3 class=\"wp-block-heading\"><strong>Prehist\u00f2ria: la primera llar<\/strong><\/h3>\n\n\n\n<p>Les coves ja estaven habitades al <strong>neol\u00edtic<\/strong>, fa m\u00e9s de 5.000 anys. S\u2019hi han trobat restes arqueol\u00f2giques \u2014eines, cer\u00e0miques i ossos\u2014 que demostren que van ser utilitzades com a <strong>habitatge i refugi<\/strong> per comunitats prehist\u00f2riques. La seva ubicaci\u00f3 protegida i l\u2019abund\u00e0ncia d\u2019aigua les feien ideals per establir-s\u2019hi.<\/p>\n\n\n\n<h3 class=\"wp-block-heading\"><strong>Edat mitjana: l\u2019or blanc dels monjos<\/strong><\/h3>\n\n\n\n<p>Durant l\u2019Edat mitjana, els monjos del monestir de Montserrat van descobrir un valor afegit a les coves: <strong>el salnitre<\/strong>, que extreien dels sediments i excrements de ratpenat, era un component essencial per fabricar p\u00f3lvora. Aquest recurs natural es va convertir en una font d\u2019ingressos i en un element clau per a la defensa militar de l\u2019\u00e8poca. Es van organitzar<strong> tasques d\u2019extracci\u00f3 i emmagatzematge<\/strong>, i fins i tot es van habilitar zones de treball a l\u2019interior de la cova.<\/p>\n\n\n\n<h3 class=\"wp-block-heading\"><strong>Segle XIX: inspiraci\u00f3 per al modernisme<\/strong><\/h3>\n\n\n\n<p>Va ser en aquesta \u00e8poca quan <strong>Antoni Gaud\u00ed<\/strong> va visitar les Coves del Salnitre i va quedar impressionat per les formes org\u00e0niques de les seves sales. Les <strong>columnes ondulades, voltes naturals i textures minerals<\/strong> li van servir de model per a elements de la <strong>Sagrada Fam\u00edlia<\/strong> i altres obres modernistes. La natura com a arquitectura viva era, per a ell, una font inesgotable de saviesa, i aquestes coves es van convertir en el seu laboratori subterrani.<\/p>\n\n\n\n<h3 class=\"wp-block-heading\"><strong>Guerra Civil: refugi en temps foscos<\/strong><\/h3>\n\n\n\n<p>Durant la <strong>Guerra Civil espanyola (1936\u20131939)<\/strong>, les coves es van utilitzar com a <strong>refugi per a la poblaci\u00f3 civil<\/strong>, protegint-la dels bombardejos que amena\u00e7aven la comarca. La seva profunditat i estructura interna oferien un amagatall natural segur. Tamb\u00e9 van circular hist\u00f2ries de contraban i emmagatzematge d\u2019armes, tot i que algunes formen part de la rica<strong> llegenda popular<\/strong> associada a aquest indret.<\/p>\n\n\n\n<h2 class=\"wp-block-heading\"><strong>Com \u00e9s la visita?<\/strong><\/h2>\n\n\n\n<p>L\u2019experi\u00e8ncia \u00e9s guiada i t\u00e9 una durada aproximada d\u2019una hora. Comen\u00e7a amb una introducci\u00f3 audiovisual que contextualitza el recorregut:<\/p>\n\n\n\n<ul class=\"wp-block-list\">\n<li><strong>Itinerari<\/strong>: m\u00e9s de 500 graons interiors i 244 per accedir des de l\u2019exterior.<br><\/li>\n\n\n\n<li><strong>Sales principals<\/strong>: la Catedral, la Sala dels Elefants, la Cova del Cambril i la Boca de l\u2019Infern.<br><\/li>\n\n\n\n<li><strong>Condicions<\/strong>: temperatura constant de 14 \u00b0C i humitat propera al 98 %.<br><\/li>\n\n\n\n<li><strong>Recomanacions<\/strong>: roba d&#8217;abrigar (fins i tot a l\u2019estiu), cal\u00e7at esportiu i aigua.<\/li>\n<\/ul>\n\n\n\n<p>Les visites estan obertes tot l\u2019any, per\u00f2 a la temporada alta li recomanem reservar amb antelaci\u00f3 per assegurar-se pla\u00e7a, ja que sol haver-hi m\u00e9s demanda.<\/p>\n\n\n\n<h2 class=\"wp-block-heading\"><strong>Com arribar a les Coves del Salnitre des de Barcelona?<\/strong><\/h2>\n\n\n\n<p><strong><br><\/strong> Planificar una visita a les <strong>Coves del Salnitre<\/strong> des de <strong><a href=\"https:\/\/hotelarclarambla.com\/ca\">Hotel Arc La Rambla<\/a><\/strong> \u00e9s senzill i accessible. Hi ha diverses opcions, segons la seva prefer\u00e8ncia:<\/p>\n\n\n\n<h3 class=\"wp-block-heading\"><strong>Amb cotxe (recomanat)<\/strong><\/h3>\n\n\n\n<ul class=\"wp-block-list\">\n<li><strong>Dist\u00e0ncia<\/strong>: uns 45\u202fkm.<br><\/li>\n\n\n\n<li><strong>Durada<\/strong>: entre 45 i 55 minuts.<br><\/li>\n\n\n\n<li><strong>Ruta recomanada<\/strong>: Surti de Barcelona per la B-10 (Ronda Litoral) en direcci\u00f3 L\u2019Hospitalet. Continu\u00ef per l\u2019A-2 fins a la sortida <strong>Collbat\u00f3<\/strong>. Un cop all\u00e0, segueixi les indicacions cap a l\u2019<strong>Aparcament Coves del Salnitre<\/strong>, on comen\u00e7ar\u00e0 l\u2019ascens a peu per un cam\u00ed ben senyalitzat.<\/li>\n<\/ul>\n\n\n\n<h3 class=\"wp-block-heading\"><strong>En transport p\u00fablic<\/strong><\/h3>\n\n\n\n<p>Ideal si prefereix una opci\u00f3 m\u00e9s sostenible o no disposa de vehicle.<\/p>\n\n\n\n<ul class=\"wp-block-list\">\n<li><strong>Tren + taxi o caminada<\/strong><strong><br><\/strong>\n<ul class=\"wp-block-list\">\n<li>Des de <strong>Pla\u00e7a Espanya<\/strong>, prengui la l\u00ednia R5 dels <strong>Ferrocarrils de la Generalitat de Catalunya (FGC)<\/strong> fins a <strong>Monistrol de Montserrat<\/strong> o <strong>Montserrat-Aeri<\/strong>.<br><\/li>\n\n\n\n<li>Des d\u2019all\u00e0, pot agafar un taxi fins a <strong>Collbat\u00f3<\/strong> (uns 15 minuts), o b\u00e9 coordinar el trajecte caminant o en autob\u00fas si hi ha servei actiu (consulti-ho amb antelaci\u00f3).<\/li>\n<\/ul>\n<\/li>\n<\/ul>\n\n\n\n<ul class=\"wp-block-list\">\n<li><strong>Autob\u00fas (opcional, amb combinacions)<\/strong><br>\n<ul class=\"wp-block-list\">\n<li>Algunes l\u00ednies regionals (com les de <strong>Hife<\/strong> o <strong>MonBus<\/strong>) arriben a <strong>Olesa de Montserrat<\/strong> o <strong>Esparreguera<\/strong>. Des d\u2019all\u00e0, cal combinar amb taxi o caminada.<\/li>\n<\/ul>\n<\/li>\n<\/ul>\n\n\n\n<h3 class=\"wp-block-heading\"><strong>A tenir en compte:<\/strong><\/h3>\n\n\n\n<ul class=\"wp-block-list\">\n<li>L\u2019acc\u00e9s final requereix una <strong>pujada a peu d\u2019uns 10-15 minuts<\/strong> des de l\u2019aparcament fins a l\u2019entrada de les coves.<\/li>\n\n\n\n<li>Porti<strong> cal\u00e7at c\u00f2mode, gorra i aigu<\/strong>a, especialment en mesos calorosos.<\/li>\n\n\n\n<li>Per facilitar la seva experi\u00e8ncia, a la recepci\u00f3 de <strong>Hotel Arc La Rambla<\/strong> estarem encantats d\u2019ajudar-lo amb mapes, reserves i recomanacions personalitzades.<\/li>\n<\/ul>\n\n\n\n<h2 class=\"wp-block-heading\"><strong>Una escapada perfecta des d&#8217;Hotel Arc La Rambla<\/strong><\/h2>\n\n\n\n<p><strong>Situat a la Rambla de Barcelona<\/strong>, <strong><a href=\"https:\/\/hotelarclarambla.com\/ca\">Hotel Arc La Rambla<\/a><\/strong> li permet gaudir del cor de la ciutat i, alhora, planificar escapades culturals com aquesta. A nom\u00e9s 45 minuts en cotxe, les <strong>Coves del Salnitre<\/strong> s\u00f3n una opci\u00f3 ideal per combinar n<strong>atura, hist\u00f2ria i arquitectura<\/strong> en un mateix dia.<\/p>\n\n\n\n<p><strong>Reservi la seva estada i endinsi&#8217;s en la hist\u00f2ria<\/strong><\/p>\n\n\n\n<p>Utilitzi el codi promocional <strong>ARCBLOG<\/strong> a la seva reserva a <strong><a href=\"https:\/\/hotelarclarambla.com\/\">hotelarclarambla.com<\/a><\/strong> i gaudeixi d\u2019un descompte exclusiu.<\/p>\n\n\n\n<p>Segueixi\u2019ns a <a href=\"https:\/\/www.instagram.com\/arclarambla\/\" target=\"_blank\" rel=\"noreferrer noopener nofollow\">Instagram @arclarambla<\/a> i a <strong><a href=\"https:\/\/www.facebook.com\/HotelArcLaRambla\/\" target=\"_blank\" rel=\"noreferrer noopener nofollow\">Facebook<\/a><\/strong> per descobrir m\u00e9s idees d\u2019escapades \u00faniques.<\/p>\n","protected":false},"excerpt":{"rendered":"<p>Art, llegendes i natura sota terra: explori les Coves del Salnitre, un enclavament \u00fanic a Collbat\u00f3 amb milers d&#8217;anys d&#8217;hist\u00f2ria i bellesa geol\u00f2gica<\/p>\n","protected":false},"author":1,"featured_media":240429,"comment_status":"closed","ping_status":"closed","sticky":false,"template":"","format":"standard","meta":{"_acf_changed":false,"_et_pb_use_builder":"off","_et_pb_old_content":"","_et_gb_content_width":"","inline_featured_image":false,"footnotes":""},"categories":[5728],"tags":[],"class_list":["post-240422","post","type-post","status-publish","format-standard","has-post-thumbnail","hentry","category-que-veure-a-barcelona"],"acf":[],"yoast_head":"<!-- This site is optimized with the Yoast SEO plugin v27.4 - https:\/\/yoast.com\/product\/yoast-seo-wordpress\/ -->\n<title>Coves del Salnitre: coves que van inspirar Gaud\u00ed<\/title>\n<meta name=\"description\" content=\"Descobreixi les Coves del Salnitre, refugi prehist\u00f2ric i font d&#039;inspiraci\u00f3 per a Gaud\u00ed. Una visita imprescindible a prop de Barcelona.\" \/>\n<meta name=\"robots\" content=\"index, follow, max-snippet:-1, max-image-preview:large, max-video-preview:-1\" \/>\n<link rel=\"canonical\" href=\"https:\/\/hotelarclarambla.com\/agenda\/?p=240420\" \/>\n<meta property=\"og:locale\" content=\"ca_ES\" \/>\n<meta property=\"og:type\" content=\"article\" \/>\n<meta property=\"og:title\" content=\"Coves del Salnitre: coves que van inspirar Gaud\u00ed\" \/>\n<meta property=\"og:description\" content=\"Descobreixi les Coves del Salnitre, refugi prehist\u00f2ric i font d&#039;inspiraci\u00f3 per a Gaud\u00ed. Una visita imprescindible a prop de Barcelona.\" \/>\n<meta property=\"og:url\" content=\"https:\/\/hotelarclarambla.com\/agenda\/?p=240420\" \/>\n<meta property=\"og:site_name\" content=\"Hotel Arc La Rambla Blog\" \/>\n<meta property=\"article:published_time\" content=\"2025-08-20T07:00:00+00:00\" \/>\n<meta property=\"og:image\" content=\"https:\/\/hotelarclarambla.com\/agenda\/wp-content\/uploads\/2025\/08\/coves-de-salnitre.webp\" \/>\n\t<meta property=\"og:image:width\" content=\"1024\" \/>\n\t<meta property=\"og:image:height\" content=\"612\" \/>\n\t<meta property=\"og:image:type\" content=\"image\/webp\" \/>\n<meta name=\"author\" content=\"admin\" \/>\n<meta name=\"twitter:card\" content=\"summary_large_image\" \/>\n<meta name=\"twitter:label1\" content=\"Escrit per\" \/>\n\t<meta name=\"twitter:data1\" content=\"admin\" \/>\n\t<meta name=\"twitter:label2\" content=\"Temps estimat de lectura\" \/>\n\t<meta name=\"twitter:data2\" content=\"5 minuts\" \/>\n<script type=\"application\/ld+json\" class=\"yoast-schema-graph\">{\"@context\":\"https:\\\/\\\/schema.org\",\"@graph\":[{\"@type\":\"Article\",\"@id\":\"https:\\\/\\\/hotelarclarambla.com\\\/agenda\\\/?p=240420#article\",\"isPartOf\":{\"@id\":\"https:\\\/\\\/hotelarclarambla.com\\\/agenda\\\/?p=240420\"},\"author\":{\"name\":\"admin\",\"@id\":\"https:\\\/\\\/hotelarclarambla.com\\\/agenda\\\/#\\\/schema\\\/person\\\/b40fb00e3d10940d7ffb6848593b8d04\"},\"headline\":\"Les Coves del Salnitre: el santuari subterrani que va inspirar Gaud\u00ed\",\"datePublished\":\"2025-08-20T07:00:00+00:00\",\"mainEntityOfPage\":{\"@id\":\"https:\\\/\\\/hotelarclarambla.com\\\/agenda\\\/?p=240420\"},\"wordCount\":953,\"image\":{\"@id\":\"https:\\\/\\\/hotelarclarambla.com\\\/agenda\\\/?p=240420#primaryimage\"},\"thumbnailUrl\":\"https:\\\/\\\/hotelarclarambla.com\\\/agenda\\\/wp-content\\\/uploads\\\/2025\\\/08\\\/coves-de-salnitre.webp\",\"articleSection\":[\"Qu\u00e8 veure a Barcelona\"],\"inLanguage\":\"ca\"},{\"@type\":\"WebPage\",\"@id\":\"https:\\\/\\\/hotelarclarambla.com\\\/agenda\\\/?p=240420\",\"url\":\"https:\\\/\\\/hotelarclarambla.com\\\/agenda\\\/?p=240420\",\"name\":\"Coves del Salnitre: coves que van inspirar Gaud\u00ed\",\"isPartOf\":{\"@id\":\"https:\\\/\\\/hotelarclarambla.com\\\/agenda\\\/#website\"},\"primaryImageOfPage\":{\"@id\":\"https:\\\/\\\/hotelarclarambla.com\\\/agenda\\\/?p=240420#primaryimage\"},\"image\":{\"@id\":\"https:\\\/\\\/hotelarclarambla.com\\\/agenda\\\/?p=240420#primaryimage\"},\"thumbnailUrl\":\"https:\\\/\\\/hotelarclarambla.com\\\/agenda\\\/wp-content\\\/uploads\\\/2025\\\/08\\\/coves-de-salnitre.webp\",\"datePublished\":\"2025-08-20T07:00:00+00:00\",\"author\":{\"@id\":\"https:\\\/\\\/hotelarclarambla.com\\\/agenda\\\/#\\\/schema\\\/person\\\/b40fb00e3d10940d7ffb6848593b8d04\"},\"description\":\"Descobreixi les Coves del Salnitre, refugi prehist\u00f2ric i font d'inspiraci\u00f3 per a Gaud\u00ed. Una visita imprescindible a prop de Barcelona.\",\"breadcrumb\":{\"@id\":\"https:\\\/\\\/hotelarclarambla.com\\\/agenda\\\/?p=240420#breadcrumb\"},\"inLanguage\":\"ca\",\"potentialAction\":[{\"@type\":\"ReadAction\",\"target\":[\"https:\\\/\\\/hotelarclarambla.com\\\/agenda\\\/?p=240420\"]}]},{\"@type\":\"ImageObject\",\"inLanguage\":\"ca\",\"@id\":\"https:\\\/\\\/hotelarclarambla.com\\\/agenda\\\/?p=240420#primaryimage\",\"url\":\"https:\\\/\\\/hotelarclarambla.com\\\/agenda\\\/wp-content\\\/uploads\\\/2025\\\/08\\\/coves-de-salnitre.webp\",\"contentUrl\":\"https:\\\/\\\/hotelarclarambla.com\\\/agenda\\\/wp-content\\\/uploads\\\/2025\\\/08\\\/coves-de-salnitre.webp\",\"width\":1024,\"height\":612,\"caption\":\"Cuevas de Salnitre Collbato\"},{\"@type\":\"BreadcrumbList\",\"@id\":\"https:\\\/\\\/hotelarclarambla.com\\\/agenda\\\/?p=240420#breadcrumb\",\"itemListElement\":[{\"@type\":\"ListItem\",\"position\":1,\"name\":\"Portada\",\"item\":\"https:\\\/\\\/hotelarclarambla.com\\\/agenda\\\/\"},{\"@type\":\"ListItem\",\"position\":2,\"name\":\"Les Coves del Salnitre: el santuari subterrani que va inspirar Gaud\u00ed\"}]},{\"@type\":\"WebSite\",\"@id\":\"https:\\\/\\\/hotelarclarambla.com\\\/agenda\\\/#website\",\"url\":\"https:\\\/\\\/hotelarclarambla.com\\\/agenda\\\/\",\"name\":\"Hotel Arc La Rambla Blog\",\"description\":\"El blog de Hotel Arc\",\"potentialAction\":[{\"@type\":\"SearchAction\",\"target\":{\"@type\":\"EntryPoint\",\"urlTemplate\":\"https:\\\/\\\/hotelarclarambla.com\\\/agenda\\\/?s={search_term_string}\"},\"query-input\":{\"@type\":\"PropertyValueSpecification\",\"valueRequired\":true,\"valueName\":\"search_term_string\"}}],\"inLanguage\":\"ca\"},{\"@type\":\"Person\",\"@id\":\"https:\\\/\\\/hotelarclarambla.com\\\/agenda\\\/#\\\/schema\\\/person\\\/b40fb00e3d10940d7ffb6848593b8d04\",\"name\":\"admin\",\"image\":{\"@type\":\"ImageObject\",\"inLanguage\":\"ca\",\"@id\":\"https:\\\/\\\/secure.gravatar.com\\\/avatar\\\/e7d2a513cc006a0531b1545b92475922773d5049debd5d662a4049cc030a89aa?s=96&d=mm&r=g\",\"url\":\"https:\\\/\\\/secure.gravatar.com\\\/avatar\\\/e7d2a513cc006a0531b1545b92475922773d5049debd5d662a4049cc030a89aa?s=96&d=mm&r=g\",\"contentUrl\":\"https:\\\/\\\/secure.gravatar.com\\\/avatar\\\/e7d2a513cc006a0531b1545b92475922773d5049debd5d662a4049cc030a89aa?s=96&d=mm&r=g\",\"caption\":\"admin\"},\"url\":\"https:\\\/\\\/hotelarclarambla.com\\\/agenda\\\/ca\\\/author\\\/admin\\\/\"}]}<\/script>\n<!-- \/ Yoast SEO plugin. -->","yoast_head_json":{"title":"Coves del Salnitre: coves que van inspirar Gaud\u00ed","description":"Descobreixi les Coves del Salnitre, refugi prehist\u00f2ric i font d'inspiraci\u00f3 per a Gaud\u00ed. Una visita imprescindible a prop de Barcelona.","robots":{"index":"index","follow":"follow","max-snippet":"max-snippet:-1","max-image-preview":"max-image-preview:large","max-video-preview":"max-video-preview:-1"},"canonical":"https:\/\/hotelarclarambla.com\/agenda\/?p=240420","og_locale":"ca_ES","og_type":"article","og_title":"Coves del Salnitre: coves que van inspirar Gaud\u00ed","og_description":"Descobreixi les Coves del Salnitre, refugi prehist\u00f2ric i font d'inspiraci\u00f3 per a Gaud\u00ed. Una visita imprescindible a prop de Barcelona.","og_url":"https:\/\/hotelarclarambla.com\/agenda\/?p=240420","og_site_name":"Hotel Arc La Rambla Blog","article_published_time":"2025-08-20T07:00:00+00:00","og_image":[{"width":1024,"height":612,"url":"https:\/\/hotelarclarambla.com\/agenda\/wp-content\/uploads\/2025\/08\/coves-de-salnitre.webp","type":"image\/webp"}],"author":"admin","twitter_card":"summary_large_image","twitter_misc":{"Escrit per":"admin","Temps estimat de lectura":"5 minuts"},"schema":{"@context":"https:\/\/schema.org","@graph":[{"@type":"Article","@id":"https:\/\/hotelarclarambla.com\/agenda\/?p=240420#article","isPartOf":{"@id":"https:\/\/hotelarclarambla.com\/agenda\/?p=240420"},"author":{"name":"admin","@id":"https:\/\/hotelarclarambla.com\/agenda\/#\/schema\/person\/b40fb00e3d10940d7ffb6848593b8d04"},"headline":"Les Coves del Salnitre: el santuari subterrani que va inspirar Gaud\u00ed","datePublished":"2025-08-20T07:00:00+00:00","mainEntityOfPage":{"@id":"https:\/\/hotelarclarambla.com\/agenda\/?p=240420"},"wordCount":953,"image":{"@id":"https:\/\/hotelarclarambla.com\/agenda\/?p=240420#primaryimage"},"thumbnailUrl":"https:\/\/hotelarclarambla.com\/agenda\/wp-content\/uploads\/2025\/08\/coves-de-salnitre.webp","articleSection":["Qu\u00e8 veure a Barcelona"],"inLanguage":"ca"},{"@type":"WebPage","@id":"https:\/\/hotelarclarambla.com\/agenda\/?p=240420","url":"https:\/\/hotelarclarambla.com\/agenda\/?p=240420","name":"Coves del Salnitre: coves que van inspirar Gaud\u00ed","isPartOf":{"@id":"https:\/\/hotelarclarambla.com\/agenda\/#website"},"primaryImageOfPage":{"@id":"https:\/\/hotelarclarambla.com\/agenda\/?p=240420#primaryimage"},"image":{"@id":"https:\/\/hotelarclarambla.com\/agenda\/?p=240420#primaryimage"},"thumbnailUrl":"https:\/\/hotelarclarambla.com\/agenda\/wp-content\/uploads\/2025\/08\/coves-de-salnitre.webp","datePublished":"2025-08-20T07:00:00+00:00","author":{"@id":"https:\/\/hotelarclarambla.com\/agenda\/#\/schema\/person\/b40fb00e3d10940d7ffb6848593b8d04"},"description":"Descobreixi les Coves del Salnitre, refugi prehist\u00f2ric i font d'inspiraci\u00f3 per a Gaud\u00ed. Una visita imprescindible a prop de Barcelona.","breadcrumb":{"@id":"https:\/\/hotelarclarambla.com\/agenda\/?p=240420#breadcrumb"},"inLanguage":"ca","potentialAction":[{"@type":"ReadAction","target":["https:\/\/hotelarclarambla.com\/agenda\/?p=240420"]}]},{"@type":"ImageObject","inLanguage":"ca","@id":"https:\/\/hotelarclarambla.com\/agenda\/?p=240420#primaryimage","url":"https:\/\/hotelarclarambla.com\/agenda\/wp-content\/uploads\/2025\/08\/coves-de-salnitre.webp","contentUrl":"https:\/\/hotelarclarambla.com\/agenda\/wp-content\/uploads\/2025\/08\/coves-de-salnitre.webp","width":1024,"height":612,"caption":"Cuevas de Salnitre Collbato"},{"@type":"BreadcrumbList","@id":"https:\/\/hotelarclarambla.com\/agenda\/?p=240420#breadcrumb","itemListElement":[{"@type":"ListItem","position":1,"name":"Portada","item":"https:\/\/hotelarclarambla.com\/agenda\/"},{"@type":"ListItem","position":2,"name":"Les Coves del Salnitre: el santuari subterrani que va inspirar Gaud\u00ed"}]},{"@type":"WebSite","@id":"https:\/\/hotelarclarambla.com\/agenda\/#website","url":"https:\/\/hotelarclarambla.com\/agenda\/","name":"Hotel Arc La Rambla Blog","description":"El blog de Hotel Arc","potentialAction":[{"@type":"SearchAction","target":{"@type":"EntryPoint","urlTemplate":"https:\/\/hotelarclarambla.com\/agenda\/?s={search_term_string}"},"query-input":{"@type":"PropertyValueSpecification","valueRequired":true,"valueName":"search_term_string"}}],"inLanguage":"ca"},{"@type":"Person","@id":"https:\/\/hotelarclarambla.com\/agenda\/#\/schema\/person\/b40fb00e3d10940d7ffb6848593b8d04","name":"admin","image":{"@type":"ImageObject","inLanguage":"ca","@id":"https:\/\/secure.gravatar.com\/avatar\/e7d2a513cc006a0531b1545b92475922773d5049debd5d662a4049cc030a89aa?s=96&d=mm&r=g","url":"https:\/\/secure.gravatar.com\/avatar\/e7d2a513cc006a0531b1545b92475922773d5049debd5d662a4049cc030a89aa?s=96&d=mm&r=g","contentUrl":"https:\/\/secure.gravatar.com\/avatar\/e7d2a513cc006a0531b1545b92475922773d5049debd5d662a4049cc030a89aa?s=96&d=mm&r=g","caption":"admin"},"url":"https:\/\/hotelarclarambla.com\/agenda\/ca\/author\/admin\/"}]}},"_links":{"self":[{"href":"https:\/\/hotelarclarambla.com\/agenda\/ca\/wp-json\/wp\/v2\/posts\/240422","targetHints":{"allow":["GET"]}}],"collection":[{"href":"https:\/\/hotelarclarambla.com\/agenda\/ca\/wp-json\/wp\/v2\/posts"}],"about":[{"href":"https:\/\/hotelarclarambla.com\/agenda\/ca\/wp-json\/wp\/v2\/types\/post"}],"author":[{"embeddable":true,"href":"https:\/\/hotelarclarambla.com\/agenda\/ca\/wp-json\/wp\/v2\/users\/1"}],"replies":[{"embeddable":true,"href":"https:\/\/hotelarclarambla.com\/agenda\/ca\/wp-json\/wp\/v2\/comments?post=240422"}],"version-history":[{"count":2,"href":"https:\/\/hotelarclarambla.com\/agenda\/ca\/wp-json\/wp\/v2\/posts\/240422\/revisions"}],"predecessor-version":[{"id":240424,"href":"https:\/\/hotelarclarambla.com\/agenda\/ca\/wp-json\/wp\/v2\/posts\/240422\/revisions\/240424"}],"wp:featuredmedia":[{"embeddable":true,"href":"https:\/\/hotelarclarambla.com\/agenda\/ca\/wp-json\/wp\/v2\/media\/240429"}],"wp:attachment":[{"href":"https:\/\/hotelarclarambla.com\/agenda\/ca\/wp-json\/wp\/v2\/media?parent=240422"}],"wp:term":[{"taxonomy":"category","embeddable":true,"href":"https:\/\/hotelarclarambla.com\/agenda\/ca\/wp-json\/wp\/v2\/categories?post=240422"},{"taxonomy":"post_tag","embeddable":true,"href":"https:\/\/hotelarclarambla.com\/agenda\/ca\/wp-json\/wp\/v2\/tags?post=240422"}],"curies":[{"name":"wp","href":"https:\/\/api.w.org\/{rel}","templated":true}]}}