{"id":240033,"date":"2024-09-27T08:42:00","date_gmt":"2024-09-27T06:42:00","guid":{"rendered":"https:\/\/hotelarclarambla.com\/agenda\/?p=240033"},"modified":"2026-03-11T12:20:45","modified_gmt":"2026-03-11T11:20:45","slug":"festa-del-roser-2024-la-gran-celebracio-floral-de-la-rambla","status":"publish","type":"post","link":"https:\/\/hotelarclarambla.com\/agenda\/ca\/cultura-ca\/festa-del-roser-2024-la-gran-celebracio-floral-de-la-rambla\/","title":{"rendered":"Festa del Roser 2024: la gran celebraci\u00f3 floral de La Rambla"},"content":{"rendered":"\n<p><p>Cada any, la <strong>Festa del Roser<\/strong> transforma La Rambla de Barcelona en un <strong>espectacle de colors, tradicions i cultura<\/strong>. Aquesta celebraci\u00f3, organitzada pels Amics de la Rambla, \u00e9s una cita imprescindible per als que volen gaudir del cor de la ciutat en un ambient festiu i florit. La Festa del Roser 2024 d\u2019enguany ens ofereix un programa ple d\u2019activitats per a tots els p\u00fablics. A continuaci\u00f3, detallem algunes de les propostes m\u00e9s destacades.<\/p><\/p>\n\n\n\n<h2 class=\"wp-block-heading\"><p><strong>Activitats destacades de la Festa del Roser 2024<\/strong><\/p><\/h2>\n\n\n\n<h3 class=\"wp-block-heading\"><p><strong>1. Les fa\u00e7anes florides: una explosi\u00f3 de colors<\/strong><\/p><\/h3>\n\n\n\n<p><p>Un dels grans atractius de la Festa del Roser \u00e9s la <strong>decoraci\u00f3 floral de les fa\u00e7anes<\/strong>. Diversos edificis emblem\u00e0tics de La Rambla es guarniran amb impressionants muntatges florals que faran encara m\u00e9s especial el passeig. Aquest any, espais com el Palau de la Virreina, el Gran Teatre del Liceu i el Mirador de Colom lluiran amb tota la seva esplendor. <\/p><\/p>\n\n\n\n<p><\/p>\n\n\n\n<figure class=\"wp-block-gallery has-nested-images columns-default is-cropped wp-block-gallery-1 is-layout-flex wp-block-gallery-is-layout-flex\">\n<figure class=\"wp-block-image size-large\"><a href=\"https:\/\/hotelarclarambla.com\/agenda\/wp-content\/uploads\/2024\/09\/hotel-arc-la-rambla-blog-hotel-festa-roser-20244.jpg\"><img loading=\"lazy\" decoding=\"async\" width=\"768\" height=\"1024\" data-id=\"240062\" src=\"https:\/\/hotelarclarambla.com\/agenda\/wp-content\/uploads\/2024\/09\/hotel-arc-la-rambla-blog-hotel-festa-roser-20244-768x1024.jpg\" alt=\"\" class=\"wp-image-240062\"\/><\/a><\/figure>\n\n\n\n<figure class=\"wp-block-image size-large\"><a href=\"https:\/\/hotelarclarambla.com\/agenda\/wp-content\/uploads\/2024\/09\/hotel-arc-la-rambla-blog-hotel-festa-roser-20243.jpg\"><img loading=\"lazy\" decoding=\"async\" width=\"768\" height=\"1024\" data-id=\"240059\" src=\"https:\/\/hotelarclarambla.com\/agenda\/wp-content\/uploads\/2024\/09\/hotel-arc-la-rambla-blog-hotel-festa-roser-20243-768x1024.jpg\" alt=\"\" class=\"wp-image-240059\"\/><\/a><\/figure>\n\n\n\n<figure class=\"wp-block-image size-large\"><a href=\"https:\/\/hotelarclarambla.com\/agenda\/wp-content\/uploads\/2024\/09\/hotel-arc-la-rambla-blog-hotel-festa-roser-20246.jpg\"><img loading=\"lazy\" decoding=\"async\" width=\"768\" height=\"1024\" data-id=\"240068\" src=\"https:\/\/hotelarclarambla.com\/agenda\/wp-content\/uploads\/2024\/09\/hotel-arc-la-rambla-blog-hotel-festa-roser-20246-768x1024.jpg\" alt=\"\" class=\"wp-image-240068\"\/><\/a><\/figure>\n\n\n\n<figure class=\"wp-block-image size-large\"><a href=\"https:\/\/hotelarclarambla.com\/agenda\/wp-content\/uploads\/2024\/09\/hotel-arc-la-rambla-blog-hotel-festa-roser-20245.jpg\"><img loading=\"lazy\" decoding=\"async\" width=\"768\" height=\"1024\" data-id=\"240065\" src=\"https:\/\/hotelarclarambla.com\/agenda\/wp-content\/uploads\/2024\/09\/hotel-arc-la-rambla-blog-hotel-festa-roser-20245-768x1024.jpg\" alt=\"\" class=\"wp-image-240065\"\/><\/a><\/figure>\n\n\n\n<figure class=\"wp-block-image size-large\"><a href=\"https:\/\/hotelarclarambla.com\/agenda\/wp-content\/uploads\/2024\/09\/hotel-arc-la-rambla-blog-hotel-festa-roser-20249.jpg\"><img loading=\"lazy\" decoding=\"async\" width=\"768\" height=\"1024\" data-id=\"240077\" src=\"https:\/\/hotelarclarambla.com\/agenda\/wp-content\/uploads\/2024\/09\/hotel-arc-la-rambla-blog-hotel-festa-roser-20249-768x1024.jpg\" alt=\"\" class=\"wp-image-240077\"\/><\/a><\/figure>\n\n\n\n<figure class=\"wp-block-image size-large\"><a href=\"https:\/\/hotelarclarambla.com\/agenda\/wp-content\/uploads\/2024\/09\/hotel-arc-la-rambla-blog-hotel-festa-roser-20242.webp\"><img loading=\"lazy\" decoding=\"async\" width=\"980\" height=\"654\" data-id=\"240056\" src=\"https:\/\/hotelarclarambla.com\/agenda\/wp-content\/uploads\/2024\/09\/hotel-arc-la-rambla-blog-hotel-festa-roser-20242.webp\" alt=\"\" class=\"wp-image-240056\" srcset=\"https:\/\/hotelarclarambla.com\/agenda\/wp-content\/uploads\/2024\/09\/hotel-arc-la-rambla-blog-hotel-festa-roser-20242.webp 980w, https:\/\/hotelarclarambla.com\/agenda\/wp-content\/uploads\/2024\/09\/hotel-arc-la-rambla-blog-hotel-festa-roser-20242-480x320.webp 480w\" sizes=\"(min-width: 0px) and (max-width: 480px) 480px, (min-width: 481px) 980px, 100vw\" \/><\/a><\/figure>\n<\/figure>\n\n\n\n<p><\/p>\n\n\n\n<h3 class=\"wp-block-heading\"><p><strong>&nbsp;2. Roses solid\u00e0ries: un gest per una bona causa<\/strong><\/p><\/h3>\n\n\n\n<p><p>Un altre punt fort de la festa \u00e9s la iniciativa de les <strong>Roses Solid\u00e0ries<\/strong>, que aquest any torna a La Rambla per contribuir a una causa ben\u00e8fica. Al llarg de la festa, es podr\u00e0 adquirir <strong>una rosa a canvi d\u2019un donatiu<\/strong>, i tots els beneficis es destinaran a la <strong>Fundaci\u00f3 Arrels<\/strong>, una entitat que treballa per ajudar persones sense llar. <\/p><\/p>\n\n\n\n<h3 class=\"wp-block-heading\"><p><strong>&nbsp;3. Visites guiades als edificis emblem\u00e0tics<\/strong><\/p><\/h3>\n\n\n\n<p><p>Durant la Festa del Roser, es podran visitar alguns dels edificis hist\u00f2rics m\u00e9s destacats de La Rambla a trav\u00e9s de <strong>visites guiades gratu\u00eftes. El Palau G\u00fcell, la Casa de Convalesc\u00e8ncia i el Teatre Romea<\/strong> obriran les seves portes per mostrar els seus interiors plens d\u2019hist\u00f2ria. Una oportunitat per descobrir racons ocults de Barcelona que normalment estan tancats al p\u00fablic.<\/p><\/p>\n\n\n\n<h3 class=\"wp-block-heading\"><p><strong>&nbsp;4. Tallers florals i d\u2019artesania<\/strong><\/p><\/h3>\n\n\n\n<p><p>Per als amants de les manualitats i la natura, els <strong>tallers florals<\/strong> seran una experi\u00e8ncia molt especial. Professionals del sector ensenyaran a crear arranjaments florals i es podr\u00e0 gaudir de l\u2019art de treballar amb plantes i flors. A m\u00e9s, tamb\u00e9 hi haur\u00e0 tallers d\u2019artesania vinculats a la cultura de La Rambla, ideals per a grans i petits.<\/p><\/p>\n\n\n\n<h3 class=\"wp-block-heading\"><p><strong> 5. La Rambla en Flor: una caminada cultural<\/strong><\/p><\/h3>\n\n\n\n<p><p>Si es vol aprofundir en la hist\u00f2ria i cultura de La Rambla, s\u2019organitzar\u00e0 <strong>la caminada \u201cLa Rambla en Flor\u201d<\/strong>, una<strong> ruta cultural<\/strong> perfecte per descobrir les curiositats i an\u00e8cdotes del passeig m\u00e9s fam\u00f3s de Barcelona. Durant aquesta activitat, els participants passejaran per La Rambla mentre coneixen els seus secrets i gaudeixen de la seva decoraci\u00f3 floral.<\/p><\/p>\n\n\n\n<h3 class=\"wp-block-heading\"><p><strong> 6. Concerts i actuacions en directe<\/strong><\/p><\/h3>\n\n\n\n<p>La m\u00fasica i l\u2019espectacle no poden faltar a la Festa del Roser. La Rambla s\u2019omplir\u00e0 de vida amb concerts i actuacions en directe per animar l\u2019ambient festiu. Des de grups de m\u00fasica tradicional catalana fins a actuacions de dansa i teatre, hi haur\u00e0 espectacles per a tots els gustos. <\/p>\n\n\n\n<h3 class=\"wp-block-heading\"><p><strong> 7. Exposicions i mostres culturals<\/strong><\/p><\/h3>\n\n\n\n<p>Diversos espais de La Rambla acolliran exposicions tem\u00e0tiques relacionades amb la hist\u00f2ria i el patrimoni de Barcelona. Aquestes mostres culturals s\u00f3n una gran oportunitat per con\u00e8ixer millor la riquesa de la ciutat, amb exposicions dedicades a l\u2019art, la hist\u00f2ria i la natura.\r\n<\/p>\n\n\n\n<h3 class=\"wp-block-heading\"><p><strong> 8. Ofrenes florals a la Mare de D\u00e9u del Roser<\/strong><\/p><\/h3>\n\n\n\n<p><p>Com a part de la tradici\u00f3 religiosa de la festa, es realitzar\u00e0 <strong>una ofrena floral a la Mare de D\u00e9u del Roser a l\u2019esgl\u00e9sia de Betlem<\/strong>. Aquesta \u00e9s una de les activitats m\u00e9s emotives i tradicionals de la festa, i \u00e9s un moment de recolliment per a aquells que volen honorar la patrona amb flors i devoci\u00f3.<\/p><\/p>\n\n\n\n<p>La Festa del Roser 2024 \u00e9s una oportunitat per gaudir de La Rambla d\u2019una manera diferent, immersa en la seva riquesa cultural i natural. No deixis escapar l\u2019ocasi\u00f3 de viure aquestes experi\u00e8ncies \u00faniques i participa en les activitats que ompliran aquest passeig emblem\u00e0tic de Barcelona de flors, m\u00fasica i tradicions.<\/p>\n\n\n\n<p><\/p>\n\n\n\n<p>Pot consultar la <a href=\"https:\/\/www.amicsdelarambla.cat\/cat\/festa-del-roser-2024\/activitats-festa-del-roser-2024\" target=\"_blank\" rel=\"noreferrer noopener nofollow\">programaci\u00f3<\/a> completa de Les Festes del Roser 2024 a la p\u00e0gina oficial d&#8217;Amics de la Rambla.<\/p>\n\n\n\n<p><\/p>\n\n\n\n<h2 class=\"wp-block-heading\"><p><strong>Les Festes del Roser 2023 a l&#8217;Hotel Arc La Rambla<\/strong><\/p><\/h2>\n\n\n\n<p>Un cop m\u00e9s, l&#8217;hotel s&#8217;uneix a la celebraci\u00f3 amb una oferta exclusiva perqu\u00e8 la seva experi\u00e8ncia sigui encara m\u00e9s memorable:\r\n<\/p>\n\n\n\n<ul class=\"wp-block-list\">\n<li>Dates d&#8217;estada: Del 7 al 12 d&#8217;octubre del 2023.<\/li>\n\n\n\n<li>Tipus d&#8217;habitaci\u00f3: Doble\/Twin amb vista a la Rambla (segons disponibilitat)<\/li>\n\n\n\n<li>R\u00e8gim: allotjament i esmorzar incl\u00f2s.<\/li>\n\n\n\n<li>Detall especial: ram de flors a la seva habitaci\u00f3.*<\/li>\n\n\n\n<li>Tarifa especial: 140\u20ac per habitaci\u00f3 i nit amb esmorzar, IVA incl\u00f2s.<\/li>\n<\/ul>\n\n\n\n<p><p><em>*Les reserves s&#8217;han de fer amb un m\u00ednim de 48 hores abans del dia d&#8217;arribada perqu\u00e8 puguem assegurar el ram de flors.<\/em><\/p><\/p>\n\n\n\n<figure class=\"wp-block-image size-full\"><a href=\"https:\/\/hotelarclarambla.com\/agenda\/wp-content\/uploads\/2024\/09\/hotel-arc-la-rambla-blog-hotel-festa-roser-20241.webp\"><img loading=\"lazy\" decoding=\"async\" width=\"980\" height=\"654\" src=\"https:\/\/hotelarclarambla.com\/agenda\/wp-content\/uploads\/2024\/09\/hotel-arc-la-rambla-blog-hotel-festa-roser-20241.webp\" alt=\"\" class=\"wp-image-240053\" srcset=\"https:\/\/hotelarclarambla.com\/agenda\/wp-content\/uploads\/2024\/09\/hotel-arc-la-rambla-blog-hotel-festa-roser-20241.webp 980w, https:\/\/hotelarclarambla.com\/agenda\/wp-content\/uploads\/2024\/09\/hotel-arc-la-rambla-blog-hotel-festa-roser-20241-480x320.webp 480w\" sizes=\"(min-width: 0px) and (max-width: 480px) 480px, (min-width: 481px) 980px, 100vw\" \/><\/a><\/figure>\n\n\n\n<p><p><strong>Com fer la reserva?<\/strong> <\/p><\/p>\n\n\n\n<p><p><span style=\"font-weight: 400;\">Per aprofitar aquesta oferta \u00fanica, simplement contacti&#8217;ns per tel\u00e8fon o correu electr\u00f2nic. Asseguri\u2019s d&#8217;esmentar el codi promocional <\/span><b>FestaROSER2024<\/b><span style=\"font-weight: 400;\"> en fer la reserva.<\/span><\/p><\/p>\n\n\n\n<p><p><strong>Obsequi especial Ram de flors a l&#8217;habitaci\u00f3<\/strong><\/p><\/p>\n\n\n\n<p>Recordeu que les reserves s&#8217;han de fer amb un m\u00ednim de 48 hores abans del dia d&#8217;arribada perqu\u00e8 puguem garantir la pres\u00e8ncia del ram de flors.\r\n\r\n<\/p>\n\n\n\n<p><p><strong>Pol\u00edtica de cancel\u00b7laci\u00f3<\/strong><\/p><\/p>\n\n\n\n<p>Pot cancel\u00b7lar la seva reserva de forma gratu\u00efta fins 48 hores abans del dia d&#8217;arribada. En cas de no presentar-se, es facturar\u00e0 la primera nit en concepte de despeses. \r\n<\/p>\n\n\n\n<p>&#8212;<\/p>\n\n\n\n<p><p>A m\u00e9s, si vol descobrir m\u00e9s idees per gaudir de la seva estada a Barcelona, segueixi explorant el <a href=\"https:\/\/hotelarclarambla.com\/agenda\/ca\/\">nostre blog<\/a> o segueixi\u2019ns a les nostres <a href=\"https:\/\/www.instagram.com\/arclarambla\/\">xarxes socials.<\/a><\/p><\/p>\n","protected":false},"excerpt":{"rendered":"<p>Gaudeixi de la Festa del Roser 2024 a La Rambla amb activitats florals, concerts, exposicions i visites guiades als edificis m\u00e9s emblem\u00e0tics de Barcelona<\/p>\n","protected":false},"author":1,"featured_media":240057,"comment_status":"closed","ping_status":"closed","sticky":false,"template":"","format":"standard","meta":{"_acf_changed":false,"_et_pb_use_builder":"off","_et_pb_old_content":"","_et_gb_content_width":"","inline_featured_image":false,"footnotes":""},"categories":[5705,5952],"tags":[],"class_list":["post-240033","post","type-post","status-publish","format-standard","has-post-thumbnail","hentry","category-arc-la-rambla-hotel-ca","category-cultura-ca"],"acf":[],"yoast_head":"<!-- This site is optimized with the Yoast SEO plugin v27.3 - https:\/\/yoast.com\/product\/yoast-seo-wordpress\/ -->\n<title>Festa del Roser 2024 | Hotel Arc La Rambla<\/title>\n<meta name=\"description\" content=\"Gaudeixi de la Festa del Roser 2024 a La Rambla amb activitats florals, concerts, exposicions i visites guiades als edificis m\u00e9s emblem\u00e0tics de Barcelona\" \/>\n<meta name=\"robots\" content=\"noindex, follow\" \/>\n<meta property=\"og:locale\" content=\"ca_ES\" \/>\n<meta property=\"og:type\" content=\"article\" \/>\n<meta property=\"og:title\" content=\"Festa del Roser 2024 | Hotel Arc La Rambla\" \/>\n<meta property=\"og:description\" content=\"Gaudeixi de la Festa del Roser 2024 a La Rambla amb activitats florals, concerts, exposicions i visites guiades als edificis m\u00e9s emblem\u00e0tics de Barcelona\" \/>\n<meta property=\"og:url\" content=\"https:\/\/hotelarclarambla.com\/agenda\/ca\/cultura-ca\/festa-del-roser-2024-la-gran-celebracio-floral-de-la-rambla\/\" \/>\n<meta property=\"og:site_name\" content=\"Hotel Arc La Rambla Blog\" \/>\n<meta property=\"article:published_time\" content=\"2024-09-27T06:42:00+00:00\" \/>\n<meta property=\"article:modified_time\" content=\"2026-03-11T11:20:45+00:00\" \/>\n<meta property=\"og:image\" content=\"https:\/\/hotelarclarambla.com\/agenda\/wp-content\/uploads\/2024\/09\/hotel-arc-la-rambla-blog-hotel-festa-roser-20242.webp\" \/>\n\t<meta property=\"og:image:width\" content=\"980\" \/>\n\t<meta property=\"og:image:height\" content=\"654\" \/>\n\t<meta property=\"og:image:type\" content=\"image\/webp\" \/>\n<meta name=\"author\" content=\"admin\" \/>\n<meta name=\"twitter:card\" content=\"summary_large_image\" \/>\n<meta name=\"twitter:label1\" content=\"Escrit per\" \/>\n\t<meta name=\"twitter:data1\" content=\"admin\" \/>\n\t<meta name=\"twitter:label2\" content=\"Temps estimat de lectura\" \/>\n\t<meta name=\"twitter:data2\" content=\"6 minuts\" \/>\n<script type=\"application\/ld+json\" class=\"yoast-schema-graph\">{\"@context\":\"https:\\\/\\\/schema.org\",\"@graph\":[{\"@type\":\"Article\",\"@id\":\"https:\\\/\\\/hotelarclarambla.com\\\/agenda\\\/ca\\\/cultura-ca\\\/festa-del-roser-2024-la-gran-celebracio-floral-de-la-rambla\\\/#article\",\"isPartOf\":{\"@id\":\"https:\\\/\\\/hotelarclarambla.com\\\/agenda\\\/ca\\\/cultura-ca\\\/festa-del-roser-2024-la-gran-celebracio-floral-de-la-rambla\\\/\"},\"author\":{\"name\":\"admin\",\"@id\":\"https:\\\/\\\/hotelarclarambla.com\\\/agenda\\\/#\\\/schema\\\/person\\\/b40fb00e3d10940d7ffb6848593b8d04\"},\"headline\":\"Festa del Roser 2024: la gran celebraci\u00f3 floral de La Rambla\",\"datePublished\":\"2024-09-27T06:42:00+00:00\",\"dateModified\":\"2026-03-11T11:20:45+00:00\",\"mainEntityOfPage\":{\"@id\":\"https:\\\/\\\/hotelarclarambla.com\\\/agenda\\\/ca\\\/cultura-ca\\\/festa-del-roser-2024-la-gran-celebracio-floral-de-la-rambla\\\/\"},\"wordCount\":929,\"image\":{\"@id\":\"https:\\\/\\\/hotelarclarambla.com\\\/agenda\\\/ca\\\/cultura-ca\\\/festa-del-roser-2024-la-gran-celebracio-floral-de-la-rambla\\\/#primaryimage\"},\"thumbnailUrl\":\"https:\\\/\\\/hotelarclarambla.com\\\/agenda\\\/wp-content\\\/uploads\\\/2024\\\/09\\\/hotel-arc-la-rambla-blog-hotel-festa-roser-20242.webp\",\"articleSection\":[\"Arc La Rambla Hotel\",\"Cultura\"],\"inLanguage\":\"ca\"},{\"@type\":\"WebPage\",\"@id\":\"https:\\\/\\\/hotelarclarambla.com\\\/agenda\\\/ca\\\/cultura-ca\\\/festa-del-roser-2024-la-gran-celebracio-floral-de-la-rambla\\\/\",\"url\":\"https:\\\/\\\/hotelarclarambla.com\\\/agenda\\\/ca\\\/cultura-ca\\\/festa-del-roser-2024-la-gran-celebracio-floral-de-la-rambla\\\/\",\"name\":\"Festa del Roser 2024 | Hotel Arc La Rambla\",\"isPartOf\":{\"@id\":\"https:\\\/\\\/hotelarclarambla.com\\\/agenda\\\/#website\"},\"primaryImageOfPage\":{\"@id\":\"https:\\\/\\\/hotelarclarambla.com\\\/agenda\\\/ca\\\/cultura-ca\\\/festa-del-roser-2024-la-gran-celebracio-floral-de-la-rambla\\\/#primaryimage\"},\"image\":{\"@id\":\"https:\\\/\\\/hotelarclarambla.com\\\/agenda\\\/ca\\\/cultura-ca\\\/festa-del-roser-2024-la-gran-celebracio-floral-de-la-rambla\\\/#primaryimage\"},\"thumbnailUrl\":\"https:\\\/\\\/hotelarclarambla.com\\\/agenda\\\/wp-content\\\/uploads\\\/2024\\\/09\\\/hotel-arc-la-rambla-blog-hotel-festa-roser-20242.webp\",\"datePublished\":\"2024-09-27T06:42:00+00:00\",\"dateModified\":\"2026-03-11T11:20:45+00:00\",\"author\":{\"@id\":\"https:\\\/\\\/hotelarclarambla.com\\\/agenda\\\/#\\\/schema\\\/person\\\/b40fb00e3d10940d7ffb6848593b8d04\"},\"description\":\"Gaudeixi de la Festa del Roser 2024 a La Rambla amb activitats florals, concerts, exposicions i visites guiades als edificis m\u00e9s emblem\u00e0tics de Barcelona\",\"breadcrumb\":{\"@id\":\"https:\\\/\\\/hotelarclarambla.com\\\/agenda\\\/ca\\\/cultura-ca\\\/festa-del-roser-2024-la-gran-celebracio-floral-de-la-rambla\\\/#breadcrumb\"},\"inLanguage\":\"ca\",\"potentialAction\":[{\"@type\":\"ReadAction\",\"target\":[\"https:\\\/\\\/hotelarclarambla.com\\\/agenda\\\/ca\\\/cultura-ca\\\/festa-del-roser-2024-la-gran-celebracio-floral-de-la-rambla\\\/\"]}]},{\"@type\":\"ImageObject\",\"inLanguage\":\"ca\",\"@id\":\"https:\\\/\\\/hotelarclarambla.com\\\/agenda\\\/ca\\\/cultura-ca\\\/festa-del-roser-2024-la-gran-celebracio-floral-de-la-rambla\\\/#primaryimage\",\"url\":\"https:\\\/\\\/hotelarclarambla.com\\\/agenda\\\/wp-content\\\/uploads\\\/2024\\\/09\\\/hotel-arc-la-rambla-blog-hotel-festa-roser-20242.webp\",\"contentUrl\":\"https:\\\/\\\/hotelarclarambla.com\\\/agenda\\\/wp-content\\\/uploads\\\/2024\\\/09\\\/hotel-arc-la-rambla-blog-hotel-festa-roser-20242.webp\",\"width\":980,\"height\":654},{\"@type\":\"BreadcrumbList\",\"@id\":\"https:\\\/\\\/hotelarclarambla.com\\\/agenda\\\/ca\\\/cultura-ca\\\/festa-del-roser-2024-la-gran-celebracio-floral-de-la-rambla\\\/#breadcrumb\",\"itemListElement\":[{\"@type\":\"ListItem\",\"position\":1,\"name\":\"Portada\",\"item\":\"https:\\\/\\\/hotelarclarambla.com\\\/agenda\\\/\"},{\"@type\":\"ListItem\",\"position\":2,\"name\":\"Festa del Roser 2024: la gran celebraci\u00f3 floral de La Rambla\"}]},{\"@type\":\"WebSite\",\"@id\":\"https:\\\/\\\/hotelarclarambla.com\\\/agenda\\\/#website\",\"url\":\"https:\\\/\\\/hotelarclarambla.com\\\/agenda\\\/\",\"name\":\"Hotel Arc La Rambla Blog\",\"description\":\"El blog de Hotel Arc\",\"potentialAction\":[{\"@type\":\"SearchAction\",\"target\":{\"@type\":\"EntryPoint\",\"urlTemplate\":\"https:\\\/\\\/hotelarclarambla.com\\\/agenda\\\/?s={search_term_string}\"},\"query-input\":{\"@type\":\"PropertyValueSpecification\",\"valueRequired\":true,\"valueName\":\"search_term_string\"}}],\"inLanguage\":\"ca\"},{\"@type\":\"Person\",\"@id\":\"https:\\\/\\\/hotelarclarambla.com\\\/agenda\\\/#\\\/schema\\\/person\\\/b40fb00e3d10940d7ffb6848593b8d04\",\"name\":\"admin\",\"image\":{\"@type\":\"ImageObject\",\"inLanguage\":\"ca\",\"@id\":\"https:\\\/\\\/secure.gravatar.com\\\/avatar\\\/e7d2a513cc006a0531b1545b92475922773d5049debd5d662a4049cc030a89aa?s=96&d=mm&r=g\",\"url\":\"https:\\\/\\\/secure.gravatar.com\\\/avatar\\\/e7d2a513cc006a0531b1545b92475922773d5049debd5d662a4049cc030a89aa?s=96&d=mm&r=g\",\"contentUrl\":\"https:\\\/\\\/secure.gravatar.com\\\/avatar\\\/e7d2a513cc006a0531b1545b92475922773d5049debd5d662a4049cc030a89aa?s=96&d=mm&r=g\",\"caption\":\"admin\"},\"url\":\"https:\\\/\\\/hotelarclarambla.com\\\/agenda\\\/ca\\\/author\\\/admin\\\/\"}]}<\/script>\n<!-- \/ Yoast SEO plugin. -->","yoast_head_json":{"title":"Festa del Roser 2024 | Hotel Arc La Rambla","description":"Gaudeixi de la Festa del Roser 2024 a La Rambla amb activitats florals, concerts, exposicions i visites guiades als edificis m\u00e9s emblem\u00e0tics de Barcelona","robots":{"index":"noindex","follow":"follow"},"og_locale":"ca_ES","og_type":"article","og_title":"Festa del Roser 2024 | Hotel Arc La Rambla","og_description":"Gaudeixi de la Festa del Roser 2024 a La Rambla amb activitats florals, concerts, exposicions i visites guiades als edificis m\u00e9s emblem\u00e0tics de Barcelona","og_url":"https:\/\/hotelarclarambla.com\/agenda\/ca\/cultura-ca\/festa-del-roser-2024-la-gran-celebracio-floral-de-la-rambla\/","og_site_name":"Hotel Arc La Rambla Blog","article_published_time":"2024-09-27T06:42:00+00:00","article_modified_time":"2026-03-11T11:20:45+00:00","og_image":[{"width":980,"height":654,"url":"https:\/\/hotelarclarambla.com\/agenda\/wp-content\/uploads\/2024\/09\/hotel-arc-la-rambla-blog-hotel-festa-roser-20242.webp","type":"image\/webp"}],"author":"admin","twitter_card":"summary_large_image","twitter_misc":{"Escrit per":"admin","Temps estimat de lectura":"6 minuts"},"schema":{"@context":"https:\/\/schema.org","@graph":[{"@type":"Article","@id":"https:\/\/hotelarclarambla.com\/agenda\/ca\/cultura-ca\/festa-del-roser-2024-la-gran-celebracio-floral-de-la-rambla\/#article","isPartOf":{"@id":"https:\/\/hotelarclarambla.com\/agenda\/ca\/cultura-ca\/festa-del-roser-2024-la-gran-celebracio-floral-de-la-rambla\/"},"author":{"name":"admin","@id":"https:\/\/hotelarclarambla.com\/agenda\/#\/schema\/person\/b40fb00e3d10940d7ffb6848593b8d04"},"headline":"Festa del Roser 2024: la gran celebraci\u00f3 floral de La Rambla","datePublished":"2024-09-27T06:42:00+00:00","dateModified":"2026-03-11T11:20:45+00:00","mainEntityOfPage":{"@id":"https:\/\/hotelarclarambla.com\/agenda\/ca\/cultura-ca\/festa-del-roser-2024-la-gran-celebracio-floral-de-la-rambla\/"},"wordCount":929,"image":{"@id":"https:\/\/hotelarclarambla.com\/agenda\/ca\/cultura-ca\/festa-del-roser-2024-la-gran-celebracio-floral-de-la-rambla\/#primaryimage"},"thumbnailUrl":"https:\/\/hotelarclarambla.com\/agenda\/wp-content\/uploads\/2024\/09\/hotel-arc-la-rambla-blog-hotel-festa-roser-20242.webp","articleSection":["Arc La Rambla Hotel","Cultura"],"inLanguage":"ca"},{"@type":"WebPage","@id":"https:\/\/hotelarclarambla.com\/agenda\/ca\/cultura-ca\/festa-del-roser-2024-la-gran-celebracio-floral-de-la-rambla\/","url":"https:\/\/hotelarclarambla.com\/agenda\/ca\/cultura-ca\/festa-del-roser-2024-la-gran-celebracio-floral-de-la-rambla\/","name":"Festa del Roser 2024 | Hotel Arc La Rambla","isPartOf":{"@id":"https:\/\/hotelarclarambla.com\/agenda\/#website"},"primaryImageOfPage":{"@id":"https:\/\/hotelarclarambla.com\/agenda\/ca\/cultura-ca\/festa-del-roser-2024-la-gran-celebracio-floral-de-la-rambla\/#primaryimage"},"image":{"@id":"https:\/\/hotelarclarambla.com\/agenda\/ca\/cultura-ca\/festa-del-roser-2024-la-gran-celebracio-floral-de-la-rambla\/#primaryimage"},"thumbnailUrl":"https:\/\/hotelarclarambla.com\/agenda\/wp-content\/uploads\/2024\/09\/hotel-arc-la-rambla-blog-hotel-festa-roser-20242.webp","datePublished":"2024-09-27T06:42:00+00:00","dateModified":"2026-03-11T11:20:45+00:00","author":{"@id":"https:\/\/hotelarclarambla.com\/agenda\/#\/schema\/person\/b40fb00e3d10940d7ffb6848593b8d04"},"description":"Gaudeixi de la Festa del Roser 2024 a La Rambla amb activitats florals, concerts, exposicions i visites guiades als edificis m\u00e9s emblem\u00e0tics de Barcelona","breadcrumb":{"@id":"https:\/\/hotelarclarambla.com\/agenda\/ca\/cultura-ca\/festa-del-roser-2024-la-gran-celebracio-floral-de-la-rambla\/#breadcrumb"},"inLanguage":"ca","potentialAction":[{"@type":"ReadAction","target":["https:\/\/hotelarclarambla.com\/agenda\/ca\/cultura-ca\/festa-del-roser-2024-la-gran-celebracio-floral-de-la-rambla\/"]}]},{"@type":"ImageObject","inLanguage":"ca","@id":"https:\/\/hotelarclarambla.com\/agenda\/ca\/cultura-ca\/festa-del-roser-2024-la-gran-celebracio-floral-de-la-rambla\/#primaryimage","url":"https:\/\/hotelarclarambla.com\/agenda\/wp-content\/uploads\/2024\/09\/hotel-arc-la-rambla-blog-hotel-festa-roser-20242.webp","contentUrl":"https:\/\/hotelarclarambla.com\/agenda\/wp-content\/uploads\/2024\/09\/hotel-arc-la-rambla-blog-hotel-festa-roser-20242.webp","width":980,"height":654},{"@type":"BreadcrumbList","@id":"https:\/\/hotelarclarambla.com\/agenda\/ca\/cultura-ca\/festa-del-roser-2024-la-gran-celebracio-floral-de-la-rambla\/#breadcrumb","itemListElement":[{"@type":"ListItem","position":1,"name":"Portada","item":"https:\/\/hotelarclarambla.com\/agenda\/"},{"@type":"ListItem","position":2,"name":"Festa del Roser 2024: la gran celebraci\u00f3 floral de La Rambla"}]},{"@type":"WebSite","@id":"https:\/\/hotelarclarambla.com\/agenda\/#website","url":"https:\/\/hotelarclarambla.com\/agenda\/","name":"Hotel Arc La Rambla Blog","description":"El blog de Hotel Arc","potentialAction":[{"@type":"SearchAction","target":{"@type":"EntryPoint","urlTemplate":"https:\/\/hotelarclarambla.com\/agenda\/?s={search_term_string}"},"query-input":{"@type":"PropertyValueSpecification","valueRequired":true,"valueName":"search_term_string"}}],"inLanguage":"ca"},{"@type":"Person","@id":"https:\/\/hotelarclarambla.com\/agenda\/#\/schema\/person\/b40fb00e3d10940d7ffb6848593b8d04","name":"admin","image":{"@type":"ImageObject","inLanguage":"ca","@id":"https:\/\/secure.gravatar.com\/avatar\/e7d2a513cc006a0531b1545b92475922773d5049debd5d662a4049cc030a89aa?s=96&d=mm&r=g","url":"https:\/\/secure.gravatar.com\/avatar\/e7d2a513cc006a0531b1545b92475922773d5049debd5d662a4049cc030a89aa?s=96&d=mm&r=g","contentUrl":"https:\/\/secure.gravatar.com\/avatar\/e7d2a513cc006a0531b1545b92475922773d5049debd5d662a4049cc030a89aa?s=96&d=mm&r=g","caption":"admin"},"url":"https:\/\/hotelarclarambla.com\/agenda\/ca\/author\/admin\/"}]}},"_links":{"self":[{"href":"https:\/\/hotelarclarambla.com\/agenda\/ca\/wp-json\/wp\/v2\/posts\/240033","targetHints":{"allow":["GET"]}}],"collection":[{"href":"https:\/\/hotelarclarambla.com\/agenda\/ca\/wp-json\/wp\/v2\/posts"}],"about":[{"href":"https:\/\/hotelarclarambla.com\/agenda\/ca\/wp-json\/wp\/v2\/types\/post"}],"author":[{"embeddable":true,"href":"https:\/\/hotelarclarambla.com\/agenda\/ca\/wp-json\/wp\/v2\/users\/1"}],"replies":[{"embeddable":true,"href":"https:\/\/hotelarclarambla.com\/agenda\/ca\/wp-json\/wp\/v2\/comments?post=240033"}],"version-history":[{"count":3,"href":"https:\/\/hotelarclarambla.com\/agenda\/ca\/wp-json\/wp\/v2\/posts\/240033\/revisions"}],"predecessor-version":[{"id":240953,"href":"https:\/\/hotelarclarambla.com\/agenda\/ca\/wp-json\/wp\/v2\/posts\/240033\/revisions\/240953"}],"wp:featuredmedia":[{"embeddable":true,"href":"https:\/\/hotelarclarambla.com\/agenda\/ca\/wp-json\/wp\/v2\/media\/240057"}],"wp:attachment":[{"href":"https:\/\/hotelarclarambla.com\/agenda\/ca\/wp-json\/wp\/v2\/media?parent=240033"}],"wp:term":[{"taxonomy":"category","embeddable":true,"href":"https:\/\/hotelarclarambla.com\/agenda\/ca\/wp-json\/wp\/v2\/categories?post=240033"},{"taxonomy":"post_tag","embeddable":true,"href":"https:\/\/hotelarclarambla.com\/agenda\/ca\/wp-json\/wp\/v2\/tags?post=240033"}],"curies":[{"name":"wp","href":"https:\/\/api.w.org\/{rel}","templated":true}]}}