{"id":239962,"date":"2024-08-02T09:37:53","date_gmt":"2024-08-02T07:37:53","guid":{"rendered":"https:\/\/hotelarclarambla.com\/agenda\/sense-categoritzar\/el-modernisme-catala-un-viatge-per-la-historia-de-bcn\/"},"modified":"2024-08-02T09:48:55","modified_gmt":"2024-08-02T07:48:55","slug":"el-modernisme-catala-un-viatge-per-la-historia-de-bcn","status":"publish","type":"post","link":"https:\/\/hotelarclarambla.com\/agenda\/ca\/que-veure-a-barcelona\/el-modernisme-catala-un-viatge-per-la-historia-de-bcn\/","title":{"rendered":"El Modernisme catal\u00e0: un viatge per la hist\u00f2ria de BCN"},"content":{"rendered":"\n<p>El modernisme est\u00e0 \u00edntimament lligat a la hist\u00f2ria moderna de la ciutat de Barcelona. Aquest moviment art\u00edstic, que va florir a finals del segle XIX i principis del segle XX, va transformar la fisonomia de la ciutat i va deixar una empremta duradora en la seva arquitectura.&#13;\n<\/p>\n\n<h2 class=\"wp-block-heading\">El Modernisme catal\u00e0: La revoluci\u00f3 art\u00edstica de Barcelona<\/h2>\n\n<p><p>El Modernisme va ser un corrent cultural i art\u00edstic que va sorgir a Europa a finals del segle XIX, influenciat pels aven\u00e7os de la segona sevoluci\u00f3 industrial. Aquest moviment, conegut a diferents pa\u00efsos com art nouveau a Fran\u00e7a o Modern Style a Anglaterra, va trobar a Catalunya una expressi\u00f3 \u00fanica i vibrant. A trav\u00e9s del Modernisme, es va buscar <strong>modernitzar la societat catalana,<\/strong> i la seva m\u00e0xima expressi\u00f3 es va donar a l&#8217;arquitectura, <strong>transformant el paisatge urb\u00e0 de Barcelona entre el 1885 i el 1920.<\/strong><\/p><\/p>\n\n<h2 class=\"wp-block-heading\">Context hist\u00f2ric del Modernisme<\/h2>\n\n<p><p>Durant la segona meitat del segle XIX Barcelona va experimentar una s\u00e8rie de <strong>canvis urban\u00edstics i socials significatius<\/strong>. L&#8217;enderrocament de les muralles que envoltaven la ciutat va permetre l&#8217;expansi\u00f3 dels seus l\u00edmits i la urbanitzaci\u00f3 de terrenys extramurs. En aquest context, va n\u00e9ixer el barri de l&#8217;Eixample, una de les zones m\u00e9s emblem\u00e0tiques de la ciutat. La celebraci\u00f3 de l&#8217;Exposici\u00f3 Universal del 1888 va marcar un punt d&#8217;inflexi\u00f3, mostrant al m\u00f3n la modernitat i el progr\u00e9s de Barcelona.<\/p><\/p>\n\n<p><p>Amb aquests canvis, va sorgir una <strong>nova burgesia industrial,<\/strong> rica i amb un desig d&#8217;expressar-ne l&#8217;estatus i la modernitat. El passeig de Gr\u00e0cia, l&#8217;art\u00e8ria principal de l&#8217;Eixample, es va convertir en el lloc predilecte per construir-hi les resid\u00e8ncies. Aquesta burgesia no nom\u00e9s buscava luxe, sin\u00f3 tamb\u00e9 distinci\u00f3, cosa que va portar a una efervesc\u00e8ncia arquitect\u00f2nica sense precedents. Les cases modernistes esdevingueren s\u00edmbols d&#8217;estatus i un mitj\u00e0 per destacar en els cercles socials. Els arquitectes m\u00e9s destacats de l&#8217;\u00e8poca, com ara <strong>Antoni Gaud\u00ed, Llu\u00eds Dom\u00e8nech i Montaner i Josep Puig i Cadafalch,<\/strong> van trobar en aquests clients mecenes que els van permetre desenvolupar les seves idees m\u00e9s auda\u00e7os.<\/p><\/p>\n\n<figure class=\"wp-block-image size-large is-resized\"><a href=\"https:\/\/hotelarclarambla.com\/agenda\/wp-content\/uploads\/2024\/08\/arc-la-rambla-blog-cultura-modernismo-catalan-historia-barcelona-.webp\"><img loading=\"lazy\" decoding=\"async\" src=\"https:\/\/hotelarclarambla.com\/agenda\/wp-content\/uploads\/2024\/08\/arc-la-rambla-blog-cultura-modernismo-catalan-historia-barcelona--1024x1024.webp\" alt=\"\" class=\"wp-image-239958\" width=\"798\" height=\"798\"\/><\/a><\/figure>\n\n<h2 class=\"wp-block-heading\">Caracter\u00edstiques del Modernisme arquitect\u00f2nic<\/h2>\n\n<p><p>El Modernisme catal\u00e0 va ser un moviment divers i heterogeni, en qu\u00e8 cada artista va desenvolupar un estil \u00fanic. Tot i aix\u00f2, compartien una s\u00e8rie de caracter\u00edstiques comunes. En primer lloc, hi havia un <strong>rebuig clar als estils arquitect\u00f2nics tradicionals<\/strong> i a l&#8217;industrialisme de la primera meitat del segle XX. Els arquitectes modernistes cercaven <strong>crear noves formes i trencar amb l&#8217;academicisme.<\/strong><\/p><\/p>\n\n<p><p><strong>Inspirats per la natura, les formes org\u00e0niques i els colors vibrants,<\/strong> els edificis modernistes presenten una profusi\u00f3 de detalls decoratius i simbolisme. Les <strong>l\u00ednies corbes i asim\u00e8triques,<\/strong> aix\u00ed com l&#8217;\u00fas innovador de materials com el ferro, es combinen amb <strong>t\u00e8cniques artesanals tradicionals, com ara la cer\u00e0mica, el vidre i el ferro forjat.<\/strong> La frase d&#8217;Antoni Gaud\u00ed, &#8220;l&#8217;originalitat consisteix a tornar a l&#8217;origen; aix\u00ed doncs, original \u00e9s all\u00f2 que torna a la simplicitat de les primeres solucions&#8221;, resumeix l&#8217;ess\u00e8ncia del moviment: una cerca d&#8217;autenticitat i simplicitat a trav\u00e9s de la creativitat.<\/p><\/p>\n\n<h2 class=\"wp-block-heading\">Patrimoni de la Humanitat<\/h2>\n\n<p><p>El llegat del Modernisme a Barcelona \u00e9s impressionant, amb m\u00e9s de <strong>100 edificis<\/strong> que destaquen per la singularitat i la bellesa. Obres com el Palau de la M\u00fasica Catalana i l&#8217;Hospital de Sant Pau, Dom\u00e8nech i Montaner, o el Palau G\u00fcell, el Park G\u00fcell, i la Sagrada Fam\u00edlia d&#8217;Antoni Gaud\u00ed, han estat declarades <strong>Patrimoni de la Humanitat<\/strong> per la UNESCO. Aquests edificis no nom\u00e9s representen la c\u00faspide del Modernisme catal\u00e0, sin\u00f3 que tamb\u00e9 s\u00f3n una part integral de la identitat de la ciutat.<\/p><\/p>\n\n<h2 class=\"wp-block-heading\">Curiositats modernistes: El Quadrat d&#8217;Or i la Poma de la Disc\u00f2rdia<\/h2>\n\n<p><p>L&#8217;Eixample, particularment el Quadrat d&#8217;Or, \u00e9s l&#8217;epicentre de l&#8217;arquitectura modernista. Aquesta zona, delimitada per alguns dels principals carrers de la ciutat, inclou nombrosos edificis ic\u00f2nics. En aquest marc hi ha la famosa <strong>Illa de la Disc\u00f2rdia<\/strong>, un tram del Passeig de Gr\u00e0cia on hi ha tres obres mestres: la <strong>Casa Amatller de Puig i Cadafalch, la Casa Lle\u00f3 Morera de Dom\u00e8nech i Montaner, i la Casa Batll\u00f3 de Gaud\u00ed.<\/strong> Aquesta concentraci\u00f3 d&#8217;estils i genialitats arquitect\u00f2niques reflecteix la rivalitat i la diversitat del Modernisme.<br\/><br\/>El modernisme no nom\u00e9s va ser un estil arquitect\u00f2nic, sin\u00f3 una expressi\u00f3 cultural que va marcar una \u00e8poca de canvis i innovacions a Barcelona. Avui dia, el Modernisme catal\u00e0 continua sent una part essencial del paisatge urb\u00e0 de Barcelona. <br\/><br\/>Si vol con\u00e8ixer de m\u00e9s a prop el Modernisme catal\u00e0, <strong>consulti a recepci\u00f3<\/strong> l&#8217;oferta de tours i circuits que s&#8217;organitzen a la ciutat per descobrir aquests meravellosos edificis i apreciar la genialitat dels arquitectes que van donar forma a una de les \u00e8poques m\u00e9s esplendoroses de la hist\u00f2ria de la ciutat.<br\/><br\/><\/p><\/p>\n\n<p>&#8212;<\/p>\n\n<p><p>Els nostres clients ho tenen clar\u2026 i vost\u00e8? Si est\u00e0 buscant hotels a Barcelona amb la millor ubicaci\u00f3, no busqui m\u00e9s i <a href=\"https:\/\/hotelarclarambla.com\/bookingstep1?idtokenprovider=10760133&amp;lang=es&amp;nights=1&amp;checkin=15%2F12%2F2023&amp;step=1&amp;home=https%3A%2F%2Fhotelarclarambla.com%2F&amp;currency=EUR\">reservi la seva habitaci\u00f3<\/a> al nostre hotel ubicat al cor de la ciutat.<\/p>&#13;\n&#13;\n<\/p>\n\n<p><p>Si a m\u00e9s a m\u00e9s, vol con\u00e8ixer m\u00e9s plans per gaudir de la seva est\u00e0ncia a Barcelona, segueixi explorant el <a href=\"https:\/\/hotelarclarambla.com\/ca\/agenda\/\">el nostre blog<\/a> i mantinguis informat.<\/p><\/p>\n\n<p><p>Tamb\u00e9 pot obtenir m\u00e9s informaci\u00f3 sobre els esdeveniments i activitats seguint-nos a les nostres <a href=\"https:\/\/www.instagram.com\/arclarambla\/\">xarxes socials<\/a>.\u00a0<\/p><\/p>\n","protected":false},"excerpt":{"rendered":"<p>El Modernisme a Barcelona, \u200b\u200bun corrent art\u00edstic que va transformar la ciutat amb obres mestres de Gaud\u00ed, Dom\u00e8nech i Montaner i Puig i Cadafalch.<\/p>\n","protected":false},"author":1,"featured_media":239956,"comment_status":"closed","ping_status":"closed","sticky":false,"template":"","format":"standard","meta":{"_acf_changed":false,"_et_pb_use_builder":"off","_et_pb_old_content":"","_et_gb_content_width":"","inline_featured_image":false,"footnotes":""},"categories":[5728],"tags":[],"class_list":["post-239962","post","type-post","status-publish","format-standard","has-post-thumbnail","hentry","category-que-veure-a-barcelona"],"acf":[],"yoast_head":"<!-- This site is optimized with the Yoast SEO plugin v27.4 - https:\/\/yoast.com\/product\/yoast-seo-wordpress\/ -->\n<title>El Modernisme catal\u00e0: un viatge per la hist\u00f2ria de BCN | Hotel Arc La Rambla<\/title>\n<meta name=\"description\" content=\"El Modernisme a Barcelona, \u200b\u200bun corrent art\u00edstic que va transformar la ciutat amb obres mestres de Gaud\u00ed, Dom\u00e8nech i Montaner i Puig i Cadafalch.\" \/>\n<meta name=\"robots\" content=\"index, follow, max-snippet:-1, max-image-preview:large, max-video-preview:-1\" \/>\n<link rel=\"canonical\" href=\"https:\/\/hotelarclarambla.com\/agenda\/ca\/que-veure-a-barcelona\/el-modernisme-catala-un-viatge-per-la-historia-de-bcn\/\" \/>\n<meta property=\"og:locale\" content=\"ca_ES\" \/>\n<meta property=\"og:type\" content=\"article\" \/>\n<meta property=\"og:title\" content=\"El Modernisme catal\u00e0: un viatge per la hist\u00f2ria de BCN | Hotel Arc La Rambla\" \/>\n<meta property=\"og:description\" content=\"El Modernisme a Barcelona, \u200b\u200bun corrent art\u00edstic que va transformar la ciutat amb obres mestres de Gaud\u00ed, Dom\u00e8nech i Montaner i Puig i Cadafalch.\" \/>\n<meta property=\"og:url\" content=\"https:\/\/hotelarclarambla.com\/agenda\/ca\/que-veure-a-barcelona\/el-modernisme-catala-un-viatge-per-la-historia-de-bcn\/\" \/>\n<meta property=\"og:site_name\" content=\"Hotel Arc La Rambla Blog\" \/>\n<meta property=\"article:published_time\" content=\"2024-08-02T07:37:53+00:00\" \/>\n<meta property=\"article:modified_time\" content=\"2024-08-02T07:48:55+00:00\" \/>\n<meta property=\"og:image\" content=\"https:\/\/hotelarclarambla.com\/agenda\/wp-content\/uploads\/2024\/08\/arc-la-rambla-blog-cultura-modernismo-catalan-historia-barcelona.webp\" \/>\n\t<meta property=\"og:image:width\" content=\"980\" \/>\n\t<meta property=\"og:image:height\" content=\"654\" \/>\n\t<meta property=\"og:image:type\" content=\"image\/webp\" \/>\n<meta name=\"author\" content=\"admin\" \/>\n<meta name=\"twitter:card\" content=\"summary_large_image\" \/>\n<meta name=\"twitter:label1\" content=\"Escrit per\" \/>\n\t<meta name=\"twitter:data1\" content=\"admin\" \/>\n\t<meta name=\"twitter:label2\" content=\"Temps estimat de lectura\" \/>\n\t<meta name=\"twitter:data2\" content=\"5 minuts\" \/>\n<script type=\"application\/ld+json\" class=\"yoast-schema-graph\">{\"@context\":\"https:\\\/\\\/schema.org\",\"@graph\":[{\"@type\":\"Article\",\"@id\":\"https:\\\/\\\/hotelarclarambla.com\\\/agenda\\\/ca\\\/que-veure-a-barcelona\\\/el-modernisme-catala-un-viatge-per-la-historia-de-bcn\\\/#article\",\"isPartOf\":{\"@id\":\"https:\\\/\\\/hotelarclarambla.com\\\/agenda\\\/ca\\\/que-veure-a-barcelona\\\/el-modernisme-catala-un-viatge-per-la-historia-de-bcn\\\/\"},\"author\":{\"name\":\"admin\",\"@id\":\"https:\\\/\\\/hotelarclarambla.com\\\/agenda\\\/#\\\/schema\\\/person\\\/b40fb00e3d10940d7ffb6848593b8d04\"},\"headline\":\"El Modernisme catal\u00e0: un viatge per la hist\u00f2ria de BCN\",\"datePublished\":\"2024-08-02T07:37:53+00:00\",\"dateModified\":\"2024-08-02T07:48:55+00:00\",\"mainEntityOfPage\":{\"@id\":\"https:\\\/\\\/hotelarclarambla.com\\\/agenda\\\/ca\\\/que-veure-a-barcelona\\\/el-modernisme-catala-un-viatge-per-la-historia-de-bcn\\\/\"},\"wordCount\":912,\"image\":{\"@id\":\"https:\\\/\\\/hotelarclarambla.com\\\/agenda\\\/ca\\\/que-veure-a-barcelona\\\/el-modernisme-catala-un-viatge-per-la-historia-de-bcn\\\/#primaryimage\"},\"thumbnailUrl\":\"https:\\\/\\\/hotelarclarambla.com\\\/agenda\\\/wp-content\\\/uploads\\\/2024\\\/08\\\/arc-la-rambla-blog-cultura-modernismo-catalan-historia-barcelona.webp\",\"articleSection\":[\"Qu\u00e8 veure a Barcelona\"],\"inLanguage\":\"ca\"},{\"@type\":\"WebPage\",\"@id\":\"https:\\\/\\\/hotelarclarambla.com\\\/agenda\\\/ca\\\/que-veure-a-barcelona\\\/el-modernisme-catala-un-viatge-per-la-historia-de-bcn\\\/\",\"url\":\"https:\\\/\\\/hotelarclarambla.com\\\/agenda\\\/ca\\\/que-veure-a-barcelona\\\/el-modernisme-catala-un-viatge-per-la-historia-de-bcn\\\/\",\"name\":\"El Modernisme catal\u00e0: un viatge per la hist\u00f2ria de BCN | Hotel Arc La Rambla\",\"isPartOf\":{\"@id\":\"https:\\\/\\\/hotelarclarambla.com\\\/agenda\\\/#website\"},\"primaryImageOfPage\":{\"@id\":\"https:\\\/\\\/hotelarclarambla.com\\\/agenda\\\/ca\\\/que-veure-a-barcelona\\\/el-modernisme-catala-un-viatge-per-la-historia-de-bcn\\\/#primaryimage\"},\"image\":{\"@id\":\"https:\\\/\\\/hotelarclarambla.com\\\/agenda\\\/ca\\\/que-veure-a-barcelona\\\/el-modernisme-catala-un-viatge-per-la-historia-de-bcn\\\/#primaryimage\"},\"thumbnailUrl\":\"https:\\\/\\\/hotelarclarambla.com\\\/agenda\\\/wp-content\\\/uploads\\\/2024\\\/08\\\/arc-la-rambla-blog-cultura-modernismo-catalan-historia-barcelona.webp\",\"datePublished\":\"2024-08-02T07:37:53+00:00\",\"dateModified\":\"2024-08-02T07:48:55+00:00\",\"author\":{\"@id\":\"https:\\\/\\\/hotelarclarambla.com\\\/agenda\\\/#\\\/schema\\\/person\\\/b40fb00e3d10940d7ffb6848593b8d04\"},\"description\":\"El Modernisme a Barcelona, \u200b\u200bun corrent art\u00edstic que va transformar la ciutat amb obres mestres de Gaud\u00ed, Dom\u00e8nech i Montaner i Puig i Cadafalch.\",\"breadcrumb\":{\"@id\":\"https:\\\/\\\/hotelarclarambla.com\\\/agenda\\\/ca\\\/que-veure-a-barcelona\\\/el-modernisme-catala-un-viatge-per-la-historia-de-bcn\\\/#breadcrumb\"},\"inLanguage\":\"ca\",\"potentialAction\":[{\"@type\":\"ReadAction\",\"target\":[\"https:\\\/\\\/hotelarclarambla.com\\\/agenda\\\/ca\\\/que-veure-a-barcelona\\\/el-modernisme-catala-un-viatge-per-la-historia-de-bcn\\\/\"]}]},{\"@type\":\"ImageObject\",\"inLanguage\":\"ca\",\"@id\":\"https:\\\/\\\/hotelarclarambla.com\\\/agenda\\\/ca\\\/que-veure-a-barcelona\\\/el-modernisme-catala-un-viatge-per-la-historia-de-bcn\\\/#primaryimage\",\"url\":\"https:\\\/\\\/hotelarclarambla.com\\\/agenda\\\/wp-content\\\/uploads\\\/2024\\\/08\\\/arc-la-rambla-blog-cultura-modernismo-catalan-historia-barcelona.webp\",\"contentUrl\":\"https:\\\/\\\/hotelarclarambla.com\\\/agenda\\\/wp-content\\\/uploads\\\/2024\\\/08\\\/arc-la-rambla-blog-cultura-modernismo-catalan-historia-barcelona.webp\",\"width\":980,\"height\":654},{\"@type\":\"BreadcrumbList\",\"@id\":\"https:\\\/\\\/hotelarclarambla.com\\\/agenda\\\/ca\\\/que-veure-a-barcelona\\\/el-modernisme-catala-un-viatge-per-la-historia-de-bcn\\\/#breadcrumb\",\"itemListElement\":[{\"@type\":\"ListItem\",\"position\":1,\"name\":\"Portada\",\"item\":\"https:\\\/\\\/hotelarclarambla.com\\\/agenda\\\/\"},{\"@type\":\"ListItem\",\"position\":2,\"name\":\"El Modernisme catal\u00e0: un viatge per la hist\u00f2ria de BCN\"}]},{\"@type\":\"WebSite\",\"@id\":\"https:\\\/\\\/hotelarclarambla.com\\\/agenda\\\/#website\",\"url\":\"https:\\\/\\\/hotelarclarambla.com\\\/agenda\\\/\",\"name\":\"Hotel Arc La Rambla Blog\",\"description\":\"El blog de Hotel Arc\",\"potentialAction\":[{\"@type\":\"SearchAction\",\"target\":{\"@type\":\"EntryPoint\",\"urlTemplate\":\"https:\\\/\\\/hotelarclarambla.com\\\/agenda\\\/?s={search_term_string}\"},\"query-input\":{\"@type\":\"PropertyValueSpecification\",\"valueRequired\":true,\"valueName\":\"search_term_string\"}}],\"inLanguage\":\"ca\"},{\"@type\":\"Person\",\"@id\":\"https:\\\/\\\/hotelarclarambla.com\\\/agenda\\\/#\\\/schema\\\/person\\\/b40fb00e3d10940d7ffb6848593b8d04\",\"name\":\"admin\",\"image\":{\"@type\":\"ImageObject\",\"inLanguage\":\"ca\",\"@id\":\"https:\\\/\\\/secure.gravatar.com\\\/avatar\\\/e7d2a513cc006a0531b1545b92475922773d5049debd5d662a4049cc030a89aa?s=96&d=mm&r=g\",\"url\":\"https:\\\/\\\/secure.gravatar.com\\\/avatar\\\/e7d2a513cc006a0531b1545b92475922773d5049debd5d662a4049cc030a89aa?s=96&d=mm&r=g\",\"contentUrl\":\"https:\\\/\\\/secure.gravatar.com\\\/avatar\\\/e7d2a513cc006a0531b1545b92475922773d5049debd5d662a4049cc030a89aa?s=96&d=mm&r=g\",\"caption\":\"admin\"},\"url\":\"https:\\\/\\\/hotelarclarambla.com\\\/agenda\\\/ca\\\/author\\\/admin\\\/\"}]}<\/script>\n<!-- \/ Yoast SEO plugin. -->","yoast_head_json":{"title":"El Modernisme catal\u00e0: un viatge per la hist\u00f2ria de BCN | Hotel Arc La Rambla","description":"El Modernisme a Barcelona, \u200b\u200bun corrent art\u00edstic que va transformar la ciutat amb obres mestres de Gaud\u00ed, Dom\u00e8nech i Montaner i Puig i Cadafalch.","robots":{"index":"index","follow":"follow","max-snippet":"max-snippet:-1","max-image-preview":"max-image-preview:large","max-video-preview":"max-video-preview:-1"},"canonical":"https:\/\/hotelarclarambla.com\/agenda\/ca\/que-veure-a-barcelona\/el-modernisme-catala-un-viatge-per-la-historia-de-bcn\/","og_locale":"ca_ES","og_type":"article","og_title":"El Modernisme catal\u00e0: un viatge per la hist\u00f2ria de BCN | Hotel Arc La Rambla","og_description":"El Modernisme a Barcelona, \u200b\u200bun corrent art\u00edstic que va transformar la ciutat amb obres mestres de Gaud\u00ed, Dom\u00e8nech i Montaner i Puig i Cadafalch.","og_url":"https:\/\/hotelarclarambla.com\/agenda\/ca\/que-veure-a-barcelona\/el-modernisme-catala-un-viatge-per-la-historia-de-bcn\/","og_site_name":"Hotel Arc La Rambla Blog","article_published_time":"2024-08-02T07:37:53+00:00","article_modified_time":"2024-08-02T07:48:55+00:00","og_image":[{"width":980,"height":654,"url":"https:\/\/hotelarclarambla.com\/agenda\/wp-content\/uploads\/2024\/08\/arc-la-rambla-blog-cultura-modernismo-catalan-historia-barcelona.webp","type":"image\/webp"}],"author":"admin","twitter_card":"summary_large_image","twitter_misc":{"Escrit per":"admin","Temps estimat de lectura":"5 minuts"},"schema":{"@context":"https:\/\/schema.org","@graph":[{"@type":"Article","@id":"https:\/\/hotelarclarambla.com\/agenda\/ca\/que-veure-a-barcelona\/el-modernisme-catala-un-viatge-per-la-historia-de-bcn\/#article","isPartOf":{"@id":"https:\/\/hotelarclarambla.com\/agenda\/ca\/que-veure-a-barcelona\/el-modernisme-catala-un-viatge-per-la-historia-de-bcn\/"},"author":{"name":"admin","@id":"https:\/\/hotelarclarambla.com\/agenda\/#\/schema\/person\/b40fb00e3d10940d7ffb6848593b8d04"},"headline":"El Modernisme catal\u00e0: un viatge per la hist\u00f2ria de BCN","datePublished":"2024-08-02T07:37:53+00:00","dateModified":"2024-08-02T07:48:55+00:00","mainEntityOfPage":{"@id":"https:\/\/hotelarclarambla.com\/agenda\/ca\/que-veure-a-barcelona\/el-modernisme-catala-un-viatge-per-la-historia-de-bcn\/"},"wordCount":912,"image":{"@id":"https:\/\/hotelarclarambla.com\/agenda\/ca\/que-veure-a-barcelona\/el-modernisme-catala-un-viatge-per-la-historia-de-bcn\/#primaryimage"},"thumbnailUrl":"https:\/\/hotelarclarambla.com\/agenda\/wp-content\/uploads\/2024\/08\/arc-la-rambla-blog-cultura-modernismo-catalan-historia-barcelona.webp","articleSection":["Qu\u00e8 veure a Barcelona"],"inLanguage":"ca"},{"@type":"WebPage","@id":"https:\/\/hotelarclarambla.com\/agenda\/ca\/que-veure-a-barcelona\/el-modernisme-catala-un-viatge-per-la-historia-de-bcn\/","url":"https:\/\/hotelarclarambla.com\/agenda\/ca\/que-veure-a-barcelona\/el-modernisme-catala-un-viatge-per-la-historia-de-bcn\/","name":"El Modernisme catal\u00e0: un viatge per la hist\u00f2ria de BCN | Hotel Arc La Rambla","isPartOf":{"@id":"https:\/\/hotelarclarambla.com\/agenda\/#website"},"primaryImageOfPage":{"@id":"https:\/\/hotelarclarambla.com\/agenda\/ca\/que-veure-a-barcelona\/el-modernisme-catala-un-viatge-per-la-historia-de-bcn\/#primaryimage"},"image":{"@id":"https:\/\/hotelarclarambla.com\/agenda\/ca\/que-veure-a-barcelona\/el-modernisme-catala-un-viatge-per-la-historia-de-bcn\/#primaryimage"},"thumbnailUrl":"https:\/\/hotelarclarambla.com\/agenda\/wp-content\/uploads\/2024\/08\/arc-la-rambla-blog-cultura-modernismo-catalan-historia-barcelona.webp","datePublished":"2024-08-02T07:37:53+00:00","dateModified":"2024-08-02T07:48:55+00:00","author":{"@id":"https:\/\/hotelarclarambla.com\/agenda\/#\/schema\/person\/b40fb00e3d10940d7ffb6848593b8d04"},"description":"El Modernisme a Barcelona, \u200b\u200bun corrent art\u00edstic que va transformar la ciutat amb obres mestres de Gaud\u00ed, Dom\u00e8nech i Montaner i Puig i Cadafalch.","breadcrumb":{"@id":"https:\/\/hotelarclarambla.com\/agenda\/ca\/que-veure-a-barcelona\/el-modernisme-catala-un-viatge-per-la-historia-de-bcn\/#breadcrumb"},"inLanguage":"ca","potentialAction":[{"@type":"ReadAction","target":["https:\/\/hotelarclarambla.com\/agenda\/ca\/que-veure-a-barcelona\/el-modernisme-catala-un-viatge-per-la-historia-de-bcn\/"]}]},{"@type":"ImageObject","inLanguage":"ca","@id":"https:\/\/hotelarclarambla.com\/agenda\/ca\/que-veure-a-barcelona\/el-modernisme-catala-un-viatge-per-la-historia-de-bcn\/#primaryimage","url":"https:\/\/hotelarclarambla.com\/agenda\/wp-content\/uploads\/2024\/08\/arc-la-rambla-blog-cultura-modernismo-catalan-historia-barcelona.webp","contentUrl":"https:\/\/hotelarclarambla.com\/agenda\/wp-content\/uploads\/2024\/08\/arc-la-rambla-blog-cultura-modernismo-catalan-historia-barcelona.webp","width":980,"height":654},{"@type":"BreadcrumbList","@id":"https:\/\/hotelarclarambla.com\/agenda\/ca\/que-veure-a-barcelona\/el-modernisme-catala-un-viatge-per-la-historia-de-bcn\/#breadcrumb","itemListElement":[{"@type":"ListItem","position":1,"name":"Portada","item":"https:\/\/hotelarclarambla.com\/agenda\/"},{"@type":"ListItem","position":2,"name":"El Modernisme catal\u00e0: un viatge per la hist\u00f2ria de BCN"}]},{"@type":"WebSite","@id":"https:\/\/hotelarclarambla.com\/agenda\/#website","url":"https:\/\/hotelarclarambla.com\/agenda\/","name":"Hotel Arc La Rambla Blog","description":"El blog de Hotel Arc","potentialAction":[{"@type":"SearchAction","target":{"@type":"EntryPoint","urlTemplate":"https:\/\/hotelarclarambla.com\/agenda\/?s={search_term_string}"},"query-input":{"@type":"PropertyValueSpecification","valueRequired":true,"valueName":"search_term_string"}}],"inLanguage":"ca"},{"@type":"Person","@id":"https:\/\/hotelarclarambla.com\/agenda\/#\/schema\/person\/b40fb00e3d10940d7ffb6848593b8d04","name":"admin","image":{"@type":"ImageObject","inLanguage":"ca","@id":"https:\/\/secure.gravatar.com\/avatar\/e7d2a513cc006a0531b1545b92475922773d5049debd5d662a4049cc030a89aa?s=96&d=mm&r=g","url":"https:\/\/secure.gravatar.com\/avatar\/e7d2a513cc006a0531b1545b92475922773d5049debd5d662a4049cc030a89aa?s=96&d=mm&r=g","contentUrl":"https:\/\/secure.gravatar.com\/avatar\/e7d2a513cc006a0531b1545b92475922773d5049debd5d662a4049cc030a89aa?s=96&d=mm&r=g","caption":"admin"},"url":"https:\/\/hotelarclarambla.com\/agenda\/ca\/author\/admin\/"}]}},"_links":{"self":[{"href":"https:\/\/hotelarclarambla.com\/agenda\/ca\/wp-json\/wp\/v2\/posts\/239962","targetHints":{"allow":["GET"]}}],"collection":[{"href":"https:\/\/hotelarclarambla.com\/agenda\/ca\/wp-json\/wp\/v2\/posts"}],"about":[{"href":"https:\/\/hotelarclarambla.com\/agenda\/ca\/wp-json\/wp\/v2\/types\/post"}],"author":[{"embeddable":true,"href":"https:\/\/hotelarclarambla.com\/agenda\/ca\/wp-json\/wp\/v2\/users\/1"}],"replies":[{"embeddable":true,"href":"https:\/\/hotelarclarambla.com\/agenda\/ca\/wp-json\/wp\/v2\/comments?post=239962"}],"version-history":[{"count":1,"href":"https:\/\/hotelarclarambla.com\/agenda\/ca\/wp-json\/wp\/v2\/posts\/239962\/revisions"}],"predecessor-version":[{"id":239963,"href":"https:\/\/hotelarclarambla.com\/agenda\/ca\/wp-json\/wp\/v2\/posts\/239962\/revisions\/239963"}],"wp:featuredmedia":[{"embeddable":true,"href":"https:\/\/hotelarclarambla.com\/agenda\/ca\/wp-json\/wp\/v2\/media\/239956"}],"wp:attachment":[{"href":"https:\/\/hotelarclarambla.com\/agenda\/ca\/wp-json\/wp\/v2\/media?parent=239962"}],"wp:term":[{"taxonomy":"category","embeddable":true,"href":"https:\/\/hotelarclarambla.com\/agenda\/ca\/wp-json\/wp\/v2\/categories?post=239962"},{"taxonomy":"post_tag","embeddable":true,"href":"https:\/\/hotelarclarambla.com\/agenda\/ca\/wp-json\/wp\/v2\/tags?post=239962"}],"curies":[{"name":"wp","href":"https:\/\/api.w.org\/{rel}","templated":true}]}}