{"id":239914,"date":"2024-06-21T12:35:25","date_gmt":"2024-06-21T10:35:25","guid":{"rendered":"https:\/\/hotelarclarambla.com\/agenda\/sense-categoritzar\/celebrem-la-revetlla-de-sant-joan-a-ciutat-vella\/"},"modified":"2026-03-11T12:55:52","modified_gmt":"2026-03-11T11:55:52","slug":"celebrem-la-revetlla-de-sant-joan-a-ciutat-vella","status":"publish","type":"post","link":"https:\/\/hotelarclarambla.com\/agenda\/ca\/cultura-ca\/celebrem-la-revetlla-de-sant-joan-a-ciutat-vella\/","title":{"rendered":"Celebrem la revetlla de Sant Joan a Ciutat Vella"},"content":{"rendered":"\n<p>La revetlla de Sant Joan \u00e9s una de les festes m\u00e9s esperades a Catalunya, i al districte de <strong>Ciutat Vella<\/strong>, aquesta celebraci\u00f3 adquireix una m\u00e0gia especial. I \u00e9s que els barris del <strong>Raval<\/strong> i la <strong>Barceloneta<\/strong> es converteixen en escenaris protagonistes plens de tradicions, m\u00fasica en directe i fogueres. Si vens a passar uns dies a Barcelona, reserva\u2019t la nit del 23 de juny perqu\u00e8 no et pots perdre les activitats especials que es duen a terme en aquests dos emblem\u00e0tics barris.<\/p>\n\n\n\n<h2 class=\"wp-block-heading\"><strong>Una nit m\u00e0gica al Raval<\/strong><\/h2>\n\n\n\n<p>La festa al Raval comen\u00e7a amb un esdeveniment simb\u00f2lic i emocionant: la recollida de la <strong>Flama del Canig\u00f3<\/strong>, que s&#8217;enc\u00e9n cada any al cim del Canig\u00f3 i es distribueix arreu de Catalunya.<\/p>\n\n\n\n<p><strong>19 h: <\/strong>Recollida de la Flama del Canig\u00f3 a la pla\u00e7a de Sant Jaume<\/p>\n\n\n\n<p>L&#8217;encesa de la flama dona inici a una <strong>cercavila<\/strong> vibrant que porta la flama des de la pla\u00e7a de Sant Jaume fins a la rambla del Raval. Els carrers s&#8217;omplen d&#8217;alegria, m\u00fasica i colors mentre els ve\u00efns i visitants segueixen la flama.<\/p>\n\n\n\n<p><strong>20 h: <\/strong>Cantada d\u2019havaneres amb el grup Mar Brava<\/p>\n\n\n\n<p>La rambla del Raval s&#8217;omple de melodies nost\u00e0lgiques amb la cantada <strong>d\u2019havaneres<\/strong> a c\u00e0rrec del grup Mar Brava. A m\u00e9s, es servir\u00e0 <strong>rom cremat<\/strong>, una beguda tradicional que complementa perfectament les can\u00e7ons marineres.<\/p>\n\n\n\n<p><strong>21 h:<\/strong> Sopar de carmanyola<\/p>\n\n\n\n<p>Una de les parts m\u00e9s acollidores de la nit \u00e9s el sopar de carmanyola, on els ve\u00efns i ve\u00efnes porten el seu menjar i es reuneixen per compartir-lo en un ambient de germanor i festa.<\/p>\n\n\n\n<p><strong>22 h: <\/strong>Encesa del foguer\u00f3<\/p>\n\n\n\n<p>La nit continua amb l&#8217;encesa del foguer\u00f3, un moment que simbolitza la purificaci\u00f3 i l&#8217;arribada de l&#8217;estiu.<\/p>\n\n\n\n<p><strong>23 h: <\/strong>Ball amb DJ Medi<\/p>\n\n\n\n<p>Finalment, la nit culmina amb un animat ball amb DJ Medi, que posar\u00e0 m\u00fasica per a tots els gustos, assegurant que la festa continu\u00ef fins ben entrada la matinada.<\/p>\n\n\n\n<h2 class=\"wp-block-heading\"><strong>Revetlla a la Barceloneta: 40a Nit del Foc<\/strong><\/h2>\n\n\n\n<p>A la Barceloneta, la celebraci\u00f3 de la Nit del Foc \u00e9s un esdeveniment espectacular que no et pots perdre. La nit comen\u00e7a amb una altra <strong>cercavila<\/strong>, portant la Flama del Canig\u00f3 des de la pla\u00e7a Pau Vila fins a la pla\u00e7a del Poeta Bosc\u00e0.<\/p>\n\n\n\n<p><strong>20.30 h: <\/strong>Cercavila amb la Flama del Canig\u00f3<\/p>\n\n\n\n<p>Aquesta cercavila \u00e9s un veritable espectacle, amb m\u00fasica i animaci\u00f3 a cada pas, conduint els assistents cap a la pla\u00e7a del Poeta Bosc\u00e0.<\/p>\n\n\n\n<p><strong>20.30 h:<\/strong> Sopar ve\u00efnal i m\u00fasica a la pla\u00e7a del Poeta Bosc\u00e0<\/p>\n\n\n\n<p>La Barceloneta tamb\u00e9 acull un sopar ve\u00efnal on els residents es reuneixen per compartir menjar i gaudir de la companyia dels ve\u00efns. La m\u00fasica en viu crea un ambient festiu perfecte.<\/p>\n\n\n\n<p><strong>21 h:<\/strong> Encesa de la foguera de Sant Joan<\/p>\n\n\n\n<p>La tradicional encesa de la foguera \u00e9s el punt \u00e0lgid de la nit. La flama del Canig\u00f3 enc\u00e9n la foguera, que simbolitza la crema de tot all\u00f2 vell i l&#8217;acollida del nou.<\/p>\n\n\n\n<p><strong>21.30 h:<\/strong> Correfoc<\/p>\n\n\n\n<p>Despr\u00e9s de l&#8217;encesa de la foguera, un correfoc espectacular omple els carrers de la Barceloneta. Els diables i els focs artificials creen una atmosfera \u00fanica i emocionant.<\/p>\n\n\n\n<p><strong>22 h:<\/strong> Nit del Foc amb l\u2019espectacle dels diables a la pla\u00e7a de la Barceloneta<\/p>\n\n\n\n<p>La nit culmina amb l\u2019espectacle dels diables, un aut\u00e8ntic show de foc i llum que deixa a tots els assistents amb la boca oberta. Els diables ballen i juguen amb el foc, oferint un espectacle inoblidable.<\/p>\n\n\n\n<p><strong>Viu la M\u00e0gia de Sant Joan a Ciutat Vella<\/strong><\/p>\n\n\n\n<p>La revetlla de Sant Joan \u00e9s una nit plena de tradicions, diversi\u00f3 i comunitat. Tant si opta per la festa al Raval com per la celebraci\u00f3 a la Barceloneta, des de Hotel Arc La Rambla l\u2019animem a que celebri aquesta inoblidable nit de m\u00fasica, foc i molta festa a Ciutat Vella i visqui una experi\u00e8ncia m\u00e0gica que recordar\u00e0 tot l\u2019any. <\/p>\n\n\n\n<p>&#8212;<\/p>\n\n\n\n<p>Pensant a&nbsp; allotjar-se uns dies a Barcelona? Faci un cop d\u2019ull al nostre <a href=\"https:\/\/hotelarclarambla.com\/agenda\/ca\/\">blog<\/a>!<\/p>\n\n\n\n<p>Si vol estar informat de les activitats culturals de la ciutat, segueixi\u2019ns a les <a href=\"https:\/\/www.instagram.com\/arclarambla\/\" target=\"_blank\" rel=\"noreferrer noopener nofollow\">xarxes socials<\/a>.<\/p>\n","protected":false},"excerpt":{"rendered":"<p>La revetlla de Sant Joan \u00e9s una de les festes m\u00e9s esperades a Catalunya, i al districte de Ciutat Vella, aquesta celebraci\u00f3 adquireix una m\u00e0gia especial. I \u00e9s que els barris del Raval i la Barceloneta es converteixen en escenaris protagonistes plens de tradicions, m\u00fasica en directe i fogueres. Si vens a passar uns dies [&hellip;]<\/p>\n","protected":false},"author":1,"featured_media":239910,"comment_status":"closed","ping_status":"closed","sticky":false,"template":"","format":"standard","meta":{"_acf_changed":false,"_et_pb_use_builder":"off","_et_pb_old_content":"","_et_gb_content_width":"","inline_featured_image":false,"footnotes":""},"categories":[5952],"tags":[],"class_list":["post-239914","post","type-post","status-publish","format-standard","has-post-thumbnail","hentry","category-cultura-ca"],"acf":[],"yoast_head":"<!-- This site is optimized with the Yoast SEO plugin v27.3 - https:\/\/yoast.com\/product\/yoast-seo-wordpress\/ -->\n<title>Celebrem la revetlla de Sant Joan | Hotel Arc La Rambla<\/title>\n<meta name=\"description\" content=\"Celebra la revetlla de Sant Joan a Ciutat Vella amb m\u00fasica, foc i tradicions al Raval i la Barceloneta. Viu una nit m\u00e0gica!\" \/>\n<meta name=\"robots\" content=\"noindex, follow\" \/>\n<meta property=\"og:locale\" content=\"ca_ES\" \/>\n<meta property=\"og:type\" content=\"article\" \/>\n<meta property=\"og:title\" content=\"Celebrem la revetlla de Sant Joan | Hotel Arc La Rambla\" \/>\n<meta property=\"og:description\" content=\"Celebra la revetlla de Sant Joan a Ciutat Vella amb m\u00fasica, foc i tradicions al Raval i la Barceloneta. Viu una nit m\u00e0gica!\" \/>\n<meta property=\"og:url\" content=\"https:\/\/hotelarclarambla.com\/agenda\/ca\/cultura-ca\/celebrem-la-revetlla-de-sant-joan-a-ciutat-vella\/\" \/>\n<meta property=\"og:site_name\" content=\"Hotel Arc La Rambla Blog\" \/>\n<meta property=\"article:published_time\" content=\"2024-06-21T10:35:25+00:00\" \/>\n<meta property=\"article:modified_time\" content=\"2026-03-11T11:55:52+00:00\" \/>\n<meta property=\"og:image\" content=\"https:\/\/hotelarclarambla.com\/agenda\/wp-content\/uploads\/2024\/06\/hotel-arc-rambla-blog-sant-joan.webp\" \/>\n\t<meta property=\"og:image:width\" content=\"980\" \/>\n\t<meta property=\"og:image:height\" content=\"654\" \/>\n\t<meta property=\"og:image:type\" content=\"image\/webp\" \/>\n<meta name=\"author\" content=\"admin\" \/>\n<meta name=\"twitter:card\" content=\"summary_large_image\" \/>\n<meta name=\"twitter:label1\" content=\"Escrit per\" \/>\n\t<meta name=\"twitter:data1\" content=\"admin\" \/>\n\t<meta name=\"twitter:label2\" content=\"Temps estimat de lectura\" \/>\n\t<meta name=\"twitter:data2\" content=\"4 minuts\" \/>\n<script type=\"application\/ld+json\" class=\"yoast-schema-graph\">{\"@context\":\"https:\\\/\\\/schema.org\",\"@graph\":[{\"@type\":\"Article\",\"@id\":\"https:\\\/\\\/hotelarclarambla.com\\\/agenda\\\/ca\\\/cultura-ca\\\/celebrem-la-revetlla-de-sant-joan-a-ciutat-vella\\\/#article\",\"isPartOf\":{\"@id\":\"https:\\\/\\\/hotelarclarambla.com\\\/agenda\\\/ca\\\/cultura-ca\\\/celebrem-la-revetlla-de-sant-joan-a-ciutat-vella\\\/\"},\"author\":{\"name\":\"admin\",\"@id\":\"https:\\\/\\\/hotelarclarambla.com\\\/agenda\\\/#\\\/schema\\\/person\\\/b40fb00e3d10940d7ffb6848593b8d04\"},\"headline\":\"Celebrem la revetlla de Sant Joan a Ciutat Vella\",\"datePublished\":\"2024-06-21T10:35:25+00:00\",\"dateModified\":\"2026-03-11T11:55:52+00:00\",\"mainEntityOfPage\":{\"@id\":\"https:\\\/\\\/hotelarclarambla.com\\\/agenda\\\/ca\\\/cultura-ca\\\/celebrem-la-revetlla-de-sant-joan-a-ciutat-vella\\\/\"},\"wordCount\":709,\"image\":{\"@id\":\"https:\\\/\\\/hotelarclarambla.com\\\/agenda\\\/ca\\\/cultura-ca\\\/celebrem-la-revetlla-de-sant-joan-a-ciutat-vella\\\/#primaryimage\"},\"thumbnailUrl\":\"https:\\\/\\\/hotelarclarambla.com\\\/agenda\\\/wp-content\\\/uploads\\\/2024\\\/06\\\/hotel-arc-rambla-blog-sant-joan.webp\",\"articleSection\":[\"Cultura\"],\"inLanguage\":\"ca\"},{\"@type\":\"WebPage\",\"@id\":\"https:\\\/\\\/hotelarclarambla.com\\\/agenda\\\/ca\\\/cultura-ca\\\/celebrem-la-revetlla-de-sant-joan-a-ciutat-vella\\\/\",\"url\":\"https:\\\/\\\/hotelarclarambla.com\\\/agenda\\\/ca\\\/cultura-ca\\\/celebrem-la-revetlla-de-sant-joan-a-ciutat-vella\\\/\",\"name\":\"Celebrem la revetlla de Sant Joan | Hotel Arc La Rambla\",\"isPartOf\":{\"@id\":\"https:\\\/\\\/hotelarclarambla.com\\\/agenda\\\/#website\"},\"primaryImageOfPage\":{\"@id\":\"https:\\\/\\\/hotelarclarambla.com\\\/agenda\\\/ca\\\/cultura-ca\\\/celebrem-la-revetlla-de-sant-joan-a-ciutat-vella\\\/#primaryimage\"},\"image\":{\"@id\":\"https:\\\/\\\/hotelarclarambla.com\\\/agenda\\\/ca\\\/cultura-ca\\\/celebrem-la-revetlla-de-sant-joan-a-ciutat-vella\\\/#primaryimage\"},\"thumbnailUrl\":\"https:\\\/\\\/hotelarclarambla.com\\\/agenda\\\/wp-content\\\/uploads\\\/2024\\\/06\\\/hotel-arc-rambla-blog-sant-joan.webp\",\"datePublished\":\"2024-06-21T10:35:25+00:00\",\"dateModified\":\"2026-03-11T11:55:52+00:00\",\"author\":{\"@id\":\"https:\\\/\\\/hotelarclarambla.com\\\/agenda\\\/#\\\/schema\\\/person\\\/b40fb00e3d10940d7ffb6848593b8d04\"},\"description\":\"Celebra la revetlla de Sant Joan a Ciutat Vella amb m\u00fasica, foc i tradicions al Raval i la Barceloneta. Viu una nit m\u00e0gica!\",\"breadcrumb\":{\"@id\":\"https:\\\/\\\/hotelarclarambla.com\\\/agenda\\\/ca\\\/cultura-ca\\\/celebrem-la-revetlla-de-sant-joan-a-ciutat-vella\\\/#breadcrumb\"},\"inLanguage\":\"ca\",\"potentialAction\":[{\"@type\":\"ReadAction\",\"target\":[\"https:\\\/\\\/hotelarclarambla.com\\\/agenda\\\/ca\\\/cultura-ca\\\/celebrem-la-revetlla-de-sant-joan-a-ciutat-vella\\\/\"]}]},{\"@type\":\"ImageObject\",\"inLanguage\":\"ca\",\"@id\":\"https:\\\/\\\/hotelarclarambla.com\\\/agenda\\\/ca\\\/cultura-ca\\\/celebrem-la-revetlla-de-sant-joan-a-ciutat-vella\\\/#primaryimage\",\"url\":\"https:\\\/\\\/hotelarclarambla.com\\\/agenda\\\/wp-content\\\/uploads\\\/2024\\\/06\\\/hotel-arc-rambla-blog-sant-joan.webp\",\"contentUrl\":\"https:\\\/\\\/hotelarclarambla.com\\\/agenda\\\/wp-content\\\/uploads\\\/2024\\\/06\\\/hotel-arc-rambla-blog-sant-joan.webp\",\"width\":980,\"height\":654},{\"@type\":\"BreadcrumbList\",\"@id\":\"https:\\\/\\\/hotelarclarambla.com\\\/agenda\\\/ca\\\/cultura-ca\\\/celebrem-la-revetlla-de-sant-joan-a-ciutat-vella\\\/#breadcrumb\",\"itemListElement\":[{\"@type\":\"ListItem\",\"position\":1,\"name\":\"Portada\",\"item\":\"https:\\\/\\\/hotelarclarambla.com\\\/agenda\\\/\"},{\"@type\":\"ListItem\",\"position\":2,\"name\":\"Celebrem la revetlla de Sant Joan a Ciutat Vella\"}]},{\"@type\":\"WebSite\",\"@id\":\"https:\\\/\\\/hotelarclarambla.com\\\/agenda\\\/#website\",\"url\":\"https:\\\/\\\/hotelarclarambla.com\\\/agenda\\\/\",\"name\":\"Hotel Arc La Rambla Blog\",\"description\":\"El blog de Hotel Arc\",\"potentialAction\":[{\"@type\":\"SearchAction\",\"target\":{\"@type\":\"EntryPoint\",\"urlTemplate\":\"https:\\\/\\\/hotelarclarambla.com\\\/agenda\\\/?s={search_term_string}\"},\"query-input\":{\"@type\":\"PropertyValueSpecification\",\"valueRequired\":true,\"valueName\":\"search_term_string\"}}],\"inLanguage\":\"ca\"},{\"@type\":\"Person\",\"@id\":\"https:\\\/\\\/hotelarclarambla.com\\\/agenda\\\/#\\\/schema\\\/person\\\/b40fb00e3d10940d7ffb6848593b8d04\",\"name\":\"admin\",\"image\":{\"@type\":\"ImageObject\",\"inLanguage\":\"ca\",\"@id\":\"https:\\\/\\\/secure.gravatar.com\\\/avatar\\\/e7d2a513cc006a0531b1545b92475922773d5049debd5d662a4049cc030a89aa?s=96&d=mm&r=g\",\"url\":\"https:\\\/\\\/secure.gravatar.com\\\/avatar\\\/e7d2a513cc006a0531b1545b92475922773d5049debd5d662a4049cc030a89aa?s=96&d=mm&r=g\",\"contentUrl\":\"https:\\\/\\\/secure.gravatar.com\\\/avatar\\\/e7d2a513cc006a0531b1545b92475922773d5049debd5d662a4049cc030a89aa?s=96&d=mm&r=g\",\"caption\":\"admin\"},\"url\":\"https:\\\/\\\/hotelarclarambla.com\\\/agenda\\\/ca\\\/author\\\/admin\\\/\"}]}<\/script>\n<!-- \/ Yoast SEO plugin. -->","yoast_head_json":{"title":"Celebrem la revetlla de Sant Joan | Hotel Arc La Rambla","description":"Celebra la revetlla de Sant Joan a Ciutat Vella amb m\u00fasica, foc i tradicions al Raval i la Barceloneta. Viu una nit m\u00e0gica!","robots":{"index":"noindex","follow":"follow"},"og_locale":"ca_ES","og_type":"article","og_title":"Celebrem la revetlla de Sant Joan | Hotel Arc La Rambla","og_description":"Celebra la revetlla de Sant Joan a Ciutat Vella amb m\u00fasica, foc i tradicions al Raval i la Barceloneta. Viu una nit m\u00e0gica!","og_url":"https:\/\/hotelarclarambla.com\/agenda\/ca\/cultura-ca\/celebrem-la-revetlla-de-sant-joan-a-ciutat-vella\/","og_site_name":"Hotel Arc La Rambla Blog","article_published_time":"2024-06-21T10:35:25+00:00","article_modified_time":"2026-03-11T11:55:52+00:00","og_image":[{"width":980,"height":654,"url":"https:\/\/hotelarclarambla.com\/agenda\/wp-content\/uploads\/2024\/06\/hotel-arc-rambla-blog-sant-joan.webp","type":"image\/webp"}],"author":"admin","twitter_card":"summary_large_image","twitter_misc":{"Escrit per":"admin","Temps estimat de lectura":"4 minuts"},"schema":{"@context":"https:\/\/schema.org","@graph":[{"@type":"Article","@id":"https:\/\/hotelarclarambla.com\/agenda\/ca\/cultura-ca\/celebrem-la-revetlla-de-sant-joan-a-ciutat-vella\/#article","isPartOf":{"@id":"https:\/\/hotelarclarambla.com\/agenda\/ca\/cultura-ca\/celebrem-la-revetlla-de-sant-joan-a-ciutat-vella\/"},"author":{"name":"admin","@id":"https:\/\/hotelarclarambla.com\/agenda\/#\/schema\/person\/b40fb00e3d10940d7ffb6848593b8d04"},"headline":"Celebrem la revetlla de Sant Joan a Ciutat Vella","datePublished":"2024-06-21T10:35:25+00:00","dateModified":"2026-03-11T11:55:52+00:00","mainEntityOfPage":{"@id":"https:\/\/hotelarclarambla.com\/agenda\/ca\/cultura-ca\/celebrem-la-revetlla-de-sant-joan-a-ciutat-vella\/"},"wordCount":709,"image":{"@id":"https:\/\/hotelarclarambla.com\/agenda\/ca\/cultura-ca\/celebrem-la-revetlla-de-sant-joan-a-ciutat-vella\/#primaryimage"},"thumbnailUrl":"https:\/\/hotelarclarambla.com\/agenda\/wp-content\/uploads\/2024\/06\/hotel-arc-rambla-blog-sant-joan.webp","articleSection":["Cultura"],"inLanguage":"ca"},{"@type":"WebPage","@id":"https:\/\/hotelarclarambla.com\/agenda\/ca\/cultura-ca\/celebrem-la-revetlla-de-sant-joan-a-ciutat-vella\/","url":"https:\/\/hotelarclarambla.com\/agenda\/ca\/cultura-ca\/celebrem-la-revetlla-de-sant-joan-a-ciutat-vella\/","name":"Celebrem la revetlla de Sant Joan | Hotel Arc La Rambla","isPartOf":{"@id":"https:\/\/hotelarclarambla.com\/agenda\/#website"},"primaryImageOfPage":{"@id":"https:\/\/hotelarclarambla.com\/agenda\/ca\/cultura-ca\/celebrem-la-revetlla-de-sant-joan-a-ciutat-vella\/#primaryimage"},"image":{"@id":"https:\/\/hotelarclarambla.com\/agenda\/ca\/cultura-ca\/celebrem-la-revetlla-de-sant-joan-a-ciutat-vella\/#primaryimage"},"thumbnailUrl":"https:\/\/hotelarclarambla.com\/agenda\/wp-content\/uploads\/2024\/06\/hotel-arc-rambla-blog-sant-joan.webp","datePublished":"2024-06-21T10:35:25+00:00","dateModified":"2026-03-11T11:55:52+00:00","author":{"@id":"https:\/\/hotelarclarambla.com\/agenda\/#\/schema\/person\/b40fb00e3d10940d7ffb6848593b8d04"},"description":"Celebra la revetlla de Sant Joan a Ciutat Vella amb m\u00fasica, foc i tradicions al Raval i la Barceloneta. Viu una nit m\u00e0gica!","breadcrumb":{"@id":"https:\/\/hotelarclarambla.com\/agenda\/ca\/cultura-ca\/celebrem-la-revetlla-de-sant-joan-a-ciutat-vella\/#breadcrumb"},"inLanguage":"ca","potentialAction":[{"@type":"ReadAction","target":["https:\/\/hotelarclarambla.com\/agenda\/ca\/cultura-ca\/celebrem-la-revetlla-de-sant-joan-a-ciutat-vella\/"]}]},{"@type":"ImageObject","inLanguage":"ca","@id":"https:\/\/hotelarclarambla.com\/agenda\/ca\/cultura-ca\/celebrem-la-revetlla-de-sant-joan-a-ciutat-vella\/#primaryimage","url":"https:\/\/hotelarclarambla.com\/agenda\/wp-content\/uploads\/2024\/06\/hotel-arc-rambla-blog-sant-joan.webp","contentUrl":"https:\/\/hotelarclarambla.com\/agenda\/wp-content\/uploads\/2024\/06\/hotel-arc-rambla-blog-sant-joan.webp","width":980,"height":654},{"@type":"BreadcrumbList","@id":"https:\/\/hotelarclarambla.com\/agenda\/ca\/cultura-ca\/celebrem-la-revetlla-de-sant-joan-a-ciutat-vella\/#breadcrumb","itemListElement":[{"@type":"ListItem","position":1,"name":"Portada","item":"https:\/\/hotelarclarambla.com\/agenda\/"},{"@type":"ListItem","position":2,"name":"Celebrem la revetlla de Sant Joan a Ciutat Vella"}]},{"@type":"WebSite","@id":"https:\/\/hotelarclarambla.com\/agenda\/#website","url":"https:\/\/hotelarclarambla.com\/agenda\/","name":"Hotel Arc La Rambla Blog","description":"El blog de Hotel Arc","potentialAction":[{"@type":"SearchAction","target":{"@type":"EntryPoint","urlTemplate":"https:\/\/hotelarclarambla.com\/agenda\/?s={search_term_string}"},"query-input":{"@type":"PropertyValueSpecification","valueRequired":true,"valueName":"search_term_string"}}],"inLanguage":"ca"},{"@type":"Person","@id":"https:\/\/hotelarclarambla.com\/agenda\/#\/schema\/person\/b40fb00e3d10940d7ffb6848593b8d04","name":"admin","image":{"@type":"ImageObject","inLanguage":"ca","@id":"https:\/\/secure.gravatar.com\/avatar\/e7d2a513cc006a0531b1545b92475922773d5049debd5d662a4049cc030a89aa?s=96&d=mm&r=g","url":"https:\/\/secure.gravatar.com\/avatar\/e7d2a513cc006a0531b1545b92475922773d5049debd5d662a4049cc030a89aa?s=96&d=mm&r=g","contentUrl":"https:\/\/secure.gravatar.com\/avatar\/e7d2a513cc006a0531b1545b92475922773d5049debd5d662a4049cc030a89aa?s=96&d=mm&r=g","caption":"admin"},"url":"https:\/\/hotelarclarambla.com\/agenda\/ca\/author\/admin\/"}]}},"_links":{"self":[{"href":"https:\/\/hotelarclarambla.com\/agenda\/ca\/wp-json\/wp\/v2\/posts\/239914","targetHints":{"allow":["GET"]}}],"collection":[{"href":"https:\/\/hotelarclarambla.com\/agenda\/ca\/wp-json\/wp\/v2\/posts"}],"about":[{"href":"https:\/\/hotelarclarambla.com\/agenda\/ca\/wp-json\/wp\/v2\/types\/post"}],"author":[{"embeddable":true,"href":"https:\/\/hotelarclarambla.com\/agenda\/ca\/wp-json\/wp\/v2\/users\/1"}],"replies":[{"embeddable":true,"href":"https:\/\/hotelarclarambla.com\/agenda\/ca\/wp-json\/wp\/v2\/comments?post=239914"}],"version-history":[{"count":3,"href":"https:\/\/hotelarclarambla.com\/agenda\/ca\/wp-json\/wp\/v2\/posts\/239914\/revisions"}],"predecessor-version":[{"id":240984,"href":"https:\/\/hotelarclarambla.com\/agenda\/ca\/wp-json\/wp\/v2\/posts\/239914\/revisions\/240984"}],"wp:featuredmedia":[{"embeddable":true,"href":"https:\/\/hotelarclarambla.com\/agenda\/ca\/wp-json\/wp\/v2\/media\/239910"}],"wp:attachment":[{"href":"https:\/\/hotelarclarambla.com\/agenda\/ca\/wp-json\/wp\/v2\/media?parent=239914"}],"wp:term":[{"taxonomy":"category","embeddable":true,"href":"https:\/\/hotelarclarambla.com\/agenda\/ca\/wp-json\/wp\/v2\/categories?post=239914"},{"taxonomy":"post_tag","embeddable":true,"href":"https:\/\/hotelarclarambla.com\/agenda\/ca\/wp-json\/wp\/v2\/tags?post=239914"}],"curies":[{"name":"wp","href":"https:\/\/api.w.org\/{rel}","templated":true}]}}