{"id":239766,"date":"2024-04-07T12:46:00","date_gmt":"2024-04-07T10:46:00","guid":{"rendered":"https:\/\/hotelarclarambla.com\/agenda\/sense-categoritzar\/la-copa-america-de-vela-mostra-el-seu-compromis-amb-la-sostenibilitat\/"},"modified":"2026-03-11T12:39:48","modified_gmt":"2026-03-11T11:39:48","slug":"la-copa-america-de-vela-mostra-el-seu-compromis-amb-la-sostenibilitat","status":"publish","type":"post","link":"https:\/\/hotelarclarambla.com\/agenda\/ca\/sostenibilitat\/la-copa-america-de-vela-mostra-el-seu-compromis-amb-la-sostenibilitat\/","title":{"rendered":"La  Copa Am\u00e9rica de vela mostra el seu comprom\u00eds amb la sostenibilitat"},"content":{"rendered":"\n<p><p>Si tens plans d&#8217;allotjar-te amb nosaltres durant els emocionants dies de la <strong>Copa Am\u00e8rica de vela<\/strong> a Barcelona, \u200b\u200bhas de saber que al cor d&#8217;aquesta competici\u00f3 n\u00e0utica es teixeix una hist\u00f2ria de comprom\u00eds i sostenibilitat que no et voldr\u00e0s perdre. I \u00e9s que els equips participants han salpat amb un prop\u00f2sit clar: fer un <strong>\u00fas sostenible de l&#8217;aigua<\/strong>. I aqu\u00ed, a l&#8217;Hotel Arc La Rambla, ens agrada ser testimonis i part\u00edcips d&#8217;aquesta travessia cap a un futur m\u00e9s verd i inspirador.<\/p><\/p>\n\n<p><p><strong>Estalviar en recursos\u00a0<\/strong><\/p><\/p>\n\n<p><p>Aquest estiu, Barcelona es converteix en l&#8217;escenari de la Copa Am\u00e8rica de vela, amb un enfocament especial en la cura del medi ambient. La crisi h\u00eddrica que vivim no passa desapercebuda, i els participants d&#8217;aquesta competici\u00f3 estan decidits a fer la seva part per <strong>preservar els nostres recursos naturals<\/strong>.<\/p><\/p>\n\n<p><p>El comprom\u00eds i la <a href=\"https:\/\/hotelarclarambla.com\/agenda\/ca\/categoria\/sostenibilitat\/\">sostenibilitat<\/a> ser\u00e0 una prioritat per als sis equips que competeixen en aquesta edici\u00f3. Alguns equips, com l&#8217;Alinghi Red Bull Racing, han pres mesures concretes instal\u00b7lant <strong>plantes dessalinitzadores<\/strong> a bord. Aquest tipus de tecnologia permet produir aigua dol\u00e7a a partir de l&#8217;aigua de mar, reduint aix\u00ed la seva depend\u00e8ncia dels recursos locals.<\/p><\/p>\n\n<p><p>L&#8217;Orient Express Racing Team, per la seva banda, ha anunciat que <strong>reutilitzar\u00e0<\/strong> l&#8217;aigua a la base. Aquesta simple acci\u00f3 demostra un <strong>comprom\u00eds real amb la conservaci\u00f3 dels recursos h\u00eddrics i serveix com a exemple<\/strong> per a altres equips i organitzacions esportives.<\/p><\/p>\n\n<figure class=\"wp-block-image size-large\"><a href=\"https:\/\/hotelarclarambla.com\/agenda\/wp-content\/uploads\/2024\/04\/hotel-arc-la-rambla-blog-sostenibilidad-la-copa-america-de-vela-navega-hacia-la-sostenibilidad.webp\"><img loading=\"lazy\" decoding=\"async\" width=\"1024\" height=\"576\" src=\"https:\/\/hotelarclarambla.com\/agenda\/wp-content\/uploads\/2024\/04\/hotel-arc-la-rambla-blog-sostenibilidad-la-copa-america-de-vela-navega-hacia-la-sostenibilidad-1024x576.webp\" alt=\"\" class=\"wp-image-239761\" srcset=\"https:\/\/hotelarclarambla.com\/agenda\/wp-content\/uploads\/2024\/04\/hotel-arc-la-rambla-blog-sostenibilidad-la-copa-america-de-vela-navega-hacia-la-sostenibilidad-1024x576.webp 1024w, https:\/\/hotelarclarambla.com\/agenda\/wp-content\/uploads\/2024\/04\/hotel-arc-la-rambla-blog-sostenibilidad-la-copa-america-de-vela-navega-hacia-la-sostenibilidad-980x551.webp 980w, https:\/\/hotelarclarambla.com\/agenda\/wp-content\/uploads\/2024\/04\/hotel-arc-la-rambla-blog-sostenibilidad-la-copa-america-de-vela-navega-hacia-la-sostenibilidad-480x270.webp 480w\" sizes=\"(min-width: 0px) and (max-width: 480px) 480px, (min-width: 481px) and (max-width: 980px) 980px, (min-width: 981px) 1024px, 100vw\" \/><\/a><\/figure>\n\n<p><p><strong>Pr\u00e0ctiques m\u00e9s responsables<\/strong><\/p><\/p>\n\n<p><p>Per\u00f2 la sostenibilitat no es limita nom\u00e9s als equips participants. Les autoritats portu\u00e0ries i organitzacions com la Conselleria d&#8217;Acci\u00f3 Clim\u00e0tica i l&#8217;Ag\u00e8ncia Catalana de l&#8217;Aigua estan treballant conjuntament per promoure pr\u00e0ctiques m\u00e9s sostenibles als ports catalans. Aix\u00f2 inclou la implementaci\u00f3 de <strong>mecanismes d\u2019estalvi d\u2019aigua<\/strong> i la promoci\u00f3 de <strong>tecnologies de tractament i reutilitzaci\u00f3 d\u2019aig\u00fces residuals.<\/strong><\/p><\/p>\n\n<p><p>A m\u00e9s, l&#8217;organitzaci\u00f3 de l&#8217;esdeveniment, America&#8217;s Cup Events, ha establert una col\u00b7laboraci\u00f3 amb Agbar per <strong>utilitzar aigua regenerada a la neteja dels vaixells<\/strong>. Aquesta mesura no nom\u00e9s redueix el consum d&#8217;aigua potable, sin\u00f3 que tamb\u00e9 promou l&#8217;economia circular en donar una <strong>segona vida a l&#8217;aigua tractada.<\/strong><\/p><\/p>\n\n<p><p><strong>Esport i sostenibilitat<\/strong><\/p><\/p>\n\n<p><p>La Copa Am\u00e8rica de vela a Barcelona es presenta com una oportunitat per demostrar que <strong>l\u2019esport i la sostenibilitat poden anar de la m\u00e0.<\/strong> Des de la instal\u00b7laci\u00f3 de tecnologies innovadores fins a l&#8217;adopci\u00f3 de pr\u00e0ctiques m\u00e9s responsables, cada acci\u00f3 compta en la lluita per preservar el nostre entorn mar\u00ed.<\/p><\/p>\n\n<p><p>Voleu esbrinar m\u00e9s plans per gaudir de la vostra estada a Barcelona? Continueu explorant el <a href=\"https:\/\/hotelarclarambla.com\/agenda\/ca\/\">nostre blog<\/a>!<\/p>&#13;\n<p>Per estar al dia d&#8217;esdeveniments i activitats seguiu-nos a les<a href=\"https:\/\/www.instagram.com\/arclarambla\/\"> xarxes socials.<\/a><\/p><\/p>\n","protected":false},"excerpt":{"rendered":"<p>Si tens plans d&#8217;allotjar-te amb nosaltres durant els emocionants dies de la Copa Am\u00e8rica de vela a Barcelona, \u200b\u200bhas de saber que al cor d&#8217;aquesta competici\u00f3 n\u00e0utica es teixeix una hist\u00f2ria de comprom\u00eds i sostenibilitat que no et voldr\u00e0s perdre. I \u00e9s que els equips participants han salpat amb un prop\u00f2sit clar: fer un \u00fas [&hellip;]<\/p>\n","protected":false},"author":1,"featured_media":239771,"comment_status":"closed","ping_status":"closed","sticky":false,"template":"","format":"standard","meta":{"_acf_changed":false,"_et_pb_use_builder":"off","_et_pb_old_content":"","_et_gb_content_width":"","inline_featured_image":false,"footnotes":""},"categories":[6177],"tags":[],"class_list":["post-239766","post","type-post","status-publish","format-standard","has-post-thumbnail","hentry","category-sostenibilitat"],"acf":[],"yoast_head":"<!-- This site is optimized with the Yoast SEO plugin v27.3 - https:\/\/yoast.com\/product\/yoast-seo-wordpress\/ -->\n<title>La Copa Am\u00e9rica i la sostenibilitat marina | Hotel Arc La Rambla<\/title>\n<meta name=\"description\" content=\"Els equips de la Copa Am\u00e8rica de vela a Barcelona adopten pr\u00e0ctiques sostenibles per abordar la crisi h\u00eddrica i preservar el medi ambient mar\u00ed.\" \/>\n<meta name=\"robots\" content=\"noindex, follow\" \/>\n<meta property=\"og:locale\" content=\"ca_ES\" \/>\n<meta property=\"og:type\" content=\"article\" \/>\n<meta property=\"og:title\" content=\"La Copa Am\u00e9rica i la sostenibilitat marina | Hotel Arc La Rambla\" \/>\n<meta property=\"og:description\" content=\"Els equips de la Copa Am\u00e8rica de vela a Barcelona adopten pr\u00e0ctiques sostenibles per abordar la crisi h\u00eddrica i preservar el medi ambient mar\u00ed.\" \/>\n<meta property=\"og:url\" content=\"https:\/\/hotelarclarambla.com\/agenda\/ca\/sostenibilitat\/la-copa-america-de-vela-mostra-el-seu-compromis-amb-la-sostenibilitat\/\" \/>\n<meta property=\"og:site_name\" content=\"Hotel Arc La Rambla Blog\" \/>\n<meta property=\"article:published_time\" content=\"2024-04-07T10:46:00+00:00\" \/>\n<meta property=\"article:modified_time\" content=\"2026-03-11T11:39:48+00:00\" \/>\n<meta property=\"og:image\" content=\"https:\/\/hotelarclarambla.com\/agenda\/wp-content\/uploads\/2024\/04\/hotel-arc-la-rambla-blog-sostenibilidad-la-copa-america-de-vela-navega-sostenibilidad-1.webp\" \/>\n\t<meta property=\"og:image:width\" content=\"980\" \/>\n\t<meta property=\"og:image:height\" content=\"654\" \/>\n\t<meta property=\"og:image:type\" content=\"image\/webp\" \/>\n<meta name=\"author\" content=\"admin\" \/>\n<meta name=\"twitter:card\" content=\"summary_large_image\" \/>\n<meta name=\"twitter:label1\" content=\"Escrit per\" \/>\n\t<meta name=\"twitter:data1\" content=\"admin\" \/>\n\t<meta name=\"twitter:label2\" content=\"Temps estimat de lectura\" \/>\n\t<meta name=\"twitter:data2\" content=\"3 minuts\" \/>\n<script type=\"application\/ld+json\" class=\"yoast-schema-graph\">{\"@context\":\"https:\\\/\\\/schema.org\",\"@graph\":[{\"@type\":\"Article\",\"@id\":\"https:\\\/\\\/hotelarclarambla.com\\\/agenda\\\/ca\\\/sostenibilitat\\\/la-copa-america-de-vela-mostra-el-seu-compromis-amb-la-sostenibilitat\\\/#article\",\"isPartOf\":{\"@id\":\"https:\\\/\\\/hotelarclarambla.com\\\/agenda\\\/ca\\\/sostenibilitat\\\/la-copa-america-de-vela-mostra-el-seu-compromis-amb-la-sostenibilitat\\\/\"},\"author\":{\"name\":\"admin\",\"@id\":\"https:\\\/\\\/hotelarclarambla.com\\\/agenda\\\/#\\\/schema\\\/person\\\/b40fb00e3d10940d7ffb6848593b8d04\"},\"headline\":\"La Copa Am\u00e9rica de vela mostra el seu comprom\u00eds amb la sostenibilitat\",\"datePublished\":\"2024-04-07T10:46:00+00:00\",\"dateModified\":\"2026-03-11T11:39:48+00:00\",\"mainEntityOfPage\":{\"@id\":\"https:\\\/\\\/hotelarclarambla.com\\\/agenda\\\/ca\\\/sostenibilitat\\\/la-copa-america-de-vela-mostra-el-seu-compromis-amb-la-sostenibilitat\\\/\"},\"wordCount\":466,\"image\":{\"@id\":\"https:\\\/\\\/hotelarclarambla.com\\\/agenda\\\/ca\\\/sostenibilitat\\\/la-copa-america-de-vela-mostra-el-seu-compromis-amb-la-sostenibilitat\\\/#primaryimage\"},\"thumbnailUrl\":\"https:\\\/\\\/hotelarclarambla.com\\\/agenda\\\/wp-content\\\/uploads\\\/2024\\\/04\\\/hotel-arc-la-rambla-blog-sostenibilidad-la-copa-america-de-vela-navega-sostenibilidad-1.webp\",\"articleSection\":[\"Sostenibilitat\"],\"inLanguage\":\"ca\"},{\"@type\":\"WebPage\",\"@id\":\"https:\\\/\\\/hotelarclarambla.com\\\/agenda\\\/ca\\\/sostenibilitat\\\/la-copa-america-de-vela-mostra-el-seu-compromis-amb-la-sostenibilitat\\\/\",\"url\":\"https:\\\/\\\/hotelarclarambla.com\\\/agenda\\\/ca\\\/sostenibilitat\\\/la-copa-america-de-vela-mostra-el-seu-compromis-amb-la-sostenibilitat\\\/\",\"name\":\"La Copa Am\u00e9rica i la sostenibilitat marina | Hotel Arc La Rambla\",\"isPartOf\":{\"@id\":\"https:\\\/\\\/hotelarclarambla.com\\\/agenda\\\/#website\"},\"primaryImageOfPage\":{\"@id\":\"https:\\\/\\\/hotelarclarambla.com\\\/agenda\\\/ca\\\/sostenibilitat\\\/la-copa-america-de-vela-mostra-el-seu-compromis-amb-la-sostenibilitat\\\/#primaryimage\"},\"image\":{\"@id\":\"https:\\\/\\\/hotelarclarambla.com\\\/agenda\\\/ca\\\/sostenibilitat\\\/la-copa-america-de-vela-mostra-el-seu-compromis-amb-la-sostenibilitat\\\/#primaryimage\"},\"thumbnailUrl\":\"https:\\\/\\\/hotelarclarambla.com\\\/agenda\\\/wp-content\\\/uploads\\\/2024\\\/04\\\/hotel-arc-la-rambla-blog-sostenibilidad-la-copa-america-de-vela-navega-sostenibilidad-1.webp\",\"datePublished\":\"2024-04-07T10:46:00+00:00\",\"dateModified\":\"2026-03-11T11:39:48+00:00\",\"author\":{\"@id\":\"https:\\\/\\\/hotelarclarambla.com\\\/agenda\\\/#\\\/schema\\\/person\\\/b40fb00e3d10940d7ffb6848593b8d04\"},\"description\":\"Els equips de la Copa Am\u00e8rica de vela a Barcelona adopten pr\u00e0ctiques sostenibles per abordar la crisi h\u00eddrica i preservar el medi ambient mar\u00ed.\",\"breadcrumb\":{\"@id\":\"https:\\\/\\\/hotelarclarambla.com\\\/agenda\\\/ca\\\/sostenibilitat\\\/la-copa-america-de-vela-mostra-el-seu-compromis-amb-la-sostenibilitat\\\/#breadcrumb\"},\"inLanguage\":\"ca\",\"potentialAction\":[{\"@type\":\"ReadAction\",\"target\":[\"https:\\\/\\\/hotelarclarambla.com\\\/agenda\\\/ca\\\/sostenibilitat\\\/la-copa-america-de-vela-mostra-el-seu-compromis-amb-la-sostenibilitat\\\/\"]}]},{\"@type\":\"ImageObject\",\"inLanguage\":\"ca\",\"@id\":\"https:\\\/\\\/hotelarclarambla.com\\\/agenda\\\/ca\\\/sostenibilitat\\\/la-copa-america-de-vela-mostra-el-seu-compromis-amb-la-sostenibilitat\\\/#primaryimage\",\"url\":\"https:\\\/\\\/hotelarclarambla.com\\\/agenda\\\/wp-content\\\/uploads\\\/2024\\\/04\\\/hotel-arc-la-rambla-blog-sostenibilidad-la-copa-america-de-vela-navega-sostenibilidad-1.webp\",\"contentUrl\":\"https:\\\/\\\/hotelarclarambla.com\\\/agenda\\\/wp-content\\\/uploads\\\/2024\\\/04\\\/hotel-arc-la-rambla-blog-sostenibilidad-la-copa-america-de-vela-navega-sostenibilidad-1.webp\",\"width\":980,\"height\":654,\"caption\":\"La Copa Am\u00e9rica de vela muestra su compromiso con la sostenibilidad\"},{\"@type\":\"BreadcrumbList\",\"@id\":\"https:\\\/\\\/hotelarclarambla.com\\\/agenda\\\/ca\\\/sostenibilitat\\\/la-copa-america-de-vela-mostra-el-seu-compromis-amb-la-sostenibilitat\\\/#breadcrumb\",\"itemListElement\":[{\"@type\":\"ListItem\",\"position\":1,\"name\":\"Portada\",\"item\":\"https:\\\/\\\/hotelarclarambla.com\\\/agenda\\\/\"},{\"@type\":\"ListItem\",\"position\":2,\"name\":\"La Copa Am\u00e9rica de vela mostra el seu comprom\u00eds amb la sostenibilitat\"}]},{\"@type\":\"WebSite\",\"@id\":\"https:\\\/\\\/hotelarclarambla.com\\\/agenda\\\/#website\",\"url\":\"https:\\\/\\\/hotelarclarambla.com\\\/agenda\\\/\",\"name\":\"Hotel Arc La Rambla Blog\",\"description\":\"El blog de Hotel Arc\",\"potentialAction\":[{\"@type\":\"SearchAction\",\"target\":{\"@type\":\"EntryPoint\",\"urlTemplate\":\"https:\\\/\\\/hotelarclarambla.com\\\/agenda\\\/?s={search_term_string}\"},\"query-input\":{\"@type\":\"PropertyValueSpecification\",\"valueRequired\":true,\"valueName\":\"search_term_string\"}}],\"inLanguage\":\"ca\"},{\"@type\":\"Person\",\"@id\":\"https:\\\/\\\/hotelarclarambla.com\\\/agenda\\\/#\\\/schema\\\/person\\\/b40fb00e3d10940d7ffb6848593b8d04\",\"name\":\"admin\",\"image\":{\"@type\":\"ImageObject\",\"inLanguage\":\"ca\",\"@id\":\"https:\\\/\\\/secure.gravatar.com\\\/avatar\\\/e7d2a513cc006a0531b1545b92475922773d5049debd5d662a4049cc030a89aa?s=96&d=mm&r=g\",\"url\":\"https:\\\/\\\/secure.gravatar.com\\\/avatar\\\/e7d2a513cc006a0531b1545b92475922773d5049debd5d662a4049cc030a89aa?s=96&d=mm&r=g\",\"contentUrl\":\"https:\\\/\\\/secure.gravatar.com\\\/avatar\\\/e7d2a513cc006a0531b1545b92475922773d5049debd5d662a4049cc030a89aa?s=96&d=mm&r=g\",\"caption\":\"admin\"},\"url\":\"https:\\\/\\\/hotelarclarambla.com\\\/agenda\\\/ca\\\/author\\\/admin\\\/\"}]}<\/script>\n<!-- \/ Yoast SEO plugin. -->","yoast_head_json":{"title":"La Copa Am\u00e9rica i la sostenibilitat marina | Hotel Arc La Rambla","description":"Els equips de la Copa Am\u00e8rica de vela a Barcelona adopten pr\u00e0ctiques sostenibles per abordar la crisi h\u00eddrica i preservar el medi ambient mar\u00ed.","robots":{"index":"noindex","follow":"follow"},"og_locale":"ca_ES","og_type":"article","og_title":"La Copa Am\u00e9rica i la sostenibilitat marina | Hotel Arc La Rambla","og_description":"Els equips de la Copa Am\u00e8rica de vela a Barcelona adopten pr\u00e0ctiques sostenibles per abordar la crisi h\u00eddrica i preservar el medi ambient mar\u00ed.","og_url":"https:\/\/hotelarclarambla.com\/agenda\/ca\/sostenibilitat\/la-copa-america-de-vela-mostra-el-seu-compromis-amb-la-sostenibilitat\/","og_site_name":"Hotel Arc La Rambla Blog","article_published_time":"2024-04-07T10:46:00+00:00","article_modified_time":"2026-03-11T11:39:48+00:00","og_image":[{"width":980,"height":654,"url":"https:\/\/hotelarclarambla.com\/agenda\/wp-content\/uploads\/2024\/04\/hotel-arc-la-rambla-blog-sostenibilidad-la-copa-america-de-vela-navega-sostenibilidad-1.webp","type":"image\/webp"}],"author":"admin","twitter_card":"summary_large_image","twitter_misc":{"Escrit per":"admin","Temps estimat de lectura":"3 minuts"},"schema":{"@context":"https:\/\/schema.org","@graph":[{"@type":"Article","@id":"https:\/\/hotelarclarambla.com\/agenda\/ca\/sostenibilitat\/la-copa-america-de-vela-mostra-el-seu-compromis-amb-la-sostenibilitat\/#article","isPartOf":{"@id":"https:\/\/hotelarclarambla.com\/agenda\/ca\/sostenibilitat\/la-copa-america-de-vela-mostra-el-seu-compromis-amb-la-sostenibilitat\/"},"author":{"name":"admin","@id":"https:\/\/hotelarclarambla.com\/agenda\/#\/schema\/person\/b40fb00e3d10940d7ffb6848593b8d04"},"headline":"La Copa Am\u00e9rica de vela mostra el seu comprom\u00eds amb la sostenibilitat","datePublished":"2024-04-07T10:46:00+00:00","dateModified":"2026-03-11T11:39:48+00:00","mainEntityOfPage":{"@id":"https:\/\/hotelarclarambla.com\/agenda\/ca\/sostenibilitat\/la-copa-america-de-vela-mostra-el-seu-compromis-amb-la-sostenibilitat\/"},"wordCount":466,"image":{"@id":"https:\/\/hotelarclarambla.com\/agenda\/ca\/sostenibilitat\/la-copa-america-de-vela-mostra-el-seu-compromis-amb-la-sostenibilitat\/#primaryimage"},"thumbnailUrl":"https:\/\/hotelarclarambla.com\/agenda\/wp-content\/uploads\/2024\/04\/hotel-arc-la-rambla-blog-sostenibilidad-la-copa-america-de-vela-navega-sostenibilidad-1.webp","articleSection":["Sostenibilitat"],"inLanguage":"ca"},{"@type":"WebPage","@id":"https:\/\/hotelarclarambla.com\/agenda\/ca\/sostenibilitat\/la-copa-america-de-vela-mostra-el-seu-compromis-amb-la-sostenibilitat\/","url":"https:\/\/hotelarclarambla.com\/agenda\/ca\/sostenibilitat\/la-copa-america-de-vela-mostra-el-seu-compromis-amb-la-sostenibilitat\/","name":"La Copa Am\u00e9rica i la sostenibilitat marina | Hotel Arc La Rambla","isPartOf":{"@id":"https:\/\/hotelarclarambla.com\/agenda\/#website"},"primaryImageOfPage":{"@id":"https:\/\/hotelarclarambla.com\/agenda\/ca\/sostenibilitat\/la-copa-america-de-vela-mostra-el-seu-compromis-amb-la-sostenibilitat\/#primaryimage"},"image":{"@id":"https:\/\/hotelarclarambla.com\/agenda\/ca\/sostenibilitat\/la-copa-america-de-vela-mostra-el-seu-compromis-amb-la-sostenibilitat\/#primaryimage"},"thumbnailUrl":"https:\/\/hotelarclarambla.com\/agenda\/wp-content\/uploads\/2024\/04\/hotel-arc-la-rambla-blog-sostenibilidad-la-copa-america-de-vela-navega-sostenibilidad-1.webp","datePublished":"2024-04-07T10:46:00+00:00","dateModified":"2026-03-11T11:39:48+00:00","author":{"@id":"https:\/\/hotelarclarambla.com\/agenda\/#\/schema\/person\/b40fb00e3d10940d7ffb6848593b8d04"},"description":"Els equips de la Copa Am\u00e8rica de vela a Barcelona adopten pr\u00e0ctiques sostenibles per abordar la crisi h\u00eddrica i preservar el medi ambient mar\u00ed.","breadcrumb":{"@id":"https:\/\/hotelarclarambla.com\/agenda\/ca\/sostenibilitat\/la-copa-america-de-vela-mostra-el-seu-compromis-amb-la-sostenibilitat\/#breadcrumb"},"inLanguage":"ca","potentialAction":[{"@type":"ReadAction","target":["https:\/\/hotelarclarambla.com\/agenda\/ca\/sostenibilitat\/la-copa-america-de-vela-mostra-el-seu-compromis-amb-la-sostenibilitat\/"]}]},{"@type":"ImageObject","inLanguage":"ca","@id":"https:\/\/hotelarclarambla.com\/agenda\/ca\/sostenibilitat\/la-copa-america-de-vela-mostra-el-seu-compromis-amb-la-sostenibilitat\/#primaryimage","url":"https:\/\/hotelarclarambla.com\/agenda\/wp-content\/uploads\/2024\/04\/hotel-arc-la-rambla-blog-sostenibilidad-la-copa-america-de-vela-navega-sostenibilidad-1.webp","contentUrl":"https:\/\/hotelarclarambla.com\/agenda\/wp-content\/uploads\/2024\/04\/hotel-arc-la-rambla-blog-sostenibilidad-la-copa-america-de-vela-navega-sostenibilidad-1.webp","width":980,"height":654,"caption":"La Copa Am\u00e9rica de vela muestra su compromiso con la sostenibilidad"},{"@type":"BreadcrumbList","@id":"https:\/\/hotelarclarambla.com\/agenda\/ca\/sostenibilitat\/la-copa-america-de-vela-mostra-el-seu-compromis-amb-la-sostenibilitat\/#breadcrumb","itemListElement":[{"@type":"ListItem","position":1,"name":"Portada","item":"https:\/\/hotelarclarambla.com\/agenda\/"},{"@type":"ListItem","position":2,"name":"La Copa Am\u00e9rica de vela mostra el seu comprom\u00eds amb la sostenibilitat"}]},{"@type":"WebSite","@id":"https:\/\/hotelarclarambla.com\/agenda\/#website","url":"https:\/\/hotelarclarambla.com\/agenda\/","name":"Hotel Arc La Rambla Blog","description":"El blog de Hotel Arc","potentialAction":[{"@type":"SearchAction","target":{"@type":"EntryPoint","urlTemplate":"https:\/\/hotelarclarambla.com\/agenda\/?s={search_term_string}"},"query-input":{"@type":"PropertyValueSpecification","valueRequired":true,"valueName":"search_term_string"}}],"inLanguage":"ca"},{"@type":"Person","@id":"https:\/\/hotelarclarambla.com\/agenda\/#\/schema\/person\/b40fb00e3d10940d7ffb6848593b8d04","name":"admin","image":{"@type":"ImageObject","inLanguage":"ca","@id":"https:\/\/secure.gravatar.com\/avatar\/e7d2a513cc006a0531b1545b92475922773d5049debd5d662a4049cc030a89aa?s=96&d=mm&r=g","url":"https:\/\/secure.gravatar.com\/avatar\/e7d2a513cc006a0531b1545b92475922773d5049debd5d662a4049cc030a89aa?s=96&d=mm&r=g","contentUrl":"https:\/\/secure.gravatar.com\/avatar\/e7d2a513cc006a0531b1545b92475922773d5049debd5d662a4049cc030a89aa?s=96&d=mm&r=g","caption":"admin"},"url":"https:\/\/hotelarclarambla.com\/agenda\/ca\/author\/admin\/"}]}},"_links":{"self":[{"href":"https:\/\/hotelarclarambla.com\/agenda\/ca\/wp-json\/wp\/v2\/posts\/239766","targetHints":{"allow":["GET"]}}],"collection":[{"href":"https:\/\/hotelarclarambla.com\/agenda\/ca\/wp-json\/wp\/v2\/posts"}],"about":[{"href":"https:\/\/hotelarclarambla.com\/agenda\/ca\/wp-json\/wp\/v2\/types\/post"}],"author":[{"embeddable":true,"href":"https:\/\/hotelarclarambla.com\/agenda\/ca\/wp-json\/wp\/v2\/users\/1"}],"replies":[{"embeddable":true,"href":"https:\/\/hotelarclarambla.com\/agenda\/ca\/wp-json\/wp\/v2\/comments?post=239766"}],"version-history":[{"count":1,"href":"https:\/\/hotelarclarambla.com\/agenda\/ca\/wp-json\/wp\/v2\/posts\/239766\/revisions"}],"predecessor-version":[{"id":239767,"href":"https:\/\/hotelarclarambla.com\/agenda\/ca\/wp-json\/wp\/v2\/posts\/239766\/revisions\/239767"}],"wp:featuredmedia":[{"embeddable":true,"href":"https:\/\/hotelarclarambla.com\/agenda\/ca\/wp-json\/wp\/v2\/media\/239771"}],"wp:attachment":[{"href":"https:\/\/hotelarclarambla.com\/agenda\/ca\/wp-json\/wp\/v2\/media?parent=239766"}],"wp:term":[{"taxonomy":"category","embeddable":true,"href":"https:\/\/hotelarclarambla.com\/agenda\/ca\/wp-json\/wp\/v2\/categories?post=239766"},{"taxonomy":"post_tag","embeddable":true,"href":"https:\/\/hotelarclarambla.com\/agenda\/ca\/wp-json\/wp\/v2\/tags?post=239766"}],"curies":[{"name":"wp","href":"https:\/\/api.w.org\/{rel}","templated":true}]}}